{"id":5508,"date":"2019-10-09T18:48:49","date_gmt":"2019-10-09T16:48:49","guid":{"rendered":"http:\/\/www.enzo-und-ferdinand.de\/?p=5508"},"modified":"2025-12-28T12:03:05","modified_gmt":"2025-12-28T11:03:05","slug":"citroen-ami-6-1961-1969","status":"publish","type":"post","link":"https:\/\/www.enzo-und-ferdinand.de\/index.php\/2019\/10\/09\/citroen-ami-6-1961-1969\/","title":{"rendered":"Citro\u00ebn Ami 6 (1961\u20131969)"},"content":{"rendered":"\n<figure class=\"wp-block-image size-large\"><img loading=\"lazy\" decoding=\"async\" width=\"810\" height=\"545\" src=\"https:\/\/www.enzo-und-ferdinand.de\/wp-content\/uploads\/2019\/10\/AMI-6-BERLINE-1963-2-810x545.jpg\" alt=\"AMI 6\" class=\"wp-image-5515\" srcset=\"https:\/\/www.enzo-und-ferdinand.de\/wp-content\/uploads\/2019\/10\/AMI-6-BERLINE-1963-2-810x545.jpg 810w, https:\/\/www.enzo-und-ferdinand.de\/wp-content\/uploads\/2019\/10\/AMI-6-BERLINE-1963-2-300x202.jpg 300w, https:\/\/www.enzo-und-ferdinand.de\/wp-content\/uploads\/2019\/10\/AMI-6-BERLINE-1963-2-768x517.jpg 768w, https:\/\/www.enzo-und-ferdinand.de\/wp-content\/uploads\/2019\/10\/AMI-6-BERLINE-1963-2-120x80.jpg 120w, https:\/\/www.enzo-und-ferdinand.de\/wp-content\/uploads\/2019\/10\/AMI-6-BERLINE-1963-2.jpg 1024w\" sizes=\"auto, (max-width: 810px) 100vw, 810px\" \/><\/figure>\n\n\n\n<p class=\"wp-block-paragraph\">Im September&nbsp;1961 bringt Citro\u00ebn den Ami 6 auf den Markt. Der originelle Kleinwagen aus der Feder des Designers Flaminio Bertoni wurde mit mehr als einer Million verkaufter Einheiten zum Verkaufsschlager. Der Ami 6 wurde am 24. April 1961 auf dem Flugplatz von Villacoublaye&nbsp; der internationalen Fachpresse pr\u00e4sentiert und schon wenige Wochen sp\u00e4ter, am 9. Juni 1961, stand die kleine Limousine bei den deutschen H\u00e4ndlern.&nbsp;<\/p>\n\n\n\n<p class=\"wp-block-paragraph\">Aufsehen erregte der Viert\u00fcrer mit seiner eigenwilligen Linienf\u00fchrung. Obwohl die stark akzentuierten Linien und die nach hinten geneigte Heckscheibe exzentrisch wirken, orientiert sich das Konzept von Bertoni dennoch an einem hohen Nutzwert. Die Vorgabe war, ein Fahrzeug mit einem gro\u00dfen Kofferraum, einer optimalen Raumnutzung und Komfort f\u00fcr alle Passagiere zu entwickeln \u2013 und das auf weniger als vier Metern L\u00e4nge.&nbsp;<\/p>\n\n\n\n<figure class=\"wp-block-image size-large\"><img loading=\"lazy\" decoding=\"async\" width=\"810\" height=\"545\" src=\"https:\/\/www.enzo-und-ferdinand.de\/wp-content\/uploads\/2019\/10\/AMI_6__2_-810x545.jpg\" alt=\"AMI 6\" class=\"wp-image-5513\" srcset=\"https:\/\/www.enzo-und-ferdinand.de\/wp-content\/uploads\/2019\/10\/AMI_6__2_-810x545.jpg 810w, https:\/\/www.enzo-und-ferdinand.de\/wp-content\/uploads\/2019\/10\/AMI_6__2_-300x202.jpg 300w, https:\/\/www.enzo-und-ferdinand.de\/wp-content\/uploads\/2019\/10\/AMI_6__2_-768x517.jpg 768w, https:\/\/www.enzo-und-ferdinand.de\/wp-content\/uploads\/2019\/10\/AMI_6__2_-120x80.jpg 120w, https:\/\/www.enzo-und-ferdinand.de\/wp-content\/uploads\/2019\/10\/AMI_6__2_.jpg 1024w\" sizes=\"auto, (max-width: 810px) 100vw, 810px\" \/><\/figure>\n\n\n\n<p class=\"wp-block-paragraph\">Schon im September 1961 erfolgen die ersten Verbesserungen, so wird der Wagen um ein hinteres Schiebefenster und einen von au\u00dfen zu \u00f6ffnenden Kofferraumdeckel erg\u00e4nzt. Neu konstruierte rechteckige Scheinwerfer sorgen f\u00fcr eine um 26 Prozent h\u00f6here Lichtausbeute als die konventionellen runden Scheinwerfer. &nbsp; Der Innenraum ist stark vom Interieur der DS beeinflu\u00dft, die Technik dagegen hat ihren Ursprung im 2CV \u2013 so basiert unter anderem der luftgek\u00fchlte Zweizylinder-Boxermotor auf dem \u201eEnten\u201c-Motor. Jedoch ist er f\u00fcr den Ami 6 auf 602 Kubikzentimeter vergr\u00f6\u00dfert und leistet 19,5 DIN-PS bei 4.500 U\/min. Die Spitzengeschwindigkeit betr\u00e4gt 105 km\/h, der durchschnittliche Verbrauch liegt bei sechs Litern auf 100 km. <\/p>\n\n\n\n<p class=\"wp-block-paragraph\">Im September 1963 erweitert Citro\u00ebn das Motorenangebot f\u00fcr den Ami 6 um ein st\u00e4rkeres Triebwerk mit 24,5 PS. 1968 kommt nochmals ein st\u00e4rkeres Aggregat mit 32 PS.  Eine Karosserievariante bringt der franz\u00f6sische Autobauer 1964 mit dem \u201eBreak&#8220; genannten Kombi, der technisch der Limousine entspricht, aber erweiterte Nutzungsm\u00f6glichkeiten bietet. Als Ausstattungsoptionen gibt es die Modelle \u201eTourisme\u201c und \u201eConfort\u201c mit vier oder f\u00fcnf Pl\u00e4tzen, zudem eine Nutzfahrzeugversion. <\/p>\n\n\n\n<figure class=\"wp-block-gallery has-nested-images columns-default is-cropped wp-block-gallery-1 is-layout-flex wp-block-gallery-is-layout-flex\">\n<figure class=\"wp-block-image\"><img loading=\"lazy\" decoding=\"async\" width=\"810\" height=\"479\" data-id=\"5511\" src=\"https:\/\/www.enzo-und-ferdinand.de\/wp-content\/uploads\/2019\/10\/AMI-6-BREAK-1965_1-810x479.jpg\" alt=\"Citro\u00ebn Ami 6\" class=\"wp-image-5511\" srcset=\"https:\/\/www.enzo-und-ferdinand.de\/wp-content\/uploads\/2019\/10\/AMI-6-BREAK-1965_1-810x479.jpg 810w, https:\/\/www.enzo-und-ferdinand.de\/wp-content\/uploads\/2019\/10\/AMI-6-BREAK-1965_1-300x177.jpg 300w, https:\/\/www.enzo-und-ferdinand.de\/wp-content\/uploads\/2019\/10\/AMI-6-BREAK-1965_1-768x454.jpg 768w, https:\/\/www.enzo-und-ferdinand.de\/wp-content\/uploads\/2019\/10\/AMI-6-BREAK-1965_1.jpg 1024w\" sizes=\"auto, (max-width: 810px) 100vw, 810px\" \/><\/figure>\n\n\n\n<figure class=\"wp-block-image\"><img loading=\"lazy\" decoding=\"async\" width=\"810\" height=\"535\" data-id=\"5514\" src=\"https:\/\/www.enzo-und-ferdinand.de\/wp-content\/uploads\/2019\/10\/AMI_6_BREAK_1966-810x535.jpg\" alt=\"AMI 6\" class=\"wp-image-5514\" srcset=\"https:\/\/www.enzo-und-ferdinand.de\/wp-content\/uploads\/2019\/10\/AMI_6_BREAK_1966-810x535.jpg 810w, https:\/\/www.enzo-und-ferdinand.de\/wp-content\/uploads\/2019\/10\/AMI_6_BREAK_1966-300x198.jpg 300w, https:\/\/www.enzo-und-ferdinand.de\/wp-content\/uploads\/2019\/10\/AMI_6_BREAK_1966-768x507.jpg 768w, https:\/\/www.enzo-und-ferdinand.de\/wp-content\/uploads\/2019\/10\/AMI_6_BREAK_1966-120x80.jpg 120w, https:\/\/www.enzo-und-ferdinand.de\/wp-content\/uploads\/2019\/10\/AMI_6_BREAK_1966.jpg 1024w\" sizes=\"auto, (max-width: 810px) 100vw, 810px\" \/><\/figure>\n<\/figure>\n\n\n\n<p class=\"has-text-align-right has-small-font-size wp-block-paragraph\">Fotos: Citro\u00ebn\/Text: Rainer Rossbach<\/p>\n","protected":false},"excerpt":{"rendered":"<p>Im September 1961 bringt Citro\u00ebn den Ami 6 auf den Markt. Der originelle Kleinwagen aus der Feder des Designers Flaminio Bertoni wurde mit mehr als einer Million verkaufter Einheiten zum Verkaufsschlager. Der Ami 6 wurde am 24. April 1961 auf dem Flugplatz von Villacoublaye  der internationalen Fachpresse pr\u00e4sentiert und schon wenige Wochen sp\u00e4ter, am 9. Juni 1961, stand die kleine Limousine bei den deutschen H\u00e4ndlern. <\/p>\n","protected":false},"author":1,"featured_media":5512,"comment_status":"closed","ping_status":"closed","sticky":false,"template":"","format":"standard","meta":{"_crdt_document":"","ngg_post_thumbnail":0,"footnotes":""},"categories":[13],"tags":[217,386],"class_list":["post-5508","post","type-post","status-publish","format-standard","has-post-thumbnail","hentry","category-ikonen","tag-citroen","tag-citroen-ami-6"],"yoast_head":"<!-- This site is optimized with the Yoast SEO plugin v27.5 - https:\/\/yoast.com\/product\/yoast-seo-wordpress\/ -->\n<title>Citro\u00ebn Ami 6 (1961\u20131969)<\/title>\n<meta name=\"description\" content=\"Citro\u00ebn Ami 6\" \/>\n<meta name=\"robots\" content=\"index, follow, max-snippet:-1, max-image-preview:large, max-video-preview:-1\" \/>\n<link rel=\"canonical\" href=\"https:\/\/www.enzo-und-ferdinand.de\/index.php\/2019\/10\/09\/citroen-ami-6-1961-1969\/\" \/>\n<meta property=\"og:locale\" content=\"de_DE\" \/>\n<meta property=\"og:type\" content=\"article\" \/>\n<meta property=\"og:title\" content=\"Citro\u00ebn Ami 6 (1961\u20131969)\" \/>\n<meta property=\"og:description\" content=\"Citro\u00ebn Ami 6\" \/>\n<meta property=\"og:url\" content=\"https:\/\/www.enzo-und-ferdinand.de\/index.php\/2019\/10\/09\/citroen-ami-6-1961-1969\/\" \/>\n<meta property=\"og:site_name\" content=\"enzo &amp; Ferdinand\" \/>\n<meta property=\"article:published_time\" content=\"2019-10-09T16:48:49+00:00\" \/>\n<meta property=\"article:modified_time\" content=\"2025-12-28T11:03:05+00:00\" \/>\n<meta property=\"og:image\" content=\"https:\/\/www.enzo-und-ferdinand.de\/wp-content\/uploads\/2019\/10\/AMI_6_BERLINE_1964.jpg\" \/>\n\t<meta property=\"og:image:width\" content=\"1024\" \/>\n\t<meta property=\"og:image:height\" content=\"665\" \/>\n\t<meta property=\"og:image:type\" content=\"image\/jpeg\" \/>\n<meta name=\"author\" content=\"Rainer Ro\u00dfbach\" \/>\n<meta name=\"twitter:card\" content=\"summary_large_image\" \/>\n<meta name=\"twitter:label1\" content=\"Verfasst von\" \/>\n\t<meta name=\"twitter:data1\" content=\"Rainer Ro\u00dfbach\" \/>\n\t<meta name=\"twitter:label2\" content=\"Gesch\u00e4tzte Lesezeit\" \/>\n\t<meta name=\"twitter:data2\" content=\"3\u00a0Minuten\" \/>\n<script type=\"application\/ld+json\" class=\"yoast-schema-graph\">{\"@context\":\"https:\\\/\\\/schema.org\",\"@graph\":[{\"@type\":\"Article\",\"@id\":\"https:\\\/\\\/www.enzo-und-ferdinand.de\\\/index.php\\\/2019\\\/10\\\/09\\\/citroen-ami-6-1961-1969\\\/#article\",\"isPartOf\":{\"@id\":\"https:\\\/\\\/www.enzo-und-ferdinand.de\\\/index.php\\\/2019\\\/10\\\/09\\\/citroen-ami-6-1961-1969\\\/\"},\"author\":{\"name\":\"Rainer Ro\u00dfbach\",\"@id\":\"https:\\\/\\\/www.enzo-und-ferdinand.de\\\/#\\\/schema\\\/person\\\/aff2eb9ff87705987c1b9d21fe10b095\"},\"headline\":\"Citro\u00ebn Ami 6 (1961\u20131969)\",\"datePublished\":\"2019-10-09T16:48:49+00:00\",\"dateModified\":\"2025-12-28T11:03:05+00:00\",\"mainEntityOfPage\":{\"@id\":\"https:\\\/\\\/www.enzo-und-ferdinand.de\\\/index.php\\\/2019\\\/10\\\/09\\\/citroen-ami-6-1961-1969\\\/\"},\"wordCount\":312,\"publisher\":{\"@id\":\"https:\\\/\\\/www.enzo-und-ferdinand.de\\\/#organization\"},\"image\":{\"@id\":\"https:\\\/\\\/www.enzo-und-ferdinand.de\\\/index.php\\\/2019\\\/10\\\/09\\\/citroen-ami-6-1961-1969\\\/#primaryimage\"},\"thumbnailUrl\":\"https:\\\/\\\/www.enzo-und-ferdinand.de\\\/wp-content\\\/uploads\\\/2019\\\/10\\\/AMI_6_BERLINE_1964.jpg\",\"keywords\":[\"Citro\u00ebn\",\"Citro\u00ebn Ami 6\"],\"articleSection\":[\"Ikonen\"],\"inLanguage\":\"de\"},{\"@type\":\"WebPage\",\"@id\":\"https:\\\/\\\/www.enzo-und-ferdinand.de\\\/index.php\\\/2019\\\/10\\\/09\\\/citroen-ami-6-1961-1969\\\/\",\"url\":\"https:\\\/\\\/www.enzo-und-ferdinand.de\\\/index.php\\\/2019\\\/10\\\/09\\\/citroen-ami-6-1961-1969\\\/\",\"name\":\"Citro\u00ebn Ami 6 (1961\u20131969)\",\"isPartOf\":{\"@id\":\"https:\\\/\\\/www.enzo-und-ferdinand.de\\\/#website\"},\"primaryImageOfPage\":{\"@id\":\"https:\\\/\\\/www.enzo-und-ferdinand.de\\\/index.php\\\/2019\\\/10\\\/09\\\/citroen-ami-6-1961-1969\\\/#primaryimage\"},\"image\":{\"@id\":\"https:\\\/\\\/www.enzo-und-ferdinand.de\\\/index.php\\\/2019\\\/10\\\/09\\\/citroen-ami-6-1961-1969\\\/#primaryimage\"},\"thumbnailUrl\":\"https:\\\/\\\/www.enzo-und-ferdinand.de\\\/wp-content\\\/uploads\\\/2019\\\/10\\\/AMI_6_BERLINE_1964.jpg\",\"datePublished\":\"2019-10-09T16:48:49+00:00\",\"dateModified\":\"2025-12-28T11:03:05+00:00\",\"description\":\"Citro\u00ebn Ami 6\",\"breadcrumb\":{\"@id\":\"https:\\\/\\\/www.enzo-und-ferdinand.de\\\/index.php\\\/2019\\\/10\\\/09\\\/citroen-ami-6-1961-1969\\\/#breadcrumb\"},\"inLanguage\":\"de\",\"potentialAction\":[{\"@type\":\"ReadAction\",\"target\":[\"https:\\\/\\\/www.enzo-und-ferdinand.de\\\/index.php\\\/2019\\\/10\\\/09\\\/citroen-ami-6-1961-1969\\\/\"]}]},{\"@type\":\"ImageObject\",\"inLanguage\":\"de\",\"@id\":\"https:\\\/\\\/www.enzo-und-ferdinand.de\\\/index.php\\\/2019\\\/10\\\/09\\\/citroen-ami-6-1961-1969\\\/#primaryimage\",\"url\":\"https:\\\/\\\/www.enzo-und-ferdinand.de\\\/wp-content\\\/uploads\\\/2019\\\/10\\\/AMI_6_BERLINE_1964.jpg\",\"contentUrl\":\"https:\\\/\\\/www.enzo-und-ferdinand.de\\\/wp-content\\\/uploads\\\/2019\\\/10\\\/AMI_6_BERLINE_1964.jpg\",\"width\":1024,\"height\":665,\"caption\":\"AMI 6 BERLINE 1964\"},{\"@type\":\"BreadcrumbList\",\"@id\":\"https:\\\/\\\/www.enzo-und-ferdinand.de\\\/index.php\\\/2019\\\/10\\\/09\\\/citroen-ami-6-1961-1969\\\/#breadcrumb\",\"itemListElement\":[{\"@type\":\"ListItem\",\"position\":1,\"name\":\"Startseite\",\"item\":\"https:\\\/\\\/www.enzo-und-ferdinand.de\\\/\"},{\"@type\":\"ListItem\",\"position\":2,\"name\":\"Citro\u00ebn Ami 6 (1961\u20131969)\"}]},{\"@type\":\"WebSite\",\"@id\":\"https:\\\/\\\/www.enzo-und-ferdinand.de\\\/#website\",\"url\":\"https:\\\/\\\/www.enzo-und-ferdinand.de\\\/\",\"name\":\"enzo & Ferdinand\",\"description\":\"\",\"publisher\":{\"@id\":\"https:\\\/\\\/www.enzo-und-ferdinand.de\\\/#organization\"},\"potentialAction\":[{\"@type\":\"SearchAction\",\"target\":{\"@type\":\"EntryPoint\",\"urlTemplate\":\"https:\\\/\\\/www.enzo-und-ferdinand.de\\\/?s={search_term_string}\"},\"query-input\":{\"@type\":\"PropertyValueSpecification\",\"valueRequired\":true,\"valueName\":\"search_term_string\"}}],\"inLanguage\":\"de\"},{\"@type\":\"Organization\",\"@id\":\"https:\\\/\\\/www.enzo-und-ferdinand.de\\\/#organization\",\"name\":\"enzo & Ferdinand\",\"url\":\"https:\\\/\\\/www.enzo-und-ferdinand.de\\\/\",\"logo\":{\"@type\":\"ImageObject\",\"inLanguage\":\"de\",\"@id\":\"https:\\\/\\\/www.enzo-und-ferdinand.de\\\/#\\\/schema\\\/logo\\\/image\\\/\",\"url\":\"https:\\\/\\\/www.enzo-und-ferdinand.de\\\/wp-content\\\/uploads\\\/2018\\\/12\\\/revvvs-icon.png\",\"contentUrl\":\"https:\\\/\\\/www.enzo-und-ferdinand.de\\\/wp-content\\\/uploads\\\/2018\\\/12\\\/revvvs-icon.png\",\"width\":512,\"height\":512,\"caption\":\"enzo & Ferdinand\"},\"image\":{\"@id\":\"https:\\\/\\\/www.enzo-und-ferdinand.de\\\/#\\\/schema\\\/logo\\\/image\\\/\"}},{\"@type\":\"Person\",\"@id\":\"https:\\\/\\\/www.enzo-und-ferdinand.de\\\/#\\\/schema\\\/person\\\/aff2eb9ff87705987c1b9d21fe10b095\",\"name\":\"Rainer Ro\u00dfbach\",\"image\":{\"@type\":\"ImageObject\",\"inLanguage\":\"de\",\"@id\":\"https:\\\/\\\/www.enzo-und-ferdinand.de\\\/wp-content\\\/uploads\\\/2026\\\/01\\\/Rainer-Rossbach-150x150.jpg\",\"url\":\"https:\\\/\\\/www.enzo-und-ferdinand.de\\\/wp-content\\\/uploads\\\/2026\\\/01\\\/Rainer-Rossbach-150x150.jpg\",\"contentUrl\":\"https:\\\/\\\/www.enzo-und-ferdinand.de\\\/wp-content\\\/uploads\\\/2026\\\/01\\\/Rainer-Rossbach-150x150.jpg\",\"caption\":\"Rainer Ro\u00dfbach\"},\"url\":\"https:\\\/\\\/www.enzo-und-ferdinand.de\\\/index.php\\\/author\\\/redaktion\\\/\"}]}<\/script>\n<!-- \/ Yoast SEO plugin. -->","yoast_head_json":{"title":"Citro\u00ebn Ami 6 (1961\u20131969)","description":"Citro\u00ebn Ami 6","robots":{"index":"index","follow":"follow","max-snippet":"max-snippet:-1","max-image-preview":"max-image-preview:large","max-video-preview":"max-video-preview:-1"},"canonical":"https:\/\/www.enzo-und-ferdinand.de\/index.php\/2019\/10\/09\/citroen-ami-6-1961-1969\/","og_locale":"de_DE","og_type":"article","og_title":"Citro\u00ebn Ami 6 (1961\u20131969)","og_description":"Citro\u00ebn Ami 6","og_url":"https:\/\/www.enzo-und-ferdinand.de\/index.php\/2019\/10\/09\/citroen-ami-6-1961-1969\/","og_site_name":"enzo &amp; Ferdinand","article_published_time":"2019-10-09T16:48:49+00:00","article_modified_time":"2025-12-28T11:03:05+00:00","og_image":[{"width":1024,"height":665,"url":"https:\/\/www.enzo-und-ferdinand.de\/wp-content\/uploads\/2019\/10\/AMI_6_BERLINE_1964.jpg","type":"image\/jpeg"}],"author":"Rainer Ro\u00dfbach","twitter_card":"summary_large_image","twitter_misc":{"Verfasst von":"Rainer Ro\u00dfbach","Gesch\u00e4tzte Lesezeit":"3\u00a0Minuten"},"schema":{"@context":"https:\/\/schema.org","@graph":[{"@type":"Article","@id":"https:\/\/www.enzo-und-ferdinand.de\/index.php\/2019\/10\/09\/citroen-ami-6-1961-1969\/#article","isPartOf":{"@id":"https:\/\/www.enzo-und-ferdinand.de\/index.php\/2019\/10\/09\/citroen-ami-6-1961-1969\/"},"author":{"name":"Rainer Ro\u00dfbach","@id":"https:\/\/www.enzo-und-ferdinand.de\/#\/schema\/person\/aff2eb9ff87705987c1b9d21fe10b095"},"headline":"Citro\u00ebn Ami 6 (1961\u20131969)","datePublished":"2019-10-09T16:48:49+00:00","dateModified":"2025-12-28T11:03:05+00:00","mainEntityOfPage":{"@id":"https:\/\/www.enzo-und-ferdinand.de\/index.php\/2019\/10\/09\/citroen-ami-6-1961-1969\/"},"wordCount":312,"publisher":{"@id":"https:\/\/www.enzo-und-ferdinand.de\/#organization"},"image":{"@id":"https:\/\/www.enzo-und-ferdinand.de\/index.php\/2019\/10\/09\/citroen-ami-6-1961-1969\/#primaryimage"},"thumbnailUrl":"https:\/\/www.enzo-und-ferdinand.de\/wp-content\/uploads\/2019\/10\/AMI_6_BERLINE_1964.jpg","keywords":["Citro\u00ebn","Citro\u00ebn Ami 6"],"articleSection":["Ikonen"],"inLanguage":"de"},{"@type":"WebPage","@id":"https:\/\/www.enzo-und-ferdinand.de\/index.php\/2019\/10\/09\/citroen-ami-6-1961-1969\/","url":"https:\/\/www.enzo-und-ferdinand.de\/index.php\/2019\/10\/09\/citroen-ami-6-1961-1969\/","name":"Citro\u00ebn Ami 6 (1961\u20131969)","isPartOf":{"@id":"https:\/\/www.enzo-und-ferdinand.de\/#website"},"primaryImageOfPage":{"@id":"https:\/\/www.enzo-und-ferdinand.de\/index.php\/2019\/10\/09\/citroen-ami-6-1961-1969\/#primaryimage"},"image":{"@id":"https:\/\/www.enzo-und-ferdinand.de\/index.php\/2019\/10\/09\/citroen-ami-6-1961-1969\/#primaryimage"},"thumbnailUrl":"https:\/\/www.enzo-und-ferdinand.de\/wp-content\/uploads\/2019\/10\/AMI_6_BERLINE_1964.jpg","datePublished":"2019-10-09T16:48:49+00:00","dateModified":"2025-12-28T11:03:05+00:00","description":"Citro\u00ebn Ami 6","breadcrumb":{"@id":"https:\/\/www.enzo-und-ferdinand.de\/index.php\/2019\/10\/09\/citroen-ami-6-1961-1969\/#breadcrumb"},"inLanguage":"de","potentialAction":[{"@type":"ReadAction","target":["https:\/\/www.enzo-und-ferdinand.de\/index.php\/2019\/10\/09\/citroen-ami-6-1961-1969\/"]}]},{"@type":"ImageObject","inLanguage":"de","@id":"https:\/\/www.enzo-und-ferdinand.de\/index.php\/2019\/10\/09\/citroen-ami-6-1961-1969\/#primaryimage","url":"https:\/\/www.enzo-und-ferdinand.de\/wp-content\/uploads\/2019\/10\/AMI_6_BERLINE_1964.jpg","contentUrl":"https:\/\/www.enzo-und-ferdinand.de\/wp-content\/uploads\/2019\/10\/AMI_6_BERLINE_1964.jpg","width":1024,"height":665,"caption":"AMI 6 BERLINE 1964"},{"@type":"BreadcrumbList","@id":"https:\/\/www.enzo-und-ferdinand.de\/index.php\/2019\/10\/09\/citroen-ami-6-1961-1969\/#breadcrumb","itemListElement":[{"@type":"ListItem","position":1,"name":"Startseite","item":"https:\/\/www.enzo-und-ferdinand.de\/"},{"@type":"ListItem","position":2,"name":"Citro\u00ebn Ami 6 (1961\u20131969)"}]},{"@type":"WebSite","@id":"https:\/\/www.enzo-und-ferdinand.de\/#website","url":"https:\/\/www.enzo-und-ferdinand.de\/","name":"enzo & Ferdinand","description":"","publisher":{"@id":"https:\/\/www.enzo-und-ferdinand.de\/#organization"},"potentialAction":[{"@type":"SearchAction","target":{"@type":"EntryPoint","urlTemplate":"https:\/\/www.enzo-und-ferdinand.de\/?s={search_term_string}"},"query-input":{"@type":"PropertyValueSpecification","valueRequired":true,"valueName":"search_term_string"}}],"inLanguage":"de"},{"@type":"Organization","@id":"https:\/\/www.enzo-und-ferdinand.de\/#organization","name":"enzo & Ferdinand","url":"https:\/\/www.enzo-und-ferdinand.de\/","logo":{"@type":"ImageObject","inLanguage":"de","@id":"https:\/\/www.enzo-und-ferdinand.de\/#\/schema\/logo\/image\/","url":"https:\/\/www.enzo-und-ferdinand.de\/wp-content\/uploads\/2018\/12\/revvvs-icon.png","contentUrl":"https:\/\/www.enzo-und-ferdinand.de\/wp-content\/uploads\/2018\/12\/revvvs-icon.png","width":512,"height":512,"caption":"enzo & Ferdinand"},"image":{"@id":"https:\/\/www.enzo-und-ferdinand.de\/#\/schema\/logo\/image\/"}},{"@type":"Person","@id":"https:\/\/www.enzo-und-ferdinand.de\/#\/schema\/person\/aff2eb9ff87705987c1b9d21fe10b095","name":"Rainer Ro\u00dfbach","image":{"@type":"ImageObject","inLanguage":"de","@id":"https:\/\/www.enzo-und-ferdinand.de\/wp-content\/uploads\/2026\/01\/Rainer-Rossbach-150x150.jpg","url":"https:\/\/www.enzo-und-ferdinand.de\/wp-content\/uploads\/2026\/01\/Rainer-Rossbach-150x150.jpg","contentUrl":"https:\/\/www.enzo-und-ferdinand.de\/wp-content\/uploads\/2026\/01\/Rainer-Rossbach-150x150.jpg","caption":"Rainer Ro\u00dfbach"},"url":"https:\/\/www.enzo-und-ferdinand.de\/index.php\/author\/redaktion\/"}]}},"_links":{"self":[{"href":"https:\/\/www.enzo-und-ferdinand.de\/index.php\/wp-json\/wp\/v2\/posts\/5508","targetHints":{"allow":["GET"]}}],"collection":[{"href":"https:\/\/www.enzo-und-ferdinand.de\/index.php\/wp-json\/wp\/v2\/posts"}],"about":[{"href":"https:\/\/www.enzo-und-ferdinand.de\/index.php\/wp-json\/wp\/v2\/types\/post"}],"author":[{"embeddable":true,"href":"https:\/\/www.enzo-und-ferdinand.de\/index.php\/wp-json\/wp\/v2\/users\/1"}],"replies":[{"embeddable":true,"href":"https:\/\/www.enzo-und-ferdinand.de\/index.php\/wp-json\/wp\/v2\/comments?post=5508"}],"version-history":[{"count":5,"href":"https:\/\/www.enzo-und-ferdinand.de\/index.php\/wp-json\/wp\/v2\/posts\/5508\/revisions"}],"predecessor-version":[{"id":21859,"href":"https:\/\/www.enzo-und-ferdinand.de\/index.php\/wp-json\/wp\/v2\/posts\/5508\/revisions\/21859"}],"wp:featuredmedia":[{"embeddable":true,"href":"https:\/\/www.enzo-und-ferdinand.de\/index.php\/wp-json\/wp\/v2\/media\/5512"}],"wp:attachment":[{"href":"https:\/\/www.enzo-und-ferdinand.de\/index.php\/wp-json\/wp\/v2\/media?parent=5508"}],"wp:term":[{"taxonomy":"category","embeddable":true,"href":"https:\/\/www.enzo-und-ferdinand.de\/index.php\/wp-json\/wp\/v2\/categories?post=5508"},{"taxonomy":"post_tag","embeddable":true,"href":"https:\/\/www.enzo-und-ferdinand.de\/index.php\/wp-json\/wp\/v2\/tags?post=5508"}],"curies":[{"name":"wp","href":"https:\/\/api.w.org\/{rel}","templated":true}]}}