{"id":5529,"date":"2019-10-16T11:21:10","date_gmt":"2019-10-16T09:21:10","guid":{"rendered":"http:\/\/www.enzo-und-ferdinand.de\/?p=5529"},"modified":"2025-12-28T12:02:04","modified_gmt":"2025-12-28T11:02:04","slug":"bmw-2er-gran-coupe","status":"publish","type":"post","link":"https:\/\/www.enzo-und-ferdinand.de\/index.php\/2019\/10\/16\/bmw-2er-gran-coupe\/","title":{"rendered":"BMW 2er Gran Coup\u00e9"},"content":{"rendered":"\n<figure class=\"wp-block-image\"><img loading=\"lazy\" decoding=\"async\" width=\"810\" height=\"540\" src=\"https:\/\/www.enzo-und-ferdinand.de\/wp-content\/uploads\/2019\/10\/P90370495_highRes_the-all-new-bmw-2-se-1-810x540.jpg\" alt=\"BMW 2er Gran Coup\u00e9\" class=\"wp-image-5536\" srcset=\"https:\/\/www.enzo-und-ferdinand.de\/wp-content\/uploads\/2019\/10\/P90370495_highRes_the-all-new-bmw-2-se-1-810x540.jpg 810w, https:\/\/www.enzo-und-ferdinand.de\/wp-content\/uploads\/2019\/10\/P90370495_highRes_the-all-new-bmw-2-se-1-300x200.jpg 300w, https:\/\/www.enzo-und-ferdinand.de\/wp-content\/uploads\/2019\/10\/P90370495_highRes_the-all-new-bmw-2-se-1-768x512.jpg 768w, https:\/\/www.enzo-und-ferdinand.de\/wp-content\/uploads\/2019\/10\/P90370495_highRes_the-all-new-bmw-2-se-1-120x80.jpg 120w, https:\/\/www.enzo-und-ferdinand.de\/wp-content\/uploads\/2019\/10\/P90370495_highRes_the-all-new-bmw-2-se-1.jpg 1024w\" sizes=\"auto, (max-width: 810px) 100vw, 810px\" \/><\/figure>\n\n\n\n<p class=\"wp-block-paragraph\">Seine Weltpremiere feiert das viert\u00fcrige Coup\u00e9 im November 2019 auf der Los Angeles Auto Show. Das Design zeigt, laut BMW, eine sportliche, emotionale Linienf\u00fchrung mit rahmenlosen Seitent\u00fcren und einem besonders ausdrucksstarken Auftritt \u2013 vulgo mit gro\u00dfen Sicken, Luft\u00f6ffnungen und der mittlerweile \u00fcber alle Baureihen anzutreffenden polarisierenden Riesenniere. Zudem wird eine gro\u00dfe Alltagstauglichkeit mit guten Platzverh\u00e4ltnissen und einem gro\u00dfen Kofferraum versprochen.<\/p>\n\n\n\n<p class=\"wp-block-paragraph\">Bei der BMW-Gemeinde, zumal bei der, die der Marke emotional verbunden ist und viel f\u00fcr das Image der M\u00fcnchner getan hat, wird die Frontantriebsarchitektur keine gro\u00dfe Freude ausl\u00f6sen. Dies ist ein nicht zu untersch\u00e4tzender Abschied vom Markenkern, auch wenn Fahrdynamik und ein gutes Raumangebot als Entsch\u00e4digung angeboten werden. Es bleibt die Crux der Automobilhersteller, dass heutzutage am Ende nur noch das Design als Markenbotschaft bleibt, die Produkte selbst sind technisch uniform bis zur Unkenntlichkeit.&nbsp;<\/p>\n\n\n\n<p class=\"wp-block-paragraph\">Daf\u00fcr gibt es dann Gimmicks wie das optionale Infotainment-System, dass sich optional per Gestensteuerung bedienen l\u00e4sst.&nbsp;Dessen beide bis zu 10,25 Zoll gro\u00dfen Monitore sind, nolens volens, dem Vieraugengesicht der Fahrzeugfront nachempfunden. Der BMW Digital Key f\u00fcr den Fahrzeugzugang bietet als Sonderausstattung die Option, das Fahrzeug mit dem Smartphone zu entriegeln und zu verschlie\u00dfen. Das Smartphone wird&nbsp; an den T\u00fcrgriff gehalten, um das Fahrzeug zu \u00f6ffnen \u2013 auch bei leerem Akku. Der Motor l\u00e4sst sich starten, sobald das Smartphone in der Smartphone Ablage oder der Wireless Charging Ablage liegt. Den digitalen Schl\u00fcssel kann der Fahrer mit bis zu f\u00fcnf weiteren Personen teilen.<\/p>\n\n\n\n<p class=\"wp-block-paragraph\">Neben dem Serienfahrwerk und dem M Sportfahrwerk mit 10 mm Tieferlegung ist das 2er Gran Coup\u00e9 optional auch mit einem Adaptiven Fahrwerk erh\u00e4ltlich. Hier kann der Fahrer zwischen zwei verschiedenen D\u00e4mpfercharakteristiken w\u00e4hlen. Ein sogenannter \u201eFahrerlebnisschalter\u201c bietet die Einstellungen \u201eComfort\u201c und \u201eSport\u201c.<\/p>\n\n\n\n<p class=\"wp-block-paragraph\">Als Motoren gibt es einen Diesel und zwei Benziner mit drei oder vier Zylindern. Den Einstieg bildet der 3-Zylinder im BMW 218i mit 140 PS (103 kW). Der Zweiliter-Vierzylinder-Diesel des BMW 220d entwickelt 190 PS (140 kW) und das leistungsst\u00e4rkste Aggregat, ebenfalls mit vier Zylindern, kommt auf 306 PS (225 kW). Dessen Fahrleistungen sind recht sportlich: Aus dem Stand auf 100 km\/h geht es in 4,9 Sekunden, die H\u00f6chstgeschwindigkeit ist bei 250 Stundenkilometern abgeregelt.<\/p>\n\n\n\n<p class=\"wp-block-paragraph\">Als Getriebe gibt es beim 218i ein Sechsgang-Handschaltgetriebe und als Sonderausstattung eine Siebengang-Steptronic mit Doppelkupplung. Alternativ ist noch eine Achtgang Steptronic im Angebot.<\/p>\n\n\n\n<figure class=\"wp-block-image size-large\"><img loading=\"lazy\" decoding=\"async\" width=\"810\" height=\"540\" src=\"https:\/\/www.enzo-und-ferdinand.de\/wp-content\/uploads\/2019\/10\/P90370520_highRes_the-all-new-bmw-2-se-810x540.jpg\" alt=\"BMW 2er Gran Coup\u00e9\" class=\"wp-image-5533\" srcset=\"https:\/\/www.enzo-und-ferdinand.de\/wp-content\/uploads\/2019\/10\/P90370520_highRes_the-all-new-bmw-2-se-810x540.jpg 810w, https:\/\/www.enzo-und-ferdinand.de\/wp-content\/uploads\/2019\/10\/P90370520_highRes_the-all-new-bmw-2-se-300x200.jpg 300w, https:\/\/www.enzo-und-ferdinand.de\/wp-content\/uploads\/2019\/10\/P90370520_highRes_the-all-new-bmw-2-se-768x512.jpg 768w, https:\/\/www.enzo-und-ferdinand.de\/wp-content\/uploads\/2019\/10\/P90370520_highRes_the-all-new-bmw-2-se-120x80.jpg 120w, https:\/\/www.enzo-und-ferdinand.de\/wp-content\/uploads\/2019\/10\/P90370520_highRes_the-all-new-bmw-2-se.jpg 1024w\" sizes=\"auto, (max-width: 810px) 100vw, 810px\" \/><\/figure>\n\n\n\n<p style=\"text-align:right\" class=\"has-small-font-size wp-block-paragraph\">Fotos: BMW\/Text: Rainer Ro\u00dfbach<\/p>\n","protected":false},"excerpt":{"rendered":"<p>Seine Weltpremiere feiert das viert\u00fcrige Coup\u00e9 im November 2019 auf der Los Angeles Auto Show. Das Design zeigt, laut BMW, eine sportliche, emotionale Linienf\u00fchrung mit rahmenlosen Seitent\u00fcren und einem besonders ausdrucksstarken Auftritt \u2013 vulgo mit gro\u00dfen Sicken, Luft\u00f6ffnungen und der mittlerweile \u00fcber alle Baureihen anzutreffenden polarisierenden Riesenniere. Zudem wird eine gro\u00dfe Alltagstauglichkeit mit guten Platzverh\u00e4ltnissen und einem gro\u00dfen Kofferraum versprochen.<br \/>\nBei der BMW-Gemeinde, zumal bei der, die der Marke emotional verbunden ist und viel f\u00fcr das Image der M\u00fcnchner getan hat, wird die Frontantriebsarchitektur keine gro\u00dfe Freude ausl\u00f6sen. Dies ist ein nicht zu untersch\u00e4tzender Abschied vom Markenkern, auch wenn Fahrdynamik und ein gutes Raumangebot als Entsch\u00e4digung angeboten werden.<\/p>\n","protected":false},"author":1,"featured_media":5532,"comment_status":"open","ping_status":"open","sticky":false,"template":"","format":"standard","meta":{"_crdt_document":"","ngg_post_thumbnail":0,"footnotes":""},"categories":[45],"tags":[202,388],"class_list":["post-5529","post","type-post","status-publish","format-standard","has-post-thumbnail","hentry","category-neues","tag-bmw","tag-bmw-2er-gran-coupe"],"yoast_head":"<!-- This site is optimized with the Yoast SEO plugin v27.5 - https:\/\/yoast.com\/product\/yoast-seo-wordpress\/ -->\n<title>BMW 2er Gran Coup\u00e9<\/title>\n<meta name=\"description\" content=\"Entdecke Artikel im Bereich bei Enzo &amp; Ferdinand. Aktuelle News, Hintergr\u00fcnde und Technik aus der Welt exklusiver Automobile.\" \/>\n<meta name=\"robots\" content=\"index, follow, max-snippet:-1, max-image-preview:large, max-video-preview:-1\" \/>\n<link rel=\"canonical\" href=\"https:\/\/www.enzo-und-ferdinand.de\/index.php\/2019\/10\/16\/bmw-2er-gran-coupe\/\" \/>\n<meta property=\"og:locale\" content=\"de_DE\" \/>\n<meta property=\"og:type\" content=\"article\" \/>\n<meta property=\"og:title\" content=\"BMW 2er Gran Coup\u00e9\" \/>\n<meta property=\"og:description\" content=\"Entdecke Artikel im Bereich bei Enzo &amp; Ferdinand. Aktuelle News, Hintergr\u00fcnde und Technik aus der Welt exklusiver Automobile.\" \/>\n<meta property=\"og:url\" content=\"https:\/\/www.enzo-und-ferdinand.de\/index.php\/2019\/10\/16\/bmw-2er-gran-coupe\/\" \/>\n<meta property=\"og:site_name\" content=\"enzo &amp; Ferdinand\" \/>\n<meta property=\"article:published_time\" content=\"2019-10-16T09:21:10+00:00\" \/>\n<meta property=\"article:modified_time\" content=\"2025-12-28T11:02:04+00:00\" \/>\n<meta property=\"og:image\" content=\"https:\/\/www.enzo-und-ferdinand.de\/wp-content\/uploads\/2019\/10\/P90370500_highRes_the-all-new-bmw-2-se.jpg\" \/>\n\t<meta property=\"og:image:width\" content=\"1024\" \/>\n\t<meta property=\"og:image:height\" content=\"682\" \/>\n\t<meta property=\"og:image:type\" content=\"image\/jpeg\" \/>\n<meta name=\"author\" content=\"Rainer Ro\u00dfbach\" \/>\n<meta name=\"twitter:card\" content=\"summary_large_image\" \/>\n<meta name=\"twitter:label1\" content=\"Verfasst von\" \/>\n\t<meta name=\"twitter:data1\" content=\"Rainer Ro\u00dfbach\" \/>\n\t<meta name=\"twitter:label2\" content=\"Gesch\u00e4tzte Lesezeit\" \/>\n\t<meta name=\"twitter:data2\" content=\"3\u00a0Minuten\" \/>\n<script type=\"application\/ld+json\" class=\"yoast-schema-graph\">{\"@context\":\"https:\\\/\\\/schema.org\",\"@graph\":[{\"@type\":\"Article\",\"@id\":\"https:\\\/\\\/www.enzo-und-ferdinand.de\\\/index.php\\\/2019\\\/10\\\/16\\\/bmw-2er-gran-coupe\\\/#article\",\"isPartOf\":{\"@id\":\"https:\\\/\\\/www.enzo-und-ferdinand.de\\\/index.php\\\/2019\\\/10\\\/16\\\/bmw-2er-gran-coupe\\\/\"},\"author\":{\"name\":\"Rainer Ro\u00dfbach\",\"@id\":\"https:\\\/\\\/www.enzo-und-ferdinand.de\\\/#\\\/schema\\\/person\\\/aff2eb9ff87705987c1b9d21fe10b095\"},\"headline\":\"BMW 2er Gran Coup\u00e9\",\"datePublished\":\"2019-10-16T09:21:10+00:00\",\"dateModified\":\"2025-12-28T11:02:04+00:00\",\"mainEntityOfPage\":{\"@id\":\"https:\\\/\\\/www.enzo-und-ferdinand.de\\\/index.php\\\/2019\\\/10\\\/16\\\/bmw-2er-gran-coupe\\\/\"},\"wordCount\":402,\"commentCount\":0,\"publisher\":{\"@id\":\"https:\\\/\\\/www.enzo-und-ferdinand.de\\\/#organization\"},\"image\":{\"@id\":\"https:\\\/\\\/www.enzo-und-ferdinand.de\\\/index.php\\\/2019\\\/10\\\/16\\\/bmw-2er-gran-coupe\\\/#primaryimage\"},\"thumbnailUrl\":\"https:\\\/\\\/www.enzo-und-ferdinand.de\\\/wp-content\\\/uploads\\\/2019\\\/10\\\/P90370500_highRes_the-all-new-bmw-2-se.jpg\",\"keywords\":[\"BMW\",\"BMW 2er Gran Coup\u00e9\"],\"articleSection\":[\"Neues\"],\"inLanguage\":\"de\",\"potentialAction\":[{\"@type\":\"CommentAction\",\"name\":\"Comment\",\"target\":[\"https:\\\/\\\/www.enzo-und-ferdinand.de\\\/index.php\\\/2019\\\/10\\\/16\\\/bmw-2er-gran-coupe\\\/#respond\"]}]},{\"@type\":\"WebPage\",\"@id\":\"https:\\\/\\\/www.enzo-und-ferdinand.de\\\/index.php\\\/2019\\\/10\\\/16\\\/bmw-2er-gran-coupe\\\/\",\"url\":\"https:\\\/\\\/www.enzo-und-ferdinand.de\\\/index.php\\\/2019\\\/10\\\/16\\\/bmw-2er-gran-coupe\\\/\",\"name\":\"BMW 2er Gran Coup\u00e9\",\"isPartOf\":{\"@id\":\"https:\\\/\\\/www.enzo-und-ferdinand.de\\\/#website\"},\"primaryImageOfPage\":{\"@id\":\"https:\\\/\\\/www.enzo-und-ferdinand.de\\\/index.php\\\/2019\\\/10\\\/16\\\/bmw-2er-gran-coupe\\\/#primaryimage\"},\"image\":{\"@id\":\"https:\\\/\\\/www.enzo-und-ferdinand.de\\\/index.php\\\/2019\\\/10\\\/16\\\/bmw-2er-gran-coupe\\\/#primaryimage\"},\"thumbnailUrl\":\"https:\\\/\\\/www.enzo-und-ferdinand.de\\\/wp-content\\\/uploads\\\/2019\\\/10\\\/P90370500_highRes_the-all-new-bmw-2-se.jpg\",\"datePublished\":\"2019-10-16T09:21:10+00:00\",\"dateModified\":\"2025-12-28T11:02:04+00:00\",\"description\":\"Entdecke Artikel im Bereich bei Enzo & Ferdinand. Aktuelle News, Hintergr\u00fcnde und Technik aus der Welt exklusiver Automobile.\",\"breadcrumb\":{\"@id\":\"https:\\\/\\\/www.enzo-und-ferdinand.de\\\/index.php\\\/2019\\\/10\\\/16\\\/bmw-2er-gran-coupe\\\/#breadcrumb\"},\"inLanguage\":\"de\",\"potentialAction\":[{\"@type\":\"ReadAction\",\"target\":[\"https:\\\/\\\/www.enzo-und-ferdinand.de\\\/index.php\\\/2019\\\/10\\\/16\\\/bmw-2er-gran-coupe\\\/\"]}]},{\"@type\":\"ImageObject\",\"inLanguage\":\"de\",\"@id\":\"https:\\\/\\\/www.enzo-und-ferdinand.de\\\/index.php\\\/2019\\\/10\\\/16\\\/bmw-2er-gran-coupe\\\/#primaryimage\",\"url\":\"https:\\\/\\\/www.enzo-und-ferdinand.de\\\/wp-content\\\/uploads\\\/2019\\\/10\\\/P90370500_highRes_the-all-new-bmw-2-se.jpg\",\"contentUrl\":\"https:\\\/\\\/www.enzo-und-ferdinand.de\\\/wp-content\\\/uploads\\\/2019\\\/10\\\/P90370500_highRes_the-all-new-bmw-2-se.jpg\",\"width\":1024,\"height\":682,\"caption\":\"BMW 2er Gran Coup\u00e9\"},{\"@type\":\"BreadcrumbList\",\"@id\":\"https:\\\/\\\/www.enzo-und-ferdinand.de\\\/index.php\\\/2019\\\/10\\\/16\\\/bmw-2er-gran-coupe\\\/#breadcrumb\",\"itemListElement\":[{\"@type\":\"ListItem\",\"position\":1,\"name\":\"Startseite\",\"item\":\"https:\\\/\\\/www.enzo-und-ferdinand.de\\\/\"},{\"@type\":\"ListItem\",\"position\":2,\"name\":\"BMW 2er Gran Coup\u00e9\"}]},{\"@type\":\"WebSite\",\"@id\":\"https:\\\/\\\/www.enzo-und-ferdinand.de\\\/#website\",\"url\":\"https:\\\/\\\/www.enzo-und-ferdinand.de\\\/\",\"name\":\"enzo & Ferdinand\",\"description\":\"\",\"publisher\":{\"@id\":\"https:\\\/\\\/www.enzo-und-ferdinand.de\\\/#organization\"},\"potentialAction\":[{\"@type\":\"SearchAction\",\"target\":{\"@type\":\"EntryPoint\",\"urlTemplate\":\"https:\\\/\\\/www.enzo-und-ferdinand.de\\\/?s={search_term_string}\"},\"query-input\":{\"@type\":\"PropertyValueSpecification\",\"valueRequired\":true,\"valueName\":\"search_term_string\"}}],\"inLanguage\":\"de\"},{\"@type\":\"Organization\",\"@id\":\"https:\\\/\\\/www.enzo-und-ferdinand.de\\\/#organization\",\"name\":\"enzo & Ferdinand\",\"url\":\"https:\\\/\\\/www.enzo-und-ferdinand.de\\\/\",\"logo\":{\"@type\":\"ImageObject\",\"inLanguage\":\"de\",\"@id\":\"https:\\\/\\\/www.enzo-und-ferdinand.de\\\/#\\\/schema\\\/logo\\\/image\\\/\",\"url\":\"https:\\\/\\\/www.enzo-und-ferdinand.de\\\/wp-content\\\/uploads\\\/2018\\\/12\\\/revvvs-icon.png\",\"contentUrl\":\"https:\\\/\\\/www.enzo-und-ferdinand.de\\\/wp-content\\\/uploads\\\/2018\\\/12\\\/revvvs-icon.png\",\"width\":512,\"height\":512,\"caption\":\"enzo & Ferdinand\"},\"image\":{\"@id\":\"https:\\\/\\\/www.enzo-und-ferdinand.de\\\/#\\\/schema\\\/logo\\\/image\\\/\"}},{\"@type\":\"Person\",\"@id\":\"https:\\\/\\\/www.enzo-und-ferdinand.de\\\/#\\\/schema\\\/person\\\/aff2eb9ff87705987c1b9d21fe10b095\",\"name\":\"Rainer Ro\u00dfbach\",\"image\":{\"@type\":\"ImageObject\",\"inLanguage\":\"de\",\"@id\":\"https:\\\/\\\/www.enzo-und-ferdinand.de\\\/wp-content\\\/uploads\\\/2026\\\/01\\\/Rainer-Rossbach-150x150.jpg\",\"url\":\"https:\\\/\\\/www.enzo-und-ferdinand.de\\\/wp-content\\\/uploads\\\/2026\\\/01\\\/Rainer-Rossbach-150x150.jpg\",\"contentUrl\":\"https:\\\/\\\/www.enzo-und-ferdinand.de\\\/wp-content\\\/uploads\\\/2026\\\/01\\\/Rainer-Rossbach-150x150.jpg\",\"caption\":\"Rainer Ro\u00dfbach\"},\"url\":\"https:\\\/\\\/www.enzo-und-ferdinand.de\\\/index.php\\\/author\\\/redaktion\\\/\"}]}<\/script>\n<!-- \/ Yoast SEO plugin. -->","yoast_head_json":{"title":"BMW 2er Gran Coup\u00e9","description":"Entdecke Artikel im Bereich bei Enzo & Ferdinand. Aktuelle News, Hintergr\u00fcnde und Technik aus der Welt exklusiver Automobile.","robots":{"index":"index","follow":"follow","max-snippet":"max-snippet:-1","max-image-preview":"max-image-preview:large","max-video-preview":"max-video-preview:-1"},"canonical":"https:\/\/www.enzo-und-ferdinand.de\/index.php\/2019\/10\/16\/bmw-2er-gran-coupe\/","og_locale":"de_DE","og_type":"article","og_title":"BMW 2er Gran Coup\u00e9","og_description":"Entdecke Artikel im Bereich bei Enzo & Ferdinand. Aktuelle News, Hintergr\u00fcnde und Technik aus der Welt exklusiver Automobile.","og_url":"https:\/\/www.enzo-und-ferdinand.de\/index.php\/2019\/10\/16\/bmw-2er-gran-coupe\/","og_site_name":"enzo &amp; Ferdinand","article_published_time":"2019-10-16T09:21:10+00:00","article_modified_time":"2025-12-28T11:02:04+00:00","og_image":[{"width":1024,"height":682,"url":"https:\/\/www.enzo-und-ferdinand.de\/wp-content\/uploads\/2019\/10\/P90370500_highRes_the-all-new-bmw-2-se.jpg","type":"image\/jpeg"}],"author":"Rainer Ro\u00dfbach","twitter_card":"summary_large_image","twitter_misc":{"Verfasst von":"Rainer Ro\u00dfbach","Gesch\u00e4tzte Lesezeit":"3\u00a0Minuten"},"schema":{"@context":"https:\/\/schema.org","@graph":[{"@type":"Article","@id":"https:\/\/www.enzo-und-ferdinand.de\/index.php\/2019\/10\/16\/bmw-2er-gran-coupe\/#article","isPartOf":{"@id":"https:\/\/www.enzo-und-ferdinand.de\/index.php\/2019\/10\/16\/bmw-2er-gran-coupe\/"},"author":{"name":"Rainer Ro\u00dfbach","@id":"https:\/\/www.enzo-und-ferdinand.de\/#\/schema\/person\/aff2eb9ff87705987c1b9d21fe10b095"},"headline":"BMW 2er Gran Coup\u00e9","datePublished":"2019-10-16T09:21:10+00:00","dateModified":"2025-12-28T11:02:04+00:00","mainEntityOfPage":{"@id":"https:\/\/www.enzo-und-ferdinand.de\/index.php\/2019\/10\/16\/bmw-2er-gran-coupe\/"},"wordCount":402,"commentCount":0,"publisher":{"@id":"https:\/\/www.enzo-und-ferdinand.de\/#organization"},"image":{"@id":"https:\/\/www.enzo-und-ferdinand.de\/index.php\/2019\/10\/16\/bmw-2er-gran-coupe\/#primaryimage"},"thumbnailUrl":"https:\/\/www.enzo-und-ferdinand.de\/wp-content\/uploads\/2019\/10\/P90370500_highRes_the-all-new-bmw-2-se.jpg","keywords":["BMW","BMW 2er Gran Coup\u00e9"],"articleSection":["Neues"],"inLanguage":"de","potentialAction":[{"@type":"CommentAction","name":"Comment","target":["https:\/\/www.enzo-und-ferdinand.de\/index.php\/2019\/10\/16\/bmw-2er-gran-coupe\/#respond"]}]},{"@type":"WebPage","@id":"https:\/\/www.enzo-und-ferdinand.de\/index.php\/2019\/10\/16\/bmw-2er-gran-coupe\/","url":"https:\/\/www.enzo-und-ferdinand.de\/index.php\/2019\/10\/16\/bmw-2er-gran-coupe\/","name":"BMW 2er Gran Coup\u00e9","isPartOf":{"@id":"https:\/\/www.enzo-und-ferdinand.de\/#website"},"primaryImageOfPage":{"@id":"https:\/\/www.enzo-und-ferdinand.de\/index.php\/2019\/10\/16\/bmw-2er-gran-coupe\/#primaryimage"},"image":{"@id":"https:\/\/www.enzo-und-ferdinand.de\/index.php\/2019\/10\/16\/bmw-2er-gran-coupe\/#primaryimage"},"thumbnailUrl":"https:\/\/www.enzo-und-ferdinand.de\/wp-content\/uploads\/2019\/10\/P90370500_highRes_the-all-new-bmw-2-se.jpg","datePublished":"2019-10-16T09:21:10+00:00","dateModified":"2025-12-28T11:02:04+00:00","description":"Entdecke Artikel im Bereich bei Enzo & Ferdinand. Aktuelle News, Hintergr\u00fcnde und Technik aus der Welt exklusiver Automobile.","breadcrumb":{"@id":"https:\/\/www.enzo-und-ferdinand.de\/index.php\/2019\/10\/16\/bmw-2er-gran-coupe\/#breadcrumb"},"inLanguage":"de","potentialAction":[{"@type":"ReadAction","target":["https:\/\/www.enzo-und-ferdinand.de\/index.php\/2019\/10\/16\/bmw-2er-gran-coupe\/"]}]},{"@type":"ImageObject","inLanguage":"de","@id":"https:\/\/www.enzo-und-ferdinand.de\/index.php\/2019\/10\/16\/bmw-2er-gran-coupe\/#primaryimage","url":"https:\/\/www.enzo-und-ferdinand.de\/wp-content\/uploads\/2019\/10\/P90370500_highRes_the-all-new-bmw-2-se.jpg","contentUrl":"https:\/\/www.enzo-und-ferdinand.de\/wp-content\/uploads\/2019\/10\/P90370500_highRes_the-all-new-bmw-2-se.jpg","width":1024,"height":682,"caption":"BMW 2er Gran Coup\u00e9"},{"@type":"BreadcrumbList","@id":"https:\/\/www.enzo-und-ferdinand.de\/index.php\/2019\/10\/16\/bmw-2er-gran-coupe\/#breadcrumb","itemListElement":[{"@type":"ListItem","position":1,"name":"Startseite","item":"https:\/\/www.enzo-und-ferdinand.de\/"},{"@type":"ListItem","position":2,"name":"BMW 2er Gran Coup\u00e9"}]},{"@type":"WebSite","@id":"https:\/\/www.enzo-und-ferdinand.de\/#website","url":"https:\/\/www.enzo-und-ferdinand.de\/","name":"enzo & Ferdinand","description":"","publisher":{"@id":"https:\/\/www.enzo-und-ferdinand.de\/#organization"},"potentialAction":[{"@type":"SearchAction","target":{"@type":"EntryPoint","urlTemplate":"https:\/\/www.enzo-und-ferdinand.de\/?s={search_term_string}"},"query-input":{"@type":"PropertyValueSpecification","valueRequired":true,"valueName":"search_term_string"}}],"inLanguage":"de"},{"@type":"Organization","@id":"https:\/\/www.enzo-und-ferdinand.de\/#organization","name":"enzo & Ferdinand","url":"https:\/\/www.enzo-und-ferdinand.de\/","logo":{"@type":"ImageObject","inLanguage":"de","@id":"https:\/\/www.enzo-und-ferdinand.de\/#\/schema\/logo\/image\/","url":"https:\/\/www.enzo-und-ferdinand.de\/wp-content\/uploads\/2018\/12\/revvvs-icon.png","contentUrl":"https:\/\/www.enzo-und-ferdinand.de\/wp-content\/uploads\/2018\/12\/revvvs-icon.png","width":512,"height":512,"caption":"enzo & Ferdinand"},"image":{"@id":"https:\/\/www.enzo-und-ferdinand.de\/#\/schema\/logo\/image\/"}},{"@type":"Person","@id":"https:\/\/www.enzo-und-ferdinand.de\/#\/schema\/person\/aff2eb9ff87705987c1b9d21fe10b095","name":"Rainer Ro\u00dfbach","image":{"@type":"ImageObject","inLanguage":"de","@id":"https:\/\/www.enzo-und-ferdinand.de\/wp-content\/uploads\/2026\/01\/Rainer-Rossbach-150x150.jpg","url":"https:\/\/www.enzo-und-ferdinand.de\/wp-content\/uploads\/2026\/01\/Rainer-Rossbach-150x150.jpg","contentUrl":"https:\/\/www.enzo-und-ferdinand.de\/wp-content\/uploads\/2026\/01\/Rainer-Rossbach-150x150.jpg","caption":"Rainer Ro\u00dfbach"},"url":"https:\/\/www.enzo-und-ferdinand.de\/index.php\/author\/redaktion\/"}]}},"_links":{"self":[{"href":"https:\/\/www.enzo-und-ferdinand.de\/index.php\/wp-json\/wp\/v2\/posts\/5529","targetHints":{"allow":["GET"]}}],"collection":[{"href":"https:\/\/www.enzo-und-ferdinand.de\/index.php\/wp-json\/wp\/v2\/posts"}],"about":[{"href":"https:\/\/www.enzo-und-ferdinand.de\/index.php\/wp-json\/wp\/v2\/types\/post"}],"author":[{"embeddable":true,"href":"https:\/\/www.enzo-und-ferdinand.de\/index.php\/wp-json\/wp\/v2\/users\/1"}],"replies":[{"embeddable":true,"href":"https:\/\/www.enzo-und-ferdinand.de\/index.php\/wp-json\/wp\/v2\/comments?post=5529"}],"version-history":[{"count":6,"href":"https:\/\/www.enzo-und-ferdinand.de\/index.php\/wp-json\/wp\/v2\/posts\/5529\/revisions"}],"predecessor-version":[{"id":5539,"href":"https:\/\/www.enzo-und-ferdinand.de\/index.php\/wp-json\/wp\/v2\/posts\/5529\/revisions\/5539"}],"wp:featuredmedia":[{"embeddable":true,"href":"https:\/\/www.enzo-und-ferdinand.de\/index.php\/wp-json\/wp\/v2\/media\/5532"}],"wp:attachment":[{"href":"https:\/\/www.enzo-und-ferdinand.de\/index.php\/wp-json\/wp\/v2\/media?parent=5529"}],"wp:term":[{"taxonomy":"category","embeddable":true,"href":"https:\/\/www.enzo-und-ferdinand.de\/index.php\/wp-json\/wp\/v2\/categories?post=5529"},{"taxonomy":"post_tag","embeddable":true,"href":"https:\/\/www.enzo-und-ferdinand.de\/index.php\/wp-json\/wp\/v2\/tags?post=5529"}],"curies":[{"name":"wp","href":"https:\/\/api.w.org\/{rel}","templated":true}]}}