{"id":5804,"date":"2020-01-18T10:28:00","date_gmt":"2020-01-18T09:28:00","guid":{"rendered":"http:\/\/www.enzo-und-ferdinand.de\/?p=5804"},"modified":"2025-12-28T15:26:43","modified_gmt":"2025-12-28T14:26:43","slug":"interclassics-maastricht-20","status":"publish","type":"post","link":"https:\/\/www.enzo-und-ferdinand.de\/index.php\/2020\/01\/18\/interclassics-maastricht-20\/","title":{"rendered":"InterClassics Maastricht &#8217;20"},"content":{"rendered":"\n<figure class=\"wp-block-image size-large\"><img loading=\"lazy\" decoding=\"async\" width=\"810\" height=\"548\" src=\"https:\/\/www.enzo-und-ferdinand.de\/wp-content\/uploads\/2020\/01\/maastricht-2020-2-810x548.jpg\" alt=\"\" class=\"wp-image-5973\" srcset=\"https:\/\/www.enzo-und-ferdinand.de\/wp-content\/uploads\/2020\/01\/maastricht-2020-2-810x548.jpg 810w, https:\/\/www.enzo-und-ferdinand.de\/wp-content\/uploads\/2020\/01\/maastricht-2020-2-300x203.jpg 300w, https:\/\/www.enzo-und-ferdinand.de\/wp-content\/uploads\/2020\/01\/maastricht-2020-2-768x520.jpg 768w, https:\/\/www.enzo-und-ferdinand.de\/wp-content\/uploads\/2020\/01\/maastricht-2020-2-120x80.jpg 120w, https:\/\/www.enzo-und-ferdinand.de\/wp-content\/uploads\/2020\/01\/maastricht-2020-2.jpg 1024w\" sizes=\"auto, (max-width: 810px) 100vw, 810px\" \/><\/figure>\n\n\n\n<p class=\"wp-block-paragraph\">Sch\u00f6n an der Interclassics, die vom 16. bis einschlie\u00dflich 19. Januar 2020 im Messegel\u00e4nde MECC stattfand,  ist, dass die Holl\u00e4nder einen ganz speziellen Blick auf historische Automobile haben. Amerikaner, viele Italiener und Franzosen bieten ein anregendes Spektrum jenseits der deutschen Porschelastigkeit. <\/p>\n\n\n\n<figure class=\"wp-block-image size-large\"><img loading=\"lazy\" decoding=\"async\" width=\"810\" height=\"540\" src=\"https:\/\/www.enzo-und-ferdinand.de\/wp-content\/uploads\/2020\/01\/maastricht-2020-8-810x540.jpg\" alt=\"\" class=\"wp-image-5975\" srcset=\"https:\/\/www.enzo-und-ferdinand.de\/wp-content\/uploads\/2020\/01\/maastricht-2020-8-810x540.jpg 810w, https:\/\/www.enzo-und-ferdinand.de\/wp-content\/uploads\/2020\/01\/maastricht-2020-8-300x200.jpg 300w, https:\/\/www.enzo-und-ferdinand.de\/wp-content\/uploads\/2020\/01\/maastricht-2020-8-768x512.jpg 768w, https:\/\/www.enzo-und-ferdinand.de\/wp-content\/uploads\/2020\/01\/maastricht-2020-8-120x80.jpg 120w, https:\/\/www.enzo-und-ferdinand.de\/wp-content\/uploads\/2020\/01\/maastricht-2020-8.jpg 1024w\" sizes=\"auto, (max-width: 810px) 100vw, 810px\" \/><\/figure>\n\n\n\n<p class=\"wp-block-paragraph\">Dieses Jahr lautete das Thema der Messe  \u2018Forgotten Classics\u2019. Legend\u00e4re Marken wie Talbot Lago, Hispano Suiza, Pegaso, Spyker, Minerva, Bristol, Horch  oder etwa das einzige DAF-Cabrio, das je im Auftrag des Werks gebaut wurde, k\u00f6nnen in Maastricht bewundert werden.<\/p>\n\n\n\n<figure class=\"wp-block-gallery has-nested-images columns-2 is-cropped wp-block-gallery-1 is-layout-flex wp-block-gallery-is-layout-flex\">\n<figure class=\"wp-block-image size-large\"><img loading=\"lazy\" decoding=\"async\" width=\"810\" height=\"540\" data-id=\"5976\" src=\"https:\/\/www.enzo-und-ferdinand.de\/wp-content\/uploads\/2020\/01\/maastricht-2020-5-810x540.jpg\" alt=\"\" class=\"wp-image-5976\" srcset=\"https:\/\/www.enzo-und-ferdinand.de\/wp-content\/uploads\/2020\/01\/maastricht-2020-5-810x540.jpg 810w, https:\/\/www.enzo-und-ferdinand.de\/wp-content\/uploads\/2020\/01\/maastricht-2020-5-300x200.jpg 300w, https:\/\/www.enzo-und-ferdinand.de\/wp-content\/uploads\/2020\/01\/maastricht-2020-5-768x512.jpg 768w, https:\/\/www.enzo-und-ferdinand.de\/wp-content\/uploads\/2020\/01\/maastricht-2020-5-120x80.jpg 120w, https:\/\/www.enzo-und-ferdinand.de\/wp-content\/uploads\/2020\/01\/maastricht-2020-5.jpg 1024w\" sizes=\"auto, (max-width: 810px) 100vw, 810px\" \/><figcaption class=\"wp-element-caption\">DAF 33, 1974<\/figcaption><\/figure>\n\n\n\n<figure class=\"wp-block-image size-large\"><img loading=\"lazy\" decoding=\"async\" width=\"810\" height=\"548\" data-id=\"5977\" src=\"https:\/\/www.enzo-und-ferdinand.de\/wp-content\/uploads\/2020\/01\/maastricht-2020-6-810x548.jpg\" alt=\"\" class=\"wp-image-5977\" srcset=\"https:\/\/www.enzo-und-ferdinand.de\/wp-content\/uploads\/2020\/01\/maastricht-2020-6-810x548.jpg 810w, https:\/\/www.enzo-und-ferdinand.de\/wp-content\/uploads\/2020\/01\/maastricht-2020-6-300x203.jpg 300w, https:\/\/www.enzo-und-ferdinand.de\/wp-content\/uploads\/2020\/01\/maastricht-2020-6-768x520.jpg 768w, https:\/\/www.enzo-und-ferdinand.de\/wp-content\/uploads\/2020\/01\/maastricht-2020-6-120x80.jpg 120w, https:\/\/www.enzo-und-ferdinand.de\/wp-content\/uploads\/2020\/01\/maastricht-2020-6.jpg 1024w\" sizes=\"auto, (max-width: 810px) 100vw, 810px\" \/><figcaption class=\"wp-element-caption\">Pegaso Z 102 GT Berlinetta, 1951<\/figcaption><\/figure>\n\n\n\n<figure class=\"wp-block-image size-large\"><img loading=\"lazy\" decoding=\"async\" width=\"810\" height=\"540\" data-id=\"5978\" src=\"https:\/\/www.enzo-und-ferdinand.de\/wp-content\/uploads\/2020\/01\/maastricht-2020-7-810x540.jpg\" alt=\"\" class=\"wp-image-5978\" srcset=\"https:\/\/www.enzo-und-ferdinand.de\/wp-content\/uploads\/2020\/01\/maastricht-2020-7-810x540.jpg 810w, https:\/\/www.enzo-und-ferdinand.de\/wp-content\/uploads\/2020\/01\/maastricht-2020-7-300x200.jpg 300w, https:\/\/www.enzo-und-ferdinand.de\/wp-content\/uploads\/2020\/01\/maastricht-2020-7-768x512.jpg 768w, https:\/\/www.enzo-und-ferdinand.de\/wp-content\/uploads\/2020\/01\/maastricht-2020-7-120x80.jpg 120w, https:\/\/www.enzo-und-ferdinand.de\/wp-content\/uploads\/2020\/01\/maastricht-2020-7.jpg 1024w\" sizes=\"auto, (max-width: 810px) 100vw, 810px\" \/><figcaption class=\"wp-element-caption\">Studebaker Champion Regal de Luxe Starlight Coup\u00e9, 1950<\/figcaption><\/figure>\n<\/figure>\n\n\n\n<p class=\"wp-block-paragraph\">Insgesamt wurden 25 Ikonen im Themenpavillon ausgestellt, darunter das Studebaker Champion Regal Deluxe Starlight Coup\u00e9 von 1950 aus der Louwman-Kollektion, entworfen von dem in Paris geborenen Raymond Loewy (1893-1986). Der Franzose, der nach Amerika ging und das US-amerikanische Design nachhaltig beeinflu\u00dfte, geh\u00f6rt zu den bedeutendsten Industriedesignern des zwanzigsten Jahrhunderts und entwarf unter anderem das weltbekannte Design der Colaflasche, das Logo der Zigarettenmarke Lucky Strike, den Frigidaire-K\u00fchlschrank, den niederl\u00e4ndischen Sprinter-Zug und die erste Einrichtung der Concorde. In den 1950er und 1960er Jahren leitete Loewy die Designabteilung bei Studebaker und entwarf hier unter anderem den Champion, den Hawk und den Avanti. Sein Klassiker, das Studebaker Champion Regal Deluxe Starlight Coup\u00e9 mit seiner \u201cBulletnose\u201d, weist viele Details auf, die von der Luftfahrt inspiriert waren.<\/p>\n\n\n\n<figure class=\"wp-block-image size-large\"><img loading=\"lazy\" decoding=\"async\" width=\"810\" height=\"540\" src=\"https:\/\/www.enzo-und-ferdinand.de\/wp-content\/uploads\/2020\/01\/maastricht-2020-16-810x540.jpg\" alt=\"\" class=\"wp-image-5979\" srcset=\"https:\/\/www.enzo-und-ferdinand.de\/wp-content\/uploads\/2020\/01\/maastricht-2020-16-810x540.jpg 810w, https:\/\/www.enzo-und-ferdinand.de\/wp-content\/uploads\/2020\/01\/maastricht-2020-16-300x200.jpg 300w, https:\/\/www.enzo-und-ferdinand.de\/wp-content\/uploads\/2020\/01\/maastricht-2020-16-768x512.jpg 768w, https:\/\/www.enzo-und-ferdinand.de\/wp-content\/uploads\/2020\/01\/maastricht-2020-16-120x80.jpg 120w, https:\/\/www.enzo-und-ferdinand.de\/wp-content\/uploads\/2020\/01\/maastricht-2020-16.jpg 1024w\" sizes=\"auto, (max-width: 810px) 100vw, 810px\" \/><\/figure>\n\n\n\n<p class=\"wp-block-paragraph\">Neben hochwertiger Literatur standen auch hochpreisige Fahrzeuge mit Seltenheitswert  in den Hallen. Und es war \u00fcberraschendes dabei. Ein Porsche 356 C, der 1964 von Pininfarina aerodynamisch verbessert wurde, ein Austin Healey 100\/4  &#8222;Ward Special&#8220; mit ebenfalls aerodynamisch verbesserter Karosserie oder aber der einzigartige March 711 Formel 1, mit dem der Schwede Ronnie Peterson 1971 Vizeweltmeister wurde.<\/p>\n\n\n\n<p class=\"wp-block-paragraph\">Zudem gab es ein breites Angebot an Alltagsklassikern. Citroen GS, Fiat 1100 , 2300 und 850 Familiale oder der kleine Honda N 600 sind mehr Exoten f\u00fcr die echten Fans der Marken. F\u00fcr kleines Geld aber wurden auch  sch\u00f6ne Alfa Romeo 33 mit geringer Laufleistung und im guten Zustand angeboten. BMW E30 als Klassiker mit einer guten Prognose waren dagegen deutlich teurer und die Preise d\u00fcrften in Zukunft weiter steigen.<\/p>\n\n\n\n<figure class=\"wp-block-gallery has-nested-images columns-2 is-cropped wp-block-gallery-2 is-layout-flex wp-block-gallery-is-layout-flex\">\n<figure class=\"wp-block-image size-large\"><img loading=\"lazy\" decoding=\"async\" width=\"810\" height=\"539\" data-id=\"5983\" src=\"https:\/\/www.enzo-und-ferdinand.de\/wp-content\/uploads\/2020\/01\/maastricht-2020-10-810x539.jpg\" alt=\"\" class=\"wp-image-5983\" srcset=\"https:\/\/www.enzo-und-ferdinand.de\/wp-content\/uploads\/2020\/01\/maastricht-2020-10-810x539.jpg 810w, https:\/\/www.enzo-und-ferdinand.de\/wp-content\/uploads\/2020\/01\/maastricht-2020-10-300x200.jpg 300w, https:\/\/www.enzo-und-ferdinand.de\/wp-content\/uploads\/2020\/01\/maastricht-2020-10-768x512.jpg 768w, https:\/\/www.enzo-und-ferdinand.de\/wp-content\/uploads\/2020\/01\/maastricht-2020-10-120x80.jpg 120w, https:\/\/www.enzo-und-ferdinand.de\/wp-content\/uploads\/2020\/01\/maastricht-2020-10.jpg 1024w\" sizes=\"auto, (max-width: 810px) 100vw, 810px\" \/><figcaption class=\"wp-element-caption\">Porsche 356 C Pininfarina, 1964<\/figcaption><\/figure>\n\n\n\n<figure class=\"wp-block-image size-large\"><img loading=\"lazy\" decoding=\"async\" width=\"810\" height=\"540\" data-id=\"5984\" src=\"https:\/\/www.enzo-und-ferdinand.de\/wp-content\/uploads\/2020\/01\/maastricht-2020-17-810x540.jpg\" alt=\"\" class=\"wp-image-5984\" srcset=\"https:\/\/www.enzo-und-ferdinand.de\/wp-content\/uploads\/2020\/01\/maastricht-2020-17-810x540.jpg 810w, https:\/\/www.enzo-und-ferdinand.de\/wp-content\/uploads\/2020\/01\/maastricht-2020-17-300x200.jpg 300w, https:\/\/www.enzo-und-ferdinand.de\/wp-content\/uploads\/2020\/01\/maastricht-2020-17-768x512.jpg 768w, https:\/\/www.enzo-und-ferdinand.de\/wp-content\/uploads\/2020\/01\/maastricht-2020-17-120x80.jpg 120w, https:\/\/www.enzo-und-ferdinand.de\/wp-content\/uploads\/2020\/01\/maastricht-2020-17.jpg 1024w\" sizes=\"auto, (max-width: 810px) 100vw, 810px\" \/><figcaption class=\"wp-element-caption\">Austin Healey 100\/4 BNI \u201eWard Special\u201c, 1955<\/figcaption><\/figure>\n\n\n\n<figure class=\"wp-block-image size-large\"><img loading=\"lazy\" decoding=\"async\" width=\"810\" height=\"540\" data-id=\"5985\" src=\"https:\/\/www.enzo-und-ferdinand.de\/wp-content\/uploads\/2020\/01\/maastricht-1-810x540.jpg\" alt=\"\" class=\"wp-image-5985\" srcset=\"https:\/\/www.enzo-und-ferdinand.de\/wp-content\/uploads\/2020\/01\/maastricht-1-810x540.jpg 810w, https:\/\/www.enzo-und-ferdinand.de\/wp-content\/uploads\/2020\/01\/maastricht-1-300x200.jpg 300w, https:\/\/www.enzo-und-ferdinand.de\/wp-content\/uploads\/2020\/01\/maastricht-1-768x512.jpg 768w, https:\/\/www.enzo-und-ferdinand.de\/wp-content\/uploads\/2020\/01\/maastricht-1-120x80.jpg 120w, https:\/\/www.enzo-und-ferdinand.de\/wp-content\/uploads\/2020\/01\/maastricht-1.jpg 1024w\" sizes=\"auto, (max-width: 810px) 100vw, 810px\" \/><figcaption class=\"wp-element-caption\">Ford GT 40, 1967<\/figcaption><\/figure>\n\n\n\n<figure class=\"wp-block-image size-large\"><img loading=\"lazy\" decoding=\"async\" width=\"810\" height=\"540\" data-id=\"5986\" src=\"https:\/\/www.enzo-und-ferdinand.de\/wp-content\/uploads\/2020\/01\/maastricht-2020-14-810x540.jpg\" alt=\"\" class=\"wp-image-5986\" srcset=\"https:\/\/www.enzo-und-ferdinand.de\/wp-content\/uploads\/2020\/01\/maastricht-2020-14-810x540.jpg 810w, https:\/\/www.enzo-und-ferdinand.de\/wp-content\/uploads\/2020\/01\/maastricht-2020-14-300x200.jpg 300w, https:\/\/www.enzo-und-ferdinand.de\/wp-content\/uploads\/2020\/01\/maastricht-2020-14-768x512.jpg 768w, https:\/\/www.enzo-und-ferdinand.de\/wp-content\/uploads\/2020\/01\/maastricht-2020-14-120x80.jpg 120w, https:\/\/www.enzo-und-ferdinand.de\/wp-content\/uploads\/2020\/01\/maastricht-2020-14.jpg 1024w\" sizes=\"auto, (max-width: 810px) 100vw, 810px\" \/><figcaption class=\"wp-element-caption\">McLaren F 5000, 1970<\/figcaption><\/figure>\n\n\n\n<figure class=\"wp-block-image size-large\"><img loading=\"lazy\" decoding=\"async\" width=\"810\" height=\"540\" data-id=\"5987\" src=\"https:\/\/www.enzo-und-ferdinand.de\/wp-content\/uploads\/2020\/01\/maastricht-2020-13-810x540.jpg\" alt=\"\" class=\"wp-image-5987\" srcset=\"https:\/\/www.enzo-und-ferdinand.de\/wp-content\/uploads\/2020\/01\/maastricht-2020-13-810x540.jpg 810w, https:\/\/www.enzo-und-ferdinand.de\/wp-content\/uploads\/2020\/01\/maastricht-2020-13-300x200.jpg 300w, https:\/\/www.enzo-und-ferdinand.de\/wp-content\/uploads\/2020\/01\/maastricht-2020-13-768x512.jpg 768w, https:\/\/www.enzo-und-ferdinand.de\/wp-content\/uploads\/2020\/01\/maastricht-2020-13-120x80.jpg 120w, https:\/\/www.enzo-und-ferdinand.de\/wp-content\/uploads\/2020\/01\/maastricht-2020-13.jpg 1024w\" sizes=\"auto, (max-width: 810px) 100vw, 810px\" \/><figcaption class=\"wp-element-caption\">Ferrari 166 Inter Touring, 1949<\/figcaption><\/figure>\n\n\n\n<figure class=\"wp-block-image size-large\"><img loading=\"lazy\" decoding=\"async\" width=\"810\" height=\"540\" data-id=\"5988\" src=\"https:\/\/www.enzo-und-ferdinand.de\/wp-content\/uploads\/2020\/01\/maastricht-2020-9-810x540.jpg\" alt=\"\" class=\"wp-image-5988\" srcset=\"https:\/\/www.enzo-und-ferdinand.de\/wp-content\/uploads\/2020\/01\/maastricht-2020-9-810x540.jpg 810w, https:\/\/www.enzo-und-ferdinand.de\/wp-content\/uploads\/2020\/01\/maastricht-2020-9-300x200.jpg 300w, https:\/\/www.enzo-und-ferdinand.de\/wp-content\/uploads\/2020\/01\/maastricht-2020-9-768x512.jpg 768w, https:\/\/www.enzo-und-ferdinand.de\/wp-content\/uploads\/2020\/01\/maastricht-2020-9-120x80.jpg 120w, https:\/\/www.enzo-und-ferdinand.de\/wp-content\/uploads\/2020\/01\/maastricht-2020-9.jpg 1024w\" sizes=\"auto, (max-width: 810px) 100vw, 810px\" \/><figcaption class=\"wp-element-caption\">Fiat 850 Familiare, 1974<\/figcaption><\/figure>\n\n\n\n<figure class=\"wp-block-image size-large\"><img loading=\"lazy\" decoding=\"async\" width=\"810\" height=\"540\" data-id=\"5989\" src=\"https:\/\/www.enzo-und-ferdinand.de\/wp-content\/uploads\/2020\/01\/maastricht-2020-15-810x540.jpg\" alt=\"\" class=\"wp-image-5989\" srcset=\"https:\/\/www.enzo-und-ferdinand.de\/wp-content\/uploads\/2020\/01\/maastricht-2020-15-810x540.jpg 810w, https:\/\/www.enzo-und-ferdinand.de\/wp-content\/uploads\/2020\/01\/maastricht-2020-15-300x200.jpg 300w, https:\/\/www.enzo-und-ferdinand.de\/wp-content\/uploads\/2020\/01\/maastricht-2020-15-768x512.jpg 768w, https:\/\/www.enzo-und-ferdinand.de\/wp-content\/uploads\/2020\/01\/maastricht-2020-15-120x80.jpg 120w, https:\/\/www.enzo-und-ferdinand.de\/wp-content\/uploads\/2020\/01\/maastricht-2020-15.jpg 1024w\" sizes=\"auto, (max-width: 810px) 100vw, 810px\" \/><figcaption class=\"wp-element-caption\">Fiat 1100 und Fiat 2300 Kombi<\/figcaption><\/figure>\n\n\n\n<figure class=\"wp-block-image size-large\"><img loading=\"lazy\" decoding=\"async\" width=\"810\" height=\"540\" data-id=\"5990\" src=\"https:\/\/www.enzo-und-ferdinand.de\/wp-content\/uploads\/2020\/01\/maastricht-2020-11-810x540.jpg\" alt=\"\" class=\"wp-image-5990\" srcset=\"https:\/\/www.enzo-und-ferdinand.de\/wp-content\/uploads\/2020\/01\/maastricht-2020-11-810x540.jpg 810w, https:\/\/www.enzo-und-ferdinand.de\/wp-content\/uploads\/2020\/01\/maastricht-2020-11-300x200.jpg 300w, https:\/\/www.enzo-und-ferdinand.de\/wp-content\/uploads\/2020\/01\/maastricht-2020-11-768x512.jpg 768w, https:\/\/www.enzo-und-ferdinand.de\/wp-content\/uploads\/2020\/01\/maastricht-2020-11-120x80.jpg 120w, https:\/\/www.enzo-und-ferdinand.de\/wp-content\/uploads\/2020\/01\/maastricht-2020-11.jpg 1024w\" sizes=\"auto, (max-width: 810px) 100vw, 810px\" \/><figcaption class=\"wp-element-caption\">Citroen GS<\/figcaption><\/figure>\n\n\n\n<figure class=\"wp-block-image size-large\"><img loading=\"lazy\" decoding=\"async\" width=\"810\" height=\"540\" data-id=\"5991\" src=\"https:\/\/www.enzo-und-ferdinand.de\/wp-content\/uploads\/2020\/01\/maastricht-2020-12-1-810x540.jpg\" alt=\"\" class=\"wp-image-5991\" srcset=\"https:\/\/www.enzo-und-ferdinand.de\/wp-content\/uploads\/2020\/01\/maastricht-2020-12-1-810x540.jpg 810w, https:\/\/www.enzo-und-ferdinand.de\/wp-content\/uploads\/2020\/01\/maastricht-2020-12-1-300x200.jpg 300w, https:\/\/www.enzo-und-ferdinand.de\/wp-content\/uploads\/2020\/01\/maastricht-2020-12-1-768x512.jpg 768w, https:\/\/www.enzo-und-ferdinand.de\/wp-content\/uploads\/2020\/01\/maastricht-2020-12-1-120x80.jpg 120w, https:\/\/www.enzo-und-ferdinand.de\/wp-content\/uploads\/2020\/01\/maastricht-2020-12-1.jpg 1024w\" sizes=\"auto, (max-width: 810px) 100vw, 810px\" \/><figcaption class=\"wp-element-caption\">Honda N 600<\/figcaption><\/figure>\n\n\n\n<figure class=\"wp-block-image size-large\"><img loading=\"lazy\" decoding=\"async\" width=\"810\" height=\"540\" data-id=\"5992\" src=\"https:\/\/www.enzo-und-ferdinand.de\/wp-content\/uploads\/2020\/01\/maastricht-2020-4-1-810x540.jpg\" alt=\"\" class=\"wp-image-5992\" srcset=\"https:\/\/www.enzo-und-ferdinand.de\/wp-content\/uploads\/2020\/01\/maastricht-2020-4-1-810x540.jpg 810w, https:\/\/www.enzo-und-ferdinand.de\/wp-content\/uploads\/2020\/01\/maastricht-2020-4-1-300x200.jpg 300w, https:\/\/www.enzo-und-ferdinand.de\/wp-content\/uploads\/2020\/01\/maastricht-2020-4-1-768x512.jpg 768w, https:\/\/www.enzo-und-ferdinand.de\/wp-content\/uploads\/2020\/01\/maastricht-2020-4-1-120x80.jpg 120w, https:\/\/www.enzo-und-ferdinand.de\/wp-content\/uploads\/2020\/01\/maastricht-2020-4-1.jpg 1024w\" sizes=\"auto, (max-width: 810px) 100vw, 810px\" \/><figcaption class=\"wp-element-caption\">Saab Sonnet<\/figcaption><\/figure>\n<\/figure>\n\n\n\n<p class=\"wp-block-paragraph\"><\/p>\n\n\n\n<p class=\"wp-block-paragraph\">Mehr hier: <a title=\"Interclassics maastricht 2020\" href=\"https:\/\/www.interclassicsmaastricht.nl\/de\/\">https:\/\/www.interclassicsmaastricht.nl\/de\/<\/a><\/p>\n\n\n\n<p class=\"has-text-align-right has-small-font-size wp-block-paragraph\">Fotos: Rainer Ro\u00dfbach\/Text: Rainer Ro\u00dfbach<\/p>\n","protected":false},"excerpt":{"rendered":"<p>Sch\u00f6n an der Interclassics, die vom 16. bis einschlie\u00dflich 19. Januar 2020 im Messegel\u00e4nde MECC stattfand, ist, dass die Holl\u00e4nder einen ganz speziellen Blick auf historische Automobile haben. Amerikaner, viele Italiener und Franzosen bieten ein anregendes Spektrum jenseits der deutschen Porschelastigkeit.<\/p>\n","protected":false},"author":1,"featured_media":5972,"comment_status":"closed","ping_status":"closed","sticky":false,"template":"","format":"standard","meta":{"_crdt_document":"","ngg_post_thumbnail":0,"footnotes":""},"categories":[14],"tags":[405,406,232],"class_list":["post-5804","post","type-post","status-publish","format-standard","has-post-thumbnail","hentry","category-events","tag-interclassics","tag-maastricht","tag-topmobiel"],"yoast_head":"<!-- This site is optimized with the Yoast SEO plugin v27.5 - https:\/\/yoast.com\/product\/yoast-seo-wordpress\/ -->\n<title>InterClassics Maastricht &#039;20<\/title>\n<meta name=\"description\" content=\"InterClassics Maastricht &#039;20\" \/>\n<meta name=\"robots\" content=\"index, follow, max-snippet:-1, max-image-preview:large, max-video-preview:-1\" \/>\n<link rel=\"canonical\" href=\"https:\/\/www.enzo-und-ferdinand.de\/index.php\/2020\/01\/18\/interclassics-maastricht-20\/\" \/>\n<meta property=\"og:locale\" content=\"de_DE\" \/>\n<meta property=\"og:type\" content=\"article\" \/>\n<meta property=\"og:title\" content=\"InterClassics Maastricht &#039;20\" \/>\n<meta property=\"og:description\" content=\"InterClassics Maastricht &#039;20\" \/>\n<meta property=\"og:url\" content=\"https:\/\/www.enzo-und-ferdinand.de\/index.php\/2020\/01\/18\/interclassics-maastricht-20\/\" \/>\n<meta property=\"og:site_name\" content=\"enzo &amp; Ferdinand\" \/>\n<meta property=\"article:published_time\" content=\"2020-01-18T09:28:00+00:00\" \/>\n<meta property=\"article:modified_time\" content=\"2025-12-28T14:26:43+00:00\" \/>\n<meta property=\"og:image\" content=\"https:\/\/www.enzo-und-ferdinand.de\/wp-content\/uploads\/2019\/12\/maastricht-2020-3.jpg\" \/>\n\t<meta property=\"og:image:width\" content=\"1024\" \/>\n\t<meta property=\"og:image:height\" content=\"683\" \/>\n\t<meta property=\"og:image:type\" content=\"image\/jpeg\" \/>\n<meta name=\"author\" content=\"Rainer Ro\u00dfbach\" \/>\n<meta name=\"twitter:card\" content=\"summary_large_image\" \/>\n<meta name=\"twitter:label1\" content=\"Verfasst von\" \/>\n\t<meta name=\"twitter:data1\" content=\"Rainer Ro\u00dfbach\" \/>\n\t<meta name=\"twitter:label2\" content=\"Gesch\u00e4tzte Lesezeit\" \/>\n\t<meta name=\"twitter:data2\" content=\"6\u00a0Minuten\" \/>\n<script type=\"application\/ld+json\" class=\"yoast-schema-graph\">{\"@context\":\"https:\\\/\\\/schema.org\",\"@graph\":[{\"@type\":\"Article\",\"@id\":\"https:\\\/\\\/www.enzo-und-ferdinand.de\\\/index.php\\\/2020\\\/01\\\/18\\\/interclassics-maastricht-20\\\/#article\",\"isPartOf\":{\"@id\":\"https:\\\/\\\/www.enzo-und-ferdinand.de\\\/index.php\\\/2020\\\/01\\\/18\\\/interclassics-maastricht-20\\\/\"},\"author\":{\"name\":\"Rainer Ro\u00dfbach\",\"@id\":\"https:\\\/\\\/www.enzo-und-ferdinand.de\\\/#\\\/schema\\\/person\\\/aff2eb9ff87705987c1b9d21fe10b095\"},\"headline\":\"InterClassics Maastricht &#8217;20\",\"datePublished\":\"2020-01-18T09:28:00+00:00\",\"dateModified\":\"2025-12-28T14:26:43+00:00\",\"mainEntityOfPage\":{\"@id\":\"https:\\\/\\\/www.enzo-und-ferdinand.de\\\/index.php\\\/2020\\\/01\\\/18\\\/interclassics-maastricht-20\\\/\"},\"wordCount\":380,\"publisher\":{\"@id\":\"https:\\\/\\\/www.enzo-und-ferdinand.de\\\/#organization\"},\"image\":{\"@id\":\"https:\\\/\\\/www.enzo-und-ferdinand.de\\\/index.php\\\/2020\\\/01\\\/18\\\/interclassics-maastricht-20\\\/#primaryimage\"},\"thumbnailUrl\":\"https:\\\/\\\/www.enzo-und-ferdinand.de\\\/wp-content\\\/uploads\\\/2019\\\/12\\\/maastricht-2020-3.jpg\",\"keywords\":[\"Interclassics\",\"Maastricht\",\"Topmobiel\"],\"articleSection\":[\"Events\"],\"inLanguage\":\"de\"},{\"@type\":\"WebPage\",\"@id\":\"https:\\\/\\\/www.enzo-und-ferdinand.de\\\/index.php\\\/2020\\\/01\\\/18\\\/interclassics-maastricht-20\\\/\",\"url\":\"https:\\\/\\\/www.enzo-und-ferdinand.de\\\/index.php\\\/2020\\\/01\\\/18\\\/interclassics-maastricht-20\\\/\",\"name\":\"InterClassics Maastricht '20\",\"isPartOf\":{\"@id\":\"https:\\\/\\\/www.enzo-und-ferdinand.de\\\/#website\"},\"primaryImageOfPage\":{\"@id\":\"https:\\\/\\\/www.enzo-und-ferdinand.de\\\/index.php\\\/2020\\\/01\\\/18\\\/interclassics-maastricht-20\\\/#primaryimage\"},\"image\":{\"@id\":\"https:\\\/\\\/www.enzo-und-ferdinand.de\\\/index.php\\\/2020\\\/01\\\/18\\\/interclassics-maastricht-20\\\/#primaryimage\"},\"thumbnailUrl\":\"https:\\\/\\\/www.enzo-und-ferdinand.de\\\/wp-content\\\/uploads\\\/2019\\\/12\\\/maastricht-2020-3.jpg\",\"datePublished\":\"2020-01-18T09:28:00+00:00\",\"dateModified\":\"2025-12-28T14:26:43+00:00\",\"description\":\"InterClassics Maastricht '20\",\"breadcrumb\":{\"@id\":\"https:\\\/\\\/www.enzo-und-ferdinand.de\\\/index.php\\\/2020\\\/01\\\/18\\\/interclassics-maastricht-20\\\/#breadcrumb\"},\"inLanguage\":\"de\",\"potentialAction\":[{\"@type\":\"ReadAction\",\"target\":[\"https:\\\/\\\/www.enzo-und-ferdinand.de\\\/index.php\\\/2020\\\/01\\\/18\\\/interclassics-maastricht-20\\\/\"]}]},{\"@type\":\"ImageObject\",\"inLanguage\":\"de\",\"@id\":\"https:\\\/\\\/www.enzo-und-ferdinand.de\\\/index.php\\\/2020\\\/01\\\/18\\\/interclassics-maastricht-20\\\/#primaryimage\",\"url\":\"https:\\\/\\\/www.enzo-und-ferdinand.de\\\/wp-content\\\/uploads\\\/2019\\\/12\\\/maastricht-2020-3.jpg\",\"contentUrl\":\"https:\\\/\\\/www.enzo-und-ferdinand.de\\\/wp-content\\\/uploads\\\/2019\\\/12\\\/maastricht-2020-3.jpg\",\"width\":1024,\"height\":683,\"caption\":\"InterClassics Maastricht\"},{\"@type\":\"BreadcrumbList\",\"@id\":\"https:\\\/\\\/www.enzo-und-ferdinand.de\\\/index.php\\\/2020\\\/01\\\/18\\\/interclassics-maastricht-20\\\/#breadcrumb\",\"itemListElement\":[{\"@type\":\"ListItem\",\"position\":1,\"name\":\"Startseite\",\"item\":\"https:\\\/\\\/www.enzo-und-ferdinand.de\\\/\"},{\"@type\":\"ListItem\",\"position\":2,\"name\":\"InterClassics Maastricht &#8217;20\"}]},{\"@type\":\"WebSite\",\"@id\":\"https:\\\/\\\/www.enzo-und-ferdinand.de\\\/#website\",\"url\":\"https:\\\/\\\/www.enzo-und-ferdinand.de\\\/\",\"name\":\"enzo & Ferdinand\",\"description\":\"\",\"publisher\":{\"@id\":\"https:\\\/\\\/www.enzo-und-ferdinand.de\\\/#organization\"},\"potentialAction\":[{\"@type\":\"SearchAction\",\"target\":{\"@type\":\"EntryPoint\",\"urlTemplate\":\"https:\\\/\\\/www.enzo-und-ferdinand.de\\\/?s={search_term_string}\"},\"query-input\":{\"@type\":\"PropertyValueSpecification\",\"valueRequired\":true,\"valueName\":\"search_term_string\"}}],\"inLanguage\":\"de\"},{\"@type\":\"Organization\",\"@id\":\"https:\\\/\\\/www.enzo-und-ferdinand.de\\\/#organization\",\"name\":\"enzo & Ferdinand\",\"url\":\"https:\\\/\\\/www.enzo-und-ferdinand.de\\\/\",\"logo\":{\"@type\":\"ImageObject\",\"inLanguage\":\"de\",\"@id\":\"https:\\\/\\\/www.enzo-und-ferdinand.de\\\/#\\\/schema\\\/logo\\\/image\\\/\",\"url\":\"https:\\\/\\\/www.enzo-und-ferdinand.de\\\/wp-content\\\/uploads\\\/2018\\\/12\\\/revvvs-icon.png\",\"contentUrl\":\"https:\\\/\\\/www.enzo-und-ferdinand.de\\\/wp-content\\\/uploads\\\/2018\\\/12\\\/revvvs-icon.png\",\"width\":512,\"height\":512,\"caption\":\"enzo & Ferdinand\"},\"image\":{\"@id\":\"https:\\\/\\\/www.enzo-und-ferdinand.de\\\/#\\\/schema\\\/logo\\\/image\\\/\"}},{\"@type\":\"Person\",\"@id\":\"https:\\\/\\\/www.enzo-und-ferdinand.de\\\/#\\\/schema\\\/person\\\/aff2eb9ff87705987c1b9d21fe10b095\",\"name\":\"Rainer Ro\u00dfbach\",\"image\":{\"@type\":\"ImageObject\",\"inLanguage\":\"de\",\"@id\":\"https:\\\/\\\/www.enzo-und-ferdinand.de\\\/wp-content\\\/uploads\\\/2026\\\/01\\\/Rainer-Rossbach-150x150.jpg\",\"url\":\"https:\\\/\\\/www.enzo-und-ferdinand.de\\\/wp-content\\\/uploads\\\/2026\\\/01\\\/Rainer-Rossbach-150x150.jpg\",\"contentUrl\":\"https:\\\/\\\/www.enzo-und-ferdinand.de\\\/wp-content\\\/uploads\\\/2026\\\/01\\\/Rainer-Rossbach-150x150.jpg\",\"caption\":\"Rainer Ro\u00dfbach\"},\"url\":\"https:\\\/\\\/www.enzo-und-ferdinand.de\\\/index.php\\\/author\\\/redaktion\\\/\"}]}<\/script>\n<!-- \/ Yoast SEO plugin. -->","yoast_head_json":{"title":"InterClassics Maastricht '20","description":"InterClassics Maastricht '20","robots":{"index":"index","follow":"follow","max-snippet":"max-snippet:-1","max-image-preview":"max-image-preview:large","max-video-preview":"max-video-preview:-1"},"canonical":"https:\/\/www.enzo-und-ferdinand.de\/index.php\/2020\/01\/18\/interclassics-maastricht-20\/","og_locale":"de_DE","og_type":"article","og_title":"InterClassics Maastricht '20","og_description":"InterClassics Maastricht '20","og_url":"https:\/\/www.enzo-und-ferdinand.de\/index.php\/2020\/01\/18\/interclassics-maastricht-20\/","og_site_name":"enzo &amp; Ferdinand","article_published_time":"2020-01-18T09:28:00+00:00","article_modified_time":"2025-12-28T14:26:43+00:00","og_image":[{"width":1024,"height":683,"url":"https:\/\/www.enzo-und-ferdinand.de\/wp-content\/uploads\/2019\/12\/maastricht-2020-3.jpg","type":"image\/jpeg"}],"author":"Rainer Ro\u00dfbach","twitter_card":"summary_large_image","twitter_misc":{"Verfasst von":"Rainer Ro\u00dfbach","Gesch\u00e4tzte Lesezeit":"6\u00a0Minuten"},"schema":{"@context":"https:\/\/schema.org","@graph":[{"@type":"Article","@id":"https:\/\/www.enzo-und-ferdinand.de\/index.php\/2020\/01\/18\/interclassics-maastricht-20\/#article","isPartOf":{"@id":"https:\/\/www.enzo-und-ferdinand.de\/index.php\/2020\/01\/18\/interclassics-maastricht-20\/"},"author":{"name":"Rainer Ro\u00dfbach","@id":"https:\/\/www.enzo-und-ferdinand.de\/#\/schema\/person\/aff2eb9ff87705987c1b9d21fe10b095"},"headline":"InterClassics Maastricht &#8217;20","datePublished":"2020-01-18T09:28:00+00:00","dateModified":"2025-12-28T14:26:43+00:00","mainEntityOfPage":{"@id":"https:\/\/www.enzo-und-ferdinand.de\/index.php\/2020\/01\/18\/interclassics-maastricht-20\/"},"wordCount":380,"publisher":{"@id":"https:\/\/www.enzo-und-ferdinand.de\/#organization"},"image":{"@id":"https:\/\/www.enzo-und-ferdinand.de\/index.php\/2020\/01\/18\/interclassics-maastricht-20\/#primaryimage"},"thumbnailUrl":"https:\/\/www.enzo-und-ferdinand.de\/wp-content\/uploads\/2019\/12\/maastricht-2020-3.jpg","keywords":["Interclassics","Maastricht","Topmobiel"],"articleSection":["Events"],"inLanguage":"de"},{"@type":"WebPage","@id":"https:\/\/www.enzo-und-ferdinand.de\/index.php\/2020\/01\/18\/interclassics-maastricht-20\/","url":"https:\/\/www.enzo-und-ferdinand.de\/index.php\/2020\/01\/18\/interclassics-maastricht-20\/","name":"InterClassics Maastricht '20","isPartOf":{"@id":"https:\/\/www.enzo-und-ferdinand.de\/#website"},"primaryImageOfPage":{"@id":"https:\/\/www.enzo-und-ferdinand.de\/index.php\/2020\/01\/18\/interclassics-maastricht-20\/#primaryimage"},"image":{"@id":"https:\/\/www.enzo-und-ferdinand.de\/index.php\/2020\/01\/18\/interclassics-maastricht-20\/#primaryimage"},"thumbnailUrl":"https:\/\/www.enzo-und-ferdinand.de\/wp-content\/uploads\/2019\/12\/maastricht-2020-3.jpg","datePublished":"2020-01-18T09:28:00+00:00","dateModified":"2025-12-28T14:26:43+00:00","description":"InterClassics Maastricht '20","breadcrumb":{"@id":"https:\/\/www.enzo-und-ferdinand.de\/index.php\/2020\/01\/18\/interclassics-maastricht-20\/#breadcrumb"},"inLanguage":"de","potentialAction":[{"@type":"ReadAction","target":["https:\/\/www.enzo-und-ferdinand.de\/index.php\/2020\/01\/18\/interclassics-maastricht-20\/"]}]},{"@type":"ImageObject","inLanguage":"de","@id":"https:\/\/www.enzo-und-ferdinand.de\/index.php\/2020\/01\/18\/interclassics-maastricht-20\/#primaryimage","url":"https:\/\/www.enzo-und-ferdinand.de\/wp-content\/uploads\/2019\/12\/maastricht-2020-3.jpg","contentUrl":"https:\/\/www.enzo-und-ferdinand.de\/wp-content\/uploads\/2019\/12\/maastricht-2020-3.jpg","width":1024,"height":683,"caption":"InterClassics Maastricht"},{"@type":"BreadcrumbList","@id":"https:\/\/www.enzo-und-ferdinand.de\/index.php\/2020\/01\/18\/interclassics-maastricht-20\/#breadcrumb","itemListElement":[{"@type":"ListItem","position":1,"name":"Startseite","item":"https:\/\/www.enzo-und-ferdinand.de\/"},{"@type":"ListItem","position":2,"name":"InterClassics Maastricht &#8217;20"}]},{"@type":"WebSite","@id":"https:\/\/www.enzo-und-ferdinand.de\/#website","url":"https:\/\/www.enzo-und-ferdinand.de\/","name":"enzo & Ferdinand","description":"","publisher":{"@id":"https:\/\/www.enzo-und-ferdinand.de\/#organization"},"potentialAction":[{"@type":"SearchAction","target":{"@type":"EntryPoint","urlTemplate":"https:\/\/www.enzo-und-ferdinand.de\/?s={search_term_string}"},"query-input":{"@type":"PropertyValueSpecification","valueRequired":true,"valueName":"search_term_string"}}],"inLanguage":"de"},{"@type":"Organization","@id":"https:\/\/www.enzo-und-ferdinand.de\/#organization","name":"enzo & Ferdinand","url":"https:\/\/www.enzo-und-ferdinand.de\/","logo":{"@type":"ImageObject","inLanguage":"de","@id":"https:\/\/www.enzo-und-ferdinand.de\/#\/schema\/logo\/image\/","url":"https:\/\/www.enzo-und-ferdinand.de\/wp-content\/uploads\/2018\/12\/revvvs-icon.png","contentUrl":"https:\/\/www.enzo-und-ferdinand.de\/wp-content\/uploads\/2018\/12\/revvvs-icon.png","width":512,"height":512,"caption":"enzo & Ferdinand"},"image":{"@id":"https:\/\/www.enzo-und-ferdinand.de\/#\/schema\/logo\/image\/"}},{"@type":"Person","@id":"https:\/\/www.enzo-und-ferdinand.de\/#\/schema\/person\/aff2eb9ff87705987c1b9d21fe10b095","name":"Rainer Ro\u00dfbach","image":{"@type":"ImageObject","inLanguage":"de","@id":"https:\/\/www.enzo-und-ferdinand.de\/wp-content\/uploads\/2026\/01\/Rainer-Rossbach-150x150.jpg","url":"https:\/\/www.enzo-und-ferdinand.de\/wp-content\/uploads\/2026\/01\/Rainer-Rossbach-150x150.jpg","contentUrl":"https:\/\/www.enzo-und-ferdinand.de\/wp-content\/uploads\/2026\/01\/Rainer-Rossbach-150x150.jpg","caption":"Rainer Ro\u00dfbach"},"url":"https:\/\/www.enzo-und-ferdinand.de\/index.php\/author\/redaktion\/"}]}},"_links":{"self":[{"href":"https:\/\/www.enzo-und-ferdinand.de\/index.php\/wp-json\/wp\/v2\/posts\/5804","targetHints":{"allow":["GET"]}}],"collection":[{"href":"https:\/\/www.enzo-und-ferdinand.de\/index.php\/wp-json\/wp\/v2\/posts"}],"about":[{"href":"https:\/\/www.enzo-und-ferdinand.de\/index.php\/wp-json\/wp\/v2\/types\/post"}],"author":[{"embeddable":true,"href":"https:\/\/www.enzo-und-ferdinand.de\/index.php\/wp-json\/wp\/v2\/users\/1"}],"replies":[{"embeddable":true,"href":"https:\/\/www.enzo-und-ferdinand.de\/index.php\/wp-json\/wp\/v2\/comments?post=5804"}],"version-history":[{"count":28,"href":"https:\/\/www.enzo-und-ferdinand.de\/index.php\/wp-json\/wp\/v2\/posts\/5804\/revisions"}],"predecessor-version":[{"id":21872,"href":"https:\/\/www.enzo-und-ferdinand.de\/index.php\/wp-json\/wp\/v2\/posts\/5804\/revisions\/21872"}],"wp:featuredmedia":[{"embeddable":true,"href":"https:\/\/www.enzo-und-ferdinand.de\/index.php\/wp-json\/wp\/v2\/media\/5972"}],"wp:attachment":[{"href":"https:\/\/www.enzo-und-ferdinand.de\/index.php\/wp-json\/wp\/v2\/media?parent=5804"}],"wp:term":[{"taxonomy":"category","embeddable":true,"href":"https:\/\/www.enzo-und-ferdinand.de\/index.php\/wp-json\/wp\/v2\/categories?post=5804"},{"taxonomy":"post_tag","embeddable":true,"href":"https:\/\/www.enzo-und-ferdinand.de\/index.php\/wp-json\/wp\/v2\/tags?post=5804"}],"curies":[{"name":"wp","href":"https:\/\/api.w.org\/{rel}","templated":true}]}}