{"id":585,"date":"2018-12-01T19:38:59","date_gmt":"2018-12-01T18:38:59","guid":{"rendered":"http:\/\/www.enzo-und-ferdinand.de\/?p=585"},"modified":"2025-12-27T14:59:16","modified_gmt":"2025-12-27T13:59:16","slug":"lancia-sibilo","status":"publish","type":"post","link":"https:\/\/www.enzo-und-ferdinand.de\/index.php\/2018\/12\/01\/lancia-sibilo\/","title":{"rendered":"Lancia Sibilo (1978)"},"content":{"rendered":"\n<figure class=\"wp-block-image\"><img loading=\"lazy\" decoding=\"async\" width=\"810\" height=\"506\" src=\"https:\/\/www.enzo-und-ferdinand.de\/wp-content\/uploads\/2018\/12\/2017-6-sibilo-2.jpg\" alt=\"\" class=\"wp-image-586\" srcset=\"https:\/\/www.enzo-und-ferdinand.de\/wp-content\/uploads\/2018\/12\/2017-6-sibilo-2.jpg 810w, https:\/\/www.enzo-und-ferdinand.de\/wp-content\/uploads\/2018\/12\/2017-6-sibilo-2-300x187.jpg 300w, https:\/\/www.enzo-und-ferdinand.de\/wp-content\/uploads\/2018\/12\/2017-6-sibilo-2-768x480.jpg 768w\" sizes=\"auto, (max-width: 810px) 100vw, 810px\" \/><\/figure>\n\n\n\n<p class=\"wp-block-paragraph\" style=\"font-size:15px\">1978  geht die \u00c4ra der spektakul\u00e4ren Keile \u00e0 la Lancia Stratos Zero zu Ende. Aber Keilform-Erfinder und Bertone Chefzeichner Marcello Gandini hat noch ein Ass im \u00c4rmel. <\/p>\n\n\n\n<p class=\"wp-block-paragraph\" style=\"font-size:15px\">Der verr\u00fcckte Lancia Sibilo treibt die \u00c4ra auf die Spitze. Die geometrischen Kotfl\u00fcgel dr\u00fccken expressiv nach au\u00dfen, Frontscheiben und Seitenscheiben sind exakt in die Karosserie eingepasst. Die Sto\u00dfstangen setzen die Linie fort, sind aber optisch mit einem feinen orangefarbenen Streifen abgesetzt. Innovative Details sind runde, nach innen auf Schienen beweglichen Seitenfenster sowie ein einzelner Scheibenwischer, der sich horizontal statt im gewohnten Bogen bewegt.<\/p>\n\n\n\n<p class=\"wp-block-paragraph\">Das Interieur ist von puristischer Strenge. Nur ein absolutes Minimum an Bedienelementen ist eingebaut, davon drei als Drucktasten im Lenkrad.<\/p>\n\n\n\n<p class=\"wp-block-paragraph\">Die Mechanik kommt von Ferraris V6-Zylinder-Dino, und zur Premiere auf dem Turiner Salon ist das Coup\u00e9 in einem satten Braun lackiert.<\/p>\n\n\n\n<figure class=\"wp-block-image\"><img loading=\"lazy\" decoding=\"async\" width=\"810\" height=\"569\" src=\"https:\/\/www.enzo-und-ferdinand.de\/wp-content\/uploads\/2018\/12\/2017-6-sibilo-3.jpg\" alt=\"\" class=\"wp-image-587\" srcset=\"https:\/\/www.enzo-und-ferdinand.de\/wp-content\/uploads\/2018\/12\/2017-6-sibilo-3.jpg 810w, https:\/\/www.enzo-und-ferdinand.de\/wp-content\/uploads\/2018\/12\/2017-6-sibilo-3-300x211.jpg 300w, https:\/\/www.enzo-und-ferdinand.de\/wp-content\/uploads\/2018\/12\/2017-6-sibilo-3-768x539.jpg 768w\" sizes=\"auto, (max-width: 810px) 100vw, 810px\" \/><\/figure>\n\n\n\n<p class=\"has-text-align-right has-small-font-size wp-block-paragraph\">Fotos\/Text: Rainer Ro\u00dfbach<\/p>\n","protected":false},"excerpt":{"rendered":"<p>1978  geht die \u00c4ra der spektakul\u00e4ren Keile \u00e0 la Lancia Stratos Zero zu Ende. Aber Keilform-Erfinder und Bertone Chefzeichner Marcello Gardini hat noch ein Ass im \u00c4rmel.<br \/>\nDer verr\u00fcckte Lancia Sibilo treibt die \u00c4ra auf die Spitze. Die geometrischen Kotfl\u00fcgel dr\u00fccken expressiv nach au\u00dfen, Frontscheiben und Seitenscheiben sind exakt in die Karosserie eingepasst. Die Sto\u00dfstangen setzen die Linie fort, sind aber optisch mit einem feinen orangefarbenen Streifen abgesetzt. Innovative Details sind runde, nach innen auf Schienen beweglichen Seitenfenster sowie ein einzelner Scheibenwischer, der sich horizontal statt im gewohnten Bogen bewegt.<\/p>\n","protected":false},"author":1,"featured_media":588,"comment_status":"closed","ping_status":"closed","sticky":false,"template":"","format":"standard","meta":{"_crdt_document":"","ngg_post_thumbnail":0,"footnotes":""},"categories":[13,4,24],"tags":[260,215,117,297],"class_list":["post-585","post","type-post","status-publish","format-standard","has-post-thumbnail","hentry","category-ikonen","category-studien","category-unikate","tag-bertone","tag-lancia","tag-lancia-sibilo-1978","tag-marcello-gandini"],"yoast_head":"<!-- This site is optimized with the Yoast SEO plugin v27.5 - https:\/\/yoast.com\/product\/yoast-seo-wordpress\/ -->\n<title>Lancia Sibilo (1978)<\/title>\n<meta name=\"description\" content=\"Lancia Sibilo Ferrari Dino Bertone Marcello Gardini Turiner Salon\" \/>\n<meta name=\"robots\" content=\"index, follow, max-snippet:-1, max-image-preview:large, max-video-preview:-1\" \/>\n<link rel=\"canonical\" href=\"https:\/\/www.enzo-und-ferdinand.de\/index.php\/2018\/12\/01\/lancia-sibilo\/\" \/>\n<meta property=\"og:locale\" content=\"de_DE\" \/>\n<meta property=\"og:type\" content=\"article\" \/>\n<meta property=\"og:title\" content=\"Lancia Sibilo (1978)\" \/>\n<meta property=\"og:description\" content=\"Lancia Sibilo Ferrari Dino Bertone Marcello Gardini Turiner Salon\" \/>\n<meta property=\"og:url\" content=\"https:\/\/www.enzo-und-ferdinand.de\/index.php\/2018\/12\/01\/lancia-sibilo\/\" \/>\n<meta property=\"og:site_name\" content=\"enzo &amp; Ferdinand\" \/>\n<meta property=\"article:published_time\" content=\"2018-12-01T18:38:59+00:00\" \/>\n<meta property=\"article:modified_time\" content=\"2025-12-27T13:59:16+00:00\" \/>\n<meta property=\"og:image\" content=\"https:\/\/www.enzo-und-ferdinand.de\/wp-content\/uploads\/2018\/12\/2017-6-sibilo-1.jpg\" \/>\n\t<meta property=\"og:image:width\" content=\"810\" \/>\n\t<meta property=\"og:image:height\" content=\"518\" \/>\n\t<meta property=\"og:image:type\" content=\"image\/jpeg\" \/>\n<meta name=\"author\" content=\"Rainer Ro\u00dfbach\" \/>\n<meta name=\"twitter:card\" content=\"summary_large_image\" \/>\n<meta name=\"twitter:label1\" content=\"Verfasst von\" \/>\n\t<meta name=\"twitter:data1\" content=\"Rainer Ro\u00dfbach\" \/>\n\t<meta name=\"twitter:label2\" content=\"Gesch\u00e4tzte Lesezeit\" \/>\n\t<meta name=\"twitter:data2\" content=\"2\u00a0Minuten\" \/>\n<script type=\"application\/ld+json\" class=\"yoast-schema-graph\">{\"@context\":\"https:\\\/\\\/schema.org\",\"@graph\":[{\"@type\":\"Article\",\"@id\":\"https:\\\/\\\/www.enzo-und-ferdinand.de\\\/index.php\\\/2018\\\/12\\\/01\\\/lancia-sibilo\\\/#article\",\"isPartOf\":{\"@id\":\"https:\\\/\\\/www.enzo-und-ferdinand.de\\\/index.php\\\/2018\\\/12\\\/01\\\/lancia-sibilo\\\/\"},\"author\":{\"name\":\"Rainer Ro\u00dfbach\",\"@id\":\"https:\\\/\\\/www.enzo-und-ferdinand.de\\\/#\\\/schema\\\/person\\\/aff2eb9ff87705987c1b9d21fe10b095\"},\"headline\":\"Lancia Sibilo (1978)\",\"datePublished\":\"2018-12-01T18:38:59+00:00\",\"dateModified\":\"2025-12-27T13:59:16+00:00\",\"mainEntityOfPage\":{\"@id\":\"https:\\\/\\\/www.enzo-und-ferdinand.de\\\/index.php\\\/2018\\\/12\\\/01\\\/lancia-sibilo\\\/\"},\"wordCount\":143,\"publisher\":{\"@id\":\"https:\\\/\\\/www.enzo-und-ferdinand.de\\\/#organization\"},\"image\":{\"@id\":\"https:\\\/\\\/www.enzo-und-ferdinand.de\\\/index.php\\\/2018\\\/12\\\/01\\\/lancia-sibilo\\\/#primaryimage\"},\"thumbnailUrl\":\"https:\\\/\\\/www.enzo-und-ferdinand.de\\\/wp-content\\\/uploads\\\/2018\\\/12\\\/2017-6-sibilo-1.jpg\",\"keywords\":[\"Bertone\",\"Lancia\",\"Lancia Sibilo (1978)\",\"Marcello Gandini\"],\"articleSection\":[\"Ikonen\",\"Studien\",\"Unikate\"],\"inLanguage\":\"de\"},{\"@type\":\"WebPage\",\"@id\":\"https:\\\/\\\/www.enzo-und-ferdinand.de\\\/index.php\\\/2018\\\/12\\\/01\\\/lancia-sibilo\\\/\",\"url\":\"https:\\\/\\\/www.enzo-und-ferdinand.de\\\/index.php\\\/2018\\\/12\\\/01\\\/lancia-sibilo\\\/\",\"name\":\"Lancia Sibilo (1978)\",\"isPartOf\":{\"@id\":\"https:\\\/\\\/www.enzo-und-ferdinand.de\\\/#website\"},\"primaryImageOfPage\":{\"@id\":\"https:\\\/\\\/www.enzo-und-ferdinand.de\\\/index.php\\\/2018\\\/12\\\/01\\\/lancia-sibilo\\\/#primaryimage\"},\"image\":{\"@id\":\"https:\\\/\\\/www.enzo-und-ferdinand.de\\\/index.php\\\/2018\\\/12\\\/01\\\/lancia-sibilo\\\/#primaryimage\"},\"thumbnailUrl\":\"https:\\\/\\\/www.enzo-und-ferdinand.de\\\/wp-content\\\/uploads\\\/2018\\\/12\\\/2017-6-sibilo-1.jpg\",\"datePublished\":\"2018-12-01T18:38:59+00:00\",\"dateModified\":\"2025-12-27T13:59:16+00:00\",\"description\":\"Lancia Sibilo Ferrari Dino Bertone Marcello Gardini Turiner Salon\",\"breadcrumb\":{\"@id\":\"https:\\\/\\\/www.enzo-und-ferdinand.de\\\/index.php\\\/2018\\\/12\\\/01\\\/lancia-sibilo\\\/#breadcrumb\"},\"inLanguage\":\"de\",\"potentialAction\":[{\"@type\":\"ReadAction\",\"target\":[\"https:\\\/\\\/www.enzo-und-ferdinand.de\\\/index.php\\\/2018\\\/12\\\/01\\\/lancia-sibilo\\\/\"]}]},{\"@type\":\"ImageObject\",\"inLanguage\":\"de\",\"@id\":\"https:\\\/\\\/www.enzo-und-ferdinand.de\\\/index.php\\\/2018\\\/12\\\/01\\\/lancia-sibilo\\\/#primaryimage\",\"url\":\"https:\\\/\\\/www.enzo-und-ferdinand.de\\\/wp-content\\\/uploads\\\/2018\\\/12\\\/2017-6-sibilo-1.jpg\",\"contentUrl\":\"https:\\\/\\\/www.enzo-und-ferdinand.de\\\/wp-content\\\/uploads\\\/2018\\\/12\\\/2017-6-sibilo-1.jpg\",\"width\":810,\"height\":518},{\"@type\":\"BreadcrumbList\",\"@id\":\"https:\\\/\\\/www.enzo-und-ferdinand.de\\\/index.php\\\/2018\\\/12\\\/01\\\/lancia-sibilo\\\/#breadcrumb\",\"itemListElement\":[{\"@type\":\"ListItem\",\"position\":1,\"name\":\"Startseite\",\"item\":\"https:\\\/\\\/www.enzo-und-ferdinand.de\\\/\"},{\"@type\":\"ListItem\",\"position\":2,\"name\":\"Lancia Sibilo (1978)\"}]},{\"@type\":\"WebSite\",\"@id\":\"https:\\\/\\\/www.enzo-und-ferdinand.de\\\/#website\",\"url\":\"https:\\\/\\\/www.enzo-und-ferdinand.de\\\/\",\"name\":\"enzo & Ferdinand\",\"description\":\"\",\"publisher\":{\"@id\":\"https:\\\/\\\/www.enzo-und-ferdinand.de\\\/#organization\"},\"potentialAction\":[{\"@type\":\"SearchAction\",\"target\":{\"@type\":\"EntryPoint\",\"urlTemplate\":\"https:\\\/\\\/www.enzo-und-ferdinand.de\\\/?s={search_term_string}\"},\"query-input\":{\"@type\":\"PropertyValueSpecification\",\"valueRequired\":true,\"valueName\":\"search_term_string\"}}],\"inLanguage\":\"de\"},{\"@type\":\"Organization\",\"@id\":\"https:\\\/\\\/www.enzo-und-ferdinand.de\\\/#organization\",\"name\":\"enzo & Ferdinand\",\"url\":\"https:\\\/\\\/www.enzo-und-ferdinand.de\\\/\",\"logo\":{\"@type\":\"ImageObject\",\"inLanguage\":\"de\",\"@id\":\"https:\\\/\\\/www.enzo-und-ferdinand.de\\\/#\\\/schema\\\/logo\\\/image\\\/\",\"url\":\"https:\\\/\\\/www.enzo-und-ferdinand.de\\\/wp-content\\\/uploads\\\/2018\\\/12\\\/revvvs-icon.png\",\"contentUrl\":\"https:\\\/\\\/www.enzo-und-ferdinand.de\\\/wp-content\\\/uploads\\\/2018\\\/12\\\/revvvs-icon.png\",\"width\":512,\"height\":512,\"caption\":\"enzo & Ferdinand\"},\"image\":{\"@id\":\"https:\\\/\\\/www.enzo-und-ferdinand.de\\\/#\\\/schema\\\/logo\\\/image\\\/\"}},{\"@type\":\"Person\",\"@id\":\"https:\\\/\\\/www.enzo-und-ferdinand.de\\\/#\\\/schema\\\/person\\\/aff2eb9ff87705987c1b9d21fe10b095\",\"name\":\"Rainer Ro\u00dfbach\",\"image\":{\"@type\":\"ImageObject\",\"inLanguage\":\"de\",\"@id\":\"https:\\\/\\\/www.enzo-und-ferdinand.de\\\/wp-content\\\/uploads\\\/2026\\\/01\\\/Rainer-Rossbach-150x150.jpg\",\"url\":\"https:\\\/\\\/www.enzo-und-ferdinand.de\\\/wp-content\\\/uploads\\\/2026\\\/01\\\/Rainer-Rossbach-150x150.jpg\",\"contentUrl\":\"https:\\\/\\\/www.enzo-und-ferdinand.de\\\/wp-content\\\/uploads\\\/2026\\\/01\\\/Rainer-Rossbach-150x150.jpg\",\"caption\":\"Rainer Ro\u00dfbach\"},\"url\":\"https:\\\/\\\/www.enzo-und-ferdinand.de\\\/index.php\\\/author\\\/redaktion\\\/\"}]}<\/script>\n<!-- \/ Yoast SEO plugin. -->","yoast_head_json":{"title":"Lancia Sibilo (1978)","description":"Lancia Sibilo Ferrari Dino Bertone Marcello Gardini Turiner Salon","robots":{"index":"index","follow":"follow","max-snippet":"max-snippet:-1","max-image-preview":"max-image-preview:large","max-video-preview":"max-video-preview:-1"},"canonical":"https:\/\/www.enzo-und-ferdinand.de\/index.php\/2018\/12\/01\/lancia-sibilo\/","og_locale":"de_DE","og_type":"article","og_title":"Lancia Sibilo (1978)","og_description":"Lancia Sibilo Ferrari Dino Bertone Marcello Gardini Turiner Salon","og_url":"https:\/\/www.enzo-und-ferdinand.de\/index.php\/2018\/12\/01\/lancia-sibilo\/","og_site_name":"enzo &amp; Ferdinand","article_published_time":"2018-12-01T18:38:59+00:00","article_modified_time":"2025-12-27T13:59:16+00:00","og_image":[{"width":810,"height":518,"url":"https:\/\/www.enzo-und-ferdinand.de\/wp-content\/uploads\/2018\/12\/2017-6-sibilo-1.jpg","type":"image\/jpeg"}],"author":"Rainer Ro\u00dfbach","twitter_card":"summary_large_image","twitter_misc":{"Verfasst von":"Rainer Ro\u00dfbach","Gesch\u00e4tzte Lesezeit":"2\u00a0Minuten"},"schema":{"@context":"https:\/\/schema.org","@graph":[{"@type":"Article","@id":"https:\/\/www.enzo-und-ferdinand.de\/index.php\/2018\/12\/01\/lancia-sibilo\/#article","isPartOf":{"@id":"https:\/\/www.enzo-und-ferdinand.de\/index.php\/2018\/12\/01\/lancia-sibilo\/"},"author":{"name":"Rainer Ro\u00dfbach","@id":"https:\/\/www.enzo-und-ferdinand.de\/#\/schema\/person\/aff2eb9ff87705987c1b9d21fe10b095"},"headline":"Lancia Sibilo (1978)","datePublished":"2018-12-01T18:38:59+00:00","dateModified":"2025-12-27T13:59:16+00:00","mainEntityOfPage":{"@id":"https:\/\/www.enzo-und-ferdinand.de\/index.php\/2018\/12\/01\/lancia-sibilo\/"},"wordCount":143,"publisher":{"@id":"https:\/\/www.enzo-und-ferdinand.de\/#organization"},"image":{"@id":"https:\/\/www.enzo-und-ferdinand.de\/index.php\/2018\/12\/01\/lancia-sibilo\/#primaryimage"},"thumbnailUrl":"https:\/\/www.enzo-und-ferdinand.de\/wp-content\/uploads\/2018\/12\/2017-6-sibilo-1.jpg","keywords":["Bertone","Lancia","Lancia Sibilo (1978)","Marcello Gandini"],"articleSection":["Ikonen","Studien","Unikate"],"inLanguage":"de"},{"@type":"WebPage","@id":"https:\/\/www.enzo-und-ferdinand.de\/index.php\/2018\/12\/01\/lancia-sibilo\/","url":"https:\/\/www.enzo-und-ferdinand.de\/index.php\/2018\/12\/01\/lancia-sibilo\/","name":"Lancia Sibilo (1978)","isPartOf":{"@id":"https:\/\/www.enzo-und-ferdinand.de\/#website"},"primaryImageOfPage":{"@id":"https:\/\/www.enzo-und-ferdinand.de\/index.php\/2018\/12\/01\/lancia-sibilo\/#primaryimage"},"image":{"@id":"https:\/\/www.enzo-und-ferdinand.de\/index.php\/2018\/12\/01\/lancia-sibilo\/#primaryimage"},"thumbnailUrl":"https:\/\/www.enzo-und-ferdinand.de\/wp-content\/uploads\/2018\/12\/2017-6-sibilo-1.jpg","datePublished":"2018-12-01T18:38:59+00:00","dateModified":"2025-12-27T13:59:16+00:00","description":"Lancia Sibilo Ferrari Dino Bertone Marcello Gardini Turiner Salon","breadcrumb":{"@id":"https:\/\/www.enzo-und-ferdinand.de\/index.php\/2018\/12\/01\/lancia-sibilo\/#breadcrumb"},"inLanguage":"de","potentialAction":[{"@type":"ReadAction","target":["https:\/\/www.enzo-und-ferdinand.de\/index.php\/2018\/12\/01\/lancia-sibilo\/"]}]},{"@type":"ImageObject","inLanguage":"de","@id":"https:\/\/www.enzo-und-ferdinand.de\/index.php\/2018\/12\/01\/lancia-sibilo\/#primaryimage","url":"https:\/\/www.enzo-und-ferdinand.de\/wp-content\/uploads\/2018\/12\/2017-6-sibilo-1.jpg","contentUrl":"https:\/\/www.enzo-und-ferdinand.de\/wp-content\/uploads\/2018\/12\/2017-6-sibilo-1.jpg","width":810,"height":518},{"@type":"BreadcrumbList","@id":"https:\/\/www.enzo-und-ferdinand.de\/index.php\/2018\/12\/01\/lancia-sibilo\/#breadcrumb","itemListElement":[{"@type":"ListItem","position":1,"name":"Startseite","item":"https:\/\/www.enzo-und-ferdinand.de\/"},{"@type":"ListItem","position":2,"name":"Lancia Sibilo (1978)"}]},{"@type":"WebSite","@id":"https:\/\/www.enzo-und-ferdinand.de\/#website","url":"https:\/\/www.enzo-und-ferdinand.de\/","name":"enzo & Ferdinand","description":"","publisher":{"@id":"https:\/\/www.enzo-und-ferdinand.de\/#organization"},"potentialAction":[{"@type":"SearchAction","target":{"@type":"EntryPoint","urlTemplate":"https:\/\/www.enzo-und-ferdinand.de\/?s={search_term_string}"},"query-input":{"@type":"PropertyValueSpecification","valueRequired":true,"valueName":"search_term_string"}}],"inLanguage":"de"},{"@type":"Organization","@id":"https:\/\/www.enzo-und-ferdinand.de\/#organization","name":"enzo & Ferdinand","url":"https:\/\/www.enzo-und-ferdinand.de\/","logo":{"@type":"ImageObject","inLanguage":"de","@id":"https:\/\/www.enzo-und-ferdinand.de\/#\/schema\/logo\/image\/","url":"https:\/\/www.enzo-und-ferdinand.de\/wp-content\/uploads\/2018\/12\/revvvs-icon.png","contentUrl":"https:\/\/www.enzo-und-ferdinand.de\/wp-content\/uploads\/2018\/12\/revvvs-icon.png","width":512,"height":512,"caption":"enzo & Ferdinand"},"image":{"@id":"https:\/\/www.enzo-und-ferdinand.de\/#\/schema\/logo\/image\/"}},{"@type":"Person","@id":"https:\/\/www.enzo-und-ferdinand.de\/#\/schema\/person\/aff2eb9ff87705987c1b9d21fe10b095","name":"Rainer Ro\u00dfbach","image":{"@type":"ImageObject","inLanguage":"de","@id":"https:\/\/www.enzo-und-ferdinand.de\/wp-content\/uploads\/2026\/01\/Rainer-Rossbach-150x150.jpg","url":"https:\/\/www.enzo-und-ferdinand.de\/wp-content\/uploads\/2026\/01\/Rainer-Rossbach-150x150.jpg","contentUrl":"https:\/\/www.enzo-und-ferdinand.de\/wp-content\/uploads\/2026\/01\/Rainer-Rossbach-150x150.jpg","caption":"Rainer Ro\u00dfbach"},"url":"https:\/\/www.enzo-und-ferdinand.de\/index.php\/author\/redaktion\/"}]}},"_links":{"self":[{"href":"https:\/\/www.enzo-und-ferdinand.de\/index.php\/wp-json\/wp\/v2\/posts\/585","targetHints":{"allow":["GET"]}}],"collection":[{"href":"https:\/\/www.enzo-und-ferdinand.de\/index.php\/wp-json\/wp\/v2\/posts"}],"about":[{"href":"https:\/\/www.enzo-und-ferdinand.de\/index.php\/wp-json\/wp\/v2\/types\/post"}],"author":[{"embeddable":true,"href":"https:\/\/www.enzo-und-ferdinand.de\/index.php\/wp-json\/wp\/v2\/users\/1"}],"replies":[{"embeddable":true,"href":"https:\/\/www.enzo-und-ferdinand.de\/index.php\/wp-json\/wp\/v2\/comments?post=585"}],"version-history":[{"count":8,"href":"https:\/\/www.enzo-und-ferdinand.de\/index.php\/wp-json\/wp\/v2\/posts\/585\/revisions"}],"predecessor-version":[{"id":21835,"href":"https:\/\/www.enzo-und-ferdinand.de\/index.php\/wp-json\/wp\/v2\/posts\/585\/revisions\/21835"}],"wp:featuredmedia":[{"embeddable":true,"href":"https:\/\/www.enzo-und-ferdinand.de\/index.php\/wp-json\/wp\/v2\/media\/588"}],"wp:attachment":[{"href":"https:\/\/www.enzo-und-ferdinand.de\/index.php\/wp-json\/wp\/v2\/media?parent=585"}],"wp:term":[{"taxonomy":"category","embeddable":true,"href":"https:\/\/www.enzo-und-ferdinand.de\/index.php\/wp-json\/wp\/v2\/categories?post=585"},{"taxonomy":"post_tag","embeddable":true,"href":"https:\/\/www.enzo-und-ferdinand.de\/index.php\/wp-json\/wp\/v2\/tags?post=585"}],"curies":[{"name":"wp","href":"https:\/\/api.w.org\/{rel}","templated":true}]}}