{"id":6011,"date":"2020-01-23T09:26:05","date_gmt":"2020-01-23T08:26:05","guid":{"rendered":"http:\/\/www.enzo-und-ferdinand.de\/?p=6011"},"modified":"2025-12-28T15:25:32","modified_gmt":"2025-12-28T14:25:32","slug":"toyota-gr-yaris","status":"publish","type":"post","link":"https:\/\/www.enzo-und-ferdinand.de\/index.php\/2020\/01\/23\/toyota-gr-yaris\/","title":{"rendered":"Toyota GR Yaris"},"content":{"rendered":"\n<figure class=\"wp-block-image size-large\"><img loading=\"lazy\" decoding=\"async\" width=\"810\" height=\"540\" src=\"https:\/\/www.enzo-und-ferdinand.de\/wp-content\/uploads\/2020\/01\/yaris-gr-009--810x540.jpg\" alt=\"Toyota Yaris GR\" class=\"wp-image-6020\" srcset=\"https:\/\/www.enzo-und-ferdinand.de\/wp-content\/uploads\/2020\/01\/yaris-gr-009--810x540.jpg 810w, https:\/\/www.enzo-und-ferdinand.de\/wp-content\/uploads\/2020\/01\/yaris-gr-009--300x200.jpg 300w, https:\/\/www.enzo-und-ferdinand.de\/wp-content\/uploads\/2020\/01\/yaris-gr-009--768x512.jpg 768w, https:\/\/www.enzo-und-ferdinand.de\/wp-content\/uploads\/2020\/01\/yaris-gr-009--120x80.jpg 120w, https:\/\/www.enzo-und-ferdinand.de\/wp-content\/uploads\/2020\/01\/yaris-gr-009-.jpg 1024w\" sizes=\"auto, (max-width: 810px) 100vw, 810px\" \/><\/figure>\n\n\n\n<p class=\"wp-block-paragraph\">Der GR Yaris ist mit dem Anspruch entwickelt worden, ein Sportwagen f\u00fcr Rennstrecke und Stra\u00dfe zu sein. Die neueste Kreation von Toyota Gazoo Racing (TGR) steht auf einer komplett neuen Plattform, auch der Motor, die Radaufh\u00e4ngung, die Aerodynamik und der permanente Allradantrieb sind neu. Hohe Leistung und geringes Gewicht sollen erfolgreiche Renneins\u00e4tze und Performance auf der Stra\u00dfe erm\u00f6glichen.<\/p>\n\n\n\n<p class=\"wp-block-paragraph\">Aerodynamik, Gewicht und Gewichtsverteilung standen im Fokus der Entwicklung: die Dachlinie wurde abgesenkt, der 1,6-Liter-Turbomotor weiter Richtung Fahrzeugmitte versetzt und die Batterie im Kofferraum untergebracht. Die daraus resultierende g\u00fcnstigere Gewichtsverteilung, verbessert Handling, Stabilit\u00e4t und Ansprechverhalten.<\/p>\n\n\n\n<p class=\"wp-block-paragraph\">Die Karosserie besteht aus Kohlefaser-Polymer und Aluminium und tr\u00e4gt damit zu einem deutlich verbesserten Verh\u00e4ltnis zwischen Leistung und Gewicht bei. Die neue Plattform macht eine breite Spur und den Einsatz einer neuen Doppelquerlenker-Aufh\u00e4ngung an der Hinterachse m\u00f6glich. Unterhalb der L\u00e4ngstr\u00e4ger sorgen zus\u00e4tzliche Verst\u00e4rkungen f\u00fcr bessere Fahreigenschaften.<\/p>\n\n\n\n<figure class=\"wp-block-image size-large\"><img loading=\"lazy\" decoding=\"async\" width=\"810\" height=\"540\" src=\"https:\/\/www.enzo-und-ferdinand.de\/wp-content\/uploads\/2020\/01\/yaris-gr-001-810x540.jpg\" alt=\"Toyota Yaris GR\" class=\"wp-image-6018\" srcset=\"https:\/\/www.enzo-und-ferdinand.de\/wp-content\/uploads\/2020\/01\/yaris-gr-001-810x540.jpg 810w, https:\/\/www.enzo-und-ferdinand.de\/wp-content\/uploads\/2020\/01\/yaris-gr-001-300x200.jpg 300w, https:\/\/www.enzo-und-ferdinand.de\/wp-content\/uploads\/2020\/01\/yaris-gr-001-768x512.jpg 768w, https:\/\/www.enzo-und-ferdinand.de\/wp-content\/uploads\/2020\/01\/yaris-gr-001-120x80.jpg 120w, https:\/\/www.enzo-und-ferdinand.de\/wp-content\/uploads\/2020\/01\/yaris-gr-001.jpg 1024w\" sizes=\"auto, (max-width: 810px) 100vw, 810px\" \/><\/figure>\n\n\n\n<p class=\"wp-block-paragraph\">Der neu entwickelte Turbo-Dreizylinder entwickelt aus 1,6 Litern Hubraum 261 PS und produziert ein maximales Drehmoment von 360 Nm. Technologien wie eine Kolbenbodenk\u00fchlung per Multi-\u00d6ld\u00fcse, Auslassventile mit gro\u00dfem Durchmesser und ein teilbearbeiteter Einlasskanal setzen erh\u00f6hen das Potenzial des Triebwerks nachhaltig. Der leichte und kompakte DOHC-12V-Motor verf\u00fcgt \u00fcber einen Single-Scroll-Kugellager-Turbo und ist an ein auf hohe Drehmomente ausgelegtes Sechsgang-Schaltgetriebe gekoppelt.<\/p>\n\n\n\n<p class=\"wp-block-paragraph\">Ein niedriges Leistungsgewicht ben\u00f6tigt fortschrittliche Leichtbaumaterialien. Das Dach besteht deshalb aus einem neuen Kohlefaser-Polymer, das formgepresst werden kann, Motorhaube, T\u00fcren und Heckklappe sind aus Aluminium. Das Leergewicht betr\u00e4gt lediglich 1.280 kg und bringt ein gutes Leistungsgewicht von 4,9 kg pro PS. So beschleunigt der potente Yaris in unter 5,5 Sekunden von null auf 100 km\/h und erreicht eine elektronisch begrenzte Spitze von 230 Stundenkilometer.<\/p>\n\n\n\n<p class=\"wp-block-paragraph\">Eine Neuentwicklung ist das Allradsystem. Es ist leicht, einfach aufgebaut und flexibel: Das Antriebsmoment l\u00e4sst sich theoretisch im Bereich zwischen 100:0 (reiner Vorderradantrieb) bis 0:100 (reiner Hinterradantrieb) verteilen. Zudem erm\u00f6glichen Torsen-Differenziale an Vorder- und Hinterachse  die Aufteilung des Antriebsmoments zwischen den einzelnen R\u00e4dern einer Achse.<\/p>\n\n\n\n<figure class=\"wp-block-image size-large\"><img loading=\"lazy\" decoding=\"async\" width=\"810\" height=\"607\" src=\"https:\/\/www.enzo-und-ferdinand.de\/wp-content\/uploads\/2020\/01\/yaris-technical-display-810x607.jpg\" alt=\"Toyota Yaris GR\" class=\"wp-image-6017\" srcset=\"https:\/\/www.enzo-und-ferdinand.de\/wp-content\/uploads\/2020\/01\/yaris-technical-display-810x607.jpg 810w, https:\/\/www.enzo-und-ferdinand.de\/wp-content\/uploads\/2020\/01\/yaris-technical-display-300x225.jpg 300w, https:\/\/www.enzo-und-ferdinand.de\/wp-content\/uploads\/2020\/01\/yaris-technical-display-768x575.jpg 768w, https:\/\/www.enzo-und-ferdinand.de\/wp-content\/uploads\/2020\/01\/yaris-technical-display.jpg 1024w\" sizes=\"auto, (max-width: 810px) 100vw, 810px\" \/><\/figure>\n\n\n\n<p class=\"wp-block-paragraph\">Das Allradsystem kann je nach Vorliebe angepasst werden: Im normalen Modus betr\u00e4gt die Grundeinstellung 60:40 zwischen Vorder- und Hinterachse, im Sport-Modus wechselt die Verteilung auf ein heckbetonteres Verh\u00e4ltnis von 30:70, im Track-Modus erm\u00f6glicht die Verteilung von 50:50 schnelles wettbewerbsorientiertes Fahren auf Rennstrecken. Unabh\u00e4ngig von der Grundeinstellung passt sich die Drehmomentverteilung in allen Fahrmodi automatisch den jeweiligen Anforderungen, dem Fahrverhalten oder den Fahrbahnbedingungen an.<\/p>\n\n\n\n<p class=\"wp-block-paragraph\">Durch die neu entwickelte Plattform des GR Yaris war es m\u00f6glich, den Allradantrieb in das Fahrzeug zu integrieren und die Verbundlenker-Hinterachse des Yaris durch eine Doppelquerlenker-Achse zu ersetzen. Vorne kommt eine Aufh\u00e4ngung an MacPherson-Federbeinen zum Einsatz. F\u00fcr eine zuverl\u00e4ssige Verz\u00f6gerung auch in anspruchsvollen Situationen ist das hitzebest\u00e4ndige Performance-Bremssystem mit gro\u00dfen gerillten 365-mm-Scheiben und Vier-Kolben-Bremss\u00e4tteln vorne zust\u00e4ndig.<\/p>\n\n\n\n<p class=\"wp-block-paragraph\">Mit einemm optionalen Circuit Pack kann der GR Yaris f\u00fcr den Rundkurs- und Rallye-Einsatz weiter optimiert werden. Es beinhaltet beide Torsen-Differenziale f\u00fcr Vorder- und Hinterachse, ein sch\u00e4rfer abgestimmtes Fahrwerk sowie geschmiedete 18-Zoll-Aluminiumr\u00e4der mit Michelin Pilot Sport 4s Reifen im Format 225\/40 R18.<\/p>\n\n\n\n<figure class=\"wp-block-image size-large\"><img loading=\"lazy\" decoding=\"async\" width=\"810\" height=\"541\" src=\"https:\/\/www.enzo-und-ferdinand.de\/wp-content\/uploads\/2020\/01\/yaris-gr-005-810x541.jpg\" alt=\"Toyota Yaris GR\" class=\"wp-image-6016\" srcset=\"https:\/\/www.enzo-und-ferdinand.de\/wp-content\/uploads\/2020\/01\/yaris-gr-005-810x541.jpg 810w, https:\/\/www.enzo-und-ferdinand.de\/wp-content\/uploads\/2020\/01\/yaris-gr-005-300x200.jpg 300w, https:\/\/www.enzo-und-ferdinand.de\/wp-content\/uploads\/2020\/01\/yaris-gr-005-768x513.jpg 768w, https:\/\/www.enzo-und-ferdinand.de\/wp-content\/uploads\/2020\/01\/yaris-gr-005-120x80.jpg 120w, https:\/\/www.enzo-und-ferdinand.de\/wp-content\/uploads\/2020\/01\/yaris-gr-005.jpg 1024w\" sizes=\"auto, (max-width: 810px) 100vw, 810px\" \/><\/figure>\n\n\n\n<p class=\"has-text-align-right has-small-font-size wp-block-paragraph\">Fotos: Toyota\/Text: Rainer Ro\u00dfbach<br><\/p>\n","protected":false},"excerpt":{"rendered":"<p>Der GR Yaris ist mit dem Anspruch entwickelt worden, ein Sportwagen f\u00fcr Rennstrecke und Stra\u00dfe zu sein. Die neueste Kreation der von Toyota Gazoo Racing (TGR) steht auf einer komplett neuen Plattform, auch der Motor, die Radaufh\u00e4ngung, die Aerodynamik und der permanente Allradantrieb sind neu. Hohe Leistung und geringes Gewicht sollen erfolgreiche Renneins\u00e4tze und Performance auf der Stra\u00dfe erm\u00f6glichen.<\/p>\n","protected":false},"author":1,"featured_media":6019,"comment_status":"closed","ping_status":"closed","sticky":false,"template":"","format":"standard","meta":{"_crdt_document":"","ngg_post_thumbnail":0,"footnotes":""},"categories":[45,23],"tags":[248,423],"class_list":["post-6011","post","type-post","status-publish","format-standard","has-post-thumbnail","hentry","category-neues","category-performance","tag-toyota","tag-toyota-gr-yaris"],"yoast_head":"<!-- This site is optimized with the Yoast SEO plugin v27.5 - https:\/\/yoast.com\/product\/yoast-seo-wordpress\/ -->\n<title>Toyota GR Yaris<\/title>\n<meta name=\"description\" content=\"Toyota GR Yaris\" \/>\n<meta name=\"robots\" content=\"index, follow, max-snippet:-1, max-image-preview:large, max-video-preview:-1\" \/>\n<link rel=\"canonical\" href=\"https:\/\/www.enzo-und-ferdinand.de\/index.php\/2020\/01\/23\/toyota-gr-yaris\/\" \/>\n<meta property=\"og:locale\" content=\"de_DE\" \/>\n<meta property=\"og:type\" content=\"article\" \/>\n<meta property=\"og:title\" content=\"Toyota GR Yaris\" \/>\n<meta property=\"og:description\" content=\"Toyota GR Yaris\" \/>\n<meta property=\"og:url\" content=\"https:\/\/www.enzo-und-ferdinand.de\/index.php\/2020\/01\/23\/toyota-gr-yaris\/\" \/>\n<meta property=\"og:site_name\" content=\"enzo &amp; Ferdinand\" \/>\n<meta property=\"article:published_time\" content=\"2020-01-23T08:26:05+00:00\" \/>\n<meta property=\"article:modified_time\" content=\"2025-12-28T14:25:32+00:00\" \/>\n<meta property=\"og:image\" content=\"https:\/\/www.enzo-und-ferdinand.de\/wp-content\/uploads\/2020\/01\/yaris-gr-011.jpg\" \/>\n\t<meta property=\"og:image:width\" content=\"1024\" \/>\n\t<meta property=\"og:image:height\" content=\"683\" \/>\n\t<meta property=\"og:image:type\" content=\"image\/jpeg\" \/>\n<meta name=\"author\" content=\"Rainer Ro\u00dfbach\" \/>\n<meta name=\"twitter:card\" content=\"summary_large_image\" \/>\n<meta name=\"twitter:label1\" content=\"Verfasst von\" \/>\n\t<meta name=\"twitter:data1\" content=\"Rainer Ro\u00dfbach\" \/>\n\t<meta name=\"twitter:label2\" content=\"Gesch\u00e4tzte Lesezeit\" \/>\n\t<meta name=\"twitter:data2\" content=\"4\u00a0Minuten\" \/>\n<script type=\"application\/ld+json\" class=\"yoast-schema-graph\">{\"@context\":\"https:\\\/\\\/schema.org\",\"@graph\":[{\"@type\":\"Article\",\"@id\":\"https:\\\/\\\/www.enzo-und-ferdinand.de\\\/index.php\\\/2020\\\/01\\\/23\\\/toyota-gr-yaris\\\/#article\",\"isPartOf\":{\"@id\":\"https:\\\/\\\/www.enzo-und-ferdinand.de\\\/index.php\\\/2020\\\/01\\\/23\\\/toyota-gr-yaris\\\/\"},\"author\":{\"name\":\"Rainer Ro\u00dfbach\",\"@id\":\"https:\\\/\\\/www.enzo-und-ferdinand.de\\\/#\\\/schema\\\/person\\\/aff2eb9ff87705987c1b9d21fe10b095\"},\"headline\":\"Toyota GR Yaris\",\"datePublished\":\"2020-01-23T08:26:05+00:00\",\"dateModified\":\"2025-12-28T14:25:32+00:00\",\"mainEntityOfPage\":{\"@id\":\"https:\\\/\\\/www.enzo-und-ferdinand.de\\\/index.php\\\/2020\\\/01\\\/23\\\/toyota-gr-yaris\\\/\"},\"wordCount\":511,\"publisher\":{\"@id\":\"https:\\\/\\\/www.enzo-und-ferdinand.de\\\/#organization\"},\"image\":{\"@id\":\"https:\\\/\\\/www.enzo-und-ferdinand.de\\\/index.php\\\/2020\\\/01\\\/23\\\/toyota-gr-yaris\\\/#primaryimage\"},\"thumbnailUrl\":\"https:\\\/\\\/www.enzo-und-ferdinand.de\\\/wp-content\\\/uploads\\\/2020\\\/01\\\/yaris-gr-011.jpg\",\"keywords\":[\"Toyota\",\"Toyota GR Yaris\"],\"articleSection\":[\"Neues\",\"Performance\"],\"inLanguage\":\"de\"},{\"@type\":\"WebPage\",\"@id\":\"https:\\\/\\\/www.enzo-und-ferdinand.de\\\/index.php\\\/2020\\\/01\\\/23\\\/toyota-gr-yaris\\\/\",\"url\":\"https:\\\/\\\/www.enzo-und-ferdinand.de\\\/index.php\\\/2020\\\/01\\\/23\\\/toyota-gr-yaris\\\/\",\"name\":\"Toyota GR Yaris\",\"isPartOf\":{\"@id\":\"https:\\\/\\\/www.enzo-und-ferdinand.de\\\/#website\"},\"primaryImageOfPage\":{\"@id\":\"https:\\\/\\\/www.enzo-und-ferdinand.de\\\/index.php\\\/2020\\\/01\\\/23\\\/toyota-gr-yaris\\\/#primaryimage\"},\"image\":{\"@id\":\"https:\\\/\\\/www.enzo-und-ferdinand.de\\\/index.php\\\/2020\\\/01\\\/23\\\/toyota-gr-yaris\\\/#primaryimage\"},\"thumbnailUrl\":\"https:\\\/\\\/www.enzo-und-ferdinand.de\\\/wp-content\\\/uploads\\\/2020\\\/01\\\/yaris-gr-011.jpg\",\"datePublished\":\"2020-01-23T08:26:05+00:00\",\"dateModified\":\"2025-12-28T14:25:32+00:00\",\"description\":\"Toyota GR Yaris\",\"breadcrumb\":{\"@id\":\"https:\\\/\\\/www.enzo-und-ferdinand.de\\\/index.php\\\/2020\\\/01\\\/23\\\/toyota-gr-yaris\\\/#breadcrumb\"},\"inLanguage\":\"de\",\"potentialAction\":[{\"@type\":\"ReadAction\",\"target\":[\"https:\\\/\\\/www.enzo-und-ferdinand.de\\\/index.php\\\/2020\\\/01\\\/23\\\/toyota-gr-yaris\\\/\"]}]},{\"@type\":\"ImageObject\",\"inLanguage\":\"de\",\"@id\":\"https:\\\/\\\/www.enzo-und-ferdinand.de\\\/index.php\\\/2020\\\/01\\\/23\\\/toyota-gr-yaris\\\/#primaryimage\",\"url\":\"https:\\\/\\\/www.enzo-und-ferdinand.de\\\/wp-content\\\/uploads\\\/2020\\\/01\\\/yaris-gr-011.jpg\",\"contentUrl\":\"https:\\\/\\\/www.enzo-und-ferdinand.de\\\/wp-content\\\/uploads\\\/2020\\\/01\\\/yaris-gr-011.jpg\",\"width\":1024,\"height\":683,\"caption\":\"Toyota Yaris GR\"},{\"@type\":\"BreadcrumbList\",\"@id\":\"https:\\\/\\\/www.enzo-und-ferdinand.de\\\/index.php\\\/2020\\\/01\\\/23\\\/toyota-gr-yaris\\\/#breadcrumb\",\"itemListElement\":[{\"@type\":\"ListItem\",\"position\":1,\"name\":\"Startseite\",\"item\":\"https:\\\/\\\/www.enzo-und-ferdinand.de\\\/\"},{\"@type\":\"ListItem\",\"position\":2,\"name\":\"Toyota GR Yaris\"}]},{\"@type\":\"WebSite\",\"@id\":\"https:\\\/\\\/www.enzo-und-ferdinand.de\\\/#website\",\"url\":\"https:\\\/\\\/www.enzo-und-ferdinand.de\\\/\",\"name\":\"enzo & Ferdinand\",\"description\":\"\",\"publisher\":{\"@id\":\"https:\\\/\\\/www.enzo-und-ferdinand.de\\\/#organization\"},\"potentialAction\":[{\"@type\":\"SearchAction\",\"target\":{\"@type\":\"EntryPoint\",\"urlTemplate\":\"https:\\\/\\\/www.enzo-und-ferdinand.de\\\/?s={search_term_string}\"},\"query-input\":{\"@type\":\"PropertyValueSpecification\",\"valueRequired\":true,\"valueName\":\"search_term_string\"}}],\"inLanguage\":\"de\"},{\"@type\":\"Organization\",\"@id\":\"https:\\\/\\\/www.enzo-und-ferdinand.de\\\/#organization\",\"name\":\"enzo & Ferdinand\",\"url\":\"https:\\\/\\\/www.enzo-und-ferdinand.de\\\/\",\"logo\":{\"@type\":\"ImageObject\",\"inLanguage\":\"de\",\"@id\":\"https:\\\/\\\/www.enzo-und-ferdinand.de\\\/#\\\/schema\\\/logo\\\/image\\\/\",\"url\":\"https:\\\/\\\/www.enzo-und-ferdinand.de\\\/wp-content\\\/uploads\\\/2018\\\/12\\\/revvvs-icon.png\",\"contentUrl\":\"https:\\\/\\\/www.enzo-und-ferdinand.de\\\/wp-content\\\/uploads\\\/2018\\\/12\\\/revvvs-icon.png\",\"width\":512,\"height\":512,\"caption\":\"enzo & Ferdinand\"},\"image\":{\"@id\":\"https:\\\/\\\/www.enzo-und-ferdinand.de\\\/#\\\/schema\\\/logo\\\/image\\\/\"}},{\"@type\":\"Person\",\"@id\":\"https:\\\/\\\/www.enzo-und-ferdinand.de\\\/#\\\/schema\\\/person\\\/aff2eb9ff87705987c1b9d21fe10b095\",\"name\":\"Rainer Ro\u00dfbach\",\"image\":{\"@type\":\"ImageObject\",\"inLanguage\":\"de\",\"@id\":\"https:\\\/\\\/www.enzo-und-ferdinand.de\\\/wp-content\\\/uploads\\\/2026\\\/01\\\/Rainer-Rossbach-150x150.jpg\",\"url\":\"https:\\\/\\\/www.enzo-und-ferdinand.de\\\/wp-content\\\/uploads\\\/2026\\\/01\\\/Rainer-Rossbach-150x150.jpg\",\"contentUrl\":\"https:\\\/\\\/www.enzo-und-ferdinand.de\\\/wp-content\\\/uploads\\\/2026\\\/01\\\/Rainer-Rossbach-150x150.jpg\",\"caption\":\"Rainer Ro\u00dfbach\"},\"url\":\"https:\\\/\\\/www.enzo-und-ferdinand.de\\\/index.php\\\/author\\\/redaktion\\\/\"}]}<\/script>\n<!-- \/ Yoast SEO plugin. -->","yoast_head_json":{"title":"Toyota GR Yaris","description":"Toyota GR Yaris","robots":{"index":"index","follow":"follow","max-snippet":"max-snippet:-1","max-image-preview":"max-image-preview:large","max-video-preview":"max-video-preview:-1"},"canonical":"https:\/\/www.enzo-und-ferdinand.de\/index.php\/2020\/01\/23\/toyota-gr-yaris\/","og_locale":"de_DE","og_type":"article","og_title":"Toyota GR Yaris","og_description":"Toyota GR Yaris","og_url":"https:\/\/www.enzo-und-ferdinand.de\/index.php\/2020\/01\/23\/toyota-gr-yaris\/","og_site_name":"enzo &amp; Ferdinand","article_published_time":"2020-01-23T08:26:05+00:00","article_modified_time":"2025-12-28T14:25:32+00:00","og_image":[{"width":1024,"height":683,"url":"https:\/\/www.enzo-und-ferdinand.de\/wp-content\/uploads\/2020\/01\/yaris-gr-011.jpg","type":"image\/jpeg"}],"author":"Rainer Ro\u00dfbach","twitter_card":"summary_large_image","twitter_misc":{"Verfasst von":"Rainer Ro\u00dfbach","Gesch\u00e4tzte Lesezeit":"4\u00a0Minuten"},"schema":{"@context":"https:\/\/schema.org","@graph":[{"@type":"Article","@id":"https:\/\/www.enzo-und-ferdinand.de\/index.php\/2020\/01\/23\/toyota-gr-yaris\/#article","isPartOf":{"@id":"https:\/\/www.enzo-und-ferdinand.de\/index.php\/2020\/01\/23\/toyota-gr-yaris\/"},"author":{"name":"Rainer Ro\u00dfbach","@id":"https:\/\/www.enzo-und-ferdinand.de\/#\/schema\/person\/aff2eb9ff87705987c1b9d21fe10b095"},"headline":"Toyota GR Yaris","datePublished":"2020-01-23T08:26:05+00:00","dateModified":"2025-12-28T14:25:32+00:00","mainEntityOfPage":{"@id":"https:\/\/www.enzo-und-ferdinand.de\/index.php\/2020\/01\/23\/toyota-gr-yaris\/"},"wordCount":511,"publisher":{"@id":"https:\/\/www.enzo-und-ferdinand.de\/#organization"},"image":{"@id":"https:\/\/www.enzo-und-ferdinand.de\/index.php\/2020\/01\/23\/toyota-gr-yaris\/#primaryimage"},"thumbnailUrl":"https:\/\/www.enzo-und-ferdinand.de\/wp-content\/uploads\/2020\/01\/yaris-gr-011.jpg","keywords":["Toyota","Toyota GR Yaris"],"articleSection":["Neues","Performance"],"inLanguage":"de"},{"@type":"WebPage","@id":"https:\/\/www.enzo-und-ferdinand.de\/index.php\/2020\/01\/23\/toyota-gr-yaris\/","url":"https:\/\/www.enzo-und-ferdinand.de\/index.php\/2020\/01\/23\/toyota-gr-yaris\/","name":"Toyota GR Yaris","isPartOf":{"@id":"https:\/\/www.enzo-und-ferdinand.de\/#website"},"primaryImageOfPage":{"@id":"https:\/\/www.enzo-und-ferdinand.de\/index.php\/2020\/01\/23\/toyota-gr-yaris\/#primaryimage"},"image":{"@id":"https:\/\/www.enzo-und-ferdinand.de\/index.php\/2020\/01\/23\/toyota-gr-yaris\/#primaryimage"},"thumbnailUrl":"https:\/\/www.enzo-und-ferdinand.de\/wp-content\/uploads\/2020\/01\/yaris-gr-011.jpg","datePublished":"2020-01-23T08:26:05+00:00","dateModified":"2025-12-28T14:25:32+00:00","description":"Toyota GR Yaris","breadcrumb":{"@id":"https:\/\/www.enzo-und-ferdinand.de\/index.php\/2020\/01\/23\/toyota-gr-yaris\/#breadcrumb"},"inLanguage":"de","potentialAction":[{"@type":"ReadAction","target":["https:\/\/www.enzo-und-ferdinand.de\/index.php\/2020\/01\/23\/toyota-gr-yaris\/"]}]},{"@type":"ImageObject","inLanguage":"de","@id":"https:\/\/www.enzo-und-ferdinand.de\/index.php\/2020\/01\/23\/toyota-gr-yaris\/#primaryimage","url":"https:\/\/www.enzo-und-ferdinand.de\/wp-content\/uploads\/2020\/01\/yaris-gr-011.jpg","contentUrl":"https:\/\/www.enzo-und-ferdinand.de\/wp-content\/uploads\/2020\/01\/yaris-gr-011.jpg","width":1024,"height":683,"caption":"Toyota Yaris GR"},{"@type":"BreadcrumbList","@id":"https:\/\/www.enzo-und-ferdinand.de\/index.php\/2020\/01\/23\/toyota-gr-yaris\/#breadcrumb","itemListElement":[{"@type":"ListItem","position":1,"name":"Startseite","item":"https:\/\/www.enzo-und-ferdinand.de\/"},{"@type":"ListItem","position":2,"name":"Toyota GR Yaris"}]},{"@type":"WebSite","@id":"https:\/\/www.enzo-und-ferdinand.de\/#website","url":"https:\/\/www.enzo-und-ferdinand.de\/","name":"enzo & Ferdinand","description":"","publisher":{"@id":"https:\/\/www.enzo-und-ferdinand.de\/#organization"},"potentialAction":[{"@type":"SearchAction","target":{"@type":"EntryPoint","urlTemplate":"https:\/\/www.enzo-und-ferdinand.de\/?s={search_term_string}"},"query-input":{"@type":"PropertyValueSpecification","valueRequired":true,"valueName":"search_term_string"}}],"inLanguage":"de"},{"@type":"Organization","@id":"https:\/\/www.enzo-und-ferdinand.de\/#organization","name":"enzo & Ferdinand","url":"https:\/\/www.enzo-und-ferdinand.de\/","logo":{"@type":"ImageObject","inLanguage":"de","@id":"https:\/\/www.enzo-und-ferdinand.de\/#\/schema\/logo\/image\/","url":"https:\/\/www.enzo-und-ferdinand.de\/wp-content\/uploads\/2018\/12\/revvvs-icon.png","contentUrl":"https:\/\/www.enzo-und-ferdinand.de\/wp-content\/uploads\/2018\/12\/revvvs-icon.png","width":512,"height":512,"caption":"enzo & Ferdinand"},"image":{"@id":"https:\/\/www.enzo-und-ferdinand.de\/#\/schema\/logo\/image\/"}},{"@type":"Person","@id":"https:\/\/www.enzo-und-ferdinand.de\/#\/schema\/person\/aff2eb9ff87705987c1b9d21fe10b095","name":"Rainer Ro\u00dfbach","image":{"@type":"ImageObject","inLanguage":"de","@id":"https:\/\/www.enzo-und-ferdinand.de\/wp-content\/uploads\/2026\/01\/Rainer-Rossbach-150x150.jpg","url":"https:\/\/www.enzo-und-ferdinand.de\/wp-content\/uploads\/2026\/01\/Rainer-Rossbach-150x150.jpg","contentUrl":"https:\/\/www.enzo-und-ferdinand.de\/wp-content\/uploads\/2026\/01\/Rainer-Rossbach-150x150.jpg","caption":"Rainer Ro\u00dfbach"},"url":"https:\/\/www.enzo-und-ferdinand.de\/index.php\/author\/redaktion\/"}]}},"_links":{"self":[{"href":"https:\/\/www.enzo-und-ferdinand.de\/index.php\/wp-json\/wp\/v2\/posts\/6011","targetHints":{"allow":["GET"]}}],"collection":[{"href":"https:\/\/www.enzo-und-ferdinand.de\/index.php\/wp-json\/wp\/v2\/posts"}],"about":[{"href":"https:\/\/www.enzo-und-ferdinand.de\/index.php\/wp-json\/wp\/v2\/types\/post"}],"author":[{"embeddable":true,"href":"https:\/\/www.enzo-und-ferdinand.de\/index.php\/wp-json\/wp\/v2\/users\/1"}],"replies":[{"embeddable":true,"href":"https:\/\/www.enzo-und-ferdinand.de\/index.php\/wp-json\/wp\/v2\/comments?post=6011"}],"version-history":[{"count":6,"href":"https:\/\/www.enzo-und-ferdinand.de\/index.php\/wp-json\/wp\/v2\/posts\/6011\/revisions"}],"predecessor-version":[{"id":21871,"href":"https:\/\/www.enzo-und-ferdinand.de\/index.php\/wp-json\/wp\/v2\/posts\/6011\/revisions\/21871"}],"wp:featuredmedia":[{"embeddable":true,"href":"https:\/\/www.enzo-und-ferdinand.de\/index.php\/wp-json\/wp\/v2\/media\/6019"}],"wp:attachment":[{"href":"https:\/\/www.enzo-und-ferdinand.de\/index.php\/wp-json\/wp\/v2\/media?parent=6011"}],"wp:term":[{"taxonomy":"category","embeddable":true,"href":"https:\/\/www.enzo-und-ferdinand.de\/index.php\/wp-json\/wp\/v2\/categories?post=6011"},{"taxonomy":"post_tag","embeddable":true,"href":"https:\/\/www.enzo-und-ferdinand.de\/index.php\/wp-json\/wp\/v2\/tags?post=6011"}],"curies":[{"name":"wp","href":"https:\/\/api.w.org\/{rel}","templated":true}]}}