{"id":6273,"date":"2020-03-29T11:46:39","date_gmt":"2020-03-29T09:46:39","guid":{"rendered":"http:\/\/www.enzo-und-ferdinand.de\/?p=6273"},"modified":"2025-12-28T15:15:48","modified_gmt":"2025-12-28T14:15:48","slug":"ford-shelby-gr-1-concept-2004","status":"publish","type":"post","link":"https:\/\/www.enzo-und-ferdinand.de\/index.php\/2020\/03\/29\/ford-shelby-gr-1-concept-2004\/","title":{"rendered":"Ford Shelby GR-1 Concept (2004)"},"content":{"rendered":"\n<figure class=\"wp-block-image size-large\"><img loading=\"lazy\" decoding=\"async\" width=\"810\" height=\"456\" src=\"https:\/\/www.enzo-und-ferdinand.de\/wp-content\/uploads\/2020\/03\/2005-shelby-gr-1-concept-810x456.jpg\" alt=\"Ford Shelby GR-1\" class=\"wp-image-6278\" srcset=\"https:\/\/www.enzo-und-ferdinand.de\/wp-content\/uploads\/2020\/03\/2005-shelby-gr-1-concept-810x456.jpg 810w, https:\/\/www.enzo-und-ferdinand.de\/wp-content\/uploads\/2020\/03\/2005-shelby-gr-1-concept-300x169.jpg 300w, https:\/\/www.enzo-und-ferdinand.de\/wp-content\/uploads\/2020\/03\/2005-shelby-gr-1-concept-768x432.jpg 768w, https:\/\/www.enzo-und-ferdinand.de\/wp-content\/uploads\/2020\/03\/2005-shelby-gr-1-concept.jpg 1024w\" sizes=\"auto, (max-width: 810px) 100vw, 810px\" \/><\/figure>\n\n\n\n<p class=\"wp-block-paragraph\">Bei der 2004er Ausgabe des Concours d&#8217;Elegance von Pebble Beach in Kalifornien pr\u00e4sentierte Ford das Shelby GR-1 Concept, das von einem Designteam um George Saridakis unter dem Thema &#8222;performance art&#8220; entwickelt wurde. 42 Jahren zuvor hatten die Ford Motor Company und Caroll Shelby, Vater der legend\u00e4ren Cobras, ein Abkommen \u00fcber die Produktion von leistungsgesteigerten und sportlichen Fahrzeugen geschlossen. Ab da entwickelten die Partner immer wieder sportliche Derivate aus den Serienprodukten der Dearborner. Nicht zuletzt war der Rat von Carroll Shelby auch bei diversen Studien gefragt.<\/p>\n\n\n\n<p class=\"wp-block-paragraph\">Ein Ergebnis dieser Zusammenarbeit war der Ford Shelby GR-1, ist eine Hommage an die Rennsportwagen der sechziger Jahre. Eine hohe G\u00fcrtellinie, ein niedriges Dach, eine langezogene Motorhaube sowie ein Heck mit &#8222;Fastback&#8220;-Optik zelebrieren die Formen amerikanischer Sportwagen dieser Epoche.<\/p>\n\n\n\n<p class=\"wp-block-paragraph\">In der Front des Shelby-Coup\u00e9s befindet sich ein gro\u00dfer, dominanter Lufteinla\u00df mit einem so genannten &#8222;Air flow splitter&#8220;, der die K\u00fchlluft optimal verteilen soll und der zudem als markantes Designelement wirkt. Zwei gro\u00dfe Luftausl\u00e4sse sowie zwei &#8222;Powerdomes&#8220; auf der Motorhaube unterstreichen das leistungsbetonte Design des Vorderwagens.<\/p>\n\n\n\n<figure class=\"wp-block-image size-large\"><img loading=\"lazy\" decoding=\"async\" width=\"810\" height=\"456\" src=\"https:\/\/www.enzo-und-ferdinand.de\/wp-content\/uploads\/2020\/03\/2005-shelby-gr-1-concept-2-810x456.jpg\" alt=\"Ford Shelby GR-1\" class=\"wp-image-6276\" srcset=\"https:\/\/www.enzo-und-ferdinand.de\/wp-content\/uploads\/2020\/03\/2005-shelby-gr-1-concept-2-810x456.jpg 810w, https:\/\/www.enzo-und-ferdinand.de\/wp-content\/uploads\/2020\/03\/2005-shelby-gr-1-concept-2-300x169.jpg 300w, https:\/\/www.enzo-und-ferdinand.de\/wp-content\/uploads\/2020\/03\/2005-shelby-gr-1-concept-2-768x432.jpg 768w, https:\/\/www.enzo-und-ferdinand.de\/wp-content\/uploads\/2020\/03\/2005-shelby-gr-1-concept-2.jpg 1024w\" sizes=\"auto, (max-width: 810px) 100vw, 810px\" \/><\/figure>\n\n\n\n<p class=\"wp-block-paragraph\">In der Seitenansicht betont ein Mix von gro\u00dfdimensionierten Radhausern, kurzen \u00dcberh\u00e4ngen und einer hohen G\u00fcrtellinie die athletischen Talente des GR-1. Das niedrige Dach setzt einen Kontrapunkt zu den gro\u00dfdimensionierten, aber schlicht gezeichneten Aluminiumr\u00e4dern. Ansonsten wird mit Zierrat gespart: je ein Luftausla\u00df oberhalb und unterhalb der G\u00fcrtellinie im Vorderkotfl\u00fcgel und der Tankstutzen \u00fcber dem Hinterrad lockern die ansonsten strenge Linie auf. Die T\u00fcren sind vorne aufgeh\u00e4ngt und schwenken beim \u00d6ffnen nach oben.<\/p>\n\n\n\n<p class=\"wp-block-paragraph\">Schmale vertikale Heckleuchten strukturieren das (ausdr\u00fccklich so genannte) &#8222;Kamm&#8220;-Heck \u2013 eine kleine Verbeugung vor dem deutschen Erfinder dieses aerodynamisch optimierten Karosserie-Elements.<\/p>\n\n\n\n<p class=\"wp-block-paragraph\">Die technische Basis des Frontmotor-Coup\u00e9s entsprach dem auf der Detroit Motor Show 2004 gezeigten Shelby Cobra. F\u00fcr dieses Konzept wurden zwei Chassis auf der Basis von Ford GT-Komponenten gebaut, von denen nur eins mit einer Karosserie versehen wurde. Auf dem \u00fcbriggebliebenen Rahmen wurde jetzt der GR-1 aufgebaut, der damit nat\u00fcrlich auch \u00fcber das ausgezeichnete Leistungsverm\u00f6gen seines Genspenders verf\u00fcgt: Den Antrieb besorgt ein 6,4-Liter-V10 Motor, der 605 PS bei 6750 U\/min produziert, geschaltet wird mit einem Sechsganggetriebe, das zur besseren Gewichtsverteilung an der Hinterachse angebracht ist.<\/p>\n\n\n\n<figure class=\"wp-block-image size-large\"><img loading=\"lazy\" decoding=\"async\" width=\"810\" height=\"538\" src=\"https:\/\/www.enzo-und-ferdinand.de\/wp-content\/uploads\/2020\/03\/2004ford_shelby_gr-1_06-810x538.jpg\" alt=\"\" class=\"wp-image-6279\" srcset=\"https:\/\/www.enzo-und-ferdinand.de\/wp-content\/uploads\/2020\/03\/2004ford_shelby_gr-1_06-810x538.jpg 810w, https:\/\/www.enzo-und-ferdinand.de\/wp-content\/uploads\/2020\/03\/2004ford_shelby_gr-1_06-300x199.jpg 300w, https:\/\/www.enzo-und-ferdinand.de\/wp-content\/uploads\/2020\/03\/2004ford_shelby_gr-1_06-768x510.jpg 768w, https:\/\/www.enzo-und-ferdinand.de\/wp-content\/uploads\/2020\/03\/2004ford_shelby_gr-1_06-120x80.jpg 120w, https:\/\/www.enzo-und-ferdinand.de\/wp-content\/uploads\/2020\/03\/2004ford_shelby_gr-1_06.jpg 1024w\" sizes=\"auto, (max-width: 810px) 100vw, 810px\" \/><\/figure>\n\n\n\n<p class=\"has-text-align-right has-small-font-size wp-block-paragraph\">Fotos: Ford\/Text: Rainer Ro\u00dfbach<\/p>\n","protected":false},"excerpt":{"rendered":"<p>Bei der 2004er Ausgabe des Concours d&#8217;Elegance von Pebble Beach in Kalifornien pr\u00e4sentierte Ford das Shelby GR-1 Concept, das von einem Designteam um George Saridakis unter dem Thema &#8222;performance art&#8220; entwickelt wurde. 42 Jahren zuvor hatten die Ford Motor Company und Caroll Shelby, Vater der legend\u00e4ren Cobras, ein Abkommen \u00fcber die Produktion von leistungsgesteigerten und sportlichen Fahrzeugen geschlossen. <\/p>\n","protected":false},"author":1,"featured_media":6281,"comment_status":"closed","ping_status":"closed","sticky":false,"template":"","format":"standard","meta":{"_crdt_document":"","ngg_post_thumbnail":0,"footnotes":""},"categories":[282,23,24],"tags":[436,192,240],"class_list":["post-6273","post","type-post","status-publish","format-standard","has-post-thumbnail","hentry","category-americana","category-performance","category-unikate","tag-cobra","tag-ford","tag-shelby"],"yoast_head":"<!-- This site is optimized with the Yoast SEO plugin v27.5 - https:\/\/yoast.com\/product\/yoast-seo-wordpress\/ -->\n<title>Ford Shelby GR-1 Concept (2004)<\/title>\n<meta name=\"description\" content=\"Entdecke Artikel im Bereich bei Enzo &amp; Ferdinand. Aktuelle News, Hintergr\u00fcnde und Technik aus der Welt exklusiver Automobile.\" \/>\n<meta name=\"robots\" content=\"index, follow, max-snippet:-1, max-image-preview:large, max-video-preview:-1\" \/>\n<link rel=\"canonical\" href=\"https:\/\/www.enzo-und-ferdinand.de\/index.php\/2020\/03\/29\/ford-shelby-gr-1-concept-2004\/\" \/>\n<meta property=\"og:locale\" content=\"de_DE\" \/>\n<meta property=\"og:type\" content=\"article\" \/>\n<meta property=\"og:title\" content=\"Ford Shelby GR-1 Concept (2004)\" \/>\n<meta property=\"og:description\" content=\"Entdecke Artikel im Bereich bei Enzo &amp; Ferdinand. Aktuelle News, Hintergr\u00fcnde und Technik aus der Welt exklusiver Automobile.\" \/>\n<meta property=\"og:url\" content=\"https:\/\/www.enzo-und-ferdinand.de\/index.php\/2020\/03\/29\/ford-shelby-gr-1-concept-2004\/\" \/>\n<meta property=\"og:site_name\" content=\"enzo &amp; Ferdinand\" \/>\n<meta property=\"article:published_time\" content=\"2020-03-29T09:46:39+00:00\" \/>\n<meta property=\"article:modified_time\" content=\"2025-12-28T14:15:48+00:00\" \/>\n<meta property=\"og:image\" content=\"https:\/\/www.enzo-und-ferdinand.de\/wp-content\/uploads\/2020\/03\/2005-shelby-gr-1-concept-3.jpg\" \/>\n\t<meta property=\"og:image:width\" content=\"1024\" \/>\n\t<meta property=\"og:image:height\" content=\"683\" \/>\n\t<meta property=\"og:image:type\" content=\"image\/jpeg\" \/>\n<meta name=\"author\" content=\"Rainer Ro\u00dfbach\" \/>\n<meta name=\"twitter:card\" content=\"summary_large_image\" \/>\n<meta name=\"twitter:label1\" content=\"Verfasst von\" \/>\n\t<meta name=\"twitter:data1\" content=\"Rainer Ro\u00dfbach\" \/>\n\t<meta name=\"twitter:label2\" content=\"Gesch\u00e4tzte Lesezeit\" \/>\n\t<meta name=\"twitter:data2\" content=\"3\u00a0Minuten\" \/>\n<script type=\"application\/ld+json\" class=\"yoast-schema-graph\">{\"@context\":\"https:\\\/\\\/schema.org\",\"@graph\":[{\"@type\":\"Article\",\"@id\":\"https:\\\/\\\/www.enzo-und-ferdinand.de\\\/index.php\\\/2020\\\/03\\\/29\\\/ford-shelby-gr-1-concept-2004\\\/#article\",\"isPartOf\":{\"@id\":\"https:\\\/\\\/www.enzo-und-ferdinand.de\\\/index.php\\\/2020\\\/03\\\/29\\\/ford-shelby-gr-1-concept-2004\\\/\"},\"author\":{\"name\":\"Rainer Ro\u00dfbach\",\"@id\":\"https:\\\/\\\/www.enzo-und-ferdinand.de\\\/#\\\/schema\\\/person\\\/aff2eb9ff87705987c1b9d21fe10b095\"},\"headline\":\"Ford Shelby GR-1 Concept (2004)\",\"datePublished\":\"2020-03-29T09:46:39+00:00\",\"dateModified\":\"2025-12-28T14:15:48+00:00\",\"mainEntityOfPage\":{\"@id\":\"https:\\\/\\\/www.enzo-und-ferdinand.de\\\/index.php\\\/2020\\\/03\\\/29\\\/ford-shelby-gr-1-concept-2004\\\/\"},\"wordCount\":379,\"publisher\":{\"@id\":\"https:\\\/\\\/www.enzo-und-ferdinand.de\\\/#organization\"},\"image\":{\"@id\":\"https:\\\/\\\/www.enzo-und-ferdinand.de\\\/index.php\\\/2020\\\/03\\\/29\\\/ford-shelby-gr-1-concept-2004\\\/#primaryimage\"},\"thumbnailUrl\":\"https:\\\/\\\/www.enzo-und-ferdinand.de\\\/wp-content\\\/uploads\\\/2020\\\/03\\\/2005-shelby-gr-1-concept-3.jpg\",\"keywords\":[\"Cobra\",\"Ford\",\"Shelby\"],\"articleSection\":[\"Americana\",\"Performance\",\"Unikate\"],\"inLanguage\":\"de\"},{\"@type\":\"WebPage\",\"@id\":\"https:\\\/\\\/www.enzo-und-ferdinand.de\\\/index.php\\\/2020\\\/03\\\/29\\\/ford-shelby-gr-1-concept-2004\\\/\",\"url\":\"https:\\\/\\\/www.enzo-und-ferdinand.de\\\/index.php\\\/2020\\\/03\\\/29\\\/ford-shelby-gr-1-concept-2004\\\/\",\"name\":\"Ford Shelby GR-1 Concept (2004)\",\"isPartOf\":{\"@id\":\"https:\\\/\\\/www.enzo-und-ferdinand.de\\\/#website\"},\"primaryImageOfPage\":{\"@id\":\"https:\\\/\\\/www.enzo-und-ferdinand.de\\\/index.php\\\/2020\\\/03\\\/29\\\/ford-shelby-gr-1-concept-2004\\\/#primaryimage\"},\"image\":{\"@id\":\"https:\\\/\\\/www.enzo-und-ferdinand.de\\\/index.php\\\/2020\\\/03\\\/29\\\/ford-shelby-gr-1-concept-2004\\\/#primaryimage\"},\"thumbnailUrl\":\"https:\\\/\\\/www.enzo-und-ferdinand.de\\\/wp-content\\\/uploads\\\/2020\\\/03\\\/2005-shelby-gr-1-concept-3.jpg\",\"datePublished\":\"2020-03-29T09:46:39+00:00\",\"dateModified\":\"2025-12-28T14:15:48+00:00\",\"description\":\"Entdecke Artikel im Bereich bei Enzo & Ferdinand. Aktuelle News, Hintergr\u00fcnde und Technik aus der Welt exklusiver Automobile.\",\"breadcrumb\":{\"@id\":\"https:\\\/\\\/www.enzo-und-ferdinand.de\\\/index.php\\\/2020\\\/03\\\/29\\\/ford-shelby-gr-1-concept-2004\\\/#breadcrumb\"},\"inLanguage\":\"de\",\"potentialAction\":[{\"@type\":\"ReadAction\",\"target\":[\"https:\\\/\\\/www.enzo-und-ferdinand.de\\\/index.php\\\/2020\\\/03\\\/29\\\/ford-shelby-gr-1-concept-2004\\\/\"]}]},{\"@type\":\"ImageObject\",\"inLanguage\":\"de\",\"@id\":\"https:\\\/\\\/www.enzo-und-ferdinand.de\\\/index.php\\\/2020\\\/03\\\/29\\\/ford-shelby-gr-1-concept-2004\\\/#primaryimage\",\"url\":\"https:\\\/\\\/www.enzo-und-ferdinand.de\\\/wp-content\\\/uploads\\\/2020\\\/03\\\/2005-shelby-gr-1-concept-3.jpg\",\"contentUrl\":\"https:\\\/\\\/www.enzo-und-ferdinand.de\\\/wp-content\\\/uploads\\\/2020\\\/03\\\/2005-shelby-gr-1-concept-3.jpg\",\"width\":1024,\"height\":683,\"caption\":\"Ford Shelby GR-1\"},{\"@type\":\"BreadcrumbList\",\"@id\":\"https:\\\/\\\/www.enzo-und-ferdinand.de\\\/index.php\\\/2020\\\/03\\\/29\\\/ford-shelby-gr-1-concept-2004\\\/#breadcrumb\",\"itemListElement\":[{\"@type\":\"ListItem\",\"position\":1,\"name\":\"Startseite\",\"item\":\"https:\\\/\\\/www.enzo-und-ferdinand.de\\\/\"},{\"@type\":\"ListItem\",\"position\":2,\"name\":\"Ford Shelby GR-1 Concept (2004)\"}]},{\"@type\":\"WebSite\",\"@id\":\"https:\\\/\\\/www.enzo-und-ferdinand.de\\\/#website\",\"url\":\"https:\\\/\\\/www.enzo-und-ferdinand.de\\\/\",\"name\":\"enzo & Ferdinand\",\"description\":\"\",\"publisher\":{\"@id\":\"https:\\\/\\\/www.enzo-und-ferdinand.de\\\/#organization\"},\"potentialAction\":[{\"@type\":\"SearchAction\",\"target\":{\"@type\":\"EntryPoint\",\"urlTemplate\":\"https:\\\/\\\/www.enzo-und-ferdinand.de\\\/?s={search_term_string}\"},\"query-input\":{\"@type\":\"PropertyValueSpecification\",\"valueRequired\":true,\"valueName\":\"search_term_string\"}}],\"inLanguage\":\"de\"},{\"@type\":\"Organization\",\"@id\":\"https:\\\/\\\/www.enzo-und-ferdinand.de\\\/#organization\",\"name\":\"enzo & Ferdinand\",\"url\":\"https:\\\/\\\/www.enzo-und-ferdinand.de\\\/\",\"logo\":{\"@type\":\"ImageObject\",\"inLanguage\":\"de\",\"@id\":\"https:\\\/\\\/www.enzo-und-ferdinand.de\\\/#\\\/schema\\\/logo\\\/image\\\/\",\"url\":\"https:\\\/\\\/www.enzo-und-ferdinand.de\\\/wp-content\\\/uploads\\\/2018\\\/12\\\/revvvs-icon.png\",\"contentUrl\":\"https:\\\/\\\/www.enzo-und-ferdinand.de\\\/wp-content\\\/uploads\\\/2018\\\/12\\\/revvvs-icon.png\",\"width\":512,\"height\":512,\"caption\":\"enzo & Ferdinand\"},\"image\":{\"@id\":\"https:\\\/\\\/www.enzo-und-ferdinand.de\\\/#\\\/schema\\\/logo\\\/image\\\/\"}},{\"@type\":\"Person\",\"@id\":\"https:\\\/\\\/www.enzo-und-ferdinand.de\\\/#\\\/schema\\\/person\\\/aff2eb9ff87705987c1b9d21fe10b095\",\"name\":\"Rainer Ro\u00dfbach\",\"image\":{\"@type\":\"ImageObject\",\"inLanguage\":\"de\",\"@id\":\"https:\\\/\\\/www.enzo-und-ferdinand.de\\\/wp-content\\\/uploads\\\/2026\\\/01\\\/Rainer-Rossbach-150x150.jpg\",\"url\":\"https:\\\/\\\/www.enzo-und-ferdinand.de\\\/wp-content\\\/uploads\\\/2026\\\/01\\\/Rainer-Rossbach-150x150.jpg\",\"contentUrl\":\"https:\\\/\\\/www.enzo-und-ferdinand.de\\\/wp-content\\\/uploads\\\/2026\\\/01\\\/Rainer-Rossbach-150x150.jpg\",\"caption\":\"Rainer Ro\u00dfbach\"},\"url\":\"https:\\\/\\\/www.enzo-und-ferdinand.de\\\/index.php\\\/author\\\/redaktion\\\/\"}]}<\/script>\n<!-- \/ Yoast SEO plugin. -->","yoast_head_json":{"title":"Ford Shelby GR-1 Concept (2004)","description":"Entdecke Artikel im Bereich bei Enzo & Ferdinand. Aktuelle News, Hintergr\u00fcnde und Technik aus der Welt exklusiver Automobile.","robots":{"index":"index","follow":"follow","max-snippet":"max-snippet:-1","max-image-preview":"max-image-preview:large","max-video-preview":"max-video-preview:-1"},"canonical":"https:\/\/www.enzo-und-ferdinand.de\/index.php\/2020\/03\/29\/ford-shelby-gr-1-concept-2004\/","og_locale":"de_DE","og_type":"article","og_title":"Ford Shelby GR-1 Concept (2004)","og_description":"Entdecke Artikel im Bereich bei Enzo & Ferdinand. Aktuelle News, Hintergr\u00fcnde und Technik aus der Welt exklusiver Automobile.","og_url":"https:\/\/www.enzo-und-ferdinand.de\/index.php\/2020\/03\/29\/ford-shelby-gr-1-concept-2004\/","og_site_name":"enzo &amp; Ferdinand","article_published_time":"2020-03-29T09:46:39+00:00","article_modified_time":"2025-12-28T14:15:48+00:00","og_image":[{"width":1024,"height":683,"url":"https:\/\/www.enzo-und-ferdinand.de\/wp-content\/uploads\/2020\/03\/2005-shelby-gr-1-concept-3.jpg","type":"image\/jpeg"}],"author":"Rainer Ro\u00dfbach","twitter_card":"summary_large_image","twitter_misc":{"Verfasst von":"Rainer Ro\u00dfbach","Gesch\u00e4tzte Lesezeit":"3\u00a0Minuten"},"schema":{"@context":"https:\/\/schema.org","@graph":[{"@type":"Article","@id":"https:\/\/www.enzo-und-ferdinand.de\/index.php\/2020\/03\/29\/ford-shelby-gr-1-concept-2004\/#article","isPartOf":{"@id":"https:\/\/www.enzo-und-ferdinand.de\/index.php\/2020\/03\/29\/ford-shelby-gr-1-concept-2004\/"},"author":{"name":"Rainer Ro\u00dfbach","@id":"https:\/\/www.enzo-und-ferdinand.de\/#\/schema\/person\/aff2eb9ff87705987c1b9d21fe10b095"},"headline":"Ford Shelby GR-1 Concept (2004)","datePublished":"2020-03-29T09:46:39+00:00","dateModified":"2025-12-28T14:15:48+00:00","mainEntityOfPage":{"@id":"https:\/\/www.enzo-und-ferdinand.de\/index.php\/2020\/03\/29\/ford-shelby-gr-1-concept-2004\/"},"wordCount":379,"publisher":{"@id":"https:\/\/www.enzo-und-ferdinand.de\/#organization"},"image":{"@id":"https:\/\/www.enzo-und-ferdinand.de\/index.php\/2020\/03\/29\/ford-shelby-gr-1-concept-2004\/#primaryimage"},"thumbnailUrl":"https:\/\/www.enzo-und-ferdinand.de\/wp-content\/uploads\/2020\/03\/2005-shelby-gr-1-concept-3.jpg","keywords":["Cobra","Ford","Shelby"],"articleSection":["Americana","Performance","Unikate"],"inLanguage":"de"},{"@type":"WebPage","@id":"https:\/\/www.enzo-und-ferdinand.de\/index.php\/2020\/03\/29\/ford-shelby-gr-1-concept-2004\/","url":"https:\/\/www.enzo-und-ferdinand.de\/index.php\/2020\/03\/29\/ford-shelby-gr-1-concept-2004\/","name":"Ford Shelby GR-1 Concept (2004)","isPartOf":{"@id":"https:\/\/www.enzo-und-ferdinand.de\/#website"},"primaryImageOfPage":{"@id":"https:\/\/www.enzo-und-ferdinand.de\/index.php\/2020\/03\/29\/ford-shelby-gr-1-concept-2004\/#primaryimage"},"image":{"@id":"https:\/\/www.enzo-und-ferdinand.de\/index.php\/2020\/03\/29\/ford-shelby-gr-1-concept-2004\/#primaryimage"},"thumbnailUrl":"https:\/\/www.enzo-und-ferdinand.de\/wp-content\/uploads\/2020\/03\/2005-shelby-gr-1-concept-3.jpg","datePublished":"2020-03-29T09:46:39+00:00","dateModified":"2025-12-28T14:15:48+00:00","description":"Entdecke Artikel im Bereich bei Enzo & Ferdinand. Aktuelle News, Hintergr\u00fcnde und Technik aus der Welt exklusiver Automobile.","breadcrumb":{"@id":"https:\/\/www.enzo-und-ferdinand.de\/index.php\/2020\/03\/29\/ford-shelby-gr-1-concept-2004\/#breadcrumb"},"inLanguage":"de","potentialAction":[{"@type":"ReadAction","target":["https:\/\/www.enzo-und-ferdinand.de\/index.php\/2020\/03\/29\/ford-shelby-gr-1-concept-2004\/"]}]},{"@type":"ImageObject","inLanguage":"de","@id":"https:\/\/www.enzo-und-ferdinand.de\/index.php\/2020\/03\/29\/ford-shelby-gr-1-concept-2004\/#primaryimage","url":"https:\/\/www.enzo-und-ferdinand.de\/wp-content\/uploads\/2020\/03\/2005-shelby-gr-1-concept-3.jpg","contentUrl":"https:\/\/www.enzo-und-ferdinand.de\/wp-content\/uploads\/2020\/03\/2005-shelby-gr-1-concept-3.jpg","width":1024,"height":683,"caption":"Ford Shelby GR-1"},{"@type":"BreadcrumbList","@id":"https:\/\/www.enzo-und-ferdinand.de\/index.php\/2020\/03\/29\/ford-shelby-gr-1-concept-2004\/#breadcrumb","itemListElement":[{"@type":"ListItem","position":1,"name":"Startseite","item":"https:\/\/www.enzo-und-ferdinand.de\/"},{"@type":"ListItem","position":2,"name":"Ford Shelby GR-1 Concept (2004)"}]},{"@type":"WebSite","@id":"https:\/\/www.enzo-und-ferdinand.de\/#website","url":"https:\/\/www.enzo-und-ferdinand.de\/","name":"enzo & Ferdinand","description":"","publisher":{"@id":"https:\/\/www.enzo-und-ferdinand.de\/#organization"},"potentialAction":[{"@type":"SearchAction","target":{"@type":"EntryPoint","urlTemplate":"https:\/\/www.enzo-und-ferdinand.de\/?s={search_term_string}"},"query-input":{"@type":"PropertyValueSpecification","valueRequired":true,"valueName":"search_term_string"}}],"inLanguage":"de"},{"@type":"Organization","@id":"https:\/\/www.enzo-und-ferdinand.de\/#organization","name":"enzo & Ferdinand","url":"https:\/\/www.enzo-und-ferdinand.de\/","logo":{"@type":"ImageObject","inLanguage":"de","@id":"https:\/\/www.enzo-und-ferdinand.de\/#\/schema\/logo\/image\/","url":"https:\/\/www.enzo-und-ferdinand.de\/wp-content\/uploads\/2018\/12\/revvvs-icon.png","contentUrl":"https:\/\/www.enzo-und-ferdinand.de\/wp-content\/uploads\/2018\/12\/revvvs-icon.png","width":512,"height":512,"caption":"enzo & Ferdinand"},"image":{"@id":"https:\/\/www.enzo-und-ferdinand.de\/#\/schema\/logo\/image\/"}},{"@type":"Person","@id":"https:\/\/www.enzo-und-ferdinand.de\/#\/schema\/person\/aff2eb9ff87705987c1b9d21fe10b095","name":"Rainer Ro\u00dfbach","image":{"@type":"ImageObject","inLanguage":"de","@id":"https:\/\/www.enzo-und-ferdinand.de\/wp-content\/uploads\/2026\/01\/Rainer-Rossbach-150x150.jpg","url":"https:\/\/www.enzo-und-ferdinand.de\/wp-content\/uploads\/2026\/01\/Rainer-Rossbach-150x150.jpg","contentUrl":"https:\/\/www.enzo-und-ferdinand.de\/wp-content\/uploads\/2026\/01\/Rainer-Rossbach-150x150.jpg","caption":"Rainer Ro\u00dfbach"},"url":"https:\/\/www.enzo-und-ferdinand.de\/index.php\/author\/redaktion\/"}]}},"_links":{"self":[{"href":"https:\/\/www.enzo-und-ferdinand.de\/index.php\/wp-json\/wp\/v2\/posts\/6273","targetHints":{"allow":["GET"]}}],"collection":[{"href":"https:\/\/www.enzo-und-ferdinand.de\/index.php\/wp-json\/wp\/v2\/posts"}],"about":[{"href":"https:\/\/www.enzo-und-ferdinand.de\/index.php\/wp-json\/wp\/v2\/types\/post"}],"author":[{"embeddable":true,"href":"https:\/\/www.enzo-und-ferdinand.de\/index.php\/wp-json\/wp\/v2\/users\/1"}],"replies":[{"embeddable":true,"href":"https:\/\/www.enzo-und-ferdinand.de\/index.php\/wp-json\/wp\/v2\/comments?post=6273"}],"version-history":[{"count":3,"href":"https:\/\/www.enzo-und-ferdinand.de\/index.php\/wp-json\/wp\/v2\/posts\/6273\/revisions"}],"predecessor-version":[{"id":6280,"href":"https:\/\/www.enzo-und-ferdinand.de\/index.php\/wp-json\/wp\/v2\/posts\/6273\/revisions\/6280"}],"wp:featuredmedia":[{"embeddable":true,"href":"https:\/\/www.enzo-und-ferdinand.de\/index.php\/wp-json\/wp\/v2\/media\/6281"}],"wp:attachment":[{"href":"https:\/\/www.enzo-und-ferdinand.de\/index.php\/wp-json\/wp\/v2\/media?parent=6273"}],"wp:term":[{"taxonomy":"category","embeddable":true,"href":"https:\/\/www.enzo-und-ferdinand.de\/index.php\/wp-json\/wp\/v2\/categories?post=6273"},{"taxonomy":"post_tag","embeddable":true,"href":"https:\/\/www.enzo-und-ferdinand.de\/index.php\/wp-json\/wp\/v2\/tags?post=6273"}],"curies":[{"name":"wp","href":"https:\/\/api.w.org\/{rel}","templated":true}]}}