{"id":6421,"date":"2020-07-22T11:48:26","date_gmt":"2020-07-22T09:48:26","guid":{"rendered":"http:\/\/www.enzo-und-ferdinand.de\/?p=6421"},"modified":"2025-12-28T15:46:35","modified_gmt":"2025-12-28T14:46:35","slug":"mercedes-amg-gt-black-series","status":"publish","type":"post","link":"https:\/\/www.enzo-und-ferdinand.de\/index.php\/2020\/07\/22\/mercedes-amg-gt-black-series\/","title":{"rendered":"Mercedes AMG GT \u201eBlack Series\u201c"},"content":{"rendered":"\n<figure class=\"wp-block-image size-large\"><img loading=\"lazy\" decoding=\"async\" width=\"810\" height=\"540\" src=\"https:\/\/www.enzo-und-ferdinand.de\/wp-content\/uploads\/2020\/07\/20C0259_080-810x540.jpg\" alt=\"Mercedes AMG GT \u201eBlack Series\u201c\" class=\"wp-image-6426\" srcset=\"https:\/\/www.enzo-und-ferdinand.de\/wp-content\/uploads\/2020\/07\/20C0259_080-810x540.jpg 810w, https:\/\/www.enzo-und-ferdinand.de\/wp-content\/uploads\/2020\/07\/20C0259_080-300x200.jpg 300w, https:\/\/www.enzo-und-ferdinand.de\/wp-content\/uploads\/2020\/07\/20C0259_080-768x512.jpg 768w, https:\/\/www.enzo-und-ferdinand.de\/wp-content\/uploads\/2020\/07\/20C0259_080-120x80.jpg 120w, https:\/\/www.enzo-und-ferdinand.de\/wp-content\/uploads\/2020\/07\/20C0259_080.jpg 1024w\" sizes=\"auto, (max-width: 810px) 100vw, 810px\" \/><\/figure>\n\n\n\n<p class=\"wp-block-paragraph\">Der neue GT \u201eBlack Series\u201c-GT ist das sportliche Top-Modell der Baureihe. Der Vierliter-Achtzylinder ist gr\u00fcndlich renoviert worden und leistet jetzt 730 PS bei einem maximalen Drehmoment von 800 Newtonmetern zwischen 2000 und 6000 Umdrehungen.<\/p>\n\n\n\n<p class=\"wp-block-paragraph\">Zur Leistungssteigerung des Biturbomotors waren grundlegende Eingriffe erforderlich. Unter anderem ist das Aggregat mit einer flachen Kurbelwelle versehen, die den Gaswechsel beschleunigt und das Ansprechverhalten verbessert. Neue Nockenwellen und Abgaskr\u00fcmmer verbessern ihrerseits den Gaswechsel. Zudem sind die Lader mit einem gr\u00f6\u00dferen Verdichterrad best\u00fcckt. Eine Keramik-Hochleistungs-Verbundbremsanlage sorgt f\u00fcr Verz\u00f6gerung.<\/p>\n\n\n\n<figure class=\"wp-block-image size-large\"><img loading=\"lazy\" decoding=\"async\" width=\"810\" height=\"540\" src=\"https:\/\/www.enzo-und-ferdinand.de\/wp-content\/uploads\/2020\/07\/20C0259_146-810x540.jpg\" alt=\"Mercedes AMG GT \u201eBlack Series\u201c\" class=\"wp-image-6427\" srcset=\"https:\/\/www.enzo-und-ferdinand.de\/wp-content\/uploads\/2020\/07\/20C0259_146-810x540.jpg 810w, https:\/\/www.enzo-und-ferdinand.de\/wp-content\/uploads\/2020\/07\/20C0259_146-300x200.jpg 300w, https:\/\/www.enzo-und-ferdinand.de\/wp-content\/uploads\/2020\/07\/20C0259_146-768x512.jpg 768w, https:\/\/www.enzo-und-ferdinand.de\/wp-content\/uploads\/2020\/07\/20C0259_146-120x80.jpg 120w, https:\/\/www.enzo-und-ferdinand.de\/wp-content\/uploads\/2020\/07\/20C0259_146.jpg 1024w\" sizes=\"auto, (max-width: 810px) 100vw, 810px\" \/><\/figure>\n\n\n\n<p class=\"wp-block-paragraph\">Der Unterboden ist gro\u00dffl\u00e4chig verkleidet. Neu gestaltete L\u00e4ngsfinnen und ein neugeformter Heckdiffusor vergr\u00f6\u00dfern die Unterdruckfl\u00e4che am Unterboden und damit auch den Abtrieb. Auch ein neuer Doppel-Heckfl\u00fcgel aus Carbon erh\u00f6ht den mechanischen Grip.<\/p>\n\n\n\n<p class=\"wp-block-paragraph\">Damit katapultiert sich der Supersportler in eine neue Dimension. In 3,2 sind die 100 Stundenkilometer erreicht und bis zur 200-Stundenkilometermarke braucht der potente GT knapp neun Sekunden. Die H\u00f6chstgeschwindigkeit betr\u00e4gt 325 km\/h. Ein Siebengang-Doppelkupplungsgetriebe sorgt f\u00fcr die Kraft\u00fcbertragung.&nbsp;<\/p>\n\n\n\n<p class=\"wp-block-paragraph\">Optisch Optisch unterscheidet sich der Zweisitzer unter anderem durch eine gr\u00f6\u00dfere K\u00fchlerverkleidung mit vertikalen Chromstreben im GT-3-Stil. Der Preis d\u00fcrfte deutlich \u00fcber dem des bisherigen Top-Modell GT R Pro mit 585 PS liegen, das ab rund 210.000 Euro zu haben war.<\/p>\n\n\n\n<figure class=\"wp-block-gallery has-nested-images columns-2 is-cropped wp-block-gallery-1 is-layout-flex wp-block-gallery-is-layout-flex\">\n<figure class=\"wp-block-image size-large\"><img loading=\"lazy\" decoding=\"async\" width=\"810\" height=\"540\" data-id=\"6429\" src=\"https:\/\/www.enzo-und-ferdinand.de\/wp-content\/uploads\/2020\/07\/20C0259_158-810x540.jpg\" alt=\"Mercedes AMG GT \u201eBlack Series\u201c\" class=\"wp-image-6429\" srcset=\"https:\/\/www.enzo-und-ferdinand.de\/wp-content\/uploads\/2020\/07\/20C0259_158-810x540.jpg 810w, https:\/\/www.enzo-und-ferdinand.de\/wp-content\/uploads\/2020\/07\/20C0259_158-300x200.jpg 300w, https:\/\/www.enzo-und-ferdinand.de\/wp-content\/uploads\/2020\/07\/20C0259_158-768x512.jpg 768w, https:\/\/www.enzo-und-ferdinand.de\/wp-content\/uploads\/2020\/07\/20C0259_158-120x80.jpg 120w, https:\/\/www.enzo-und-ferdinand.de\/wp-content\/uploads\/2020\/07\/20C0259_158.jpg 1024w\" sizes=\"auto, (max-width: 810px) 100vw, 810px\" \/><\/figure>\n\n\n\n<figure class=\"wp-block-image size-large\"><img loading=\"lazy\" decoding=\"async\" width=\"810\" height=\"540\" data-id=\"6428\" src=\"https:\/\/www.enzo-und-ferdinand.de\/wp-content\/uploads\/2020\/07\/20C0259_156-810x540.jpg\" alt=\"Mercedes AMG GT \u201eBlack Series\u201c\" class=\"wp-image-6428\" srcset=\"https:\/\/www.enzo-und-ferdinand.de\/wp-content\/uploads\/2020\/07\/20C0259_156-810x540.jpg 810w, https:\/\/www.enzo-und-ferdinand.de\/wp-content\/uploads\/2020\/07\/20C0259_156-300x200.jpg 300w, https:\/\/www.enzo-und-ferdinand.de\/wp-content\/uploads\/2020\/07\/20C0259_156-768x512.jpg 768w, https:\/\/www.enzo-und-ferdinand.de\/wp-content\/uploads\/2020\/07\/20C0259_156-120x80.jpg 120w, https:\/\/www.enzo-und-ferdinand.de\/wp-content\/uploads\/2020\/07\/20C0259_156.jpg 1024w\" sizes=\"auto, (max-width: 810px) 100vw, 810px\" \/><\/figure>\n\n\n\n<figure class=\"wp-block-image size-large\"><img loading=\"lazy\" decoding=\"async\" width=\"810\" height=\"540\" data-id=\"6424\" src=\"https:\/\/www.enzo-und-ferdinand.de\/wp-content\/uploads\/2020\/07\/20C0259_010-810x540.jpg\" alt=\"Mercedes AMG GT \u201eBlack Series\u201c\" class=\"wp-image-6424\" srcset=\"https:\/\/www.enzo-und-ferdinand.de\/wp-content\/uploads\/2020\/07\/20C0259_010-810x540.jpg 810w, https:\/\/www.enzo-und-ferdinand.de\/wp-content\/uploads\/2020\/07\/20C0259_010-300x200.jpg 300w, https:\/\/www.enzo-und-ferdinand.de\/wp-content\/uploads\/2020\/07\/20C0259_010-768x512.jpg 768w, https:\/\/www.enzo-und-ferdinand.de\/wp-content\/uploads\/2020\/07\/20C0259_010-120x80.jpg 120w, https:\/\/www.enzo-und-ferdinand.de\/wp-content\/uploads\/2020\/07\/20C0259_010.jpg 1024w\" sizes=\"auto, (max-width: 810px) 100vw, 810px\" \/><\/figure>\n\n\n\n<figure class=\"wp-block-image size-large\"><img loading=\"lazy\" decoding=\"async\" width=\"810\" height=\"540\" data-id=\"6423\" src=\"https:\/\/www.enzo-und-ferdinand.de\/wp-content\/uploads\/2020\/07\/20C0259_009-810x540.jpg\" alt=\"Mercedes AMG GT \u201eBlack Series\u201c\" class=\"wp-image-6423\" srcset=\"https:\/\/www.enzo-und-ferdinand.de\/wp-content\/uploads\/2020\/07\/20C0259_009-810x540.jpg 810w, https:\/\/www.enzo-und-ferdinand.de\/wp-content\/uploads\/2020\/07\/20C0259_009-300x200.jpg 300w, https:\/\/www.enzo-und-ferdinand.de\/wp-content\/uploads\/2020\/07\/20C0259_009-768x512.jpg 768w, https:\/\/www.enzo-und-ferdinand.de\/wp-content\/uploads\/2020\/07\/20C0259_009-120x80.jpg 120w, https:\/\/www.enzo-und-ferdinand.de\/wp-content\/uploads\/2020\/07\/20C0259_009.jpg 1024w\" sizes=\"auto, (max-width: 810px) 100vw, 810px\" \/><\/figure>\n<\/figure>\n\n\n\n<p class=\"has-text-align-right has-small-font-size wp-block-paragraph\">Fotos: Mercedes-Benz AMG\/Text: Rainer Ro\u00dfbach<\/p>\n","protected":false},"excerpt":{"rendered":"<p>Der neue GT \u201eBlack Series\u201c-GT ist das sportliche Top-Modell der Baureihe. Der Vierliter-Achtzylinder ist gr\u00fcndlich renoviert worden und leistet jetzt 730 PS bei einem maximalen Drehmoment von 800 Newtonmetern zwischen 2000 und 6000 Umdrehungen.<br \/>\nZur Leistungssteigerung des Biturbomotors waren grundlegende Eingriffe erforderlich. Unter anderem ist das Aggregat mit einer flachen Kurbelwelle versehen, die den Gaswechsel beschleunigt und das Ansprechverhalten verbessert. <\/p>\n","protected":false},"author":1,"featured_media":6425,"comment_status":"closed","ping_status":"closed","sticky":false,"template":"","format":"standard","meta":{"_crdt_document":"","ngg_post_thumbnail":0,"footnotes":""},"categories":[45,23],"tags":[206,451,207],"class_list":["post-6421","post","type-post","status-publish","format-standard","has-post-thumbnail","hentry","category-neues","category-performance","tag-amg","tag-mercedes-amg-gt-black-series","tag-mercedes-benz"],"yoast_head":"<!-- This site is optimized with the Yoast SEO plugin v27.5 - https:\/\/yoast.com\/product\/yoast-seo-wordpress\/ -->\n<title>Mercedes AMG GT \u201eBlack Series\u201c<\/title>\n<meta name=\"description\" content=\"Mercedes AMG GT \u201eBlack Series\u201c\" \/>\n<meta name=\"robots\" content=\"index, follow, max-snippet:-1, max-image-preview:large, max-video-preview:-1\" \/>\n<link rel=\"canonical\" href=\"https:\/\/www.enzo-und-ferdinand.de\/index.php\/2020\/07\/22\/mercedes-amg-gt-black-series\/\" \/>\n<meta property=\"og:locale\" content=\"de_DE\" \/>\n<meta property=\"og:type\" content=\"article\" \/>\n<meta property=\"og:title\" content=\"Mercedes AMG GT \u201eBlack Series\u201c\" \/>\n<meta property=\"og:description\" content=\"Mercedes AMG GT \u201eBlack Series\u201c\" \/>\n<meta property=\"og:url\" content=\"https:\/\/www.enzo-und-ferdinand.de\/index.php\/2020\/07\/22\/mercedes-amg-gt-black-series\/\" \/>\n<meta property=\"og:site_name\" content=\"enzo &amp; Ferdinand\" \/>\n<meta property=\"article:published_time\" content=\"2020-07-22T09:48:26+00:00\" \/>\n<meta property=\"article:modified_time\" content=\"2025-12-28T14:46:35+00:00\" \/>\n<meta property=\"og:image\" content=\"https:\/\/www.enzo-und-ferdinand.de\/wp-content\/uploads\/2020\/07\/20C0259_033.jpg\" \/>\n\t<meta property=\"og:image:width\" content=\"1024\" \/>\n\t<meta property=\"og:image:height\" content=\"683\" \/>\n\t<meta property=\"og:image:type\" content=\"image\/jpeg\" \/>\n<meta name=\"author\" content=\"Rainer Ro\u00dfbach\" \/>\n<meta name=\"twitter:card\" content=\"summary_large_image\" \/>\n<meta name=\"twitter:label1\" content=\"Verfasst von\" \/>\n\t<meta name=\"twitter:data1\" content=\"Rainer Ro\u00dfbach\" \/>\n\t<meta name=\"twitter:label2\" content=\"Gesch\u00e4tzte Lesezeit\" \/>\n\t<meta name=\"twitter:data2\" content=\"3\u00a0Minuten\" \/>\n<script type=\"application\/ld+json\" class=\"yoast-schema-graph\">{\"@context\":\"https:\\\/\\\/schema.org\",\"@graph\":[{\"@type\":\"Article\",\"@id\":\"https:\\\/\\\/www.enzo-und-ferdinand.de\\\/index.php\\\/2020\\\/07\\\/22\\\/mercedes-amg-gt-black-series\\\/#article\",\"isPartOf\":{\"@id\":\"https:\\\/\\\/www.enzo-und-ferdinand.de\\\/index.php\\\/2020\\\/07\\\/22\\\/mercedes-amg-gt-black-series\\\/\"},\"author\":{\"name\":\"Rainer Ro\u00dfbach\",\"@id\":\"https:\\\/\\\/www.enzo-und-ferdinand.de\\\/#\\\/schema\\\/person\\\/aff2eb9ff87705987c1b9d21fe10b095\"},\"headline\":\"Mercedes AMG GT \u201eBlack Series\u201c\",\"datePublished\":\"2020-07-22T09:48:26+00:00\",\"dateModified\":\"2025-12-28T14:46:35+00:00\",\"mainEntityOfPage\":{\"@id\":\"https:\\\/\\\/www.enzo-und-ferdinand.de\\\/index.php\\\/2020\\\/07\\\/22\\\/mercedes-amg-gt-black-series\\\/\"},\"wordCount\":220,\"publisher\":{\"@id\":\"https:\\\/\\\/www.enzo-und-ferdinand.de\\\/#organization\"},\"image\":{\"@id\":\"https:\\\/\\\/www.enzo-und-ferdinand.de\\\/index.php\\\/2020\\\/07\\\/22\\\/mercedes-amg-gt-black-series\\\/#primaryimage\"},\"thumbnailUrl\":\"https:\\\/\\\/www.enzo-und-ferdinand.de\\\/wp-content\\\/uploads\\\/2020\\\/07\\\/20C0259_033.jpg\",\"keywords\":[\"AMG\",\"Mercedes AMG GT \u201eBlack Series\u201c\",\"Mercedes-Benz\"],\"articleSection\":[\"Neues\",\"Performance\"],\"inLanguage\":\"de\"},{\"@type\":\"WebPage\",\"@id\":\"https:\\\/\\\/www.enzo-und-ferdinand.de\\\/index.php\\\/2020\\\/07\\\/22\\\/mercedes-amg-gt-black-series\\\/\",\"url\":\"https:\\\/\\\/www.enzo-und-ferdinand.de\\\/index.php\\\/2020\\\/07\\\/22\\\/mercedes-amg-gt-black-series\\\/\",\"name\":\"Mercedes AMG GT \u201eBlack Series\u201c\",\"isPartOf\":{\"@id\":\"https:\\\/\\\/www.enzo-und-ferdinand.de\\\/#website\"},\"primaryImageOfPage\":{\"@id\":\"https:\\\/\\\/www.enzo-und-ferdinand.de\\\/index.php\\\/2020\\\/07\\\/22\\\/mercedes-amg-gt-black-series\\\/#primaryimage\"},\"image\":{\"@id\":\"https:\\\/\\\/www.enzo-und-ferdinand.de\\\/index.php\\\/2020\\\/07\\\/22\\\/mercedes-amg-gt-black-series\\\/#primaryimage\"},\"thumbnailUrl\":\"https:\\\/\\\/www.enzo-und-ferdinand.de\\\/wp-content\\\/uploads\\\/2020\\\/07\\\/20C0259_033.jpg\",\"datePublished\":\"2020-07-22T09:48:26+00:00\",\"dateModified\":\"2025-12-28T14:46:35+00:00\",\"description\":\"Mercedes AMG GT \u201eBlack Series\u201c\",\"breadcrumb\":{\"@id\":\"https:\\\/\\\/www.enzo-und-ferdinand.de\\\/index.php\\\/2020\\\/07\\\/22\\\/mercedes-amg-gt-black-series\\\/#breadcrumb\"},\"inLanguage\":\"de\",\"potentialAction\":[{\"@type\":\"ReadAction\",\"target\":[\"https:\\\/\\\/www.enzo-und-ferdinand.de\\\/index.php\\\/2020\\\/07\\\/22\\\/mercedes-amg-gt-black-series\\\/\"]}]},{\"@type\":\"ImageObject\",\"inLanguage\":\"de\",\"@id\":\"https:\\\/\\\/www.enzo-und-ferdinand.de\\\/index.php\\\/2020\\\/07\\\/22\\\/mercedes-amg-gt-black-series\\\/#primaryimage\",\"url\":\"https:\\\/\\\/www.enzo-und-ferdinand.de\\\/wp-content\\\/uploads\\\/2020\\\/07\\\/20C0259_033.jpg\",\"contentUrl\":\"https:\\\/\\\/www.enzo-und-ferdinand.de\\\/wp-content\\\/uploads\\\/2020\\\/07\\\/20C0259_033.jpg\",\"width\":1024,\"height\":683,\"caption\":\"Mercedes-AMG GT Black Series (Kraftstoffverbrauch kombiniert: 12,8 l\\\/100 km, CO2-Emissionen kombiniert: 292 g\\\/km), 2020, Exterieur, Rennstrecke, dynamisch, Front, hightechsilber Mercedes-AMG GT Black Series (combined fuel consumption: 12,8 l\\\/100 km, combined CO2 emissions: 292 g\\\/km), 2020, exterieur, race track, dynamic, front, hightechsilver\"},{\"@type\":\"BreadcrumbList\",\"@id\":\"https:\\\/\\\/www.enzo-und-ferdinand.de\\\/index.php\\\/2020\\\/07\\\/22\\\/mercedes-amg-gt-black-series\\\/#breadcrumb\",\"itemListElement\":[{\"@type\":\"ListItem\",\"position\":1,\"name\":\"Startseite\",\"item\":\"https:\\\/\\\/www.enzo-und-ferdinand.de\\\/\"},{\"@type\":\"ListItem\",\"position\":2,\"name\":\"Mercedes AMG GT \u201eBlack Series\u201c\"}]},{\"@type\":\"WebSite\",\"@id\":\"https:\\\/\\\/www.enzo-und-ferdinand.de\\\/#website\",\"url\":\"https:\\\/\\\/www.enzo-und-ferdinand.de\\\/\",\"name\":\"enzo & Ferdinand\",\"description\":\"\",\"publisher\":{\"@id\":\"https:\\\/\\\/www.enzo-und-ferdinand.de\\\/#organization\"},\"potentialAction\":[{\"@type\":\"SearchAction\",\"target\":{\"@type\":\"EntryPoint\",\"urlTemplate\":\"https:\\\/\\\/www.enzo-und-ferdinand.de\\\/?s={search_term_string}\"},\"query-input\":{\"@type\":\"PropertyValueSpecification\",\"valueRequired\":true,\"valueName\":\"search_term_string\"}}],\"inLanguage\":\"de\"},{\"@type\":\"Organization\",\"@id\":\"https:\\\/\\\/www.enzo-und-ferdinand.de\\\/#organization\",\"name\":\"enzo & Ferdinand\",\"url\":\"https:\\\/\\\/www.enzo-und-ferdinand.de\\\/\",\"logo\":{\"@type\":\"ImageObject\",\"inLanguage\":\"de\",\"@id\":\"https:\\\/\\\/www.enzo-und-ferdinand.de\\\/#\\\/schema\\\/logo\\\/image\\\/\",\"url\":\"https:\\\/\\\/www.enzo-und-ferdinand.de\\\/wp-content\\\/uploads\\\/2018\\\/12\\\/revvvs-icon.png\",\"contentUrl\":\"https:\\\/\\\/www.enzo-und-ferdinand.de\\\/wp-content\\\/uploads\\\/2018\\\/12\\\/revvvs-icon.png\",\"width\":512,\"height\":512,\"caption\":\"enzo & Ferdinand\"},\"image\":{\"@id\":\"https:\\\/\\\/www.enzo-und-ferdinand.de\\\/#\\\/schema\\\/logo\\\/image\\\/\"}},{\"@type\":\"Person\",\"@id\":\"https:\\\/\\\/www.enzo-und-ferdinand.de\\\/#\\\/schema\\\/person\\\/aff2eb9ff87705987c1b9d21fe10b095\",\"name\":\"Rainer Ro\u00dfbach\",\"image\":{\"@type\":\"ImageObject\",\"inLanguage\":\"de\",\"@id\":\"https:\\\/\\\/www.enzo-und-ferdinand.de\\\/wp-content\\\/uploads\\\/2026\\\/01\\\/Rainer-Rossbach-150x150.jpg\",\"url\":\"https:\\\/\\\/www.enzo-und-ferdinand.de\\\/wp-content\\\/uploads\\\/2026\\\/01\\\/Rainer-Rossbach-150x150.jpg\",\"contentUrl\":\"https:\\\/\\\/www.enzo-und-ferdinand.de\\\/wp-content\\\/uploads\\\/2026\\\/01\\\/Rainer-Rossbach-150x150.jpg\",\"caption\":\"Rainer Ro\u00dfbach\"},\"url\":\"https:\\\/\\\/www.enzo-und-ferdinand.de\\\/index.php\\\/author\\\/redaktion\\\/\"}]}<\/script>\n<!-- \/ Yoast SEO plugin. -->","yoast_head_json":{"title":"Mercedes AMG GT \u201eBlack Series\u201c","description":"Mercedes AMG GT \u201eBlack Series\u201c","robots":{"index":"index","follow":"follow","max-snippet":"max-snippet:-1","max-image-preview":"max-image-preview:large","max-video-preview":"max-video-preview:-1"},"canonical":"https:\/\/www.enzo-und-ferdinand.de\/index.php\/2020\/07\/22\/mercedes-amg-gt-black-series\/","og_locale":"de_DE","og_type":"article","og_title":"Mercedes AMG GT \u201eBlack Series\u201c","og_description":"Mercedes AMG GT \u201eBlack Series\u201c","og_url":"https:\/\/www.enzo-und-ferdinand.de\/index.php\/2020\/07\/22\/mercedes-amg-gt-black-series\/","og_site_name":"enzo &amp; Ferdinand","article_published_time":"2020-07-22T09:48:26+00:00","article_modified_time":"2025-12-28T14:46:35+00:00","og_image":[{"width":1024,"height":683,"url":"https:\/\/www.enzo-und-ferdinand.de\/wp-content\/uploads\/2020\/07\/20C0259_033.jpg","type":"image\/jpeg"}],"author":"Rainer Ro\u00dfbach","twitter_card":"summary_large_image","twitter_misc":{"Verfasst von":"Rainer Ro\u00dfbach","Gesch\u00e4tzte Lesezeit":"3\u00a0Minuten"},"schema":{"@context":"https:\/\/schema.org","@graph":[{"@type":"Article","@id":"https:\/\/www.enzo-und-ferdinand.de\/index.php\/2020\/07\/22\/mercedes-amg-gt-black-series\/#article","isPartOf":{"@id":"https:\/\/www.enzo-und-ferdinand.de\/index.php\/2020\/07\/22\/mercedes-amg-gt-black-series\/"},"author":{"name":"Rainer Ro\u00dfbach","@id":"https:\/\/www.enzo-und-ferdinand.de\/#\/schema\/person\/aff2eb9ff87705987c1b9d21fe10b095"},"headline":"Mercedes AMG GT \u201eBlack Series\u201c","datePublished":"2020-07-22T09:48:26+00:00","dateModified":"2025-12-28T14:46:35+00:00","mainEntityOfPage":{"@id":"https:\/\/www.enzo-und-ferdinand.de\/index.php\/2020\/07\/22\/mercedes-amg-gt-black-series\/"},"wordCount":220,"publisher":{"@id":"https:\/\/www.enzo-und-ferdinand.de\/#organization"},"image":{"@id":"https:\/\/www.enzo-und-ferdinand.de\/index.php\/2020\/07\/22\/mercedes-amg-gt-black-series\/#primaryimage"},"thumbnailUrl":"https:\/\/www.enzo-und-ferdinand.de\/wp-content\/uploads\/2020\/07\/20C0259_033.jpg","keywords":["AMG","Mercedes AMG GT \u201eBlack Series\u201c","Mercedes-Benz"],"articleSection":["Neues","Performance"],"inLanguage":"de"},{"@type":"WebPage","@id":"https:\/\/www.enzo-und-ferdinand.de\/index.php\/2020\/07\/22\/mercedes-amg-gt-black-series\/","url":"https:\/\/www.enzo-und-ferdinand.de\/index.php\/2020\/07\/22\/mercedes-amg-gt-black-series\/","name":"Mercedes AMG GT \u201eBlack Series\u201c","isPartOf":{"@id":"https:\/\/www.enzo-und-ferdinand.de\/#website"},"primaryImageOfPage":{"@id":"https:\/\/www.enzo-und-ferdinand.de\/index.php\/2020\/07\/22\/mercedes-amg-gt-black-series\/#primaryimage"},"image":{"@id":"https:\/\/www.enzo-und-ferdinand.de\/index.php\/2020\/07\/22\/mercedes-amg-gt-black-series\/#primaryimage"},"thumbnailUrl":"https:\/\/www.enzo-und-ferdinand.de\/wp-content\/uploads\/2020\/07\/20C0259_033.jpg","datePublished":"2020-07-22T09:48:26+00:00","dateModified":"2025-12-28T14:46:35+00:00","description":"Mercedes AMG GT \u201eBlack Series\u201c","breadcrumb":{"@id":"https:\/\/www.enzo-und-ferdinand.de\/index.php\/2020\/07\/22\/mercedes-amg-gt-black-series\/#breadcrumb"},"inLanguage":"de","potentialAction":[{"@type":"ReadAction","target":["https:\/\/www.enzo-und-ferdinand.de\/index.php\/2020\/07\/22\/mercedes-amg-gt-black-series\/"]}]},{"@type":"ImageObject","inLanguage":"de","@id":"https:\/\/www.enzo-und-ferdinand.de\/index.php\/2020\/07\/22\/mercedes-amg-gt-black-series\/#primaryimage","url":"https:\/\/www.enzo-und-ferdinand.de\/wp-content\/uploads\/2020\/07\/20C0259_033.jpg","contentUrl":"https:\/\/www.enzo-und-ferdinand.de\/wp-content\/uploads\/2020\/07\/20C0259_033.jpg","width":1024,"height":683,"caption":"Mercedes-AMG GT Black Series (Kraftstoffverbrauch kombiniert: 12,8 l\/100 km, CO2-Emissionen kombiniert: 292 g\/km), 2020, Exterieur, Rennstrecke, dynamisch, Front, hightechsilber Mercedes-AMG GT Black Series (combined fuel consumption: 12,8 l\/100 km, combined CO2 emissions: 292 g\/km), 2020, exterieur, race track, dynamic, front, hightechsilver"},{"@type":"BreadcrumbList","@id":"https:\/\/www.enzo-und-ferdinand.de\/index.php\/2020\/07\/22\/mercedes-amg-gt-black-series\/#breadcrumb","itemListElement":[{"@type":"ListItem","position":1,"name":"Startseite","item":"https:\/\/www.enzo-und-ferdinand.de\/"},{"@type":"ListItem","position":2,"name":"Mercedes AMG GT \u201eBlack Series\u201c"}]},{"@type":"WebSite","@id":"https:\/\/www.enzo-und-ferdinand.de\/#website","url":"https:\/\/www.enzo-und-ferdinand.de\/","name":"enzo & Ferdinand","description":"","publisher":{"@id":"https:\/\/www.enzo-und-ferdinand.de\/#organization"},"potentialAction":[{"@type":"SearchAction","target":{"@type":"EntryPoint","urlTemplate":"https:\/\/www.enzo-und-ferdinand.de\/?s={search_term_string}"},"query-input":{"@type":"PropertyValueSpecification","valueRequired":true,"valueName":"search_term_string"}}],"inLanguage":"de"},{"@type":"Organization","@id":"https:\/\/www.enzo-und-ferdinand.de\/#organization","name":"enzo & Ferdinand","url":"https:\/\/www.enzo-und-ferdinand.de\/","logo":{"@type":"ImageObject","inLanguage":"de","@id":"https:\/\/www.enzo-und-ferdinand.de\/#\/schema\/logo\/image\/","url":"https:\/\/www.enzo-und-ferdinand.de\/wp-content\/uploads\/2018\/12\/revvvs-icon.png","contentUrl":"https:\/\/www.enzo-und-ferdinand.de\/wp-content\/uploads\/2018\/12\/revvvs-icon.png","width":512,"height":512,"caption":"enzo & Ferdinand"},"image":{"@id":"https:\/\/www.enzo-und-ferdinand.de\/#\/schema\/logo\/image\/"}},{"@type":"Person","@id":"https:\/\/www.enzo-und-ferdinand.de\/#\/schema\/person\/aff2eb9ff87705987c1b9d21fe10b095","name":"Rainer Ro\u00dfbach","image":{"@type":"ImageObject","inLanguage":"de","@id":"https:\/\/www.enzo-und-ferdinand.de\/wp-content\/uploads\/2026\/01\/Rainer-Rossbach-150x150.jpg","url":"https:\/\/www.enzo-und-ferdinand.de\/wp-content\/uploads\/2026\/01\/Rainer-Rossbach-150x150.jpg","contentUrl":"https:\/\/www.enzo-und-ferdinand.de\/wp-content\/uploads\/2026\/01\/Rainer-Rossbach-150x150.jpg","caption":"Rainer Ro\u00dfbach"},"url":"https:\/\/www.enzo-und-ferdinand.de\/index.php\/author\/redaktion\/"}]}},"_links":{"self":[{"href":"https:\/\/www.enzo-und-ferdinand.de\/index.php\/wp-json\/wp\/v2\/posts\/6421","targetHints":{"allow":["GET"]}}],"collection":[{"href":"https:\/\/www.enzo-und-ferdinand.de\/index.php\/wp-json\/wp\/v2\/posts"}],"about":[{"href":"https:\/\/www.enzo-und-ferdinand.de\/index.php\/wp-json\/wp\/v2\/types\/post"}],"author":[{"embeddable":true,"href":"https:\/\/www.enzo-und-ferdinand.de\/index.php\/wp-json\/wp\/v2\/users\/1"}],"replies":[{"embeddable":true,"href":"https:\/\/www.enzo-und-ferdinand.de\/index.php\/wp-json\/wp\/v2\/comments?post=6421"}],"version-history":[{"count":7,"href":"https:\/\/www.enzo-und-ferdinand.de\/index.php\/wp-json\/wp\/v2\/posts\/6421\/revisions"}],"predecessor-version":[{"id":21876,"href":"https:\/\/www.enzo-und-ferdinand.de\/index.php\/wp-json\/wp\/v2\/posts\/6421\/revisions\/21876"}],"wp:featuredmedia":[{"embeddable":true,"href":"https:\/\/www.enzo-und-ferdinand.de\/index.php\/wp-json\/wp\/v2\/media\/6425"}],"wp:attachment":[{"href":"https:\/\/www.enzo-und-ferdinand.de\/index.php\/wp-json\/wp\/v2\/media?parent=6421"}],"wp:term":[{"taxonomy":"category","embeddable":true,"href":"https:\/\/www.enzo-und-ferdinand.de\/index.php\/wp-json\/wp\/v2\/categories?post=6421"},{"taxonomy":"post_tag","embeddable":true,"href":"https:\/\/www.enzo-und-ferdinand.de\/index.php\/wp-json\/wp\/v2\/tags?post=6421"}],"curies":[{"name":"wp","href":"https:\/\/api.w.org\/{rel}","templated":true}]}}