{"id":646,"date":"2018-12-01T23:24:36","date_gmt":"2018-12-01T22:24:36","guid":{"rendered":"http:\/\/www.enzo-und-ferdinand.de\/?p=646"},"modified":"2025-12-27T14:53:22","modified_gmt":"2025-12-27T13:53:22","slug":"bmw-m1-andy-warhol","status":"publish","type":"post","link":"https:\/\/www.enzo-und-ferdinand.de\/index.php\/2018\/12\/01\/bmw-m1-andy-warhol\/","title":{"rendered":"BMW M1 \u201eAndy Warhol\u201c (1979)"},"content":{"rendered":"\n<figure class=\"wp-block-image\"><img loading=\"lazy\" decoding=\"async\" width=\"810\" height=\"442\" src=\"https:\/\/www.enzo-und-ferdinand.de\/wp-content\/uploads\/2018\/12\/2017-12-warhol-2.jpg\" alt=\"\" class=\"wp-image-648\" srcset=\"https:\/\/www.enzo-und-ferdinand.de\/wp-content\/uploads\/2018\/12\/2017-12-warhol-2.jpg 810w, https:\/\/www.enzo-und-ferdinand.de\/wp-content\/uploads\/2018\/12\/2017-12-warhol-2-300x164.jpg 300w, https:\/\/www.enzo-und-ferdinand.de\/wp-content\/uploads\/2018\/12\/2017-12-warhol-2-768x419.jpg 768w\" sizes=\"auto, (max-width: 810px) 100vw, 810px\" \/><\/figure>\n\n\n\n<p class=\"wp-block-paragraph\">Die Idee zum ersten BMW Art Car hat der franz\u00f6sische Auktionator und Rennfahrer Herv\u00e9 Poulain und der US-Amerikaner Alexander Calder ist der erste K\u00fcnstler, der f\u00fcr die 24 Stunden von Le Mans 1975 einen BMW gestaltet. Mit diesem 3.0 CSL etabliert sich eine Tradition.<br><\/p>\n\n\n\n<p class=\"wp-block-paragraph\">Der vierte K\u00fcnstler, der Hand an einen Renn-BMW legt, ist der amerikanische Pop-Artist Andy Warhol. Sein Art Car ist besonders, weil Warhol es mit der Hand bemalt und damit ein unwiederholbares Unikat schafft. <\/p>\n\n\n\n<p class=\"wp-block-paragraph\">F\u00fcr den New Yorker ist die direkte Auseinandersetzung mit dem Sportwagen wichtig, denn letztlich gr\u00fcndet seine Karriere darauf, Suppendosen aus dem Supermarkt-Regal zu malen. Industriell gefertigte Produkte sind ihm eine wichtige Inspiration, und die Auseinandersetzung damit hat ihn zu einem der einflussreichsten K\u00fcnstler seiner Generation gemacht.<\/p>\n\n\n\n<figure class=\"wp-block-gallery has-nested-images columns-2 is-cropped wp-block-gallery-1 is-layout-flex wp-block-gallery-is-layout-flex\">\n<figure class=\"wp-block-image size-large\"><img loading=\"lazy\" decoding=\"async\" width=\"352\" height=\"235\" data-id=\"649\" src=\"https:\/\/www.enzo-und-ferdinand.de\/wp-content\/uploads\/2018\/12\/2017-12-warhol-4.jpg\" alt=\"\" class=\"wp-image-649\" srcset=\"https:\/\/www.enzo-und-ferdinand.de\/wp-content\/uploads\/2018\/12\/2017-12-warhol-4.jpg 352w, https:\/\/www.enzo-und-ferdinand.de\/wp-content\/uploads\/2018\/12\/2017-12-warhol-4-300x200.jpg 300w, https:\/\/www.enzo-und-ferdinand.de\/wp-content\/uploads\/2018\/12\/2017-12-warhol-4-120x80.jpg 120w\" sizes=\"auto, (max-width: 352px) 100vw, 352px\" \/><\/figure>\n\n\n\n<figure class=\"wp-block-image size-large\"><img loading=\"lazy\" decoding=\"async\" width=\"352\" height=\"235\" data-id=\"650\" src=\"https:\/\/www.enzo-und-ferdinand.de\/wp-content\/uploads\/2018\/12\/2017-12-warhol-5.jpg\" alt=\"\" class=\"wp-image-650\" srcset=\"https:\/\/www.enzo-und-ferdinand.de\/wp-content\/uploads\/2018\/12\/2017-12-warhol-5.jpg 352w, https:\/\/www.enzo-und-ferdinand.de\/wp-content\/uploads\/2018\/12\/2017-12-warhol-5-300x200.jpg 300w, https:\/\/www.enzo-und-ferdinand.de\/wp-content\/uploads\/2018\/12\/2017-12-warhol-5-120x80.jpg 120w\" sizes=\"auto, (max-width: 352px) 100vw, 352px\" \/><\/figure>\n\n\n\n<figure class=\"wp-block-image size-large\"><img loading=\"lazy\" decoding=\"async\" width=\"352\" height=\"235\" data-id=\"651\" src=\"https:\/\/www.enzo-und-ferdinand.de\/wp-content\/uploads\/2018\/12\/2017-12-warhol-6.jpg\" alt=\"\" class=\"wp-image-651\" srcset=\"https:\/\/www.enzo-und-ferdinand.de\/wp-content\/uploads\/2018\/12\/2017-12-warhol-6.jpg 352w, https:\/\/www.enzo-und-ferdinand.de\/wp-content\/uploads\/2018\/12\/2017-12-warhol-6-300x200.jpg 300w, https:\/\/www.enzo-und-ferdinand.de\/wp-content\/uploads\/2018\/12\/2017-12-warhol-6-120x80.jpg 120w\" sizes=\"auto, (max-width: 352px) 100vw, 352px\" \/><\/figure>\n\n\n\n<figure class=\"wp-block-image size-large\"><img loading=\"lazy\" decoding=\"async\" width=\"352\" height=\"235\" data-id=\"652\" src=\"https:\/\/www.enzo-und-ferdinand.de\/wp-content\/uploads\/2018\/12\/2017-12-warhol-7.jpg\" alt=\"\" class=\"wp-image-652\" srcset=\"https:\/\/www.enzo-und-ferdinand.de\/wp-content\/uploads\/2018\/12\/2017-12-warhol-7.jpg 352w, https:\/\/www.enzo-und-ferdinand.de\/wp-content\/uploads\/2018\/12\/2017-12-warhol-7-300x200.jpg 300w, https:\/\/www.enzo-und-ferdinand.de\/wp-content\/uploads\/2018\/12\/2017-12-warhol-7-120x80.jpg 120w\" sizes=\"auto, (max-width: 352px) 100vw, 352px\" \/><\/figure>\n<\/figure>\n\n\n\n<p class=\"wp-block-paragraph\">Alle anderen K\u00fcnstler entwickeln ihre Ideen an Modellen im Ma\u00dfstab 1:5 und lassen sie auf die echten Autos \u00fcbertragen. Warhol dagegen will echte Malerei. Er erkl\u00e4rt die Komposition seines Autos so: \u201eIch habe versucht, Geschwindigkeit durch klare Farben und fl\u00fcssige Linien bildhaft zu machen. Wenn sich ein Auto wirklich schnell bewegt, verwischen alle Linien und Farben.\u201c Und am Ende meint er: \u201eIch habe das Auto geliebt, es ist besser als das Kunstwerk selbst.\u201c<br><\/p>\n\n\n\n<p class=\"wp-block-paragraph\">1979 tritt das rollende Kunstwerk in Le Mans an. Manfred Winkelhock aus Deutschland sowie die Franzosen Herv\u00e9 Poulain und Marcel Mignot beenden das Rennen auf dem sechsten Rang. Danach kommt der Wagen ins Depot, denn echte Warhols sind heutzutage s\u00fcndhaft teuer. Es bleibt Spekulation, aber der M1 d\u00fcrfte eines der teuersten Auto auf dem Planeten sein.<\/p>\n\n\n\n<figure class=\"wp-block-image\"><img loading=\"lazy\" decoding=\"async\" width=\"810\" height=\"537\" src=\"https:\/\/www.enzo-und-ferdinand.de\/wp-content\/uploads\/2018\/12\/2017-12-warhol-3.jpg\" alt=\"\" class=\"wp-image-653\" srcset=\"https:\/\/www.enzo-und-ferdinand.de\/wp-content\/uploads\/2018\/12\/2017-12-warhol-3.jpg 810w, https:\/\/www.enzo-und-ferdinand.de\/wp-content\/uploads\/2018\/12\/2017-12-warhol-3-300x199.jpg 300w, https:\/\/www.enzo-und-ferdinand.de\/wp-content\/uploads\/2018\/12\/2017-12-warhol-3-768x509.jpg 768w, https:\/\/www.enzo-und-ferdinand.de\/wp-content\/uploads\/2018\/12\/2017-12-warhol-3-120x80.jpg 120w\" sizes=\"auto, (max-width: 810px) 100vw, 810px\" \/><\/figure>\n\n\n\n<p class=\"has-text-align-right has-small-font-size wp-block-paragraph\">Fotos\/Text: Rainer Ro\u00dfbach<\/p>\n","protected":false},"excerpt":{"rendered":"<p>Die Idee zum ersten BMW Art Car hat der franz\u00f6sische Auktionator und Rennfahrer Herv\u00e9 Poulain. Der US-Amerikaner Alexander Calder ist der erste K\u00fcnstler, der f\u00fcr die 24 Stunden von Le Mans 1975 einen BMW gestaltet. Mit diesem 3.0 CSL etabliert sich eine Tradition. Der vierte K\u00fcnstler, der Hand an einen Renn-BMW legt, ist der amerikanische Pop-Artist Andy Warhol. Sein Art Car ist besonders, weil Warhol es mit der Hand bemalt und damit ein unwiederholbares Unikat schafft. F\u00fcr den New Yorker ist die direkte Auseinandersetzung mit dem Sportwagen wichtig, schlie\u00dflich gr\u00fcndet seine Karriere darauf, Suppendosen aus dem Supermarkt-Regal zu malen. Industriell gefertigte Produkte sind ihm eine wichtige Inspiration, und die Auseinandersetzung damit hat ihn zu einem der einflussreichsten K\u00fcnstler seiner Generation gemacht.<\/p>\n","protected":false},"author":1,"featured_media":654,"comment_status":"closed","ping_status":"closed","sticky":false,"template":"","format":"standard","meta":{"_crdt_document":"","ngg_post_thumbnail":0,"footnotes":""},"categories":[548,13,24,29],"tags":[643,646,616,202,982,108],"class_list":["post-646","post","type-post","status-publish","format-standard","has-post-thumbnail","hentry","category-automobile-kunst-plastic-porsche","category-ikonen","category-unikate","category-video","tag-art-car","tag-artcar","tag-automobile-kunst","tag-bmw","tag-bmw-m","tag-bmw-m1-andy-warhol-1979"],"yoast_head":"<!-- This site is optimized with the Yoast SEO plugin v27.5 - https:\/\/yoast.com\/product\/yoast-seo-wordpress\/ -->\n<title>BMW M1 \u201eAndy Warhol\u201c (1979)<\/title>\n<meta name=\"description\" content=\"BMW M1 Andy Warhol Art Car Herv\u00e9 Poulain Alexander Calder Manfred Winkelhock Marcel Mignot Le Mans\" \/>\n<meta name=\"robots\" content=\"index, follow, max-snippet:-1, max-image-preview:large, max-video-preview:-1\" \/>\n<link rel=\"canonical\" href=\"https:\/\/www.enzo-und-ferdinand.de\/index.php\/2018\/12\/01\/bmw-m1-andy-warhol\/\" \/>\n<meta property=\"og:locale\" content=\"de_DE\" \/>\n<meta property=\"og:type\" content=\"article\" \/>\n<meta property=\"og:title\" content=\"BMW M1 \u201eAndy Warhol\u201c (1979)\" \/>\n<meta property=\"og:description\" content=\"BMW M1 Andy Warhol Art Car Herv\u00e9 Poulain Alexander Calder Manfred Winkelhock Marcel Mignot Le Mans\" \/>\n<meta property=\"og:url\" content=\"https:\/\/www.enzo-und-ferdinand.de\/index.php\/2018\/12\/01\/bmw-m1-andy-warhol\/\" \/>\n<meta property=\"og:site_name\" content=\"enzo &amp; Ferdinand\" \/>\n<meta property=\"article:published_time\" content=\"2018-12-01T22:24:36+00:00\" \/>\n<meta property=\"article:modified_time\" content=\"2025-12-27T13:53:22+00:00\" \/>\n<meta property=\"og:image\" content=\"https:\/\/www.enzo-und-ferdinand.de\/wp-content\/uploads\/2018\/12\/2017-12-warhol-1.jpg\" \/>\n\t<meta property=\"og:image:width\" content=\"810\" \/>\n\t<meta property=\"og:image:height\" content=\"448\" \/>\n\t<meta property=\"og:image:type\" content=\"image\/jpeg\" \/>\n<meta name=\"author\" content=\"Rainer Ro\u00dfbach\" \/>\n<meta name=\"twitter:card\" content=\"summary_large_image\" \/>\n<meta name=\"twitter:label1\" content=\"Verfasst von\" \/>\n\t<meta name=\"twitter:data1\" content=\"Rainer Ro\u00dfbach\" \/>\n\t<meta name=\"twitter:label2\" content=\"Gesch\u00e4tzte Lesezeit\" \/>\n\t<meta name=\"twitter:data2\" content=\"3\u00a0Minuten\" \/>\n<script type=\"application\/ld+json\" class=\"yoast-schema-graph\">{\"@context\":\"https:\\\/\\\/schema.org\",\"@graph\":[{\"@type\":\"Article\",\"@id\":\"https:\\\/\\\/www.enzo-und-ferdinand.de\\\/index.php\\\/2018\\\/12\\\/01\\\/bmw-m1-andy-warhol\\\/#article\",\"isPartOf\":{\"@id\":\"https:\\\/\\\/www.enzo-und-ferdinand.de\\\/index.php\\\/2018\\\/12\\\/01\\\/bmw-m1-andy-warhol\\\/\"},\"author\":{\"name\":\"Rainer Ro\u00dfbach\",\"@id\":\"https:\\\/\\\/www.enzo-und-ferdinand.de\\\/#\\\/schema\\\/person\\\/aff2eb9ff87705987c1b9d21fe10b095\"},\"headline\":\"BMW M1 \u201eAndy Warhol\u201c (1979)\",\"datePublished\":\"2018-12-01T22:24:36+00:00\",\"dateModified\":\"2025-12-27T13:53:22+00:00\",\"mainEntityOfPage\":{\"@id\":\"https:\\\/\\\/www.enzo-und-ferdinand.de\\\/index.php\\\/2018\\\/12\\\/01\\\/bmw-m1-andy-warhol\\\/\"},\"wordCount\":269,\"publisher\":{\"@id\":\"https:\\\/\\\/www.enzo-und-ferdinand.de\\\/#organization\"},\"image\":{\"@id\":\"https:\\\/\\\/www.enzo-und-ferdinand.de\\\/index.php\\\/2018\\\/12\\\/01\\\/bmw-m1-andy-warhol\\\/#primaryimage\"},\"thumbnailUrl\":\"https:\\\/\\\/www.enzo-und-ferdinand.de\\\/wp-content\\\/uploads\\\/2018\\\/12\\\/2017-12-warhol-1.jpg\",\"keywords\":[\"Art Car\",\"ArtCar\",\"automobile Kunst\",\"BMW\",\"BMW M\",\"BMW M1 \u201eAndy Warhol\u201c (1979)\"],\"articleSection\":[\"Automobile Kunst\",\"Ikonen\",\"Unikate\",\"Video\"],\"inLanguage\":\"de\"},{\"@type\":\"WebPage\",\"@id\":\"https:\\\/\\\/www.enzo-und-ferdinand.de\\\/index.php\\\/2018\\\/12\\\/01\\\/bmw-m1-andy-warhol\\\/\",\"url\":\"https:\\\/\\\/www.enzo-und-ferdinand.de\\\/index.php\\\/2018\\\/12\\\/01\\\/bmw-m1-andy-warhol\\\/\",\"name\":\"BMW M1 \u201eAndy Warhol\u201c (1979)\",\"isPartOf\":{\"@id\":\"https:\\\/\\\/www.enzo-und-ferdinand.de\\\/#website\"},\"primaryImageOfPage\":{\"@id\":\"https:\\\/\\\/www.enzo-und-ferdinand.de\\\/index.php\\\/2018\\\/12\\\/01\\\/bmw-m1-andy-warhol\\\/#primaryimage\"},\"image\":{\"@id\":\"https:\\\/\\\/www.enzo-und-ferdinand.de\\\/index.php\\\/2018\\\/12\\\/01\\\/bmw-m1-andy-warhol\\\/#primaryimage\"},\"thumbnailUrl\":\"https:\\\/\\\/www.enzo-und-ferdinand.de\\\/wp-content\\\/uploads\\\/2018\\\/12\\\/2017-12-warhol-1.jpg\",\"datePublished\":\"2018-12-01T22:24:36+00:00\",\"dateModified\":\"2025-12-27T13:53:22+00:00\",\"description\":\"BMW M1 Andy Warhol Art Car Herv\u00e9 Poulain Alexander Calder Manfred Winkelhock Marcel Mignot Le Mans\",\"breadcrumb\":{\"@id\":\"https:\\\/\\\/www.enzo-und-ferdinand.de\\\/index.php\\\/2018\\\/12\\\/01\\\/bmw-m1-andy-warhol\\\/#breadcrumb\"},\"inLanguage\":\"de\",\"potentialAction\":[{\"@type\":\"ReadAction\",\"target\":[\"https:\\\/\\\/www.enzo-und-ferdinand.de\\\/index.php\\\/2018\\\/12\\\/01\\\/bmw-m1-andy-warhol\\\/\"]}]},{\"@type\":\"ImageObject\",\"inLanguage\":\"de\",\"@id\":\"https:\\\/\\\/www.enzo-und-ferdinand.de\\\/index.php\\\/2018\\\/12\\\/01\\\/bmw-m1-andy-warhol\\\/#primaryimage\",\"url\":\"https:\\\/\\\/www.enzo-und-ferdinand.de\\\/wp-content\\\/uploads\\\/2018\\\/12\\\/2017-12-warhol-1.jpg\",\"contentUrl\":\"https:\\\/\\\/www.enzo-und-ferdinand.de\\\/wp-content\\\/uploads\\\/2018\\\/12\\\/2017-12-warhol-1.jpg\",\"width\":810,\"height\":448},{\"@type\":\"BreadcrumbList\",\"@id\":\"https:\\\/\\\/www.enzo-und-ferdinand.de\\\/index.php\\\/2018\\\/12\\\/01\\\/bmw-m1-andy-warhol\\\/#breadcrumb\",\"itemListElement\":[{\"@type\":\"ListItem\",\"position\":1,\"name\":\"Startseite\",\"item\":\"https:\\\/\\\/www.enzo-und-ferdinand.de\\\/\"},{\"@type\":\"ListItem\",\"position\":2,\"name\":\"BMW M1 \u201eAndy Warhol\u201c (1979)\"}]},{\"@type\":\"WebSite\",\"@id\":\"https:\\\/\\\/www.enzo-und-ferdinand.de\\\/#website\",\"url\":\"https:\\\/\\\/www.enzo-und-ferdinand.de\\\/\",\"name\":\"enzo & Ferdinand\",\"description\":\"\",\"publisher\":{\"@id\":\"https:\\\/\\\/www.enzo-und-ferdinand.de\\\/#organization\"},\"potentialAction\":[{\"@type\":\"SearchAction\",\"target\":{\"@type\":\"EntryPoint\",\"urlTemplate\":\"https:\\\/\\\/www.enzo-und-ferdinand.de\\\/?s={search_term_string}\"},\"query-input\":{\"@type\":\"PropertyValueSpecification\",\"valueRequired\":true,\"valueName\":\"search_term_string\"}}],\"inLanguage\":\"de\"},{\"@type\":\"Organization\",\"@id\":\"https:\\\/\\\/www.enzo-und-ferdinand.de\\\/#organization\",\"name\":\"enzo & Ferdinand\",\"url\":\"https:\\\/\\\/www.enzo-und-ferdinand.de\\\/\",\"logo\":{\"@type\":\"ImageObject\",\"inLanguage\":\"de\",\"@id\":\"https:\\\/\\\/www.enzo-und-ferdinand.de\\\/#\\\/schema\\\/logo\\\/image\\\/\",\"url\":\"https:\\\/\\\/www.enzo-und-ferdinand.de\\\/wp-content\\\/uploads\\\/2018\\\/12\\\/revvvs-icon.png\",\"contentUrl\":\"https:\\\/\\\/www.enzo-und-ferdinand.de\\\/wp-content\\\/uploads\\\/2018\\\/12\\\/revvvs-icon.png\",\"width\":512,\"height\":512,\"caption\":\"enzo & Ferdinand\"},\"image\":{\"@id\":\"https:\\\/\\\/www.enzo-und-ferdinand.de\\\/#\\\/schema\\\/logo\\\/image\\\/\"}},{\"@type\":\"Person\",\"@id\":\"https:\\\/\\\/www.enzo-und-ferdinand.de\\\/#\\\/schema\\\/person\\\/aff2eb9ff87705987c1b9d21fe10b095\",\"name\":\"Rainer Ro\u00dfbach\",\"image\":{\"@type\":\"ImageObject\",\"inLanguage\":\"de\",\"@id\":\"https:\\\/\\\/www.enzo-und-ferdinand.de\\\/wp-content\\\/uploads\\\/2026\\\/01\\\/Rainer-Rossbach-150x150.jpg\",\"url\":\"https:\\\/\\\/www.enzo-und-ferdinand.de\\\/wp-content\\\/uploads\\\/2026\\\/01\\\/Rainer-Rossbach-150x150.jpg\",\"contentUrl\":\"https:\\\/\\\/www.enzo-und-ferdinand.de\\\/wp-content\\\/uploads\\\/2026\\\/01\\\/Rainer-Rossbach-150x150.jpg\",\"caption\":\"Rainer Ro\u00dfbach\"},\"url\":\"https:\\\/\\\/www.enzo-und-ferdinand.de\\\/index.php\\\/author\\\/redaktion\\\/\"}]}<\/script>\n<!-- \/ Yoast SEO plugin. -->","yoast_head_json":{"title":"BMW M1 \u201eAndy Warhol\u201c (1979)","description":"BMW M1 Andy Warhol Art Car Herv\u00e9 Poulain Alexander Calder Manfred Winkelhock Marcel Mignot Le Mans","robots":{"index":"index","follow":"follow","max-snippet":"max-snippet:-1","max-image-preview":"max-image-preview:large","max-video-preview":"max-video-preview:-1"},"canonical":"https:\/\/www.enzo-und-ferdinand.de\/index.php\/2018\/12\/01\/bmw-m1-andy-warhol\/","og_locale":"de_DE","og_type":"article","og_title":"BMW M1 \u201eAndy Warhol\u201c (1979)","og_description":"BMW M1 Andy Warhol Art Car Herv\u00e9 Poulain Alexander Calder Manfred Winkelhock Marcel Mignot Le Mans","og_url":"https:\/\/www.enzo-und-ferdinand.de\/index.php\/2018\/12\/01\/bmw-m1-andy-warhol\/","og_site_name":"enzo &amp; Ferdinand","article_published_time":"2018-12-01T22:24:36+00:00","article_modified_time":"2025-12-27T13:53:22+00:00","og_image":[{"width":810,"height":448,"url":"https:\/\/www.enzo-und-ferdinand.de\/wp-content\/uploads\/2018\/12\/2017-12-warhol-1.jpg","type":"image\/jpeg"}],"author":"Rainer Ro\u00dfbach","twitter_card":"summary_large_image","twitter_misc":{"Verfasst von":"Rainer Ro\u00dfbach","Gesch\u00e4tzte Lesezeit":"3\u00a0Minuten"},"schema":{"@context":"https:\/\/schema.org","@graph":[{"@type":"Article","@id":"https:\/\/www.enzo-und-ferdinand.de\/index.php\/2018\/12\/01\/bmw-m1-andy-warhol\/#article","isPartOf":{"@id":"https:\/\/www.enzo-und-ferdinand.de\/index.php\/2018\/12\/01\/bmw-m1-andy-warhol\/"},"author":{"name":"Rainer Ro\u00dfbach","@id":"https:\/\/www.enzo-und-ferdinand.de\/#\/schema\/person\/aff2eb9ff87705987c1b9d21fe10b095"},"headline":"BMW M1 \u201eAndy Warhol\u201c (1979)","datePublished":"2018-12-01T22:24:36+00:00","dateModified":"2025-12-27T13:53:22+00:00","mainEntityOfPage":{"@id":"https:\/\/www.enzo-und-ferdinand.de\/index.php\/2018\/12\/01\/bmw-m1-andy-warhol\/"},"wordCount":269,"publisher":{"@id":"https:\/\/www.enzo-und-ferdinand.de\/#organization"},"image":{"@id":"https:\/\/www.enzo-und-ferdinand.de\/index.php\/2018\/12\/01\/bmw-m1-andy-warhol\/#primaryimage"},"thumbnailUrl":"https:\/\/www.enzo-und-ferdinand.de\/wp-content\/uploads\/2018\/12\/2017-12-warhol-1.jpg","keywords":["Art Car","ArtCar","automobile Kunst","BMW","BMW M","BMW M1 \u201eAndy Warhol\u201c (1979)"],"articleSection":["Automobile Kunst","Ikonen","Unikate","Video"],"inLanguage":"de"},{"@type":"WebPage","@id":"https:\/\/www.enzo-und-ferdinand.de\/index.php\/2018\/12\/01\/bmw-m1-andy-warhol\/","url":"https:\/\/www.enzo-und-ferdinand.de\/index.php\/2018\/12\/01\/bmw-m1-andy-warhol\/","name":"BMW M1 \u201eAndy Warhol\u201c (1979)","isPartOf":{"@id":"https:\/\/www.enzo-und-ferdinand.de\/#website"},"primaryImageOfPage":{"@id":"https:\/\/www.enzo-und-ferdinand.de\/index.php\/2018\/12\/01\/bmw-m1-andy-warhol\/#primaryimage"},"image":{"@id":"https:\/\/www.enzo-und-ferdinand.de\/index.php\/2018\/12\/01\/bmw-m1-andy-warhol\/#primaryimage"},"thumbnailUrl":"https:\/\/www.enzo-und-ferdinand.de\/wp-content\/uploads\/2018\/12\/2017-12-warhol-1.jpg","datePublished":"2018-12-01T22:24:36+00:00","dateModified":"2025-12-27T13:53:22+00:00","description":"BMW M1 Andy Warhol Art Car Herv\u00e9 Poulain Alexander Calder Manfred Winkelhock Marcel Mignot Le Mans","breadcrumb":{"@id":"https:\/\/www.enzo-und-ferdinand.de\/index.php\/2018\/12\/01\/bmw-m1-andy-warhol\/#breadcrumb"},"inLanguage":"de","potentialAction":[{"@type":"ReadAction","target":["https:\/\/www.enzo-und-ferdinand.de\/index.php\/2018\/12\/01\/bmw-m1-andy-warhol\/"]}]},{"@type":"ImageObject","inLanguage":"de","@id":"https:\/\/www.enzo-und-ferdinand.de\/index.php\/2018\/12\/01\/bmw-m1-andy-warhol\/#primaryimage","url":"https:\/\/www.enzo-und-ferdinand.de\/wp-content\/uploads\/2018\/12\/2017-12-warhol-1.jpg","contentUrl":"https:\/\/www.enzo-und-ferdinand.de\/wp-content\/uploads\/2018\/12\/2017-12-warhol-1.jpg","width":810,"height":448},{"@type":"BreadcrumbList","@id":"https:\/\/www.enzo-und-ferdinand.de\/index.php\/2018\/12\/01\/bmw-m1-andy-warhol\/#breadcrumb","itemListElement":[{"@type":"ListItem","position":1,"name":"Startseite","item":"https:\/\/www.enzo-und-ferdinand.de\/"},{"@type":"ListItem","position":2,"name":"BMW M1 \u201eAndy Warhol\u201c (1979)"}]},{"@type":"WebSite","@id":"https:\/\/www.enzo-und-ferdinand.de\/#website","url":"https:\/\/www.enzo-und-ferdinand.de\/","name":"enzo & Ferdinand","description":"","publisher":{"@id":"https:\/\/www.enzo-und-ferdinand.de\/#organization"},"potentialAction":[{"@type":"SearchAction","target":{"@type":"EntryPoint","urlTemplate":"https:\/\/www.enzo-und-ferdinand.de\/?s={search_term_string}"},"query-input":{"@type":"PropertyValueSpecification","valueRequired":true,"valueName":"search_term_string"}}],"inLanguage":"de"},{"@type":"Organization","@id":"https:\/\/www.enzo-und-ferdinand.de\/#organization","name":"enzo & Ferdinand","url":"https:\/\/www.enzo-und-ferdinand.de\/","logo":{"@type":"ImageObject","inLanguage":"de","@id":"https:\/\/www.enzo-und-ferdinand.de\/#\/schema\/logo\/image\/","url":"https:\/\/www.enzo-und-ferdinand.de\/wp-content\/uploads\/2018\/12\/revvvs-icon.png","contentUrl":"https:\/\/www.enzo-und-ferdinand.de\/wp-content\/uploads\/2018\/12\/revvvs-icon.png","width":512,"height":512,"caption":"enzo & Ferdinand"},"image":{"@id":"https:\/\/www.enzo-und-ferdinand.de\/#\/schema\/logo\/image\/"}},{"@type":"Person","@id":"https:\/\/www.enzo-und-ferdinand.de\/#\/schema\/person\/aff2eb9ff87705987c1b9d21fe10b095","name":"Rainer Ro\u00dfbach","image":{"@type":"ImageObject","inLanguage":"de","@id":"https:\/\/www.enzo-und-ferdinand.de\/wp-content\/uploads\/2026\/01\/Rainer-Rossbach-150x150.jpg","url":"https:\/\/www.enzo-und-ferdinand.de\/wp-content\/uploads\/2026\/01\/Rainer-Rossbach-150x150.jpg","contentUrl":"https:\/\/www.enzo-und-ferdinand.de\/wp-content\/uploads\/2026\/01\/Rainer-Rossbach-150x150.jpg","caption":"Rainer Ro\u00dfbach"},"url":"https:\/\/www.enzo-und-ferdinand.de\/index.php\/author\/redaktion\/"}]}},"_links":{"self":[{"href":"https:\/\/www.enzo-und-ferdinand.de\/index.php\/wp-json\/wp\/v2\/posts\/646","targetHints":{"allow":["GET"]}}],"collection":[{"href":"https:\/\/www.enzo-und-ferdinand.de\/index.php\/wp-json\/wp\/v2\/posts"}],"about":[{"href":"https:\/\/www.enzo-und-ferdinand.de\/index.php\/wp-json\/wp\/v2\/types\/post"}],"author":[{"embeddable":true,"href":"https:\/\/www.enzo-und-ferdinand.de\/index.php\/wp-json\/wp\/v2\/users\/1"}],"replies":[{"embeddable":true,"href":"https:\/\/www.enzo-und-ferdinand.de\/index.php\/wp-json\/wp\/v2\/comments?post=646"}],"version-history":[{"count":8,"href":"https:\/\/www.enzo-und-ferdinand.de\/index.php\/wp-json\/wp\/v2\/posts\/646\/revisions"}],"predecessor-version":[{"id":11995,"href":"https:\/\/www.enzo-und-ferdinand.de\/index.php\/wp-json\/wp\/v2\/posts\/646\/revisions\/11995"}],"wp:featuredmedia":[{"embeddable":true,"href":"https:\/\/www.enzo-und-ferdinand.de\/index.php\/wp-json\/wp\/v2\/media\/654"}],"wp:attachment":[{"href":"https:\/\/www.enzo-und-ferdinand.de\/index.php\/wp-json\/wp\/v2\/media?parent=646"}],"wp:term":[{"taxonomy":"category","embeddable":true,"href":"https:\/\/www.enzo-und-ferdinand.de\/index.php\/wp-json\/wp\/v2\/categories?post=646"},{"taxonomy":"post_tag","embeddable":true,"href":"https:\/\/www.enzo-und-ferdinand.de\/index.php\/wp-json\/wp\/v2\/tags?post=646"}],"curies":[{"name":"wp","href":"https:\/\/api.w.org\/{rel}","templated":true}]}}