{"id":6478,"date":"2020-09-03T09:48:45","date_gmt":"2020-09-03T07:48:45","guid":{"rendered":"http:\/\/www.enzo-und-ferdinand.de\/?p=6478"},"modified":"2025-12-28T15:33:08","modified_gmt":"2025-12-28T14:33:08","slug":"unimog-u-500-black-edition-2005","status":"publish","type":"post","link":"https:\/\/www.enzo-und-ferdinand.de\/index.php\/2020\/09\/03\/unimog-u-500-black-edition-2005\/","title":{"rendered":"Unimog U 500 \u201eBlack Edition\u201c (2005)"},"content":{"rendered":"\n<figure class=\"wp-block-image size-large\"><img loading=\"lazy\" decoding=\"async\" width=\"810\" height=\"562\" src=\"https:\/\/www.enzo-und-ferdinand.de\/wp-content\/uploads\/2020\/08\/1-u500-3-810x562.jpg\" alt=\"Unimog U 500 \u201eBlack Edition\u201c\" class=\"wp-image-6482\" srcset=\"https:\/\/www.enzo-und-ferdinand.de\/wp-content\/uploads\/2020\/08\/1-u500-3-810x562.jpg 810w, https:\/\/www.enzo-und-ferdinand.de\/wp-content\/uploads\/2020\/08\/1-u500-3-300x208.jpg 300w, https:\/\/www.enzo-und-ferdinand.de\/wp-content\/uploads\/2020\/08\/1-u500-3-768x533.jpg 768w, https:\/\/www.enzo-und-ferdinand.de\/wp-content\/uploads\/2020\/08\/1-u500-3.jpg 1024w\" sizes=\"auto, (max-width: 810px) 100vw, 810px\" \/><\/figure>\n\n\n\n<p class=\"wp-block-paragraph\">Mehr Gel\u00e4ndewagen geht nicht. Auf der Basis des Unimog U 500 realisieren 2005 Daimler und der Bottroper Veredler Brabus die \u201eBlack Edition\u201c. Mit Blick auf den Markt am Persischen Golf ist die Kabine mit allem denkbaren Luxus ausgestattet. Verkleidungen aus Carbon, Alcantara, feinstem schwarzem Leder und ein Entertainment-System aus der S-Klasse erf\u00fcllen h\u00f6chste Anspr\u00fcche.<\/p>\n\n\n\n<p class=\"wp-block-paragraph\">Der Unimog holt 280 PS aus 6,4 Litern Hubraum und entwickelt ein Drehmoment von 1100 Nm. Durch die lange Achs\u00fcbersetzung sind Geschwindigkeiten von \u00fcber 120 Stundenkilometer m\u00f6glich. Kein schlechter Wert bei einem Gesamtgewicht von 11,99 Tonnen und einer Nutzlast von rund 4,3 Tonnen.&nbsp;<\/p>\n\n\n\n<p class=\"wp-block-paragraph\">Serienm\u00e4\u00dfige Portalachsen in Verbindung mit einer Reifendruckregelanlage und der Seilwinde im Heck bezwingen jedes Gel\u00e4nde. Mit einem EAS-Getriebe kann der Unimog mechanisch geschaltet oder im Automatikmodus gefahren werden. Optisch profiliert sich der Edel-Unimog durch eine Pritsche mit integrierten Seitenverkleidungen, einem \u00dcberrollb\u00fcgel aus poliertem Edelstahl und nach oben gezogenen Chrom-Auspuffrohren.<\/p>\n\n\n\n<figure class=\"wp-block-image size-large\"><img loading=\"lazy\" decoding=\"async\" width=\"810\" height=\"540\" src=\"https:\/\/www.enzo-und-ferdinand.de\/wp-content\/uploads\/2020\/08\/1-u500-2-810x540.jpg\" alt=\"Unimog U 500 \u201eBlack Edition\u201c\" class=\"wp-image-6481\" srcset=\"https:\/\/www.enzo-und-ferdinand.de\/wp-content\/uploads\/2020\/08\/1-u500-2-810x540.jpg 810w, https:\/\/www.enzo-und-ferdinand.de\/wp-content\/uploads\/2020\/08\/1-u500-2-300x200.jpg 300w, https:\/\/www.enzo-und-ferdinand.de\/wp-content\/uploads\/2020\/08\/1-u500-2-768x512.jpg 768w, https:\/\/www.enzo-und-ferdinand.de\/wp-content\/uploads\/2020\/08\/1-u500-2-120x80.jpg 120w, https:\/\/www.enzo-und-ferdinand.de\/wp-content\/uploads\/2020\/08\/1-u500-2.jpg 1024w\" sizes=\"auto, (max-width: 810px) 100vw, 810px\" \/><\/figure>\n\n\n\n<p class=\"has-text-align-right has-small-font-size wp-block-paragraph\">Fotos: Mercedes-Benz\/Text: Rainer Rossbach<\/p>\n","protected":false},"excerpt":{"rendered":"<p>Mehr Gel\u00e4ndewagen geht nicht. Auf der Basis des Unimog U 500 realisieren 2005 Daimler und der Bottroper Veredler Brabus die \u201eBlack Edition\u201c. Mit Blick auf den Markt am Persischen Golf ist die Kabine mit allem denkbaren Luxus ausgestattet. Verkleidungen aus Carbon, Alcantara, feinstem schwarzem Leder und ein Entertainment-System aus der S-Klasse erf\u00fcllen h\u00f6chste Anspr\u00fcche.<\/p>\n","protected":false},"author":1,"featured_media":6483,"comment_status":"closed","ping_status":"closed","sticky":false,"template":"","format":"standard","meta":{"_crdt_document":"","ngg_post_thumbnail":0,"footnotes":""},"categories":[704,23],"tags":[461,207,460],"class_list":["post-6478","post","type-post","status-publish","format-standard","has-post-thumbnail","hentry","category-offroad","category-performance","tag-brabus","tag-mercedes-benz","tag-unimog-u-500-black-edition"],"yoast_head":"<!-- This site is optimized with the Yoast SEO plugin v27.5 - https:\/\/yoast.com\/product\/yoast-seo-wordpress\/ -->\n<title>Unimog U 500 \u201eBlack Edition\u201c (2005)<\/title>\n<meta name=\"description\" content=\"Unimog U 500 \u201eBlack Edition\u201c (2005)\" \/>\n<meta name=\"robots\" content=\"index, follow, max-snippet:-1, max-image-preview:large, max-video-preview:-1\" \/>\n<link rel=\"canonical\" href=\"https:\/\/www.enzo-und-ferdinand.de\/index.php\/2020\/09\/03\/unimog-u-500-black-edition-2005\/\" \/>\n<meta property=\"og:locale\" content=\"de_DE\" \/>\n<meta property=\"og:type\" content=\"article\" \/>\n<meta property=\"og:title\" content=\"Unimog U 500 \u201eBlack Edition\u201c (2005)\" \/>\n<meta property=\"og:description\" content=\"Unimog U 500 \u201eBlack Edition\u201c (2005)\" \/>\n<meta property=\"og:url\" content=\"https:\/\/www.enzo-und-ferdinand.de\/index.php\/2020\/09\/03\/unimog-u-500-black-edition-2005\/\" \/>\n<meta property=\"og:site_name\" content=\"enzo &amp; Ferdinand\" \/>\n<meta property=\"article:published_time\" content=\"2020-09-03T07:48:45+00:00\" \/>\n<meta property=\"article:modified_time\" content=\"2025-12-28T14:33:08+00:00\" \/>\n<meta property=\"og:image\" content=\"https:\/\/www.enzo-und-ferdinand.de\/wp-content\/uploads\/2020\/08\/Unimog-Black-Edition-1.jpg\" \/>\n\t<meta property=\"og:image:width\" content=\"1024\" \/>\n\t<meta property=\"og:image:height\" content=\"683\" \/>\n\t<meta property=\"og:image:type\" content=\"image\/jpeg\" \/>\n<meta name=\"author\" content=\"Rainer Ro\u00dfbach\" \/>\n<meta name=\"twitter:card\" content=\"summary_large_image\" \/>\n<meta name=\"twitter:label1\" content=\"Verfasst von\" \/>\n\t<meta name=\"twitter:data1\" content=\"Rainer Ro\u00dfbach\" \/>\n\t<meta name=\"twitter:label2\" content=\"Gesch\u00e4tzte Lesezeit\" \/>\n\t<meta name=\"twitter:data2\" content=\"2\u00a0Minuten\" \/>\n<script type=\"application\/ld+json\" class=\"yoast-schema-graph\">{\"@context\":\"https:\\\/\\\/schema.org\",\"@graph\":[{\"@type\":\"Article\",\"@id\":\"https:\\\/\\\/www.enzo-und-ferdinand.de\\\/index.php\\\/2020\\\/09\\\/03\\\/unimog-u-500-black-edition-2005\\\/#article\",\"isPartOf\":{\"@id\":\"https:\\\/\\\/www.enzo-und-ferdinand.de\\\/index.php\\\/2020\\\/09\\\/03\\\/unimog-u-500-black-edition-2005\\\/\"},\"author\":{\"name\":\"Rainer Ro\u00dfbach\",\"@id\":\"https:\\\/\\\/www.enzo-und-ferdinand.de\\\/#\\\/schema\\\/person\\\/aff2eb9ff87705987c1b9d21fe10b095\"},\"headline\":\"Unimog U 500 \u201eBlack Edition\u201c (2005)\",\"datePublished\":\"2020-09-03T07:48:45+00:00\",\"dateModified\":\"2025-12-28T14:33:08+00:00\",\"mainEntityOfPage\":{\"@id\":\"https:\\\/\\\/www.enzo-und-ferdinand.de\\\/index.php\\\/2020\\\/09\\\/03\\\/unimog-u-500-black-edition-2005\\\/\"},\"wordCount\":157,\"publisher\":{\"@id\":\"https:\\\/\\\/www.enzo-und-ferdinand.de\\\/#organization\"},\"image\":{\"@id\":\"https:\\\/\\\/www.enzo-und-ferdinand.de\\\/index.php\\\/2020\\\/09\\\/03\\\/unimog-u-500-black-edition-2005\\\/#primaryimage\"},\"thumbnailUrl\":\"https:\\\/\\\/www.enzo-und-ferdinand.de\\\/wp-content\\\/uploads\\\/2020\\\/08\\\/Unimog-Black-Edition-1.jpg\",\"keywords\":[\"Brabus\",\"Mercedes-Benz\",\"Unimog U 500 \u201eBlack Edition\u201c\"],\"articleSection\":[\"Offroad\",\"Performance\"],\"inLanguage\":\"de\"},{\"@type\":\"WebPage\",\"@id\":\"https:\\\/\\\/www.enzo-und-ferdinand.de\\\/index.php\\\/2020\\\/09\\\/03\\\/unimog-u-500-black-edition-2005\\\/\",\"url\":\"https:\\\/\\\/www.enzo-und-ferdinand.de\\\/index.php\\\/2020\\\/09\\\/03\\\/unimog-u-500-black-edition-2005\\\/\",\"name\":\"Unimog U 500 \u201eBlack Edition\u201c (2005)\",\"isPartOf\":{\"@id\":\"https:\\\/\\\/www.enzo-und-ferdinand.de\\\/#website\"},\"primaryImageOfPage\":{\"@id\":\"https:\\\/\\\/www.enzo-und-ferdinand.de\\\/index.php\\\/2020\\\/09\\\/03\\\/unimog-u-500-black-edition-2005\\\/#primaryimage\"},\"image\":{\"@id\":\"https:\\\/\\\/www.enzo-und-ferdinand.de\\\/index.php\\\/2020\\\/09\\\/03\\\/unimog-u-500-black-edition-2005\\\/#primaryimage\"},\"thumbnailUrl\":\"https:\\\/\\\/www.enzo-und-ferdinand.de\\\/wp-content\\\/uploads\\\/2020\\\/08\\\/Unimog-Black-Edition-1.jpg\",\"datePublished\":\"2020-09-03T07:48:45+00:00\",\"dateModified\":\"2025-12-28T14:33:08+00:00\",\"description\":\"Unimog U 500 \u201eBlack Edition\u201c (2005)\",\"breadcrumb\":{\"@id\":\"https:\\\/\\\/www.enzo-und-ferdinand.de\\\/index.php\\\/2020\\\/09\\\/03\\\/unimog-u-500-black-edition-2005\\\/#breadcrumb\"},\"inLanguage\":\"de\",\"potentialAction\":[{\"@type\":\"ReadAction\",\"target\":[\"https:\\\/\\\/www.enzo-und-ferdinand.de\\\/index.php\\\/2020\\\/09\\\/03\\\/unimog-u-500-black-edition-2005\\\/\"]}]},{\"@type\":\"ImageObject\",\"inLanguage\":\"de\",\"@id\":\"https:\\\/\\\/www.enzo-und-ferdinand.de\\\/index.php\\\/2020\\\/09\\\/03\\\/unimog-u-500-black-edition-2005\\\/#primaryimage\",\"url\":\"https:\\\/\\\/www.enzo-und-ferdinand.de\\\/wp-content\\\/uploads\\\/2020\\\/08\\\/Unimog-Black-Edition-1.jpg\",\"contentUrl\":\"https:\\\/\\\/www.enzo-und-ferdinand.de\\\/wp-content\\\/uploads\\\/2020\\\/08\\\/Unimog-Black-Edition-1.jpg\",\"width\":1024,\"height\":683,\"caption\":\"Mercedes-Benz Unimog U 500 Black Edition\"},{\"@type\":\"BreadcrumbList\",\"@id\":\"https:\\\/\\\/www.enzo-und-ferdinand.de\\\/index.php\\\/2020\\\/09\\\/03\\\/unimog-u-500-black-edition-2005\\\/#breadcrumb\",\"itemListElement\":[{\"@type\":\"ListItem\",\"position\":1,\"name\":\"Startseite\",\"item\":\"https:\\\/\\\/www.enzo-und-ferdinand.de\\\/\"},{\"@type\":\"ListItem\",\"position\":2,\"name\":\"Unimog U 500 \u201eBlack Edition\u201c (2005)\"}]},{\"@type\":\"WebSite\",\"@id\":\"https:\\\/\\\/www.enzo-und-ferdinand.de\\\/#website\",\"url\":\"https:\\\/\\\/www.enzo-und-ferdinand.de\\\/\",\"name\":\"enzo & Ferdinand\",\"description\":\"\",\"publisher\":{\"@id\":\"https:\\\/\\\/www.enzo-und-ferdinand.de\\\/#organization\"},\"potentialAction\":[{\"@type\":\"SearchAction\",\"target\":{\"@type\":\"EntryPoint\",\"urlTemplate\":\"https:\\\/\\\/www.enzo-und-ferdinand.de\\\/?s={search_term_string}\"},\"query-input\":{\"@type\":\"PropertyValueSpecification\",\"valueRequired\":true,\"valueName\":\"search_term_string\"}}],\"inLanguage\":\"de\"},{\"@type\":\"Organization\",\"@id\":\"https:\\\/\\\/www.enzo-und-ferdinand.de\\\/#organization\",\"name\":\"enzo & Ferdinand\",\"url\":\"https:\\\/\\\/www.enzo-und-ferdinand.de\\\/\",\"logo\":{\"@type\":\"ImageObject\",\"inLanguage\":\"de\",\"@id\":\"https:\\\/\\\/www.enzo-und-ferdinand.de\\\/#\\\/schema\\\/logo\\\/image\\\/\",\"url\":\"https:\\\/\\\/www.enzo-und-ferdinand.de\\\/wp-content\\\/uploads\\\/2018\\\/12\\\/revvvs-icon.png\",\"contentUrl\":\"https:\\\/\\\/www.enzo-und-ferdinand.de\\\/wp-content\\\/uploads\\\/2018\\\/12\\\/revvvs-icon.png\",\"width\":512,\"height\":512,\"caption\":\"enzo & Ferdinand\"},\"image\":{\"@id\":\"https:\\\/\\\/www.enzo-und-ferdinand.de\\\/#\\\/schema\\\/logo\\\/image\\\/\"}},{\"@type\":\"Person\",\"@id\":\"https:\\\/\\\/www.enzo-und-ferdinand.de\\\/#\\\/schema\\\/person\\\/aff2eb9ff87705987c1b9d21fe10b095\",\"name\":\"Rainer Ro\u00dfbach\",\"image\":{\"@type\":\"ImageObject\",\"inLanguage\":\"de\",\"@id\":\"https:\\\/\\\/www.enzo-und-ferdinand.de\\\/wp-content\\\/uploads\\\/2026\\\/01\\\/Rainer-Rossbach-150x150.jpg\",\"url\":\"https:\\\/\\\/www.enzo-und-ferdinand.de\\\/wp-content\\\/uploads\\\/2026\\\/01\\\/Rainer-Rossbach-150x150.jpg\",\"contentUrl\":\"https:\\\/\\\/www.enzo-und-ferdinand.de\\\/wp-content\\\/uploads\\\/2026\\\/01\\\/Rainer-Rossbach-150x150.jpg\",\"caption\":\"Rainer Ro\u00dfbach\"},\"url\":\"https:\\\/\\\/www.enzo-und-ferdinand.de\\\/index.php\\\/author\\\/redaktion\\\/\"}]}<\/script>\n<!-- \/ Yoast SEO plugin. -->","yoast_head_json":{"title":"Unimog U 500 \u201eBlack Edition\u201c (2005)","description":"Unimog U 500 \u201eBlack Edition\u201c (2005)","robots":{"index":"index","follow":"follow","max-snippet":"max-snippet:-1","max-image-preview":"max-image-preview:large","max-video-preview":"max-video-preview:-1"},"canonical":"https:\/\/www.enzo-und-ferdinand.de\/index.php\/2020\/09\/03\/unimog-u-500-black-edition-2005\/","og_locale":"de_DE","og_type":"article","og_title":"Unimog U 500 \u201eBlack Edition\u201c (2005)","og_description":"Unimog U 500 \u201eBlack Edition\u201c (2005)","og_url":"https:\/\/www.enzo-und-ferdinand.de\/index.php\/2020\/09\/03\/unimog-u-500-black-edition-2005\/","og_site_name":"enzo &amp; Ferdinand","article_published_time":"2020-09-03T07:48:45+00:00","article_modified_time":"2025-12-28T14:33:08+00:00","og_image":[{"width":1024,"height":683,"url":"https:\/\/www.enzo-und-ferdinand.de\/wp-content\/uploads\/2020\/08\/Unimog-Black-Edition-1.jpg","type":"image\/jpeg"}],"author":"Rainer Ro\u00dfbach","twitter_card":"summary_large_image","twitter_misc":{"Verfasst von":"Rainer Ro\u00dfbach","Gesch\u00e4tzte Lesezeit":"2\u00a0Minuten"},"schema":{"@context":"https:\/\/schema.org","@graph":[{"@type":"Article","@id":"https:\/\/www.enzo-und-ferdinand.de\/index.php\/2020\/09\/03\/unimog-u-500-black-edition-2005\/#article","isPartOf":{"@id":"https:\/\/www.enzo-und-ferdinand.de\/index.php\/2020\/09\/03\/unimog-u-500-black-edition-2005\/"},"author":{"name":"Rainer Ro\u00dfbach","@id":"https:\/\/www.enzo-und-ferdinand.de\/#\/schema\/person\/aff2eb9ff87705987c1b9d21fe10b095"},"headline":"Unimog U 500 \u201eBlack Edition\u201c (2005)","datePublished":"2020-09-03T07:48:45+00:00","dateModified":"2025-12-28T14:33:08+00:00","mainEntityOfPage":{"@id":"https:\/\/www.enzo-und-ferdinand.de\/index.php\/2020\/09\/03\/unimog-u-500-black-edition-2005\/"},"wordCount":157,"publisher":{"@id":"https:\/\/www.enzo-und-ferdinand.de\/#organization"},"image":{"@id":"https:\/\/www.enzo-und-ferdinand.de\/index.php\/2020\/09\/03\/unimog-u-500-black-edition-2005\/#primaryimage"},"thumbnailUrl":"https:\/\/www.enzo-und-ferdinand.de\/wp-content\/uploads\/2020\/08\/Unimog-Black-Edition-1.jpg","keywords":["Brabus","Mercedes-Benz","Unimog U 500 \u201eBlack Edition\u201c"],"articleSection":["Offroad","Performance"],"inLanguage":"de"},{"@type":"WebPage","@id":"https:\/\/www.enzo-und-ferdinand.de\/index.php\/2020\/09\/03\/unimog-u-500-black-edition-2005\/","url":"https:\/\/www.enzo-und-ferdinand.de\/index.php\/2020\/09\/03\/unimog-u-500-black-edition-2005\/","name":"Unimog U 500 \u201eBlack Edition\u201c (2005)","isPartOf":{"@id":"https:\/\/www.enzo-und-ferdinand.de\/#website"},"primaryImageOfPage":{"@id":"https:\/\/www.enzo-und-ferdinand.de\/index.php\/2020\/09\/03\/unimog-u-500-black-edition-2005\/#primaryimage"},"image":{"@id":"https:\/\/www.enzo-und-ferdinand.de\/index.php\/2020\/09\/03\/unimog-u-500-black-edition-2005\/#primaryimage"},"thumbnailUrl":"https:\/\/www.enzo-und-ferdinand.de\/wp-content\/uploads\/2020\/08\/Unimog-Black-Edition-1.jpg","datePublished":"2020-09-03T07:48:45+00:00","dateModified":"2025-12-28T14:33:08+00:00","description":"Unimog U 500 \u201eBlack Edition\u201c (2005)","breadcrumb":{"@id":"https:\/\/www.enzo-und-ferdinand.de\/index.php\/2020\/09\/03\/unimog-u-500-black-edition-2005\/#breadcrumb"},"inLanguage":"de","potentialAction":[{"@type":"ReadAction","target":["https:\/\/www.enzo-und-ferdinand.de\/index.php\/2020\/09\/03\/unimog-u-500-black-edition-2005\/"]}]},{"@type":"ImageObject","inLanguage":"de","@id":"https:\/\/www.enzo-und-ferdinand.de\/index.php\/2020\/09\/03\/unimog-u-500-black-edition-2005\/#primaryimage","url":"https:\/\/www.enzo-und-ferdinand.de\/wp-content\/uploads\/2020\/08\/Unimog-Black-Edition-1.jpg","contentUrl":"https:\/\/www.enzo-und-ferdinand.de\/wp-content\/uploads\/2020\/08\/Unimog-Black-Edition-1.jpg","width":1024,"height":683,"caption":"Mercedes-Benz Unimog U 500 Black Edition"},{"@type":"BreadcrumbList","@id":"https:\/\/www.enzo-und-ferdinand.de\/index.php\/2020\/09\/03\/unimog-u-500-black-edition-2005\/#breadcrumb","itemListElement":[{"@type":"ListItem","position":1,"name":"Startseite","item":"https:\/\/www.enzo-und-ferdinand.de\/"},{"@type":"ListItem","position":2,"name":"Unimog U 500 \u201eBlack Edition\u201c (2005)"}]},{"@type":"WebSite","@id":"https:\/\/www.enzo-und-ferdinand.de\/#website","url":"https:\/\/www.enzo-und-ferdinand.de\/","name":"enzo & Ferdinand","description":"","publisher":{"@id":"https:\/\/www.enzo-und-ferdinand.de\/#organization"},"potentialAction":[{"@type":"SearchAction","target":{"@type":"EntryPoint","urlTemplate":"https:\/\/www.enzo-und-ferdinand.de\/?s={search_term_string}"},"query-input":{"@type":"PropertyValueSpecification","valueRequired":true,"valueName":"search_term_string"}}],"inLanguage":"de"},{"@type":"Organization","@id":"https:\/\/www.enzo-und-ferdinand.de\/#organization","name":"enzo & Ferdinand","url":"https:\/\/www.enzo-und-ferdinand.de\/","logo":{"@type":"ImageObject","inLanguage":"de","@id":"https:\/\/www.enzo-und-ferdinand.de\/#\/schema\/logo\/image\/","url":"https:\/\/www.enzo-und-ferdinand.de\/wp-content\/uploads\/2018\/12\/revvvs-icon.png","contentUrl":"https:\/\/www.enzo-und-ferdinand.de\/wp-content\/uploads\/2018\/12\/revvvs-icon.png","width":512,"height":512,"caption":"enzo & Ferdinand"},"image":{"@id":"https:\/\/www.enzo-und-ferdinand.de\/#\/schema\/logo\/image\/"}},{"@type":"Person","@id":"https:\/\/www.enzo-und-ferdinand.de\/#\/schema\/person\/aff2eb9ff87705987c1b9d21fe10b095","name":"Rainer Ro\u00dfbach","image":{"@type":"ImageObject","inLanguage":"de","@id":"https:\/\/www.enzo-und-ferdinand.de\/wp-content\/uploads\/2026\/01\/Rainer-Rossbach-150x150.jpg","url":"https:\/\/www.enzo-und-ferdinand.de\/wp-content\/uploads\/2026\/01\/Rainer-Rossbach-150x150.jpg","contentUrl":"https:\/\/www.enzo-und-ferdinand.de\/wp-content\/uploads\/2026\/01\/Rainer-Rossbach-150x150.jpg","caption":"Rainer Ro\u00dfbach"},"url":"https:\/\/www.enzo-und-ferdinand.de\/index.php\/author\/redaktion\/"}]}},"_links":{"self":[{"href":"https:\/\/www.enzo-und-ferdinand.de\/index.php\/wp-json\/wp\/v2\/posts\/6478","targetHints":{"allow":["GET"]}}],"collection":[{"href":"https:\/\/www.enzo-und-ferdinand.de\/index.php\/wp-json\/wp\/v2\/posts"}],"about":[{"href":"https:\/\/www.enzo-und-ferdinand.de\/index.php\/wp-json\/wp\/v2\/types\/post"}],"author":[{"embeddable":true,"href":"https:\/\/www.enzo-und-ferdinand.de\/index.php\/wp-json\/wp\/v2\/users\/1"}],"replies":[{"embeddable":true,"href":"https:\/\/www.enzo-und-ferdinand.de\/index.php\/wp-json\/wp\/v2\/comments?post=6478"}],"version-history":[{"count":4,"href":"https:\/\/www.enzo-und-ferdinand.de\/index.php\/wp-json\/wp\/v2\/posts\/6478\/revisions"}],"predecessor-version":[{"id":6508,"href":"https:\/\/www.enzo-und-ferdinand.de\/index.php\/wp-json\/wp\/v2\/posts\/6478\/revisions\/6508"}],"wp:featuredmedia":[{"embeddable":true,"href":"https:\/\/www.enzo-und-ferdinand.de\/index.php\/wp-json\/wp\/v2\/media\/6483"}],"wp:attachment":[{"href":"https:\/\/www.enzo-und-ferdinand.de\/index.php\/wp-json\/wp\/v2\/media?parent=6478"}],"wp:term":[{"taxonomy":"category","embeddable":true,"href":"https:\/\/www.enzo-und-ferdinand.de\/index.php\/wp-json\/wp\/v2\/categories?post=6478"},{"taxonomy":"post_tag","embeddable":true,"href":"https:\/\/www.enzo-und-ferdinand.de\/index.php\/wp-json\/wp\/v2\/tags?post=6478"}],"curies":[{"name":"wp","href":"https:\/\/api.w.org\/{rel}","templated":true}]}}