{"id":6487,"date":"2020-09-05T20:58:00","date_gmt":"2020-09-05T18:58:00","guid":{"rendered":"http:\/\/www.enzo-und-ferdinand.de\/?p=6487"},"modified":"2025-12-28T15:32:28","modified_gmt":"2025-12-28T14:32:28","slug":"classic-gala-schwetzingen-2020","status":"publish","type":"post","link":"https:\/\/www.enzo-und-ferdinand.de\/index.php\/2020\/09\/05\/classic-gala-schwetzingen-2020\/","title":{"rendered":"Classic-Gala Schwetzingen 2020"},"content":{"rendered":"\n<figure class=\"wp-block-image size-large\"><img loading=\"lazy\" decoding=\"async\" width=\"810\" height=\"540\" src=\"https:\/\/www.enzo-und-ferdinand.de\/wp-content\/uploads\/2020\/09\/Schwetzingen-2020-6-810x540.jpg\" alt=\"\" class=\"wp-image-6517\" srcset=\"https:\/\/www.enzo-und-ferdinand.de\/wp-content\/uploads\/2020\/09\/Schwetzingen-2020-6-810x540.jpg 810w, https:\/\/www.enzo-und-ferdinand.de\/wp-content\/uploads\/2020\/09\/Schwetzingen-2020-6-300x200.jpg 300w, https:\/\/www.enzo-und-ferdinand.de\/wp-content\/uploads\/2020\/09\/Schwetzingen-2020-6-768x512.jpg 768w, https:\/\/www.enzo-und-ferdinand.de\/wp-content\/uploads\/2020\/09\/Schwetzingen-2020-6-120x80.jpg 120w, https:\/\/www.enzo-und-ferdinand.de\/wp-content\/uploads\/2020\/09\/Schwetzingen-2020-6.jpg 1024w\" sizes=\"auto, (max-width: 810px) 100vw, 810px\" \/><\/figure>\n\n\n\n<p class=\"wp-block-paragraph\">Die Classic-Gala in Schwetzingen, traditionell im pr\u00e4chtigen Barockgarten der Sommerresidenz der pf\u00e4lzischen Kurf\u00fcrsten zuhause, war vom 4. bis 6. September wieder Schauplatz f\u00fcr eine Automobile Zeitreise.<\/p>\n\n\n\n<p class=\"wp-block-paragraph\">Die weitl\u00e4ufige Anlage bot Platz genug, um Gef\u00e4hrdungen durch das CoVID19-Virus gering zu halten. \u201eRechts gehen\u201c war die Devise, damit man sich beim Betrachten der 150 Autorarit\u00e4ten aus der Zeit zwischen 1890 und 1990 nicht ins Gehege kam. Man flanierte auf der einen Seite hin, auf der anderen zur\u00fcck. F\u00fcr den Verkauf von Erfrischungen oder Automobila&nbsp;gab es Wartezonen wie im Einzelhandel.<\/p>\n\n\n\n<figure class=\"wp-block-image size-large\"><img loading=\"lazy\" decoding=\"async\" width=\"810\" height=\"540\" src=\"https:\/\/www.enzo-und-ferdinand.de\/wp-content\/uploads\/2020\/09\/Schwetzingen-2020-8-810x540.jpg\" alt=\"\" class=\"wp-image-6519\" srcset=\"https:\/\/www.enzo-und-ferdinand.de\/wp-content\/uploads\/2020\/09\/Schwetzingen-2020-8-810x540.jpg 810w, https:\/\/www.enzo-und-ferdinand.de\/wp-content\/uploads\/2020\/09\/Schwetzingen-2020-8-300x200.jpg 300w, https:\/\/www.enzo-und-ferdinand.de\/wp-content\/uploads\/2020\/09\/Schwetzingen-2020-8-768x512.jpg 768w, https:\/\/www.enzo-und-ferdinand.de\/wp-content\/uploads\/2020\/09\/Schwetzingen-2020-8-120x80.jpg 120w, https:\/\/www.enzo-und-ferdinand.de\/wp-content\/uploads\/2020\/09\/Schwetzingen-2020-8.jpg 1024w\" sizes=\"auto, (max-width: 810px) 100vw, 810px\" \/><\/figure>\n\n\n\n<p class=\"wp-block-paragraph\">F\u00fcr einen familienfreundlichen Eintrittspreis von sieben Euro konnte man einen Blick auf 120 Jahre Automobildesign und -technik werfen. Die franz\u00f6sische Luxusmarke Talbot feierte ihren 100sten Geburtstag und der italienische Autocouturier Pininfarina zelebrierte mit ausgesuchten Klassikern seinen 90sten Jahrestag. Weiterhin standen fast alle Varianten des Luxus-Mercedes 600 im Park und f\u00fcr die Fans von Ford gab es Herausragendes aus der glanzvolle Geschichte des amerikanischen Autopioniers.<\/p>\n\n\n\n<p class=\"wp-block-paragraph\">Ein passenden Ambiente boten St\u00e4nde mit Automobilia f\u00fcr Sammler, Live-Jazz, stilgerechte Bekleidung, Literatur, Modellautos und Accessoires.  Und der traditionsreiche US-Car-Concours breitete die faszinierenden Sch\u00e4tze amerikanischer Automobilkultur aus.<\/p>\n\n\n\n<figure class=\"wp-block-gallery has-nested-images columns-2 is-cropped wp-block-gallery-1 is-layout-flex wp-block-gallery-is-layout-flex\">\n<figure class=\"wp-block-image size-large\"><img loading=\"lazy\" decoding=\"async\" width=\"810\" height=\"540\" data-id=\"6528\" src=\"https:\/\/www.enzo-und-ferdinand.de\/wp-content\/uploads\/2020\/09\/Schwetzingen-2020-14-810x540.jpg\" alt=\"\" class=\"wp-image-6528\" srcset=\"https:\/\/www.enzo-und-ferdinand.de\/wp-content\/uploads\/2020\/09\/Schwetzingen-2020-14-810x540.jpg 810w, https:\/\/www.enzo-und-ferdinand.de\/wp-content\/uploads\/2020\/09\/Schwetzingen-2020-14-300x200.jpg 300w, https:\/\/www.enzo-und-ferdinand.de\/wp-content\/uploads\/2020\/09\/Schwetzingen-2020-14-768x512.jpg 768w, https:\/\/www.enzo-und-ferdinand.de\/wp-content\/uploads\/2020\/09\/Schwetzingen-2020-14-120x80.jpg 120w, https:\/\/www.enzo-und-ferdinand.de\/wp-content\/uploads\/2020\/09\/Schwetzingen-2020-14.jpg 1024w\" sizes=\"auto, (max-width: 810px) 100vw, 810px\" \/><\/figure>\n\n\n\n<figure class=\"wp-block-image size-large\"><img loading=\"lazy\" decoding=\"async\" width=\"810\" height=\"539\" data-id=\"6527\" src=\"https:\/\/www.enzo-und-ferdinand.de\/wp-content\/uploads\/2020\/09\/Schwetzingen-2020-15-810x539.jpg\" alt=\"\" class=\"wp-image-6527\" srcset=\"https:\/\/www.enzo-und-ferdinand.de\/wp-content\/uploads\/2020\/09\/Schwetzingen-2020-15-810x539.jpg 810w, https:\/\/www.enzo-und-ferdinand.de\/wp-content\/uploads\/2020\/09\/Schwetzingen-2020-15-300x200.jpg 300w, https:\/\/www.enzo-und-ferdinand.de\/wp-content\/uploads\/2020\/09\/Schwetzingen-2020-15-768x512.jpg 768w, https:\/\/www.enzo-und-ferdinand.de\/wp-content\/uploads\/2020\/09\/Schwetzingen-2020-15-120x80.jpg 120w, https:\/\/www.enzo-und-ferdinand.de\/wp-content\/uploads\/2020\/09\/Schwetzingen-2020-15.jpg 1024w\" sizes=\"auto, (max-width: 810px) 100vw, 810px\" \/><\/figure>\n\n\n\n<figure class=\"wp-block-image size-large\"><img loading=\"lazy\" decoding=\"async\" width=\"810\" height=\"540\" data-id=\"6526\" src=\"https:\/\/www.enzo-und-ferdinand.de\/wp-content\/uploads\/2020\/09\/Schwetzingen-2020-16-810x540.jpg\" alt=\"\" class=\"wp-image-6526\" srcset=\"https:\/\/www.enzo-und-ferdinand.de\/wp-content\/uploads\/2020\/09\/Schwetzingen-2020-16-810x540.jpg 810w, https:\/\/www.enzo-und-ferdinand.de\/wp-content\/uploads\/2020\/09\/Schwetzingen-2020-16-300x200.jpg 300w, https:\/\/www.enzo-und-ferdinand.de\/wp-content\/uploads\/2020\/09\/Schwetzingen-2020-16-768x512.jpg 768w, https:\/\/www.enzo-und-ferdinand.de\/wp-content\/uploads\/2020\/09\/Schwetzingen-2020-16-120x80.jpg 120w, https:\/\/www.enzo-und-ferdinand.de\/wp-content\/uploads\/2020\/09\/Schwetzingen-2020-16.jpg 1024w\" sizes=\"auto, (max-width: 810px) 100vw, 810px\" \/><\/figure>\n\n\n\n<figure class=\"wp-block-image size-large\"><img loading=\"lazy\" decoding=\"async\" width=\"810\" height=\"557\" data-id=\"6524\" src=\"https:\/\/www.enzo-und-ferdinand.de\/wp-content\/uploads\/2020\/09\/Schwetzingen-2020-13-810x557.jpg\" alt=\"\" class=\"wp-image-6524\" srcset=\"https:\/\/www.enzo-und-ferdinand.de\/wp-content\/uploads\/2020\/09\/Schwetzingen-2020-13-810x557.jpg 810w, https:\/\/www.enzo-und-ferdinand.de\/wp-content\/uploads\/2020\/09\/Schwetzingen-2020-13-300x206.jpg 300w, https:\/\/www.enzo-und-ferdinand.de\/wp-content\/uploads\/2020\/09\/Schwetzingen-2020-13-768x528.jpg 768w, https:\/\/www.enzo-und-ferdinand.de\/wp-content\/uploads\/2020\/09\/Schwetzingen-2020-13.jpg 1024w\" sizes=\"auto, (max-width: 810px) 100vw, 810px\" \/><\/figure>\n\n\n\n<figure class=\"wp-block-image size-large\"><img loading=\"lazy\" decoding=\"async\" width=\"810\" height=\"544\" data-id=\"6523\" src=\"https:\/\/www.enzo-und-ferdinand.de\/wp-content\/uploads\/2020\/09\/Schwetzingen-2020-12-810x544.jpg\" alt=\"\" class=\"wp-image-6523\" srcset=\"https:\/\/www.enzo-und-ferdinand.de\/wp-content\/uploads\/2020\/09\/Schwetzingen-2020-12-810x544.jpg 810w, https:\/\/www.enzo-und-ferdinand.de\/wp-content\/uploads\/2020\/09\/Schwetzingen-2020-12-300x202.jpg 300w, https:\/\/www.enzo-und-ferdinand.de\/wp-content\/uploads\/2020\/09\/Schwetzingen-2020-12-768x516.jpg 768w, https:\/\/www.enzo-und-ferdinand.de\/wp-content\/uploads\/2020\/09\/Schwetzingen-2020-12-120x80.jpg 120w, https:\/\/www.enzo-und-ferdinand.de\/wp-content\/uploads\/2020\/09\/Schwetzingen-2020-12.jpg 1024w\" sizes=\"auto, (max-width: 810px) 100vw, 810px\" \/><\/figure>\n\n\n\n<figure class=\"wp-block-image size-large\"><img loading=\"lazy\" decoding=\"async\" width=\"810\" height=\"540\" data-id=\"6522\" src=\"https:\/\/www.enzo-und-ferdinand.de\/wp-content\/uploads\/2020\/09\/Schwetzingen-2020-11-810x540.jpg\" alt=\"\" class=\"wp-image-6522\" srcset=\"https:\/\/www.enzo-und-ferdinand.de\/wp-content\/uploads\/2020\/09\/Schwetzingen-2020-11-810x540.jpg 810w, https:\/\/www.enzo-und-ferdinand.de\/wp-content\/uploads\/2020\/09\/Schwetzingen-2020-11-300x200.jpg 300w, https:\/\/www.enzo-und-ferdinand.de\/wp-content\/uploads\/2020\/09\/Schwetzingen-2020-11-768x512.jpg 768w, https:\/\/www.enzo-und-ferdinand.de\/wp-content\/uploads\/2020\/09\/Schwetzingen-2020-11-120x80.jpg 120w, https:\/\/www.enzo-und-ferdinand.de\/wp-content\/uploads\/2020\/09\/Schwetzingen-2020-11.jpg 1024w\" sizes=\"auto, (max-width: 810px) 100vw, 810px\" \/><\/figure>\n\n\n\n<figure class=\"wp-block-image size-large\"><img loading=\"lazy\" decoding=\"async\" width=\"810\" height=\"539\" data-id=\"6521\" src=\"https:\/\/www.enzo-und-ferdinand.de\/wp-content\/uploads\/2020\/09\/Schwetzingen-2020-10-810x539.jpg\" alt=\"\" class=\"wp-image-6521\" srcset=\"https:\/\/www.enzo-und-ferdinand.de\/wp-content\/uploads\/2020\/09\/Schwetzingen-2020-10-810x539.jpg 810w, https:\/\/www.enzo-und-ferdinand.de\/wp-content\/uploads\/2020\/09\/Schwetzingen-2020-10-300x200.jpg 300w, https:\/\/www.enzo-und-ferdinand.de\/wp-content\/uploads\/2020\/09\/Schwetzingen-2020-10-768x512.jpg 768w, https:\/\/www.enzo-und-ferdinand.de\/wp-content\/uploads\/2020\/09\/Schwetzingen-2020-10-120x80.jpg 120w, https:\/\/www.enzo-und-ferdinand.de\/wp-content\/uploads\/2020\/09\/Schwetzingen-2020-10.jpg 1024w\" sizes=\"auto, (max-width: 810px) 100vw, 810px\" \/><\/figure>\n\n\n\n<figure class=\"wp-block-image size-large\"><img loading=\"lazy\" decoding=\"async\" width=\"810\" height=\"540\" data-id=\"6520\" src=\"https:\/\/www.enzo-und-ferdinand.de\/wp-content\/uploads\/2020\/09\/Schwetzingen-2020-9-810x540.jpg\" alt=\"\" class=\"wp-image-6520\" srcset=\"https:\/\/www.enzo-und-ferdinand.de\/wp-content\/uploads\/2020\/09\/Schwetzingen-2020-9-810x540.jpg 810w, https:\/\/www.enzo-und-ferdinand.de\/wp-content\/uploads\/2020\/09\/Schwetzingen-2020-9-300x200.jpg 300w, https:\/\/www.enzo-und-ferdinand.de\/wp-content\/uploads\/2020\/09\/Schwetzingen-2020-9-768x512.jpg 768w, https:\/\/www.enzo-und-ferdinand.de\/wp-content\/uploads\/2020\/09\/Schwetzingen-2020-9-120x80.jpg 120w, https:\/\/www.enzo-und-ferdinand.de\/wp-content\/uploads\/2020\/09\/Schwetzingen-2020-9.jpg 1024w\" sizes=\"auto, (max-width: 810px) 100vw, 810px\" \/><\/figure>\n\n\n\n<figure class=\"wp-block-image size-large\"><img loading=\"lazy\" decoding=\"async\" width=\"810\" height=\"539\" data-id=\"6518\" src=\"https:\/\/www.enzo-und-ferdinand.de\/wp-content\/uploads\/2020\/09\/Schwetzingen-2020-7-810x539.jpg\" alt=\"\" class=\"wp-image-6518\" srcset=\"https:\/\/www.enzo-und-ferdinand.de\/wp-content\/uploads\/2020\/09\/Schwetzingen-2020-7-810x539.jpg 810w, https:\/\/www.enzo-und-ferdinand.de\/wp-content\/uploads\/2020\/09\/Schwetzingen-2020-7-300x200.jpg 300w, https:\/\/www.enzo-und-ferdinand.de\/wp-content\/uploads\/2020\/09\/Schwetzingen-2020-7-768x512.jpg 768w, https:\/\/www.enzo-und-ferdinand.de\/wp-content\/uploads\/2020\/09\/Schwetzingen-2020-7-120x80.jpg 120w, https:\/\/www.enzo-und-ferdinand.de\/wp-content\/uploads\/2020\/09\/Schwetzingen-2020-7.jpg 1024w\" sizes=\"auto, (max-width: 810px) 100vw, 810px\" \/><\/figure>\n\n\n\n<figure class=\"wp-block-image size-large\"><img loading=\"lazy\" decoding=\"async\" width=\"810\" height=\"540\" data-id=\"6516\" src=\"https:\/\/www.enzo-und-ferdinand.de\/wp-content\/uploads\/2020\/09\/Schwetzingen-2020-5-810x540.jpg\" alt=\"\" class=\"wp-image-6516\" srcset=\"https:\/\/www.enzo-und-ferdinand.de\/wp-content\/uploads\/2020\/09\/Schwetzingen-2020-5-810x540.jpg 810w, https:\/\/www.enzo-und-ferdinand.de\/wp-content\/uploads\/2020\/09\/Schwetzingen-2020-5-300x200.jpg 300w, https:\/\/www.enzo-und-ferdinand.de\/wp-content\/uploads\/2020\/09\/Schwetzingen-2020-5-768x512.jpg 768w, https:\/\/www.enzo-und-ferdinand.de\/wp-content\/uploads\/2020\/09\/Schwetzingen-2020-5-120x80.jpg 120w, https:\/\/www.enzo-und-ferdinand.de\/wp-content\/uploads\/2020\/09\/Schwetzingen-2020-5.jpg 1024w\" sizes=\"auto, (max-width: 810px) 100vw, 810px\" \/><\/figure>\n\n\n\n<figure class=\"wp-block-image size-large\"><img loading=\"lazy\" decoding=\"async\" width=\"810\" height=\"540\" data-id=\"6515\" src=\"https:\/\/www.enzo-und-ferdinand.de\/wp-content\/uploads\/2020\/09\/Schwetzingen-2020-4-810x540.jpg\" alt=\"\" class=\"wp-image-6515\" srcset=\"https:\/\/www.enzo-und-ferdinand.de\/wp-content\/uploads\/2020\/09\/Schwetzingen-2020-4-810x540.jpg 810w, https:\/\/www.enzo-und-ferdinand.de\/wp-content\/uploads\/2020\/09\/Schwetzingen-2020-4-300x200.jpg 300w, https:\/\/www.enzo-und-ferdinand.de\/wp-content\/uploads\/2020\/09\/Schwetzingen-2020-4-768x512.jpg 768w, https:\/\/www.enzo-und-ferdinand.de\/wp-content\/uploads\/2020\/09\/Schwetzingen-2020-4-120x80.jpg 120w, https:\/\/www.enzo-und-ferdinand.de\/wp-content\/uploads\/2020\/09\/Schwetzingen-2020-4.jpg 1024w\" sizes=\"auto, (max-width: 810px) 100vw, 810px\" \/><\/figure>\n\n\n\n<figure class=\"wp-block-image size-large\"><img loading=\"lazy\" decoding=\"async\" width=\"810\" height=\"540\" data-id=\"6514\" src=\"https:\/\/www.enzo-und-ferdinand.de\/wp-content\/uploads\/2020\/09\/Schwetzingen-2020-3-810x540.jpg\" alt=\"\" class=\"wp-image-6514\" srcset=\"https:\/\/www.enzo-und-ferdinand.de\/wp-content\/uploads\/2020\/09\/Schwetzingen-2020-3-810x540.jpg 810w, https:\/\/www.enzo-und-ferdinand.de\/wp-content\/uploads\/2020\/09\/Schwetzingen-2020-3-300x200.jpg 300w, https:\/\/www.enzo-und-ferdinand.de\/wp-content\/uploads\/2020\/09\/Schwetzingen-2020-3-768x512.jpg 768w, https:\/\/www.enzo-und-ferdinand.de\/wp-content\/uploads\/2020\/09\/Schwetzingen-2020-3-120x80.jpg 120w, https:\/\/www.enzo-und-ferdinand.de\/wp-content\/uploads\/2020\/09\/Schwetzingen-2020-3.jpg 1024w\" sizes=\"auto, (max-width: 810px) 100vw, 810px\" \/><\/figure>\n\n\n\n<figure class=\"wp-block-image size-large\"><img loading=\"lazy\" decoding=\"async\" width=\"810\" height=\"540\" data-id=\"6513\" src=\"https:\/\/www.enzo-und-ferdinand.de\/wp-content\/uploads\/2020\/09\/Schwetzingen-2020-2-810x540.jpg\" alt=\"\" class=\"wp-image-6513\" srcset=\"https:\/\/www.enzo-und-ferdinand.de\/wp-content\/uploads\/2020\/09\/Schwetzingen-2020-2-810x540.jpg 810w, https:\/\/www.enzo-und-ferdinand.de\/wp-content\/uploads\/2020\/09\/Schwetzingen-2020-2-300x200.jpg 300w, https:\/\/www.enzo-und-ferdinand.de\/wp-content\/uploads\/2020\/09\/Schwetzingen-2020-2-768x512.jpg 768w, https:\/\/www.enzo-und-ferdinand.de\/wp-content\/uploads\/2020\/09\/Schwetzingen-2020-2-120x80.jpg 120w, https:\/\/www.enzo-und-ferdinand.de\/wp-content\/uploads\/2020\/09\/Schwetzingen-2020-2.jpg 1024w\" sizes=\"auto, (max-width: 810px) 100vw, 810px\" \/><\/figure>\n\n\n\n<figure class=\"wp-block-image size-large\"><img loading=\"lazy\" decoding=\"async\" width=\"810\" height=\"540\" data-id=\"6512\" src=\"https:\/\/www.enzo-und-ferdinand.de\/wp-content\/uploads\/2020\/09\/Schwetzingen-2020-1-810x540.jpg\" alt=\"\" class=\"wp-image-6512\" srcset=\"https:\/\/www.enzo-und-ferdinand.de\/wp-content\/uploads\/2020\/09\/Schwetzingen-2020-1-810x540.jpg 810w, https:\/\/www.enzo-und-ferdinand.de\/wp-content\/uploads\/2020\/09\/Schwetzingen-2020-1-300x200.jpg 300w, https:\/\/www.enzo-und-ferdinand.de\/wp-content\/uploads\/2020\/09\/Schwetzingen-2020-1-768x512.jpg 768w, https:\/\/www.enzo-und-ferdinand.de\/wp-content\/uploads\/2020\/09\/Schwetzingen-2020-1-120x80.jpg 120w, https:\/\/www.enzo-und-ferdinand.de\/wp-content\/uploads\/2020\/09\/Schwetzingen-2020-1.jpg 1024w\" sizes=\"auto, (max-width: 810px) 100vw, 810px\" \/><\/figure>\n<\/figure>\n\n\n\n<p class=\"has-text-align-right has-small-font-size wp-block-paragraph\">Fotos: Rainer Ro\u00dfbach\/Text: Rainer Rossbach<\/p>\n","protected":false},"excerpt":{"rendered":"<p>Die Classic-Gala in Schwetzingen, traditionell im pr\u00e4chtigen Barockgarten der Sommerresidenz der pf\u00e4lzischen Kurf\u00fcrsten zuhause, war vom 4. bis 6. September wieder Schauplatz f\u00fcr eine Automobile Zeitreise. Die weitl\u00e4ufige Anlage bot Platz genug, um Gef\u00e4hrdungen durch das CoVID19-Virus gering zu halten. \u201eRechts gehen\u201c war die Devise, damit man sich beim Betrachten der 150 Autorarit\u00e4ten aus der Zeit zwischen 1890 und 1990 nicht ins Gehege kam. Man flanierte auf der einen Seite hin, auf der anderen zur\u00fcck. F\u00fcr den Verkauf von Erfrischungen oder Automobila gab es Wartezonen wie im Einzelhandel.<\/p>\n","protected":false},"author":1,"featured_media":6525,"comment_status":"closed","ping_status":"closed","sticky":false,"template":"","format":"standard","meta":{"_crdt_document":"","ngg_post_thumbnail":0,"footnotes":""},"categories":[14,13],"tags":[462,265,463,464],"class_list":["post-6487","post","type-post","status-publish","format-standard","has-post-thumbnail","hentry","category-events","category-ikonen","tag-classic-gala","tag-pininfarina","tag-schwetzingen","tag-talbot"],"yoast_head":"<!-- This site is optimized with the Yoast SEO plugin v27.5 - https:\/\/yoast.com\/product\/yoast-seo-wordpress\/ -->\n<title>Classic-Gala Schwetzingen 2020<\/title>\n<meta name=\"description\" content=\"Classic-Gala Schwetzingen 2020\" \/>\n<meta name=\"robots\" content=\"index, follow, max-snippet:-1, max-image-preview:large, max-video-preview:-1\" \/>\n<link rel=\"canonical\" href=\"https:\/\/www.enzo-und-ferdinand.de\/index.php\/2020\/09\/05\/classic-gala-schwetzingen-2020\/\" \/>\n<meta property=\"og:locale\" content=\"de_DE\" \/>\n<meta property=\"og:type\" content=\"article\" \/>\n<meta property=\"og:title\" content=\"Classic-Gala Schwetzingen 2020\" \/>\n<meta property=\"og:description\" content=\"Classic-Gala Schwetzingen 2020\" \/>\n<meta property=\"og:url\" content=\"https:\/\/www.enzo-und-ferdinand.de\/index.php\/2020\/09\/05\/classic-gala-schwetzingen-2020\/\" \/>\n<meta property=\"og:site_name\" content=\"enzo &amp; Ferdinand\" \/>\n<meta property=\"article:published_time\" content=\"2020-09-05T18:58:00+00:00\" \/>\n<meta property=\"article:modified_time\" content=\"2025-12-28T14:32:28+00:00\" \/>\n<meta property=\"og:image\" content=\"https:\/\/www.enzo-und-ferdinand.de\/wp-content\/uploads\/2020\/09\/Schwetzingen-2020-17.jpg\" \/>\n\t<meta property=\"og:image:width\" content=\"1024\" \/>\n\t<meta property=\"og:image:height\" content=\"687\" \/>\n\t<meta property=\"og:image:type\" content=\"image\/jpeg\" \/>\n<meta name=\"author\" content=\"Rainer Ro\u00dfbach\" \/>\n<meta name=\"twitter:card\" content=\"summary_large_image\" \/>\n<meta name=\"twitter:label1\" content=\"Verfasst von\" \/>\n\t<meta name=\"twitter:data1\" content=\"Rainer Ro\u00dfbach\" \/>\n\t<meta name=\"twitter:label2\" content=\"Gesch\u00e4tzte Lesezeit\" \/>\n\t<meta name=\"twitter:data2\" content=\"5\u00a0Minuten\" \/>\n<script type=\"application\/ld+json\" class=\"yoast-schema-graph\">{\"@context\":\"https:\\\/\\\/schema.org\",\"@graph\":[{\"@type\":\"Article\",\"@id\":\"https:\\\/\\\/www.enzo-und-ferdinand.de\\\/index.php\\\/2020\\\/09\\\/05\\\/classic-gala-schwetzingen-2020\\\/#article\",\"isPartOf\":{\"@id\":\"https:\\\/\\\/www.enzo-und-ferdinand.de\\\/index.php\\\/2020\\\/09\\\/05\\\/classic-gala-schwetzingen-2020\\\/\"},\"author\":{\"name\":\"Rainer Ro\u00dfbach\",\"@id\":\"https:\\\/\\\/www.enzo-und-ferdinand.de\\\/#\\\/schema\\\/person\\\/aff2eb9ff87705987c1b9d21fe10b095\"},\"headline\":\"Classic-Gala Schwetzingen 2020\",\"datePublished\":\"2020-09-05T18:58:00+00:00\",\"dateModified\":\"2025-12-28T14:32:28+00:00\",\"mainEntityOfPage\":{\"@id\":\"https:\\\/\\\/www.enzo-und-ferdinand.de\\\/index.php\\\/2020\\\/09\\\/05\\\/classic-gala-schwetzingen-2020\\\/\"},\"wordCount\":198,\"publisher\":{\"@id\":\"https:\\\/\\\/www.enzo-und-ferdinand.de\\\/#organization\"},\"image\":{\"@id\":\"https:\\\/\\\/www.enzo-und-ferdinand.de\\\/index.php\\\/2020\\\/09\\\/05\\\/classic-gala-schwetzingen-2020\\\/#primaryimage\"},\"thumbnailUrl\":\"https:\\\/\\\/www.enzo-und-ferdinand.de\\\/wp-content\\\/uploads\\\/2020\\\/09\\\/Schwetzingen-2020-17.jpg\",\"keywords\":[\"Classic-Gala\",\"Pininfarina\",\"Schwetzingen\",\"Talbot\"],\"articleSection\":[\"Events\",\"Ikonen\"],\"inLanguage\":\"de\"},{\"@type\":\"WebPage\",\"@id\":\"https:\\\/\\\/www.enzo-und-ferdinand.de\\\/index.php\\\/2020\\\/09\\\/05\\\/classic-gala-schwetzingen-2020\\\/\",\"url\":\"https:\\\/\\\/www.enzo-und-ferdinand.de\\\/index.php\\\/2020\\\/09\\\/05\\\/classic-gala-schwetzingen-2020\\\/\",\"name\":\"Classic-Gala Schwetzingen 2020\",\"isPartOf\":{\"@id\":\"https:\\\/\\\/www.enzo-und-ferdinand.de\\\/#website\"},\"primaryImageOfPage\":{\"@id\":\"https:\\\/\\\/www.enzo-und-ferdinand.de\\\/index.php\\\/2020\\\/09\\\/05\\\/classic-gala-schwetzingen-2020\\\/#primaryimage\"},\"image\":{\"@id\":\"https:\\\/\\\/www.enzo-und-ferdinand.de\\\/index.php\\\/2020\\\/09\\\/05\\\/classic-gala-schwetzingen-2020\\\/#primaryimage\"},\"thumbnailUrl\":\"https:\\\/\\\/www.enzo-und-ferdinand.de\\\/wp-content\\\/uploads\\\/2020\\\/09\\\/Schwetzingen-2020-17.jpg\",\"datePublished\":\"2020-09-05T18:58:00+00:00\",\"dateModified\":\"2025-12-28T14:32:28+00:00\",\"description\":\"Classic-Gala Schwetzingen 2020\",\"breadcrumb\":{\"@id\":\"https:\\\/\\\/www.enzo-und-ferdinand.de\\\/index.php\\\/2020\\\/09\\\/05\\\/classic-gala-schwetzingen-2020\\\/#breadcrumb\"},\"inLanguage\":\"de\",\"potentialAction\":[{\"@type\":\"ReadAction\",\"target\":[\"https:\\\/\\\/www.enzo-und-ferdinand.de\\\/index.php\\\/2020\\\/09\\\/05\\\/classic-gala-schwetzingen-2020\\\/\"]}]},{\"@type\":\"ImageObject\",\"inLanguage\":\"de\",\"@id\":\"https:\\\/\\\/www.enzo-und-ferdinand.de\\\/index.php\\\/2020\\\/09\\\/05\\\/classic-gala-schwetzingen-2020\\\/#primaryimage\",\"url\":\"https:\\\/\\\/www.enzo-und-ferdinand.de\\\/wp-content\\\/uploads\\\/2020\\\/09\\\/Schwetzingen-2020-17.jpg\",\"contentUrl\":\"https:\\\/\\\/www.enzo-und-ferdinand.de\\\/wp-content\\\/uploads\\\/2020\\\/09\\\/Schwetzingen-2020-17.jpg\",\"width\":1024,\"height\":687},{\"@type\":\"BreadcrumbList\",\"@id\":\"https:\\\/\\\/www.enzo-und-ferdinand.de\\\/index.php\\\/2020\\\/09\\\/05\\\/classic-gala-schwetzingen-2020\\\/#breadcrumb\",\"itemListElement\":[{\"@type\":\"ListItem\",\"position\":1,\"name\":\"Startseite\",\"item\":\"https:\\\/\\\/www.enzo-und-ferdinand.de\\\/\"},{\"@type\":\"ListItem\",\"position\":2,\"name\":\"Classic-Gala Schwetzingen 2020\"}]},{\"@type\":\"WebSite\",\"@id\":\"https:\\\/\\\/www.enzo-und-ferdinand.de\\\/#website\",\"url\":\"https:\\\/\\\/www.enzo-und-ferdinand.de\\\/\",\"name\":\"enzo & Ferdinand\",\"description\":\"\",\"publisher\":{\"@id\":\"https:\\\/\\\/www.enzo-und-ferdinand.de\\\/#organization\"},\"potentialAction\":[{\"@type\":\"SearchAction\",\"target\":{\"@type\":\"EntryPoint\",\"urlTemplate\":\"https:\\\/\\\/www.enzo-und-ferdinand.de\\\/?s={search_term_string}\"},\"query-input\":{\"@type\":\"PropertyValueSpecification\",\"valueRequired\":true,\"valueName\":\"search_term_string\"}}],\"inLanguage\":\"de\"},{\"@type\":\"Organization\",\"@id\":\"https:\\\/\\\/www.enzo-und-ferdinand.de\\\/#organization\",\"name\":\"enzo & Ferdinand\",\"url\":\"https:\\\/\\\/www.enzo-und-ferdinand.de\\\/\",\"logo\":{\"@type\":\"ImageObject\",\"inLanguage\":\"de\",\"@id\":\"https:\\\/\\\/www.enzo-und-ferdinand.de\\\/#\\\/schema\\\/logo\\\/image\\\/\",\"url\":\"https:\\\/\\\/www.enzo-und-ferdinand.de\\\/wp-content\\\/uploads\\\/2018\\\/12\\\/revvvs-icon.png\",\"contentUrl\":\"https:\\\/\\\/www.enzo-und-ferdinand.de\\\/wp-content\\\/uploads\\\/2018\\\/12\\\/revvvs-icon.png\",\"width\":512,\"height\":512,\"caption\":\"enzo & Ferdinand\"},\"image\":{\"@id\":\"https:\\\/\\\/www.enzo-und-ferdinand.de\\\/#\\\/schema\\\/logo\\\/image\\\/\"}},{\"@type\":\"Person\",\"@id\":\"https:\\\/\\\/www.enzo-und-ferdinand.de\\\/#\\\/schema\\\/person\\\/aff2eb9ff87705987c1b9d21fe10b095\",\"name\":\"Rainer Ro\u00dfbach\",\"image\":{\"@type\":\"ImageObject\",\"inLanguage\":\"de\",\"@id\":\"https:\\\/\\\/www.enzo-und-ferdinand.de\\\/wp-content\\\/uploads\\\/2026\\\/01\\\/Rainer-Rossbach-150x150.jpg\",\"url\":\"https:\\\/\\\/www.enzo-und-ferdinand.de\\\/wp-content\\\/uploads\\\/2026\\\/01\\\/Rainer-Rossbach-150x150.jpg\",\"contentUrl\":\"https:\\\/\\\/www.enzo-und-ferdinand.de\\\/wp-content\\\/uploads\\\/2026\\\/01\\\/Rainer-Rossbach-150x150.jpg\",\"caption\":\"Rainer Ro\u00dfbach\"},\"url\":\"https:\\\/\\\/www.enzo-und-ferdinand.de\\\/index.php\\\/author\\\/redaktion\\\/\"}]}<\/script>\n<!-- \/ Yoast SEO plugin. -->","yoast_head_json":{"title":"Classic-Gala Schwetzingen 2020","description":"Classic-Gala Schwetzingen 2020","robots":{"index":"index","follow":"follow","max-snippet":"max-snippet:-1","max-image-preview":"max-image-preview:large","max-video-preview":"max-video-preview:-1"},"canonical":"https:\/\/www.enzo-und-ferdinand.de\/index.php\/2020\/09\/05\/classic-gala-schwetzingen-2020\/","og_locale":"de_DE","og_type":"article","og_title":"Classic-Gala Schwetzingen 2020","og_description":"Classic-Gala Schwetzingen 2020","og_url":"https:\/\/www.enzo-und-ferdinand.de\/index.php\/2020\/09\/05\/classic-gala-schwetzingen-2020\/","og_site_name":"enzo &amp; Ferdinand","article_published_time":"2020-09-05T18:58:00+00:00","article_modified_time":"2025-12-28T14:32:28+00:00","og_image":[{"width":1024,"height":687,"url":"https:\/\/www.enzo-und-ferdinand.de\/wp-content\/uploads\/2020\/09\/Schwetzingen-2020-17.jpg","type":"image\/jpeg"}],"author":"Rainer Ro\u00dfbach","twitter_card":"summary_large_image","twitter_misc":{"Verfasst von":"Rainer Ro\u00dfbach","Gesch\u00e4tzte Lesezeit":"5\u00a0Minuten"},"schema":{"@context":"https:\/\/schema.org","@graph":[{"@type":"Article","@id":"https:\/\/www.enzo-und-ferdinand.de\/index.php\/2020\/09\/05\/classic-gala-schwetzingen-2020\/#article","isPartOf":{"@id":"https:\/\/www.enzo-und-ferdinand.de\/index.php\/2020\/09\/05\/classic-gala-schwetzingen-2020\/"},"author":{"name":"Rainer Ro\u00dfbach","@id":"https:\/\/www.enzo-und-ferdinand.de\/#\/schema\/person\/aff2eb9ff87705987c1b9d21fe10b095"},"headline":"Classic-Gala Schwetzingen 2020","datePublished":"2020-09-05T18:58:00+00:00","dateModified":"2025-12-28T14:32:28+00:00","mainEntityOfPage":{"@id":"https:\/\/www.enzo-und-ferdinand.de\/index.php\/2020\/09\/05\/classic-gala-schwetzingen-2020\/"},"wordCount":198,"publisher":{"@id":"https:\/\/www.enzo-und-ferdinand.de\/#organization"},"image":{"@id":"https:\/\/www.enzo-und-ferdinand.de\/index.php\/2020\/09\/05\/classic-gala-schwetzingen-2020\/#primaryimage"},"thumbnailUrl":"https:\/\/www.enzo-und-ferdinand.de\/wp-content\/uploads\/2020\/09\/Schwetzingen-2020-17.jpg","keywords":["Classic-Gala","Pininfarina","Schwetzingen","Talbot"],"articleSection":["Events","Ikonen"],"inLanguage":"de"},{"@type":"WebPage","@id":"https:\/\/www.enzo-und-ferdinand.de\/index.php\/2020\/09\/05\/classic-gala-schwetzingen-2020\/","url":"https:\/\/www.enzo-und-ferdinand.de\/index.php\/2020\/09\/05\/classic-gala-schwetzingen-2020\/","name":"Classic-Gala Schwetzingen 2020","isPartOf":{"@id":"https:\/\/www.enzo-und-ferdinand.de\/#website"},"primaryImageOfPage":{"@id":"https:\/\/www.enzo-und-ferdinand.de\/index.php\/2020\/09\/05\/classic-gala-schwetzingen-2020\/#primaryimage"},"image":{"@id":"https:\/\/www.enzo-und-ferdinand.de\/index.php\/2020\/09\/05\/classic-gala-schwetzingen-2020\/#primaryimage"},"thumbnailUrl":"https:\/\/www.enzo-und-ferdinand.de\/wp-content\/uploads\/2020\/09\/Schwetzingen-2020-17.jpg","datePublished":"2020-09-05T18:58:00+00:00","dateModified":"2025-12-28T14:32:28+00:00","description":"Classic-Gala Schwetzingen 2020","breadcrumb":{"@id":"https:\/\/www.enzo-und-ferdinand.de\/index.php\/2020\/09\/05\/classic-gala-schwetzingen-2020\/#breadcrumb"},"inLanguage":"de","potentialAction":[{"@type":"ReadAction","target":["https:\/\/www.enzo-und-ferdinand.de\/index.php\/2020\/09\/05\/classic-gala-schwetzingen-2020\/"]}]},{"@type":"ImageObject","inLanguage":"de","@id":"https:\/\/www.enzo-und-ferdinand.de\/index.php\/2020\/09\/05\/classic-gala-schwetzingen-2020\/#primaryimage","url":"https:\/\/www.enzo-und-ferdinand.de\/wp-content\/uploads\/2020\/09\/Schwetzingen-2020-17.jpg","contentUrl":"https:\/\/www.enzo-und-ferdinand.de\/wp-content\/uploads\/2020\/09\/Schwetzingen-2020-17.jpg","width":1024,"height":687},{"@type":"BreadcrumbList","@id":"https:\/\/www.enzo-und-ferdinand.de\/index.php\/2020\/09\/05\/classic-gala-schwetzingen-2020\/#breadcrumb","itemListElement":[{"@type":"ListItem","position":1,"name":"Startseite","item":"https:\/\/www.enzo-und-ferdinand.de\/"},{"@type":"ListItem","position":2,"name":"Classic-Gala Schwetzingen 2020"}]},{"@type":"WebSite","@id":"https:\/\/www.enzo-und-ferdinand.de\/#website","url":"https:\/\/www.enzo-und-ferdinand.de\/","name":"enzo & Ferdinand","description":"","publisher":{"@id":"https:\/\/www.enzo-und-ferdinand.de\/#organization"},"potentialAction":[{"@type":"SearchAction","target":{"@type":"EntryPoint","urlTemplate":"https:\/\/www.enzo-und-ferdinand.de\/?s={search_term_string}"},"query-input":{"@type":"PropertyValueSpecification","valueRequired":true,"valueName":"search_term_string"}}],"inLanguage":"de"},{"@type":"Organization","@id":"https:\/\/www.enzo-und-ferdinand.de\/#organization","name":"enzo & Ferdinand","url":"https:\/\/www.enzo-und-ferdinand.de\/","logo":{"@type":"ImageObject","inLanguage":"de","@id":"https:\/\/www.enzo-und-ferdinand.de\/#\/schema\/logo\/image\/","url":"https:\/\/www.enzo-und-ferdinand.de\/wp-content\/uploads\/2018\/12\/revvvs-icon.png","contentUrl":"https:\/\/www.enzo-und-ferdinand.de\/wp-content\/uploads\/2018\/12\/revvvs-icon.png","width":512,"height":512,"caption":"enzo & Ferdinand"},"image":{"@id":"https:\/\/www.enzo-und-ferdinand.de\/#\/schema\/logo\/image\/"}},{"@type":"Person","@id":"https:\/\/www.enzo-und-ferdinand.de\/#\/schema\/person\/aff2eb9ff87705987c1b9d21fe10b095","name":"Rainer Ro\u00dfbach","image":{"@type":"ImageObject","inLanguage":"de","@id":"https:\/\/www.enzo-und-ferdinand.de\/wp-content\/uploads\/2026\/01\/Rainer-Rossbach-150x150.jpg","url":"https:\/\/www.enzo-und-ferdinand.de\/wp-content\/uploads\/2026\/01\/Rainer-Rossbach-150x150.jpg","contentUrl":"https:\/\/www.enzo-und-ferdinand.de\/wp-content\/uploads\/2026\/01\/Rainer-Rossbach-150x150.jpg","caption":"Rainer Ro\u00dfbach"},"url":"https:\/\/www.enzo-und-ferdinand.de\/index.php\/author\/redaktion\/"}]}},"_links":{"self":[{"href":"https:\/\/www.enzo-und-ferdinand.de\/index.php\/wp-json\/wp\/v2\/posts\/6487","targetHints":{"allow":["GET"]}}],"collection":[{"href":"https:\/\/www.enzo-und-ferdinand.de\/index.php\/wp-json\/wp\/v2\/posts"}],"about":[{"href":"https:\/\/www.enzo-und-ferdinand.de\/index.php\/wp-json\/wp\/v2\/types\/post"}],"author":[{"embeddable":true,"href":"https:\/\/www.enzo-und-ferdinand.de\/index.php\/wp-json\/wp\/v2\/users\/1"}],"replies":[{"embeddable":true,"href":"https:\/\/www.enzo-und-ferdinand.de\/index.php\/wp-json\/wp\/v2\/comments?post=6487"}],"version-history":[{"count":21,"href":"https:\/\/www.enzo-und-ferdinand.de\/index.php\/wp-json\/wp\/v2\/posts\/6487\/revisions"}],"predecessor-version":[{"id":21874,"href":"https:\/\/www.enzo-und-ferdinand.de\/index.php\/wp-json\/wp\/v2\/posts\/6487\/revisions\/21874"}],"wp:featuredmedia":[{"embeddable":true,"href":"https:\/\/www.enzo-und-ferdinand.de\/index.php\/wp-json\/wp\/v2\/media\/6525"}],"wp:attachment":[{"href":"https:\/\/www.enzo-und-ferdinand.de\/index.php\/wp-json\/wp\/v2\/media?parent=6487"}],"wp:term":[{"taxonomy":"category","embeddable":true,"href":"https:\/\/www.enzo-und-ferdinand.de\/index.php\/wp-json\/wp\/v2\/categories?post=6487"},{"taxonomy":"post_tag","embeddable":true,"href":"https:\/\/www.enzo-und-ferdinand.de\/index.php\/wp-json\/wp\/v2\/tags?post=6487"}],"curies":[{"name":"wp","href":"https:\/\/api.w.org\/{rel}","templated":true}]}}