{"id":6543,"date":"2020-09-21T11:34:35","date_gmt":"2020-09-21T09:34:35","guid":{"rendered":"http:\/\/www.enzo-und-ferdinand.de\/?p=6543"},"modified":"2025-12-28T15:30:43","modified_gmt":"2025-12-28T14:30:43","slug":"tourenwagen-legenden-nuerburgring","status":"publish","type":"post","link":"https:\/\/www.enzo-und-ferdinand.de\/index.php\/2020\/09\/21\/tourenwagen-legenden-nuerburgring\/","title":{"rendered":"Tourenwagen Legenden N\u00fcrburgring"},"content":{"rendered":"\n<figure class=\"wp-block-image size-large\"><img loading=\"lazy\" decoding=\"async\" width=\"810\" height=\"539\" src=\"https:\/\/www.enzo-und-ferdinand.de\/wp-content\/uploads\/2020\/09\/R3NBR_T3PR3_R2-142-scaled-1-810x539.jpg\" alt=\"Torenwagenlegenden N\u00fcrburgring September 2020\" class=\"wp-image-6547\" srcset=\"https:\/\/www.enzo-und-ferdinand.de\/wp-content\/uploads\/2020\/09\/R3NBR_T3PR3_R2-142-scaled-1-810x539.jpg 810w, https:\/\/www.enzo-und-ferdinand.de\/wp-content\/uploads\/2020\/09\/R3NBR_T3PR3_R2-142-scaled-1-300x200.jpg 300w, https:\/\/www.enzo-und-ferdinand.de\/wp-content\/uploads\/2020\/09\/R3NBR_T3PR3_R2-142-scaled-1-768x512.jpg 768w, https:\/\/www.enzo-und-ferdinand.de\/wp-content\/uploads\/2020\/09\/R3NBR_T3PR3_R2-142-scaled-1-120x80.jpg 120w, https:\/\/www.enzo-und-ferdinand.de\/wp-content\/uploads\/2020\/09\/R3NBR_T3PR3_R2-142-scaled-1.jpg 1024w\" sizes=\"auto, (max-width: 810px) 100vw, 810px\" \/><\/figure>\n\n\n\n<p class=\"wp-block-paragraph\">Das erste Gastspiel der Tourenwagen Legenden im Rahmen der DTM fand auf dem N\u00fcrburgring statt. Das Samstagsrennen stand ganz im Zeichen von Klaus Ludwig und Kurt Thiim, die sich ein spannendes Duell um den Sieg lieferten. Im Ziel trennte die beiden AMG-Mercedes-Fahrer gerade einmal 0,558 Sekunden. Am Sonntag gab es dann einen \u00dcberraschungssieger. Alexander Schmidt holte mit seinem Williams Renault Laguna ST den ersten Klasse-4-Sieg in der Geschichte der Serie.<br>\u00a0<br>Von der Pole-Position aus gestartet verteidigte Ludwig in der AMG-Mercedes C-Klasse DTM\/ITC in Rennen eins seine F\u00fchrung. Konnte sich der dreifache DTM-Meister (1988, 1992 und 1994) zun\u00e4chst vom Feld absetzen, musste er sich vor allem in der Schlussphase den Angriffen von Thiim \u2013 seinerseits DTM-Champion von 1986 \u2013 erwehren. Ludwig behielt die Nerven und feierte mit nur 0,558 Sekunden einen Start-Ziel-Sieg. Platz drei ging an Kasper Aaskov im Opel Calibra V6 4&#215;4, Schmidt fuhr mit seinem Renault aus der Britischen Tourenwagen Meisterschaft auf Rang vier. Gerbert Luttikhuis (Mercedes 190 E 2.5-16 EVO II) holte mit Platz f\u00fcnf seinen vierten Sieg in der Klasse 2. Hinter Josef Krings (Mercedes 190E 2.3-16) und Lutz Peper (BMW M3 E30) fuhr Leif Christensen (Ford Sierra RS 500 Cosworth) mit dem schnellsten Klasse-3-Fahrzeug auf Position acht. Klaus Peter (Audi V8) und Roland Jakobs (Mercedes 190 E 2.5-16 EVO I) komplettierten die Top 10.<\/p>\n\n\n\n<p class=\"wp-block-paragraph\"><\/p>\n\n\n\n<figure class=\"wp-block-image size-large\"><img loading=\"lazy\" decoding=\"async\" width=\"810\" height=\"539\" src=\"https:\/\/www.enzo-und-ferdinand.de\/wp-content\/uploads\/2020\/09\/R3NBR_T2PR2_R1-200-scaled-1-810x539.jpg\" alt=\"Torenwagenlegenden N\u00fcrburgring September 2020\" class=\"wp-image-6546\" srcset=\"https:\/\/www.enzo-und-ferdinand.de\/wp-content\/uploads\/2020\/09\/R3NBR_T2PR2_R1-200-scaled-1-810x539.jpg 810w, https:\/\/www.enzo-und-ferdinand.de\/wp-content\/uploads\/2020\/09\/R3NBR_T2PR2_R1-200-scaled-1-300x200.jpg 300w, https:\/\/www.enzo-und-ferdinand.de\/wp-content\/uploads\/2020\/09\/R3NBR_T2PR2_R1-200-scaled-1-768x512.jpg 768w, https:\/\/www.enzo-und-ferdinand.de\/wp-content\/uploads\/2020\/09\/R3NBR_T2PR2_R1-200-scaled-1-120x80.jpg 120w, https:\/\/www.enzo-und-ferdinand.de\/wp-content\/uploads\/2020\/09\/R3NBR_T2PR2_R1-200-scaled-1.jpg 1024w\" sizes=\"auto, (max-width: 810px) 100vw, 810px\" \/><\/figure>\n\n\n\n<p class=\"wp-block-paragraph\"><br>\u00a0<br>Zum zweiten Rennen starteten J\u00f6rg Hatscher und Thorsten Stadler, die Teamgef\u00e4hrten der beiden DTM-Haudegen Ludwig und Thiim, aus Startreihe eins. Hatscher verteidigte zun\u00e4chst die F\u00fchrung, leistete sich dann aber in der Anfangsphase in der Bilstein-Kurve einen Ausrutscher. In Rallye-Manier fing der Oldenburger seine C-Klasse ab und kehrte auf die Strecke zur\u00fcck. Den Anschluss an die Spitze konnte er im Folgenden jedoch nicht halten. Stadler \u00fcbernahm die F\u00fchrung. In Runde neun schied er dann aber mit einem Hydraulikdefekt aus. Zur Bergung der C-Klasse schickte die Rennleitung das Safetycar auf die Strecke. Stefan Rupp, der das Samstagsrennen aufgrund eines technischen Defekts nicht antreten konnte, rollte mit seinem spektakul\u00e4ren Alfa Romeo 155 ITC das Feld von hinten auf und lag zu diesem Zeitpunkt auf Platz eins. Beim Restart beschleunigte er zu fr\u00fch und erhielt von der Rennleitung eine Durchfahrtstrafe. Als er diese antrat, \u00fcberschritt er die Geschwindigkeitsbegrenzung in der Boxengasse, woraufhin er nach dem Rennen eine 30-Sekunden-Strafe kassierte. So \u00fcberquerte er zwar als Erster die Ziellinie, wurde aber nur auf Rang drei gewertet. Sieger des Rennens wurde Alexander Schmidt, der mit dem Williams Renault Laguna ST den ersten Sieg eines Supertourenwagens bei den Tourenwagen Legenden feierte. Hatscher wurde auf Platz zwei gewertet. Hinter dem Spitzentrio holte Josef Krings den Sieg in der Klasse 2 vor Lutz Peper. Leif Christensen war erneut in der Klasse 3 erfolgreich.<br>\u00a0<br>Der Niederl\u00e4nder Gerbert Luttikhuis f\u00fchrt nach der ersten Halbzeit der TWL-Saison 2020 die Meisterschaft mit 110 Punkten an. Auf den Positionen zwei und drei folgen mit Leif Christensen (100 Punkte) und Kasper Aaskov (92) zwei D\u00e4nen.<\/p>\n\n\n\n<figure class=\"wp-block-image size-large\"><img loading=\"lazy\" decoding=\"async\" width=\"810\" height=\"539\" src=\"https:\/\/www.enzo-und-ferdinand.de\/wp-content\/uploads\/2020\/09\/R3NBR_T2PR2_R1-153-scaled-1-810x539.jpg\" alt=\"Torenwagenlegenden N\u00fcrburgring September 2020\" class=\"wp-image-6545\" srcset=\"https:\/\/www.enzo-und-ferdinand.de\/wp-content\/uploads\/2020\/09\/R3NBR_T2PR2_R1-153-scaled-1-810x539.jpg 810w, https:\/\/www.enzo-und-ferdinand.de\/wp-content\/uploads\/2020\/09\/R3NBR_T2PR2_R1-153-scaled-1-300x200.jpg 300w, https:\/\/www.enzo-und-ferdinand.de\/wp-content\/uploads\/2020\/09\/R3NBR_T2PR2_R1-153-scaled-1-768x512.jpg 768w, https:\/\/www.enzo-und-ferdinand.de\/wp-content\/uploads\/2020\/09\/R3NBR_T2PR2_R1-153-scaled-1-120x80.jpg 120w, https:\/\/www.enzo-und-ferdinand.de\/wp-content\/uploads\/2020\/09\/R3NBR_T2PR2_R1-153-scaled-1.jpg 1024w\" sizes=\"auto, (max-width: 810px) 100vw, 810px\" \/><\/figure>\n\n\n\n<p class=\"has-text-align-right has-small-font-size wp-block-paragraph\">Text und Fotos: ks Media<\/p>\n","protected":false},"excerpt":{"rendered":"<p>Das erste Gastspiel der Tourenwagen Legenden im Rahmen der DTM fand auf dem N\u00fcrburgring statt. Das Samstagsrennen stand ganz im Zeichen von Klaus Ludwig und Kurt Thiim, die sich ein spannendes Duell um den Sieg lieferten. Im Ziel trennte die beiden AMG-Mercedes-Fahrer gerade einmal 0,558 Sekunden. Am Sonntag gab es dann einen \u00dcberraschungssieger. Alexander Schmidt holte mit seinem Williams Renault Laguna ST den ersten Klasse-4-Sieg in der Geschichte der Serie.<\/p>\n","protected":false},"author":1,"featured_media":6548,"comment_status":"open","ping_status":"open","sticky":false,"template":"","format":"standard","meta":{"_crdt_document":"","ngg_post_thumbnail":0,"footnotes":""},"categories":[13,5],"tags":[466],"class_list":["post-6543","post","type-post","status-publish","format-standard","has-post-thumbnail","hentry","category-ikonen","category-rennsport","tag-tourenwagen-legenden"],"yoast_head":"<!-- This site is optimized with the Yoast SEO plugin v27.5 - https:\/\/yoast.com\/product\/yoast-seo-wordpress\/ -->\n<title>Tourenwagen Legenden N\u00fcrburgring<\/title>\n<meta name=\"description\" content=\"Tourenwagen Legenden\" \/>\n<meta name=\"robots\" content=\"index, follow, max-snippet:-1, max-image-preview:large, max-video-preview:-1\" \/>\n<link rel=\"canonical\" href=\"https:\/\/www.enzo-und-ferdinand.de\/index.php\/2020\/09\/21\/tourenwagen-legenden-nuerburgring\/\" \/>\n<meta property=\"og:locale\" content=\"de_DE\" \/>\n<meta property=\"og:type\" content=\"article\" \/>\n<meta property=\"og:title\" content=\"Tourenwagen Legenden N\u00fcrburgring\" \/>\n<meta property=\"og:description\" content=\"Tourenwagen Legenden\" \/>\n<meta property=\"og:url\" content=\"https:\/\/www.enzo-und-ferdinand.de\/index.php\/2020\/09\/21\/tourenwagen-legenden-nuerburgring\/\" \/>\n<meta property=\"og:site_name\" content=\"enzo &amp; Ferdinand\" \/>\n<meta property=\"article:published_time\" content=\"2020-09-21T09:34:35+00:00\" \/>\n<meta property=\"article:modified_time\" content=\"2025-12-28T14:30:43+00:00\" \/>\n<meta property=\"og:image\" content=\"https:\/\/www.enzo-und-ferdinand.de\/wp-content\/uploads\/2020\/09\/R3NBR_T3PR3_R2-144-scaled-1.jpg\" \/>\n\t<meta property=\"og:image:width\" content=\"1024\" \/>\n\t<meta property=\"og:image:height\" content=\"682\" \/>\n\t<meta property=\"og:image:type\" content=\"image\/jpeg\" \/>\n<meta name=\"author\" content=\"Rainer Ro\u00dfbach\" \/>\n<meta name=\"twitter:card\" content=\"summary_large_image\" \/>\n<meta name=\"twitter:label1\" content=\"Verfasst von\" \/>\n\t<meta name=\"twitter:data1\" content=\"Rainer Ro\u00dfbach\" \/>\n\t<meta name=\"twitter:label2\" content=\"Gesch\u00e4tzte Lesezeit\" \/>\n\t<meta name=\"twitter:data2\" content=\"4\u00a0Minuten\" \/>\n<script type=\"application\/ld+json\" class=\"yoast-schema-graph\">{\"@context\":\"https:\\\/\\\/schema.org\",\"@graph\":[{\"@type\":\"Article\",\"@id\":\"https:\\\/\\\/www.enzo-und-ferdinand.de\\\/index.php\\\/2020\\\/09\\\/21\\\/tourenwagen-legenden-nuerburgring\\\/#article\",\"isPartOf\":{\"@id\":\"https:\\\/\\\/www.enzo-und-ferdinand.de\\\/index.php\\\/2020\\\/09\\\/21\\\/tourenwagen-legenden-nuerburgring\\\/\"},\"author\":{\"name\":\"Rainer Ro\u00dfbach\",\"@id\":\"https:\\\/\\\/www.enzo-und-ferdinand.de\\\/#\\\/schema\\\/person\\\/aff2eb9ff87705987c1b9d21fe10b095\"},\"headline\":\"Tourenwagen Legenden N\u00fcrburgring\",\"datePublished\":\"2020-09-21T09:34:35+00:00\",\"dateModified\":\"2025-12-28T14:30:43+00:00\",\"mainEntityOfPage\":{\"@id\":\"https:\\\/\\\/www.enzo-und-ferdinand.de\\\/index.php\\\/2020\\\/09\\\/21\\\/tourenwagen-legenden-nuerburgring\\\/\"},\"wordCount\":484,\"commentCount\":0,\"publisher\":{\"@id\":\"https:\\\/\\\/www.enzo-und-ferdinand.de\\\/#organization\"},\"image\":{\"@id\":\"https:\\\/\\\/www.enzo-und-ferdinand.de\\\/index.php\\\/2020\\\/09\\\/21\\\/tourenwagen-legenden-nuerburgring\\\/#primaryimage\"},\"thumbnailUrl\":\"https:\\\/\\\/www.enzo-und-ferdinand.de\\\/wp-content\\\/uploads\\\/2020\\\/09\\\/R3NBR_T3PR3_R2-144-scaled-1.jpg\",\"keywords\":[\"Tourenwagen Legenden\"],\"articleSection\":[\"Ikonen\",\"Rennsport\"],\"inLanguage\":\"de\",\"potentialAction\":[{\"@type\":\"CommentAction\",\"name\":\"Comment\",\"target\":[\"https:\\\/\\\/www.enzo-und-ferdinand.de\\\/index.php\\\/2020\\\/09\\\/21\\\/tourenwagen-legenden-nuerburgring\\\/#respond\"]}]},{\"@type\":\"WebPage\",\"@id\":\"https:\\\/\\\/www.enzo-und-ferdinand.de\\\/index.php\\\/2020\\\/09\\\/21\\\/tourenwagen-legenden-nuerburgring\\\/\",\"url\":\"https:\\\/\\\/www.enzo-und-ferdinand.de\\\/index.php\\\/2020\\\/09\\\/21\\\/tourenwagen-legenden-nuerburgring\\\/\",\"name\":\"Tourenwagen Legenden N\u00fcrburgring\",\"isPartOf\":{\"@id\":\"https:\\\/\\\/www.enzo-und-ferdinand.de\\\/#website\"},\"primaryImageOfPage\":{\"@id\":\"https:\\\/\\\/www.enzo-und-ferdinand.de\\\/index.php\\\/2020\\\/09\\\/21\\\/tourenwagen-legenden-nuerburgring\\\/#primaryimage\"},\"image\":{\"@id\":\"https:\\\/\\\/www.enzo-und-ferdinand.de\\\/index.php\\\/2020\\\/09\\\/21\\\/tourenwagen-legenden-nuerburgring\\\/#primaryimage\"},\"thumbnailUrl\":\"https:\\\/\\\/www.enzo-und-ferdinand.de\\\/wp-content\\\/uploads\\\/2020\\\/09\\\/R3NBR_T3PR3_R2-144-scaled-1.jpg\",\"datePublished\":\"2020-09-21T09:34:35+00:00\",\"dateModified\":\"2025-12-28T14:30:43+00:00\",\"description\":\"Tourenwagen Legenden\",\"breadcrumb\":{\"@id\":\"https:\\\/\\\/www.enzo-und-ferdinand.de\\\/index.php\\\/2020\\\/09\\\/21\\\/tourenwagen-legenden-nuerburgring\\\/#breadcrumb\"},\"inLanguage\":\"de\",\"potentialAction\":[{\"@type\":\"ReadAction\",\"target\":[\"https:\\\/\\\/www.enzo-und-ferdinand.de\\\/index.php\\\/2020\\\/09\\\/21\\\/tourenwagen-legenden-nuerburgring\\\/\"]}]},{\"@type\":\"ImageObject\",\"inLanguage\":\"de\",\"@id\":\"https:\\\/\\\/www.enzo-und-ferdinand.de\\\/index.php\\\/2020\\\/09\\\/21\\\/tourenwagen-legenden-nuerburgring\\\/#primaryimage\",\"url\":\"https:\\\/\\\/www.enzo-und-ferdinand.de\\\/wp-content\\\/uploads\\\/2020\\\/09\\\/R3NBR_T3PR3_R2-144-scaled-1.jpg\",\"contentUrl\":\"https:\\\/\\\/www.enzo-und-ferdinand.de\\\/wp-content\\\/uploads\\\/2020\\\/09\\\/R3NBR_T3PR3_R2-144-scaled-1.jpg\",\"width\":1024,\"height\":682,\"caption\":\"Torenwagenlegenden N\u00fcrburgring September 2020\"},{\"@type\":\"BreadcrumbList\",\"@id\":\"https:\\\/\\\/www.enzo-und-ferdinand.de\\\/index.php\\\/2020\\\/09\\\/21\\\/tourenwagen-legenden-nuerburgring\\\/#breadcrumb\",\"itemListElement\":[{\"@type\":\"ListItem\",\"position\":1,\"name\":\"Startseite\",\"item\":\"https:\\\/\\\/www.enzo-und-ferdinand.de\\\/\"},{\"@type\":\"ListItem\",\"position\":2,\"name\":\"Tourenwagen Legenden N\u00fcrburgring\"}]},{\"@type\":\"WebSite\",\"@id\":\"https:\\\/\\\/www.enzo-und-ferdinand.de\\\/#website\",\"url\":\"https:\\\/\\\/www.enzo-und-ferdinand.de\\\/\",\"name\":\"enzo & Ferdinand\",\"description\":\"\",\"publisher\":{\"@id\":\"https:\\\/\\\/www.enzo-und-ferdinand.de\\\/#organization\"},\"potentialAction\":[{\"@type\":\"SearchAction\",\"target\":{\"@type\":\"EntryPoint\",\"urlTemplate\":\"https:\\\/\\\/www.enzo-und-ferdinand.de\\\/?s={search_term_string}\"},\"query-input\":{\"@type\":\"PropertyValueSpecification\",\"valueRequired\":true,\"valueName\":\"search_term_string\"}}],\"inLanguage\":\"de\"},{\"@type\":\"Organization\",\"@id\":\"https:\\\/\\\/www.enzo-und-ferdinand.de\\\/#organization\",\"name\":\"enzo & Ferdinand\",\"url\":\"https:\\\/\\\/www.enzo-und-ferdinand.de\\\/\",\"logo\":{\"@type\":\"ImageObject\",\"inLanguage\":\"de\",\"@id\":\"https:\\\/\\\/www.enzo-und-ferdinand.de\\\/#\\\/schema\\\/logo\\\/image\\\/\",\"url\":\"https:\\\/\\\/www.enzo-und-ferdinand.de\\\/wp-content\\\/uploads\\\/2018\\\/12\\\/revvvs-icon.png\",\"contentUrl\":\"https:\\\/\\\/www.enzo-und-ferdinand.de\\\/wp-content\\\/uploads\\\/2018\\\/12\\\/revvvs-icon.png\",\"width\":512,\"height\":512,\"caption\":\"enzo & Ferdinand\"},\"image\":{\"@id\":\"https:\\\/\\\/www.enzo-und-ferdinand.de\\\/#\\\/schema\\\/logo\\\/image\\\/\"}},{\"@type\":\"Person\",\"@id\":\"https:\\\/\\\/www.enzo-und-ferdinand.de\\\/#\\\/schema\\\/person\\\/aff2eb9ff87705987c1b9d21fe10b095\",\"name\":\"Rainer Ro\u00dfbach\",\"image\":{\"@type\":\"ImageObject\",\"inLanguage\":\"de\",\"@id\":\"https:\\\/\\\/www.enzo-und-ferdinand.de\\\/wp-content\\\/uploads\\\/2026\\\/01\\\/Rainer-Rossbach-150x150.jpg\",\"url\":\"https:\\\/\\\/www.enzo-und-ferdinand.de\\\/wp-content\\\/uploads\\\/2026\\\/01\\\/Rainer-Rossbach-150x150.jpg\",\"contentUrl\":\"https:\\\/\\\/www.enzo-und-ferdinand.de\\\/wp-content\\\/uploads\\\/2026\\\/01\\\/Rainer-Rossbach-150x150.jpg\",\"caption\":\"Rainer Ro\u00dfbach\"},\"url\":\"https:\\\/\\\/www.enzo-und-ferdinand.de\\\/index.php\\\/author\\\/redaktion\\\/\"}]}<\/script>\n<!-- \/ Yoast SEO plugin. -->","yoast_head_json":{"title":"Tourenwagen Legenden N\u00fcrburgring","description":"Tourenwagen Legenden","robots":{"index":"index","follow":"follow","max-snippet":"max-snippet:-1","max-image-preview":"max-image-preview:large","max-video-preview":"max-video-preview:-1"},"canonical":"https:\/\/www.enzo-und-ferdinand.de\/index.php\/2020\/09\/21\/tourenwagen-legenden-nuerburgring\/","og_locale":"de_DE","og_type":"article","og_title":"Tourenwagen Legenden N\u00fcrburgring","og_description":"Tourenwagen Legenden","og_url":"https:\/\/www.enzo-und-ferdinand.de\/index.php\/2020\/09\/21\/tourenwagen-legenden-nuerburgring\/","og_site_name":"enzo &amp; Ferdinand","article_published_time":"2020-09-21T09:34:35+00:00","article_modified_time":"2025-12-28T14:30:43+00:00","og_image":[{"width":1024,"height":682,"url":"https:\/\/www.enzo-und-ferdinand.de\/wp-content\/uploads\/2020\/09\/R3NBR_T3PR3_R2-144-scaled-1.jpg","type":"image\/jpeg"}],"author":"Rainer Ro\u00dfbach","twitter_card":"summary_large_image","twitter_misc":{"Verfasst von":"Rainer Ro\u00dfbach","Gesch\u00e4tzte Lesezeit":"4\u00a0Minuten"},"schema":{"@context":"https:\/\/schema.org","@graph":[{"@type":"Article","@id":"https:\/\/www.enzo-und-ferdinand.de\/index.php\/2020\/09\/21\/tourenwagen-legenden-nuerburgring\/#article","isPartOf":{"@id":"https:\/\/www.enzo-und-ferdinand.de\/index.php\/2020\/09\/21\/tourenwagen-legenden-nuerburgring\/"},"author":{"name":"Rainer Ro\u00dfbach","@id":"https:\/\/www.enzo-und-ferdinand.de\/#\/schema\/person\/aff2eb9ff87705987c1b9d21fe10b095"},"headline":"Tourenwagen Legenden N\u00fcrburgring","datePublished":"2020-09-21T09:34:35+00:00","dateModified":"2025-12-28T14:30:43+00:00","mainEntityOfPage":{"@id":"https:\/\/www.enzo-und-ferdinand.de\/index.php\/2020\/09\/21\/tourenwagen-legenden-nuerburgring\/"},"wordCount":484,"commentCount":0,"publisher":{"@id":"https:\/\/www.enzo-und-ferdinand.de\/#organization"},"image":{"@id":"https:\/\/www.enzo-und-ferdinand.de\/index.php\/2020\/09\/21\/tourenwagen-legenden-nuerburgring\/#primaryimage"},"thumbnailUrl":"https:\/\/www.enzo-und-ferdinand.de\/wp-content\/uploads\/2020\/09\/R3NBR_T3PR3_R2-144-scaled-1.jpg","keywords":["Tourenwagen Legenden"],"articleSection":["Ikonen","Rennsport"],"inLanguage":"de","potentialAction":[{"@type":"CommentAction","name":"Comment","target":["https:\/\/www.enzo-und-ferdinand.de\/index.php\/2020\/09\/21\/tourenwagen-legenden-nuerburgring\/#respond"]}]},{"@type":"WebPage","@id":"https:\/\/www.enzo-und-ferdinand.de\/index.php\/2020\/09\/21\/tourenwagen-legenden-nuerburgring\/","url":"https:\/\/www.enzo-und-ferdinand.de\/index.php\/2020\/09\/21\/tourenwagen-legenden-nuerburgring\/","name":"Tourenwagen Legenden N\u00fcrburgring","isPartOf":{"@id":"https:\/\/www.enzo-und-ferdinand.de\/#website"},"primaryImageOfPage":{"@id":"https:\/\/www.enzo-und-ferdinand.de\/index.php\/2020\/09\/21\/tourenwagen-legenden-nuerburgring\/#primaryimage"},"image":{"@id":"https:\/\/www.enzo-und-ferdinand.de\/index.php\/2020\/09\/21\/tourenwagen-legenden-nuerburgring\/#primaryimage"},"thumbnailUrl":"https:\/\/www.enzo-und-ferdinand.de\/wp-content\/uploads\/2020\/09\/R3NBR_T3PR3_R2-144-scaled-1.jpg","datePublished":"2020-09-21T09:34:35+00:00","dateModified":"2025-12-28T14:30:43+00:00","description":"Tourenwagen Legenden","breadcrumb":{"@id":"https:\/\/www.enzo-und-ferdinand.de\/index.php\/2020\/09\/21\/tourenwagen-legenden-nuerburgring\/#breadcrumb"},"inLanguage":"de","potentialAction":[{"@type":"ReadAction","target":["https:\/\/www.enzo-und-ferdinand.de\/index.php\/2020\/09\/21\/tourenwagen-legenden-nuerburgring\/"]}]},{"@type":"ImageObject","inLanguage":"de","@id":"https:\/\/www.enzo-und-ferdinand.de\/index.php\/2020\/09\/21\/tourenwagen-legenden-nuerburgring\/#primaryimage","url":"https:\/\/www.enzo-und-ferdinand.de\/wp-content\/uploads\/2020\/09\/R3NBR_T3PR3_R2-144-scaled-1.jpg","contentUrl":"https:\/\/www.enzo-und-ferdinand.de\/wp-content\/uploads\/2020\/09\/R3NBR_T3PR3_R2-144-scaled-1.jpg","width":1024,"height":682,"caption":"Torenwagenlegenden N\u00fcrburgring September 2020"},{"@type":"BreadcrumbList","@id":"https:\/\/www.enzo-und-ferdinand.de\/index.php\/2020\/09\/21\/tourenwagen-legenden-nuerburgring\/#breadcrumb","itemListElement":[{"@type":"ListItem","position":1,"name":"Startseite","item":"https:\/\/www.enzo-und-ferdinand.de\/"},{"@type":"ListItem","position":2,"name":"Tourenwagen Legenden N\u00fcrburgring"}]},{"@type":"WebSite","@id":"https:\/\/www.enzo-und-ferdinand.de\/#website","url":"https:\/\/www.enzo-und-ferdinand.de\/","name":"enzo & Ferdinand","description":"","publisher":{"@id":"https:\/\/www.enzo-und-ferdinand.de\/#organization"},"potentialAction":[{"@type":"SearchAction","target":{"@type":"EntryPoint","urlTemplate":"https:\/\/www.enzo-und-ferdinand.de\/?s={search_term_string}"},"query-input":{"@type":"PropertyValueSpecification","valueRequired":true,"valueName":"search_term_string"}}],"inLanguage":"de"},{"@type":"Organization","@id":"https:\/\/www.enzo-und-ferdinand.de\/#organization","name":"enzo & Ferdinand","url":"https:\/\/www.enzo-und-ferdinand.de\/","logo":{"@type":"ImageObject","inLanguage":"de","@id":"https:\/\/www.enzo-und-ferdinand.de\/#\/schema\/logo\/image\/","url":"https:\/\/www.enzo-und-ferdinand.de\/wp-content\/uploads\/2018\/12\/revvvs-icon.png","contentUrl":"https:\/\/www.enzo-und-ferdinand.de\/wp-content\/uploads\/2018\/12\/revvvs-icon.png","width":512,"height":512,"caption":"enzo & Ferdinand"},"image":{"@id":"https:\/\/www.enzo-und-ferdinand.de\/#\/schema\/logo\/image\/"}},{"@type":"Person","@id":"https:\/\/www.enzo-und-ferdinand.de\/#\/schema\/person\/aff2eb9ff87705987c1b9d21fe10b095","name":"Rainer Ro\u00dfbach","image":{"@type":"ImageObject","inLanguage":"de","@id":"https:\/\/www.enzo-und-ferdinand.de\/wp-content\/uploads\/2026\/01\/Rainer-Rossbach-150x150.jpg","url":"https:\/\/www.enzo-und-ferdinand.de\/wp-content\/uploads\/2026\/01\/Rainer-Rossbach-150x150.jpg","contentUrl":"https:\/\/www.enzo-und-ferdinand.de\/wp-content\/uploads\/2026\/01\/Rainer-Rossbach-150x150.jpg","caption":"Rainer Ro\u00dfbach"},"url":"https:\/\/www.enzo-und-ferdinand.de\/index.php\/author\/redaktion\/"}]}},"_links":{"self":[{"href":"https:\/\/www.enzo-und-ferdinand.de\/index.php\/wp-json\/wp\/v2\/posts\/6543","targetHints":{"allow":["GET"]}}],"collection":[{"href":"https:\/\/www.enzo-und-ferdinand.de\/index.php\/wp-json\/wp\/v2\/posts"}],"about":[{"href":"https:\/\/www.enzo-und-ferdinand.de\/index.php\/wp-json\/wp\/v2\/types\/post"}],"author":[{"embeddable":true,"href":"https:\/\/www.enzo-und-ferdinand.de\/index.php\/wp-json\/wp\/v2\/users\/1"}],"replies":[{"embeddable":true,"href":"https:\/\/www.enzo-und-ferdinand.de\/index.php\/wp-json\/wp\/v2\/comments?post=6543"}],"version-history":[{"count":3,"href":"https:\/\/www.enzo-und-ferdinand.de\/index.php\/wp-json\/wp\/v2\/posts\/6543\/revisions"}],"predecessor-version":[{"id":6550,"href":"https:\/\/www.enzo-und-ferdinand.de\/index.php\/wp-json\/wp\/v2\/posts\/6543\/revisions\/6550"}],"wp:featuredmedia":[{"embeddable":true,"href":"https:\/\/www.enzo-und-ferdinand.de\/index.php\/wp-json\/wp\/v2\/media\/6548"}],"wp:attachment":[{"href":"https:\/\/www.enzo-und-ferdinand.de\/index.php\/wp-json\/wp\/v2\/media?parent=6543"}],"wp:term":[{"taxonomy":"category","embeddable":true,"href":"https:\/\/www.enzo-und-ferdinand.de\/index.php\/wp-json\/wp\/v2\/categories?post=6543"},{"taxonomy":"post_tag","embeddable":true,"href":"https:\/\/www.enzo-und-ferdinand.de\/index.php\/wp-json\/wp\/v2\/tags?post=6543"}],"curies":[{"name":"wp","href":"https:\/\/api.w.org\/{rel}","templated":true}]}}