{"id":6561,"date":"2020-09-26T12:34:05","date_gmt":"2020-09-26T10:34:05","guid":{"rendered":"http:\/\/www.enzo-und-ferdinand.de\/?p=6561"},"modified":"2025-12-28T15:29:08","modified_gmt":"2025-12-28T14:29:08","slug":"ferrari-omologata","status":"publish","type":"post","link":"https:\/\/www.enzo-und-ferdinand.de\/index.php\/2020\/09\/26\/ferrari-omologata\/","title":{"rendered":"Ferrari \u201eOmologata\u201c"},"content":{"rendered":"\n<figure class=\"wp-block-image size-large\"><img loading=\"lazy\" decoding=\"async\" width=\"810\" height=\"608\" src=\"https:\/\/www.enzo-und-ferdinand.de\/wp-content\/uploads\/2020\/09\/02_Ferrari_Omologata_fr_full-810x608.jpg\" alt=\"Ferrari \u201eOmologata\u201c\" class=\"wp-image-6565\" srcset=\"https:\/\/www.enzo-und-ferdinand.de\/wp-content\/uploads\/2020\/09\/02_Ferrari_Omologata_fr_full-810x608.jpg 810w, https:\/\/www.enzo-und-ferdinand.de\/wp-content\/uploads\/2020\/09\/02_Ferrari_Omologata_fr_full-300x225.jpg 300w, https:\/\/www.enzo-und-ferdinand.de\/wp-content\/uploads\/2020\/09\/02_Ferrari_Omologata_fr_full-768x576.jpg 768w, https:\/\/www.enzo-und-ferdinand.de\/wp-content\/uploads\/2020\/09\/02_Ferrari_Omologata_fr_full.jpg 1024w\" sizes=\"auto, (max-width: 810px) 100vw, 810px\" \/><\/figure>\n\n\n\n<p class=\"wp-block-paragraph\">Als Einzelst\u00fcck in Auftrag gegeben, ist der \u201eOmologata\u201c\u00a0 das j\u00fcngste unter den One-off-Modellen\u00a0\u00a0und eine dynamische Interpretation\u00a0\u00a0der Geschichte von Ferrari im GT-Rennsport: Ein Auto, das sich auf der Stra\u00dfe ebenso wohl f\u00fchlt, wie auf der Rennstrecke.\u00a0Das in Rosso-Magma lackierte Unikat sollte, neben dem Bezug auf die Tradition, futuristisches Design mit unverwechselbaren\u00a0\u00a0Elementen verbinden.<\/p>\n\n\n\n<p class=\"wp-block-paragraph\">Auf dem Package des 812 Superfast&nbsp;mit einem 6,5-Liter-V12-Motor, der 588 kW ( 800 PS) bei 8500\/min leistet&nbsp;entstanden, wurden nur die Windschutzscheibe und die Scheinwerfer als bestehende Karosserieelemente beibehalten. Ziel war es, auf Basis des bestehenden Mittel-Frontmotor-Layouts ein betont schlankes Design zu schaffen, das glatte Volumen und wellenf\u00f6rmige Reflexionen zeigt und durch Grafikelemente akzentuiert wird.&nbsp;<\/p>\n\n\n\n<p class=\"wp-block-paragraph\">Der gerundete Bereich \u00fcber den vorderen Radk\u00e4sten wird durch einen um die Motorhaube verlaufenden Kontraststreifen betont. Hinter der T\u00fcr w\u00e4chst eine kraftvolle Heckpartie nach oben, die durch den Wegfall des hinteren Dreieckfensters zus\u00e4tzlich betont ist. Das Heck wird zudem von einem markanten Heckspoiler dominiert, der nicht nur mehr Anpressdruck liefert, sondern dem Wagen auch eine aggressivere, sportlichere Note verleiht.&nbsp;<\/p>\n\n\n\n<p class=\"wp-block-paragraph\">Im Innenraum verbinden viele Ausstattungsdetails den \u201eOmologato\u201c mit der reichen Rennsporttradition von Ferrari. Metallteile auf dem Armaturenbrett und dem Lenkrad sind mit dem Schrumpflackeffekt versehen, der mit den GT-Rennwagen der 1950er und 1960er Jahre sowie mit den Nockenwellen-Abdeckungen von Ferrari in Verbindung gebracht wird. Der Hammerschlag-Lack, der bei Autos wie dem 250 LM und 250 GTO zum Einsatz kam, findet sich auf Details wie etwa den inneren T\u00fcrgriffe.<\/p>\n\n\n\n<figure class=\"wp-block-image size-large\"><img loading=\"lazy\" decoding=\"async\" width=\"810\" height=\"608\" src=\"https:\/\/www.enzo-und-ferdinand.de\/wp-content\/uploads\/2020\/09\/01_Ferrari_Omologata_fr_3_4_full-810x608.jpg\" alt=\"Ferrari \u201eOmologata\u201c\" class=\"wp-image-6564\" srcset=\"https:\/\/www.enzo-und-ferdinand.de\/wp-content\/uploads\/2020\/09\/01_Ferrari_Omologata_fr_3_4_full-810x608.jpg 810w, https:\/\/www.enzo-und-ferdinand.de\/wp-content\/uploads\/2020\/09\/01_Ferrari_Omologata_fr_3_4_full-300x225.jpg 300w, https:\/\/www.enzo-und-ferdinand.de\/wp-content\/uploads\/2020\/09\/01_Ferrari_Omologata_fr_3_4_full-768x576.jpg 768w, https:\/\/www.enzo-und-ferdinand.de\/wp-content\/uploads\/2020\/09\/01_Ferrari_Omologata_fr_3_4_full.jpg 1024w\" sizes=\"auto, (max-width: 810px) 100vw, 810px\" \/><\/figure>\n\n\n\n<p class=\"has-text-align-right has-small-font-size wp-block-paragraph\">Fotos: Ferrari\/Text: Rainer Rossbach<\/p>\n","protected":false},"excerpt":{"rendered":"<p>Als Einzelst\u00fcck in Auftrag gegeben, ist der \u201eOmologata\u201c  das j\u00fcngste unter den One-off-Modellen  eine dynamische Interpretation  der Geschichte von Ferrari im GT-Rennsport: Ein Auto, das sich auf der Stra\u00dfe ebenso wohl f\u00fchlt, wie auf der Rennstrecke. Das in Rosso-Magma lackierte Unikat sollte, neben dem Bezug auf die Tradition, futuristisches Design mit unverwechselbaren  Elementen verbinden. Auf dem Package des 812 Superfast mit einem 6,5-Liter-V12-Motor, der 588 kW ( 800 PS) bei 8500\/min leistet entstanden, wurden nur die Windschutzscheibe und die Scheinwerfer als bestehende Karosserieelemente beibehalten.<\/p>\n","protected":false},"author":1,"featured_media":6566,"comment_status":"closed","ping_status":"closed","sticky":false,"template":"","format":"standard","meta":{"_crdt_document":"","ngg_post_thumbnail":0,"footnotes":""},"categories":[24],"tags":[184,470,671],"class_list":["post-6561","post","type-post","status-publish","format-standard","has-post-thumbnail","hentry","category-unikate","tag-ferrari","tag-ferrari-omologata","tag-one-off-2"],"yoast_head":"<!-- This site is optimized with the Yoast SEO plugin v27.5 - https:\/\/yoast.com\/product\/yoast-seo-wordpress\/ -->\n<title>Ferrari \u201eOmologata\u201c<\/title>\n<meta name=\"description\" content=\"Ferrari \u201eOmologata\u201c\" \/>\n<meta name=\"robots\" content=\"index, follow, max-snippet:-1, max-image-preview:large, max-video-preview:-1\" \/>\n<link rel=\"canonical\" href=\"https:\/\/www.enzo-und-ferdinand.de\/index.php\/2020\/09\/26\/ferrari-omologata\/\" \/>\n<meta property=\"og:locale\" content=\"de_DE\" \/>\n<meta property=\"og:type\" content=\"article\" \/>\n<meta property=\"og:title\" content=\"Ferrari \u201eOmologata\u201c\" \/>\n<meta property=\"og:description\" content=\"Ferrari \u201eOmologata\u201c\" \/>\n<meta property=\"og:url\" content=\"https:\/\/www.enzo-und-ferdinand.de\/index.php\/2020\/09\/26\/ferrari-omologata\/\" \/>\n<meta property=\"og:site_name\" content=\"enzo &amp; Ferdinand\" \/>\n<meta property=\"article:published_time\" content=\"2020-09-26T10:34:05+00:00\" \/>\n<meta property=\"article:modified_time\" content=\"2025-12-28T14:29:08+00:00\" \/>\n<meta property=\"og:image\" content=\"https:\/\/www.enzo-und-ferdinand.de\/wp-content\/uploads\/2020\/09\/03_Ferrari_Omologata_r_3_4_full.jpg\" \/>\n\t<meta property=\"og:image:width\" content=\"1024\" \/>\n\t<meta property=\"og:image:height\" content=\"768\" \/>\n\t<meta property=\"og:image:type\" content=\"image\/jpeg\" \/>\n<meta name=\"author\" content=\"Rainer Ro\u00dfbach\" \/>\n<meta name=\"twitter:card\" content=\"summary_large_image\" \/>\n<meta name=\"twitter:label1\" content=\"Verfasst von\" \/>\n\t<meta name=\"twitter:data1\" content=\"Rainer Ro\u00dfbach\" \/>\n\t<meta name=\"twitter:label2\" content=\"Gesch\u00e4tzte Lesezeit\" \/>\n\t<meta name=\"twitter:data2\" content=\"2\u00a0Minuten\" \/>\n<script type=\"application\/ld+json\" class=\"yoast-schema-graph\">{\"@context\":\"https:\\\/\\\/schema.org\",\"@graph\":[{\"@type\":\"Article\",\"@id\":\"https:\\\/\\\/www.enzo-und-ferdinand.de\\\/index.php\\\/2020\\\/09\\\/26\\\/ferrari-omologata\\\/#article\",\"isPartOf\":{\"@id\":\"https:\\\/\\\/www.enzo-und-ferdinand.de\\\/index.php\\\/2020\\\/09\\\/26\\\/ferrari-omologata\\\/\"},\"author\":{\"name\":\"Rainer Ro\u00dfbach\",\"@id\":\"https:\\\/\\\/www.enzo-und-ferdinand.de\\\/#\\\/schema\\\/person\\\/aff2eb9ff87705987c1b9d21fe10b095\"},\"headline\":\"Ferrari \u201eOmologata\u201c\",\"datePublished\":\"2020-09-26T10:34:05+00:00\",\"dateModified\":\"2025-12-28T14:29:08+00:00\",\"mainEntityOfPage\":{\"@id\":\"https:\\\/\\\/www.enzo-und-ferdinand.de\\\/index.php\\\/2020\\\/09\\\/26\\\/ferrari-omologata\\\/\"},\"wordCount\":254,\"publisher\":{\"@id\":\"https:\\\/\\\/www.enzo-und-ferdinand.de\\\/#organization\"},\"image\":{\"@id\":\"https:\\\/\\\/www.enzo-und-ferdinand.de\\\/index.php\\\/2020\\\/09\\\/26\\\/ferrari-omologata\\\/#primaryimage\"},\"thumbnailUrl\":\"https:\\\/\\\/www.enzo-und-ferdinand.de\\\/wp-content\\\/uploads\\\/2020\\\/09\\\/03_Ferrari_Omologata_r_3_4_full.jpg\",\"keywords\":[\"Ferrari\",\"Ferrari \u201eOmologata\u201c\",\"One-Off\"],\"articleSection\":[\"Unikate\"],\"inLanguage\":\"de\"},{\"@type\":\"WebPage\",\"@id\":\"https:\\\/\\\/www.enzo-und-ferdinand.de\\\/index.php\\\/2020\\\/09\\\/26\\\/ferrari-omologata\\\/\",\"url\":\"https:\\\/\\\/www.enzo-und-ferdinand.de\\\/index.php\\\/2020\\\/09\\\/26\\\/ferrari-omologata\\\/\",\"name\":\"Ferrari \u201eOmologata\u201c\",\"isPartOf\":{\"@id\":\"https:\\\/\\\/www.enzo-und-ferdinand.de\\\/#website\"},\"primaryImageOfPage\":{\"@id\":\"https:\\\/\\\/www.enzo-und-ferdinand.de\\\/index.php\\\/2020\\\/09\\\/26\\\/ferrari-omologata\\\/#primaryimage\"},\"image\":{\"@id\":\"https:\\\/\\\/www.enzo-und-ferdinand.de\\\/index.php\\\/2020\\\/09\\\/26\\\/ferrari-omologata\\\/#primaryimage\"},\"thumbnailUrl\":\"https:\\\/\\\/www.enzo-und-ferdinand.de\\\/wp-content\\\/uploads\\\/2020\\\/09\\\/03_Ferrari_Omologata_r_3_4_full.jpg\",\"datePublished\":\"2020-09-26T10:34:05+00:00\",\"dateModified\":\"2025-12-28T14:29:08+00:00\",\"description\":\"Ferrari \u201eOmologata\u201c\",\"breadcrumb\":{\"@id\":\"https:\\\/\\\/www.enzo-und-ferdinand.de\\\/index.php\\\/2020\\\/09\\\/26\\\/ferrari-omologata\\\/#breadcrumb\"},\"inLanguage\":\"de\",\"potentialAction\":[{\"@type\":\"ReadAction\",\"target\":[\"https:\\\/\\\/www.enzo-und-ferdinand.de\\\/index.php\\\/2020\\\/09\\\/26\\\/ferrari-omologata\\\/\"]}]},{\"@type\":\"ImageObject\",\"inLanguage\":\"de\",\"@id\":\"https:\\\/\\\/www.enzo-und-ferdinand.de\\\/index.php\\\/2020\\\/09\\\/26\\\/ferrari-omologata\\\/#primaryimage\",\"url\":\"https:\\\/\\\/www.enzo-und-ferdinand.de\\\/wp-content\\\/uploads\\\/2020\\\/09\\\/03_Ferrari_Omologata_r_3_4_full.jpg\",\"contentUrl\":\"https:\\\/\\\/www.enzo-und-ferdinand.de\\\/wp-content\\\/uploads\\\/2020\\\/09\\\/03_Ferrari_Omologata_r_3_4_full.jpg\",\"width\":1024,\"height\":768,\"caption\":\"Ferrari \u201eOmologata\u201c\"},{\"@type\":\"BreadcrumbList\",\"@id\":\"https:\\\/\\\/www.enzo-und-ferdinand.de\\\/index.php\\\/2020\\\/09\\\/26\\\/ferrari-omologata\\\/#breadcrumb\",\"itemListElement\":[{\"@type\":\"ListItem\",\"position\":1,\"name\":\"Startseite\",\"item\":\"https:\\\/\\\/www.enzo-und-ferdinand.de\\\/\"},{\"@type\":\"ListItem\",\"position\":2,\"name\":\"Ferrari \u201eOmologata\u201c\"}]},{\"@type\":\"WebSite\",\"@id\":\"https:\\\/\\\/www.enzo-und-ferdinand.de\\\/#website\",\"url\":\"https:\\\/\\\/www.enzo-und-ferdinand.de\\\/\",\"name\":\"enzo & Ferdinand\",\"description\":\"\",\"publisher\":{\"@id\":\"https:\\\/\\\/www.enzo-und-ferdinand.de\\\/#organization\"},\"potentialAction\":[{\"@type\":\"SearchAction\",\"target\":{\"@type\":\"EntryPoint\",\"urlTemplate\":\"https:\\\/\\\/www.enzo-und-ferdinand.de\\\/?s={search_term_string}\"},\"query-input\":{\"@type\":\"PropertyValueSpecification\",\"valueRequired\":true,\"valueName\":\"search_term_string\"}}],\"inLanguage\":\"de\"},{\"@type\":\"Organization\",\"@id\":\"https:\\\/\\\/www.enzo-und-ferdinand.de\\\/#organization\",\"name\":\"enzo & Ferdinand\",\"url\":\"https:\\\/\\\/www.enzo-und-ferdinand.de\\\/\",\"logo\":{\"@type\":\"ImageObject\",\"inLanguage\":\"de\",\"@id\":\"https:\\\/\\\/www.enzo-und-ferdinand.de\\\/#\\\/schema\\\/logo\\\/image\\\/\",\"url\":\"https:\\\/\\\/www.enzo-und-ferdinand.de\\\/wp-content\\\/uploads\\\/2018\\\/12\\\/revvvs-icon.png\",\"contentUrl\":\"https:\\\/\\\/www.enzo-und-ferdinand.de\\\/wp-content\\\/uploads\\\/2018\\\/12\\\/revvvs-icon.png\",\"width\":512,\"height\":512,\"caption\":\"enzo & Ferdinand\"},\"image\":{\"@id\":\"https:\\\/\\\/www.enzo-und-ferdinand.de\\\/#\\\/schema\\\/logo\\\/image\\\/\"}},{\"@type\":\"Person\",\"@id\":\"https:\\\/\\\/www.enzo-und-ferdinand.de\\\/#\\\/schema\\\/person\\\/aff2eb9ff87705987c1b9d21fe10b095\",\"name\":\"Rainer Ro\u00dfbach\",\"image\":{\"@type\":\"ImageObject\",\"inLanguage\":\"de\",\"@id\":\"https:\\\/\\\/www.enzo-und-ferdinand.de\\\/wp-content\\\/uploads\\\/2026\\\/01\\\/Rainer-Rossbach-150x150.jpg\",\"url\":\"https:\\\/\\\/www.enzo-und-ferdinand.de\\\/wp-content\\\/uploads\\\/2026\\\/01\\\/Rainer-Rossbach-150x150.jpg\",\"contentUrl\":\"https:\\\/\\\/www.enzo-und-ferdinand.de\\\/wp-content\\\/uploads\\\/2026\\\/01\\\/Rainer-Rossbach-150x150.jpg\",\"caption\":\"Rainer Ro\u00dfbach\"},\"url\":\"https:\\\/\\\/www.enzo-und-ferdinand.de\\\/index.php\\\/author\\\/redaktion\\\/\"}]}<\/script>\n<!-- \/ Yoast SEO plugin. -->","yoast_head_json":{"title":"Ferrari \u201eOmologata\u201c","description":"Ferrari \u201eOmologata\u201c","robots":{"index":"index","follow":"follow","max-snippet":"max-snippet:-1","max-image-preview":"max-image-preview:large","max-video-preview":"max-video-preview:-1"},"canonical":"https:\/\/www.enzo-und-ferdinand.de\/index.php\/2020\/09\/26\/ferrari-omologata\/","og_locale":"de_DE","og_type":"article","og_title":"Ferrari \u201eOmologata\u201c","og_description":"Ferrari \u201eOmologata\u201c","og_url":"https:\/\/www.enzo-und-ferdinand.de\/index.php\/2020\/09\/26\/ferrari-omologata\/","og_site_name":"enzo &amp; Ferdinand","article_published_time":"2020-09-26T10:34:05+00:00","article_modified_time":"2025-12-28T14:29:08+00:00","og_image":[{"width":1024,"height":768,"url":"https:\/\/www.enzo-und-ferdinand.de\/wp-content\/uploads\/2020\/09\/03_Ferrari_Omologata_r_3_4_full.jpg","type":"image\/jpeg"}],"author":"Rainer Ro\u00dfbach","twitter_card":"summary_large_image","twitter_misc":{"Verfasst von":"Rainer Ro\u00dfbach","Gesch\u00e4tzte Lesezeit":"2\u00a0Minuten"},"schema":{"@context":"https:\/\/schema.org","@graph":[{"@type":"Article","@id":"https:\/\/www.enzo-und-ferdinand.de\/index.php\/2020\/09\/26\/ferrari-omologata\/#article","isPartOf":{"@id":"https:\/\/www.enzo-und-ferdinand.de\/index.php\/2020\/09\/26\/ferrari-omologata\/"},"author":{"name":"Rainer Ro\u00dfbach","@id":"https:\/\/www.enzo-und-ferdinand.de\/#\/schema\/person\/aff2eb9ff87705987c1b9d21fe10b095"},"headline":"Ferrari \u201eOmologata\u201c","datePublished":"2020-09-26T10:34:05+00:00","dateModified":"2025-12-28T14:29:08+00:00","mainEntityOfPage":{"@id":"https:\/\/www.enzo-und-ferdinand.de\/index.php\/2020\/09\/26\/ferrari-omologata\/"},"wordCount":254,"publisher":{"@id":"https:\/\/www.enzo-und-ferdinand.de\/#organization"},"image":{"@id":"https:\/\/www.enzo-und-ferdinand.de\/index.php\/2020\/09\/26\/ferrari-omologata\/#primaryimage"},"thumbnailUrl":"https:\/\/www.enzo-und-ferdinand.de\/wp-content\/uploads\/2020\/09\/03_Ferrari_Omologata_r_3_4_full.jpg","keywords":["Ferrari","Ferrari \u201eOmologata\u201c","One-Off"],"articleSection":["Unikate"],"inLanguage":"de"},{"@type":"WebPage","@id":"https:\/\/www.enzo-und-ferdinand.de\/index.php\/2020\/09\/26\/ferrari-omologata\/","url":"https:\/\/www.enzo-und-ferdinand.de\/index.php\/2020\/09\/26\/ferrari-omologata\/","name":"Ferrari \u201eOmologata\u201c","isPartOf":{"@id":"https:\/\/www.enzo-und-ferdinand.de\/#website"},"primaryImageOfPage":{"@id":"https:\/\/www.enzo-und-ferdinand.de\/index.php\/2020\/09\/26\/ferrari-omologata\/#primaryimage"},"image":{"@id":"https:\/\/www.enzo-und-ferdinand.de\/index.php\/2020\/09\/26\/ferrari-omologata\/#primaryimage"},"thumbnailUrl":"https:\/\/www.enzo-und-ferdinand.de\/wp-content\/uploads\/2020\/09\/03_Ferrari_Omologata_r_3_4_full.jpg","datePublished":"2020-09-26T10:34:05+00:00","dateModified":"2025-12-28T14:29:08+00:00","description":"Ferrari \u201eOmologata\u201c","breadcrumb":{"@id":"https:\/\/www.enzo-und-ferdinand.de\/index.php\/2020\/09\/26\/ferrari-omologata\/#breadcrumb"},"inLanguage":"de","potentialAction":[{"@type":"ReadAction","target":["https:\/\/www.enzo-und-ferdinand.de\/index.php\/2020\/09\/26\/ferrari-omologata\/"]}]},{"@type":"ImageObject","inLanguage":"de","@id":"https:\/\/www.enzo-und-ferdinand.de\/index.php\/2020\/09\/26\/ferrari-omologata\/#primaryimage","url":"https:\/\/www.enzo-und-ferdinand.de\/wp-content\/uploads\/2020\/09\/03_Ferrari_Omologata_r_3_4_full.jpg","contentUrl":"https:\/\/www.enzo-und-ferdinand.de\/wp-content\/uploads\/2020\/09\/03_Ferrari_Omologata_r_3_4_full.jpg","width":1024,"height":768,"caption":"Ferrari \u201eOmologata\u201c"},{"@type":"BreadcrumbList","@id":"https:\/\/www.enzo-und-ferdinand.de\/index.php\/2020\/09\/26\/ferrari-omologata\/#breadcrumb","itemListElement":[{"@type":"ListItem","position":1,"name":"Startseite","item":"https:\/\/www.enzo-und-ferdinand.de\/"},{"@type":"ListItem","position":2,"name":"Ferrari \u201eOmologata\u201c"}]},{"@type":"WebSite","@id":"https:\/\/www.enzo-und-ferdinand.de\/#website","url":"https:\/\/www.enzo-und-ferdinand.de\/","name":"enzo & Ferdinand","description":"","publisher":{"@id":"https:\/\/www.enzo-und-ferdinand.de\/#organization"},"potentialAction":[{"@type":"SearchAction","target":{"@type":"EntryPoint","urlTemplate":"https:\/\/www.enzo-und-ferdinand.de\/?s={search_term_string}"},"query-input":{"@type":"PropertyValueSpecification","valueRequired":true,"valueName":"search_term_string"}}],"inLanguage":"de"},{"@type":"Organization","@id":"https:\/\/www.enzo-und-ferdinand.de\/#organization","name":"enzo & Ferdinand","url":"https:\/\/www.enzo-und-ferdinand.de\/","logo":{"@type":"ImageObject","inLanguage":"de","@id":"https:\/\/www.enzo-und-ferdinand.de\/#\/schema\/logo\/image\/","url":"https:\/\/www.enzo-und-ferdinand.de\/wp-content\/uploads\/2018\/12\/revvvs-icon.png","contentUrl":"https:\/\/www.enzo-und-ferdinand.de\/wp-content\/uploads\/2018\/12\/revvvs-icon.png","width":512,"height":512,"caption":"enzo & Ferdinand"},"image":{"@id":"https:\/\/www.enzo-und-ferdinand.de\/#\/schema\/logo\/image\/"}},{"@type":"Person","@id":"https:\/\/www.enzo-und-ferdinand.de\/#\/schema\/person\/aff2eb9ff87705987c1b9d21fe10b095","name":"Rainer Ro\u00dfbach","image":{"@type":"ImageObject","inLanguage":"de","@id":"https:\/\/www.enzo-und-ferdinand.de\/wp-content\/uploads\/2026\/01\/Rainer-Rossbach-150x150.jpg","url":"https:\/\/www.enzo-und-ferdinand.de\/wp-content\/uploads\/2026\/01\/Rainer-Rossbach-150x150.jpg","contentUrl":"https:\/\/www.enzo-und-ferdinand.de\/wp-content\/uploads\/2026\/01\/Rainer-Rossbach-150x150.jpg","caption":"Rainer Ro\u00dfbach"},"url":"https:\/\/www.enzo-und-ferdinand.de\/index.php\/author\/redaktion\/"}]}},"_links":{"self":[{"href":"https:\/\/www.enzo-und-ferdinand.de\/index.php\/wp-json\/wp\/v2\/posts\/6561","targetHints":{"allow":["GET"]}}],"collection":[{"href":"https:\/\/www.enzo-und-ferdinand.de\/index.php\/wp-json\/wp\/v2\/posts"}],"about":[{"href":"https:\/\/www.enzo-und-ferdinand.de\/index.php\/wp-json\/wp\/v2\/types\/post"}],"author":[{"embeddable":true,"href":"https:\/\/www.enzo-und-ferdinand.de\/index.php\/wp-json\/wp\/v2\/users\/1"}],"replies":[{"embeddable":true,"href":"https:\/\/www.enzo-und-ferdinand.de\/index.php\/wp-json\/wp\/v2\/comments?post=6561"}],"version-history":[{"count":6,"href":"https:\/\/www.enzo-und-ferdinand.de\/index.php\/wp-json\/wp\/v2\/posts\/6561\/revisions"}],"predecessor-version":[{"id":21873,"href":"https:\/\/www.enzo-und-ferdinand.de\/index.php\/wp-json\/wp\/v2\/posts\/6561\/revisions\/21873"}],"wp:featuredmedia":[{"embeddable":true,"href":"https:\/\/www.enzo-und-ferdinand.de\/index.php\/wp-json\/wp\/v2\/media\/6566"}],"wp:attachment":[{"href":"https:\/\/www.enzo-und-ferdinand.de\/index.php\/wp-json\/wp\/v2\/media?parent=6561"}],"wp:term":[{"taxonomy":"category","embeddable":true,"href":"https:\/\/www.enzo-und-ferdinand.de\/index.php\/wp-json\/wp\/v2\/categories?post=6561"},{"taxonomy":"post_tag","embeddable":true,"href":"https:\/\/www.enzo-und-ferdinand.de\/index.php\/wp-json\/wp\/v2\/tags?post=6561"}],"curies":[{"name":"wp","href":"https:\/\/api.w.org\/{rel}","templated":true}]}}