{"id":6690,"date":"2021-01-15T10:05:27","date_gmt":"2021-01-15T09:05:27","guid":{"rendered":"http:\/\/www.enzo-und-ferdinand.de\/?p=6690"},"modified":"2025-12-29T16:09:19","modified_gmt":"2025-12-29T15:09:19","slug":"ein-boxster-fuer-detroit-1992","status":"publish","type":"post","link":"https:\/\/www.enzo-und-ferdinand.de\/index.php\/2021\/01\/15\/ein-boxster-fuer-detroit-1992\/","title":{"rendered":"Ein Boxster f\u00fcr Detroit (1992)"},"content":{"rendered":"\n<figure class=\"wp-block-image size-large\"><img loading=\"lazy\" decoding=\"async\" width=\"810\" height=\"456\" src=\"https:\/\/www.enzo-und-ferdinand.de\/wp-content\/uploads\/2021\/01\/Bild_6-810x456.jpeg\" alt=\"Porsche Boxster, Studie 1992\" class=\"wp-image-6692\" srcset=\"https:\/\/www.enzo-und-ferdinand.de\/wp-content\/uploads\/2021\/01\/Bild_6-810x456.jpeg 810w, https:\/\/www.enzo-und-ferdinand.de\/wp-content\/uploads\/2021\/01\/Bild_6-300x169.jpeg 300w, https:\/\/www.enzo-und-ferdinand.de\/wp-content\/uploads\/2021\/01\/Bild_6-768x432.jpeg 768w, https:\/\/www.enzo-und-ferdinand.de\/wp-content\/uploads\/2021\/01\/Bild_6.jpeg 1024w\" sizes=\"auto, (max-width: 810px) 100vw, 810px\" \/><\/figure>\n\n\n\n<p class=\"wp-block-paragraph\">Der Name &#8222;Boxster&#8220; ist ein Kunstwort, das sich aus der ersten Silbe des Wortes Boxer und der zweiten Silbe des Wortes Roadster ableitet. Damit wird nicht nur ein Hinweis auf die Fahrzeuggattung, sondern auch auf den Boxermotor geliefert \u2013 das technische Merkmal, das seit 1948 den 356 und seit 1963 auch den Porsche 911 auszeichnet.<\/p>\n\n\n\n<p class=\"wp-block-paragraph\">F\u00fcr das Design der Studie zeichnet Grant Larson, heute Direktor Sonderprojekte, verantwortlich. Der Designer erinnert sich: \u201eIm Oktober 1991 \u2013 ich war damals zust\u00e4ndig f\u00fcr die Vorentwicklung im Design \u2013 besuchte ich die Tokyo Motor Show. Dort stellte Audi die Studie Avus Quattro vor. Ende 1991 lief in anderen Bereichen bereits die Serienentwicklung von Boxster und 996 an und wir beschlossen, ein Show Car zu bauen. Dabei hatte ich volle Freiheit im Design. S\u00e4mtliche Entw\u00fcrfe entstanden als 2D-Zeichnungen.\u00a0Also noch nicht am Bildschirm wie heute.<\/p>\n\n\n\n<figure class=\"wp-block-image size-large\"><img loading=\"lazy\" decoding=\"async\" width=\"810\" height=\"456\" src=\"https:\/\/www.enzo-und-ferdinand.de\/wp-content\/uploads\/2021\/01\/Bild_16-810x456.jpeg\" alt=\"Porsche Boxster, Studie 1992\" class=\"wp-image-6697\" srcset=\"https:\/\/www.enzo-und-ferdinand.de\/wp-content\/uploads\/2021\/01\/Bild_16-810x456.jpeg 810w, https:\/\/www.enzo-und-ferdinand.de\/wp-content\/uploads\/2021\/01\/Bild_16-300x169.jpeg 300w, https:\/\/www.enzo-und-ferdinand.de\/wp-content\/uploads\/2021\/01\/Bild_16-768x432.jpeg 768w, https:\/\/www.enzo-und-ferdinand.de\/wp-content\/uploads\/2021\/01\/Bild_16.jpeg 1024w\" sizes=\"auto, (max-width: 810px) 100vw, 810px\" \/><\/figure>\n\n\n\n<p class=\"wp-block-paragraph\">Mein Chef Harm Lagaaij hat mich beim Design unheimlich gepusht, vor allem was die Auspr\u00e4gungen im Detail betraf. Schlie\u00dflich hatten wir das Gl\u00fcck, mit Peter M\u00fcller einen fantastischen Modelleur zu haben. Anstatt wie \u00fcblich Koordinaten zu verwenden, arbeitete er nur mit meinen Skizzen. Frei Hand sozusagen. Urspr\u00fcnglich hatten wir geplant, unsere Studie im Fr\u00fchjahr 1993 in Genf zu pr\u00e4sentieren. Aber wir entschieden uns f\u00fcr Detroit im Januar, denn wir wollten keine Zeit verschenken. Au\u00dferdem lag unser Fokus mit dem Roadster auf dem US-Markt, wo Porsche zu dieser Zeit schwach war und Mazda mit dem Miata sowie BMW mit dem Z1 bereits im Roadster-Segment pr\u00e4sent waren.\u201c<\/p>\n\n\n\n<p class=\"wp-block-paragraph\">Die Resonanz auf den \u201eBoxster\u201c war enorm und blieb f\u00fcr die Entwicklung nicht ohne Folgen. Grant Larson: \u201eKurz nach der Pr\u00e4sentation in Detroit wurden wir angewiesen, die Serien-Designentwicklung f\u00fcr den Boxster sofort zu stoppen. \u201aBitte die Studie genauso bauen\u2018, hie\u00df es stattdessen.\u201c<\/p>\n\n\n\n<figure class=\"wp-block-image size-large\"><img loading=\"lazy\" decoding=\"async\" width=\"810\" height=\"456\" src=\"https:\/\/www.enzo-und-ferdinand.de\/wp-content\/uploads\/2021\/01\/Bild_15-810x456.jpeg\" alt=\"Porsche Boxster, Studie 1992\" class=\"wp-image-6696\" srcset=\"https:\/\/www.enzo-und-ferdinand.de\/wp-content\/uploads\/2021\/01\/Bild_15-810x456.jpeg 810w, https:\/\/www.enzo-und-ferdinand.de\/wp-content\/uploads\/2021\/01\/Bild_15-300x169.jpeg 300w, https:\/\/www.enzo-und-ferdinand.de\/wp-content\/uploads\/2021\/01\/Bild_15-768x432.jpeg 768w, https:\/\/www.enzo-und-ferdinand.de\/wp-content\/uploads\/2021\/01\/Bild_15.jpeg 1024w\" sizes=\"auto, (max-width: 810px) 100vw, 810px\" \/><\/figure>\n\n\n\n<p class=\"has-text-align-right has-small-font-size wp-block-paragraph\">Fotos\/Text: Porsche<\/p>\n","protected":false},"excerpt":{"rendered":"<p>Der Name &#8222;Boxster&#8220; ist ein Kunstwort, das sich aus der ersten Silbe des Wortes Boxer und der zweiten Silbe des Wortes Roadster ableitet. Damit wird nicht nur ein Hinweis auf die Fahrzeuggattung, sondern auch auf den Boxermotor geliefert \u2013 das technische Merkmal, das seit 1948 den 356 und seit 1963 auch den Porsche 911 auszeichnet. 1992 zeigten. die Stuttgarter erstmals ein Studie.<\/p>\n","protected":false},"author":1,"featured_media":6694,"comment_status":"closed","ping_status":"closed","sticky":false,"template":"","format":"standard","meta":{"_crdt_document":"","ngg_post_thumbnail":0,"footnotes":""},"categories":[4],"tags":[201,482],"class_list":["post-6690","post","type-post","status-publish","format-standard","has-post-thumbnail","hentry","category-studien","tag-porsche","tag-porsche-boxster"],"yoast_head":"<!-- This site is optimized with the Yoast SEO plugin v27.5 - https:\/\/yoast.com\/product\/yoast-seo-wordpress\/ -->\n<title>Ein Boxster f\u00fcr Detroit (1992)<\/title>\n<meta name=\"description\" content=\"Ein Boxster f\u00fcr Detroit (1992)\" \/>\n<meta name=\"robots\" content=\"index, follow, max-snippet:-1, max-image-preview:large, max-video-preview:-1\" \/>\n<link rel=\"canonical\" href=\"https:\/\/www.enzo-und-ferdinand.de\/index.php\/2021\/01\/15\/ein-boxster-fuer-detroit-1992\/\" \/>\n<meta property=\"og:locale\" content=\"de_DE\" \/>\n<meta property=\"og:type\" content=\"article\" \/>\n<meta property=\"og:title\" content=\"Ein Boxster f\u00fcr Detroit (1992)\" \/>\n<meta property=\"og:description\" content=\"Ein Boxster f\u00fcr Detroit (1992)\" \/>\n<meta property=\"og:url\" content=\"https:\/\/www.enzo-und-ferdinand.de\/index.php\/2021\/01\/15\/ein-boxster-fuer-detroit-1992\/\" \/>\n<meta property=\"og:site_name\" content=\"enzo &amp; Ferdinand\" \/>\n<meta property=\"article:published_time\" content=\"2021-01-15T09:05:27+00:00\" \/>\n<meta property=\"article:modified_time\" content=\"2025-12-29T15:09:19+00:00\" \/>\n<meta property=\"og:image\" content=\"https:\/\/www.enzo-und-ferdinand.de\/wp-content\/uploads\/2021\/01\/Bild_12.jpeg\" \/>\n\t<meta property=\"og:image:width\" content=\"1024\" \/>\n\t<meta property=\"og:image:height\" content=\"576\" \/>\n\t<meta property=\"og:image:type\" content=\"image\/jpeg\" \/>\n<meta name=\"author\" content=\"Rainer Ro\u00dfbach\" \/>\n<meta name=\"twitter:card\" content=\"summary_large_image\" \/>\n<meta name=\"twitter:label1\" content=\"Verfasst von\" \/>\n\t<meta name=\"twitter:data1\" content=\"Rainer Ro\u00dfbach\" \/>\n\t<meta name=\"twitter:label2\" content=\"Gesch\u00e4tzte Lesezeit\" \/>\n\t<meta name=\"twitter:data2\" content=\"3\u00a0Minuten\" \/>\n<script type=\"application\/ld+json\" class=\"yoast-schema-graph\">{\"@context\":\"https:\\\/\\\/schema.org\",\"@graph\":[{\"@type\":\"Article\",\"@id\":\"https:\\\/\\\/www.enzo-und-ferdinand.de\\\/index.php\\\/2021\\\/01\\\/15\\\/ein-boxster-fuer-detroit-1992\\\/#article\",\"isPartOf\":{\"@id\":\"https:\\\/\\\/www.enzo-und-ferdinand.de\\\/index.php\\\/2021\\\/01\\\/15\\\/ein-boxster-fuer-detroit-1992\\\/\"},\"author\":{\"name\":\"Rainer Ro\u00dfbach\",\"@id\":\"https:\\\/\\\/www.enzo-und-ferdinand.de\\\/#\\\/schema\\\/person\\\/aff2eb9ff87705987c1b9d21fe10b095\"},\"headline\":\"Ein Boxster f\u00fcr Detroit (1992)\",\"datePublished\":\"2021-01-15T09:05:27+00:00\",\"dateModified\":\"2025-12-29T15:09:19+00:00\",\"mainEntityOfPage\":{\"@id\":\"https:\\\/\\\/www.enzo-und-ferdinand.de\\\/index.php\\\/2021\\\/01\\\/15\\\/ein-boxster-fuer-detroit-1992\\\/\"},\"wordCount\":302,\"publisher\":{\"@id\":\"https:\\\/\\\/www.enzo-und-ferdinand.de\\\/#organization\"},\"image\":{\"@id\":\"https:\\\/\\\/www.enzo-und-ferdinand.de\\\/index.php\\\/2021\\\/01\\\/15\\\/ein-boxster-fuer-detroit-1992\\\/#primaryimage\"},\"thumbnailUrl\":\"https:\\\/\\\/www.enzo-und-ferdinand.de\\\/wp-content\\\/uploads\\\/2021\\\/01\\\/Bild_12.jpeg\",\"keywords\":[\"Porsche\",\"Porsche Boxster\"],\"articleSection\":[\"Studien\"],\"inLanguage\":\"de\"},{\"@type\":\"WebPage\",\"@id\":\"https:\\\/\\\/www.enzo-und-ferdinand.de\\\/index.php\\\/2021\\\/01\\\/15\\\/ein-boxster-fuer-detroit-1992\\\/\",\"url\":\"https:\\\/\\\/www.enzo-und-ferdinand.de\\\/index.php\\\/2021\\\/01\\\/15\\\/ein-boxster-fuer-detroit-1992\\\/\",\"name\":\"Ein Boxster f\u00fcr Detroit (1992)\",\"isPartOf\":{\"@id\":\"https:\\\/\\\/www.enzo-und-ferdinand.de\\\/#website\"},\"primaryImageOfPage\":{\"@id\":\"https:\\\/\\\/www.enzo-und-ferdinand.de\\\/index.php\\\/2021\\\/01\\\/15\\\/ein-boxster-fuer-detroit-1992\\\/#primaryimage\"},\"image\":{\"@id\":\"https:\\\/\\\/www.enzo-und-ferdinand.de\\\/index.php\\\/2021\\\/01\\\/15\\\/ein-boxster-fuer-detroit-1992\\\/#primaryimage\"},\"thumbnailUrl\":\"https:\\\/\\\/www.enzo-und-ferdinand.de\\\/wp-content\\\/uploads\\\/2021\\\/01\\\/Bild_12.jpeg\",\"datePublished\":\"2021-01-15T09:05:27+00:00\",\"dateModified\":\"2025-12-29T15:09:19+00:00\",\"description\":\"Ein Boxster f\u00fcr Detroit (1992)\",\"breadcrumb\":{\"@id\":\"https:\\\/\\\/www.enzo-und-ferdinand.de\\\/index.php\\\/2021\\\/01\\\/15\\\/ein-boxster-fuer-detroit-1992\\\/#breadcrumb\"},\"inLanguage\":\"de\",\"potentialAction\":[{\"@type\":\"ReadAction\",\"target\":[\"https:\\\/\\\/www.enzo-und-ferdinand.de\\\/index.php\\\/2021\\\/01\\\/15\\\/ein-boxster-fuer-detroit-1992\\\/\"]}]},{\"@type\":\"ImageObject\",\"inLanguage\":\"de\",\"@id\":\"https:\\\/\\\/www.enzo-und-ferdinand.de\\\/index.php\\\/2021\\\/01\\\/15\\\/ein-boxster-fuer-detroit-1992\\\/#primaryimage\",\"url\":\"https:\\\/\\\/www.enzo-und-ferdinand.de\\\/wp-content\\\/uploads\\\/2021\\\/01\\\/Bild_12.jpeg\",\"contentUrl\":\"https:\\\/\\\/www.enzo-und-ferdinand.de\\\/wp-content\\\/uploads\\\/2021\\\/01\\\/Bild_12.jpeg\",\"width\":1024,\"height\":576,\"caption\":\"Porsche Boxster, Studie 1992\"},{\"@type\":\"BreadcrumbList\",\"@id\":\"https:\\\/\\\/www.enzo-und-ferdinand.de\\\/index.php\\\/2021\\\/01\\\/15\\\/ein-boxster-fuer-detroit-1992\\\/#breadcrumb\",\"itemListElement\":[{\"@type\":\"ListItem\",\"position\":1,\"name\":\"Startseite\",\"item\":\"https:\\\/\\\/www.enzo-und-ferdinand.de\\\/\"},{\"@type\":\"ListItem\",\"position\":2,\"name\":\"Ein Boxster f\u00fcr Detroit (1992)\"}]},{\"@type\":\"WebSite\",\"@id\":\"https:\\\/\\\/www.enzo-und-ferdinand.de\\\/#website\",\"url\":\"https:\\\/\\\/www.enzo-und-ferdinand.de\\\/\",\"name\":\"enzo & Ferdinand\",\"description\":\"\",\"publisher\":{\"@id\":\"https:\\\/\\\/www.enzo-und-ferdinand.de\\\/#organization\"},\"potentialAction\":[{\"@type\":\"SearchAction\",\"target\":{\"@type\":\"EntryPoint\",\"urlTemplate\":\"https:\\\/\\\/www.enzo-und-ferdinand.de\\\/?s={search_term_string}\"},\"query-input\":{\"@type\":\"PropertyValueSpecification\",\"valueRequired\":true,\"valueName\":\"search_term_string\"}}],\"inLanguage\":\"de\"},{\"@type\":\"Organization\",\"@id\":\"https:\\\/\\\/www.enzo-und-ferdinand.de\\\/#organization\",\"name\":\"enzo & Ferdinand\",\"url\":\"https:\\\/\\\/www.enzo-und-ferdinand.de\\\/\",\"logo\":{\"@type\":\"ImageObject\",\"inLanguage\":\"de\",\"@id\":\"https:\\\/\\\/www.enzo-und-ferdinand.de\\\/#\\\/schema\\\/logo\\\/image\\\/\",\"url\":\"https:\\\/\\\/www.enzo-und-ferdinand.de\\\/wp-content\\\/uploads\\\/2018\\\/12\\\/revvvs-icon.png\",\"contentUrl\":\"https:\\\/\\\/www.enzo-und-ferdinand.de\\\/wp-content\\\/uploads\\\/2018\\\/12\\\/revvvs-icon.png\",\"width\":512,\"height\":512,\"caption\":\"enzo & Ferdinand\"},\"image\":{\"@id\":\"https:\\\/\\\/www.enzo-und-ferdinand.de\\\/#\\\/schema\\\/logo\\\/image\\\/\"}},{\"@type\":\"Person\",\"@id\":\"https:\\\/\\\/www.enzo-und-ferdinand.de\\\/#\\\/schema\\\/person\\\/aff2eb9ff87705987c1b9d21fe10b095\",\"name\":\"Rainer Ro\u00dfbach\",\"image\":{\"@type\":\"ImageObject\",\"inLanguage\":\"de\",\"@id\":\"https:\\\/\\\/www.enzo-und-ferdinand.de\\\/wp-content\\\/uploads\\\/2026\\\/01\\\/Rainer-Rossbach-150x150.jpg\",\"url\":\"https:\\\/\\\/www.enzo-und-ferdinand.de\\\/wp-content\\\/uploads\\\/2026\\\/01\\\/Rainer-Rossbach-150x150.jpg\",\"contentUrl\":\"https:\\\/\\\/www.enzo-und-ferdinand.de\\\/wp-content\\\/uploads\\\/2026\\\/01\\\/Rainer-Rossbach-150x150.jpg\",\"caption\":\"Rainer Ro\u00dfbach\"},\"url\":\"https:\\\/\\\/www.enzo-und-ferdinand.de\\\/index.php\\\/author\\\/redaktion\\\/\"}]}<\/script>\n<!-- \/ Yoast SEO plugin. -->","yoast_head_json":{"title":"Ein Boxster f\u00fcr Detroit (1992)","description":"Ein Boxster f\u00fcr Detroit (1992)","robots":{"index":"index","follow":"follow","max-snippet":"max-snippet:-1","max-image-preview":"max-image-preview:large","max-video-preview":"max-video-preview:-1"},"canonical":"https:\/\/www.enzo-und-ferdinand.de\/index.php\/2021\/01\/15\/ein-boxster-fuer-detroit-1992\/","og_locale":"de_DE","og_type":"article","og_title":"Ein Boxster f\u00fcr Detroit (1992)","og_description":"Ein Boxster f\u00fcr Detroit (1992)","og_url":"https:\/\/www.enzo-und-ferdinand.de\/index.php\/2021\/01\/15\/ein-boxster-fuer-detroit-1992\/","og_site_name":"enzo &amp; Ferdinand","article_published_time":"2021-01-15T09:05:27+00:00","article_modified_time":"2025-12-29T15:09:19+00:00","og_image":[{"width":1024,"height":576,"url":"https:\/\/www.enzo-und-ferdinand.de\/wp-content\/uploads\/2021\/01\/Bild_12.jpeg","type":"image\/jpeg"}],"author":"Rainer Ro\u00dfbach","twitter_card":"summary_large_image","twitter_misc":{"Verfasst von":"Rainer Ro\u00dfbach","Gesch\u00e4tzte Lesezeit":"3\u00a0Minuten"},"schema":{"@context":"https:\/\/schema.org","@graph":[{"@type":"Article","@id":"https:\/\/www.enzo-und-ferdinand.de\/index.php\/2021\/01\/15\/ein-boxster-fuer-detroit-1992\/#article","isPartOf":{"@id":"https:\/\/www.enzo-und-ferdinand.de\/index.php\/2021\/01\/15\/ein-boxster-fuer-detroit-1992\/"},"author":{"name":"Rainer Ro\u00dfbach","@id":"https:\/\/www.enzo-und-ferdinand.de\/#\/schema\/person\/aff2eb9ff87705987c1b9d21fe10b095"},"headline":"Ein Boxster f\u00fcr Detroit (1992)","datePublished":"2021-01-15T09:05:27+00:00","dateModified":"2025-12-29T15:09:19+00:00","mainEntityOfPage":{"@id":"https:\/\/www.enzo-und-ferdinand.de\/index.php\/2021\/01\/15\/ein-boxster-fuer-detroit-1992\/"},"wordCount":302,"publisher":{"@id":"https:\/\/www.enzo-und-ferdinand.de\/#organization"},"image":{"@id":"https:\/\/www.enzo-und-ferdinand.de\/index.php\/2021\/01\/15\/ein-boxster-fuer-detroit-1992\/#primaryimage"},"thumbnailUrl":"https:\/\/www.enzo-und-ferdinand.de\/wp-content\/uploads\/2021\/01\/Bild_12.jpeg","keywords":["Porsche","Porsche Boxster"],"articleSection":["Studien"],"inLanguage":"de"},{"@type":"WebPage","@id":"https:\/\/www.enzo-und-ferdinand.de\/index.php\/2021\/01\/15\/ein-boxster-fuer-detroit-1992\/","url":"https:\/\/www.enzo-und-ferdinand.de\/index.php\/2021\/01\/15\/ein-boxster-fuer-detroit-1992\/","name":"Ein Boxster f\u00fcr Detroit (1992)","isPartOf":{"@id":"https:\/\/www.enzo-und-ferdinand.de\/#website"},"primaryImageOfPage":{"@id":"https:\/\/www.enzo-und-ferdinand.de\/index.php\/2021\/01\/15\/ein-boxster-fuer-detroit-1992\/#primaryimage"},"image":{"@id":"https:\/\/www.enzo-und-ferdinand.de\/index.php\/2021\/01\/15\/ein-boxster-fuer-detroit-1992\/#primaryimage"},"thumbnailUrl":"https:\/\/www.enzo-und-ferdinand.de\/wp-content\/uploads\/2021\/01\/Bild_12.jpeg","datePublished":"2021-01-15T09:05:27+00:00","dateModified":"2025-12-29T15:09:19+00:00","description":"Ein Boxster f\u00fcr Detroit (1992)","breadcrumb":{"@id":"https:\/\/www.enzo-und-ferdinand.de\/index.php\/2021\/01\/15\/ein-boxster-fuer-detroit-1992\/#breadcrumb"},"inLanguage":"de","potentialAction":[{"@type":"ReadAction","target":["https:\/\/www.enzo-und-ferdinand.de\/index.php\/2021\/01\/15\/ein-boxster-fuer-detroit-1992\/"]}]},{"@type":"ImageObject","inLanguage":"de","@id":"https:\/\/www.enzo-und-ferdinand.de\/index.php\/2021\/01\/15\/ein-boxster-fuer-detroit-1992\/#primaryimage","url":"https:\/\/www.enzo-und-ferdinand.de\/wp-content\/uploads\/2021\/01\/Bild_12.jpeg","contentUrl":"https:\/\/www.enzo-und-ferdinand.de\/wp-content\/uploads\/2021\/01\/Bild_12.jpeg","width":1024,"height":576,"caption":"Porsche Boxster, Studie 1992"},{"@type":"BreadcrumbList","@id":"https:\/\/www.enzo-und-ferdinand.de\/index.php\/2021\/01\/15\/ein-boxster-fuer-detroit-1992\/#breadcrumb","itemListElement":[{"@type":"ListItem","position":1,"name":"Startseite","item":"https:\/\/www.enzo-und-ferdinand.de\/"},{"@type":"ListItem","position":2,"name":"Ein Boxster f\u00fcr Detroit (1992)"}]},{"@type":"WebSite","@id":"https:\/\/www.enzo-und-ferdinand.de\/#website","url":"https:\/\/www.enzo-und-ferdinand.de\/","name":"enzo & Ferdinand","description":"","publisher":{"@id":"https:\/\/www.enzo-und-ferdinand.de\/#organization"},"potentialAction":[{"@type":"SearchAction","target":{"@type":"EntryPoint","urlTemplate":"https:\/\/www.enzo-und-ferdinand.de\/?s={search_term_string}"},"query-input":{"@type":"PropertyValueSpecification","valueRequired":true,"valueName":"search_term_string"}}],"inLanguage":"de"},{"@type":"Organization","@id":"https:\/\/www.enzo-und-ferdinand.de\/#organization","name":"enzo & Ferdinand","url":"https:\/\/www.enzo-und-ferdinand.de\/","logo":{"@type":"ImageObject","inLanguage":"de","@id":"https:\/\/www.enzo-und-ferdinand.de\/#\/schema\/logo\/image\/","url":"https:\/\/www.enzo-und-ferdinand.de\/wp-content\/uploads\/2018\/12\/revvvs-icon.png","contentUrl":"https:\/\/www.enzo-und-ferdinand.de\/wp-content\/uploads\/2018\/12\/revvvs-icon.png","width":512,"height":512,"caption":"enzo & Ferdinand"},"image":{"@id":"https:\/\/www.enzo-und-ferdinand.de\/#\/schema\/logo\/image\/"}},{"@type":"Person","@id":"https:\/\/www.enzo-und-ferdinand.de\/#\/schema\/person\/aff2eb9ff87705987c1b9d21fe10b095","name":"Rainer Ro\u00dfbach","image":{"@type":"ImageObject","inLanguage":"de","@id":"https:\/\/www.enzo-und-ferdinand.de\/wp-content\/uploads\/2026\/01\/Rainer-Rossbach-150x150.jpg","url":"https:\/\/www.enzo-und-ferdinand.de\/wp-content\/uploads\/2026\/01\/Rainer-Rossbach-150x150.jpg","contentUrl":"https:\/\/www.enzo-und-ferdinand.de\/wp-content\/uploads\/2026\/01\/Rainer-Rossbach-150x150.jpg","caption":"Rainer Ro\u00dfbach"},"url":"https:\/\/www.enzo-und-ferdinand.de\/index.php\/author\/redaktion\/"}]}},"_links":{"self":[{"href":"https:\/\/www.enzo-und-ferdinand.de\/index.php\/wp-json\/wp\/v2\/posts\/6690","targetHints":{"allow":["GET"]}}],"collection":[{"href":"https:\/\/www.enzo-und-ferdinand.de\/index.php\/wp-json\/wp\/v2\/posts"}],"about":[{"href":"https:\/\/www.enzo-und-ferdinand.de\/index.php\/wp-json\/wp\/v2\/types\/post"}],"author":[{"embeddable":true,"href":"https:\/\/www.enzo-und-ferdinand.de\/index.php\/wp-json\/wp\/v2\/users\/1"}],"replies":[{"embeddable":true,"href":"https:\/\/www.enzo-und-ferdinand.de\/index.php\/wp-json\/wp\/v2\/comments?post=6690"}],"version-history":[{"count":2,"href":"https:\/\/www.enzo-und-ferdinand.de\/index.php\/wp-json\/wp\/v2\/posts\/6690\/revisions"}],"predecessor-version":[{"id":6698,"href":"https:\/\/www.enzo-und-ferdinand.de\/index.php\/wp-json\/wp\/v2\/posts\/6690\/revisions\/6698"}],"wp:featuredmedia":[{"embeddable":true,"href":"https:\/\/www.enzo-und-ferdinand.de\/index.php\/wp-json\/wp\/v2\/media\/6694"}],"wp:attachment":[{"href":"https:\/\/www.enzo-und-ferdinand.de\/index.php\/wp-json\/wp\/v2\/media?parent=6690"}],"wp:term":[{"taxonomy":"category","embeddable":true,"href":"https:\/\/www.enzo-und-ferdinand.de\/index.php\/wp-json\/wp\/v2\/categories?post=6690"},{"taxonomy":"post_tag","embeddable":true,"href":"https:\/\/www.enzo-und-ferdinand.de\/index.php\/wp-json\/wp\/v2\/tags?post=6690"}],"curies":[{"name":"wp","href":"https:\/\/api.w.org\/{rel}","templated":true}]}}