{"id":6887,"date":"2021-05-15T21:43:02","date_gmt":"2021-05-15T19:43:02","guid":{"rendered":"https:\/\/www.enzo-und-ferdinand.de\/?p=6887"},"modified":"2026-03-27T17:50:34","modified_gmt":"2026-03-27T16:50:34","slug":"alpine-legende-gt-2021","status":"publish","type":"post","link":"https:\/\/www.enzo-und-ferdinand.de\/index.php\/2021\/05\/15\/alpine-legende-gt-2021\/","title":{"rendered":"Alpine \u201eL\u00e9gende GT 2021\u201c"},"content":{"rendered":"\n<figure class=\"wp-block-image size-large\"><img loading=\"lazy\" decoding=\"async\" width=\"810\" height=\"456\" src=\"https:\/\/www.enzo-und-ferdinand.de\/wp-content\/uploads\/2021\/05\/Alpine-A110-Legend-5-810x456.jpeg\" alt=\"\" class=\"wp-image-6893\" srcset=\"https:\/\/www.enzo-und-ferdinand.de\/wp-content\/uploads\/2021\/05\/Alpine-A110-Legend-5-810x456.jpeg 810w, https:\/\/www.enzo-und-ferdinand.de\/wp-content\/uploads\/2021\/05\/Alpine-A110-Legend-5-300x169.jpeg 300w, https:\/\/www.enzo-und-ferdinand.de\/wp-content\/uploads\/2021\/05\/Alpine-A110-Legend-5-768x432.jpeg 768w, https:\/\/www.enzo-und-ferdinand.de\/wp-content\/uploads\/2021\/05\/Alpine-A110-Legend-5.jpeg 1024w\" sizes=\"auto, (max-width: 810px) 100vw, 810px\" \/><\/figure>\n\n\n\n<p class=\"wp-block-paragraph\">Bei der auf 300 St\u00fcck limitierten Sonderversion des A110 kombiniert die Sportwagenmarke aus dem franz\u00f6sischen Dieppe die hochwertige Ausstattung L\u00e9gende mit dem 292 PS starken Motor des A110 S inklusive Sportauspuff und Hochleistungsbremsanlage. Der 1,8-Liter-Turbomotor entwickelt ein maximales Drehmoment von 320 Newtonmetern bei 2000 Umdrehungen. \u201eL\u00e9gende GT 2021\u201c beschleunigt in 4,4 Sekunden von 0 auf 100 km\/h und erreicht eine H\u00f6chstgeschwindigkeit von 250 km\/h.<\/p>\n\n\n\n<figure class=\"wp-block-image size-large\"><img loading=\"lazy\" decoding=\"async\" width=\"810\" height=\"541\" src=\"https:\/\/www.enzo-und-ferdinand.de\/wp-content\/uploads\/2021\/05\/Alpine-A110-Legend-4-810x541.jpeg\" alt=\"\" class=\"wp-image-6892\" srcset=\"https:\/\/www.enzo-und-ferdinand.de\/wp-content\/uploads\/2021\/05\/Alpine-A110-Legend-4-810x541.jpeg 810w, https:\/\/www.enzo-und-ferdinand.de\/wp-content\/uploads\/2021\/05\/Alpine-A110-Legend-4-300x200.jpeg 300w, https:\/\/www.enzo-und-ferdinand.de\/wp-content\/uploads\/2021\/05\/Alpine-A110-Legend-4-768x513.jpeg 768w, https:\/\/www.enzo-und-ferdinand.de\/wp-content\/uploads\/2021\/05\/Alpine-A110-Legend-4-120x80.jpeg 120w, https:\/\/www.enzo-und-ferdinand.de\/wp-content\/uploads\/2021\/05\/Alpine-A110-Legend-4.jpeg 1024w\" sizes=\"auto, (max-width: 810px) 100vw, 810px\" \/><\/figure>\n\n\n\n<p class=\"wp-block-paragraph\">Zwischen zwei Karosserie-Interieur-Kombinationen kann gew\u00e4hlt werden: \u201eMercury Silber\u201c mit einem Innenraum in Schwarz und \u201eAbysse Blau\u201c mit Lederausstattung in Braun. Die Sabelt-Ledersitze sind sechsfach verstellbar. Die ledernen T\u00fcrverkleidungen sowie die Ziern\u00e4hte am Lenkrad sind entweder in Braun oder Grau gehalten. Mittelkonsole, Instrumentenblende und L\u00fcftungsd\u00fcsen sind in Glanz-Carbon ausgef\u00fchrt. Eine nummerierte Plakette unterhalb der Mittelkonsole weist auf die Exklusivit\u00e4t des Modells hin. Des weiteren ist das Editions-Modell mit Einparkhilfen vorne und hinten, R\u00fcckfahrkamera sowie einem Focal-Audiosystem ausgestattet.<\/p>\n\n\n\n<p class=\"wp-block-paragraph\">Der L\u00e9gende GT 2021 kostet 70.950 Euro und kann \u00fcber die Alpine-App reserviert werden.<\/p>\n\n\n\n<figure class=\"wp-block-image size-large\"><img loading=\"lazy\" decoding=\"async\" width=\"810\" height=\"541\" src=\"https:\/\/www.enzo-und-ferdinand.de\/wp-content\/uploads\/2021\/05\/Alpine-A110-Legend-2-810x541.jpeg\" alt=\"\" class=\"wp-image-6890\" srcset=\"https:\/\/www.enzo-und-ferdinand.de\/wp-content\/uploads\/2021\/05\/Alpine-A110-Legend-2-810x541.jpeg 810w, https:\/\/www.enzo-und-ferdinand.de\/wp-content\/uploads\/2021\/05\/Alpine-A110-Legend-2-300x200.jpeg 300w, https:\/\/www.enzo-und-ferdinand.de\/wp-content\/uploads\/2021\/05\/Alpine-A110-Legend-2-768x513.jpeg 768w, https:\/\/www.enzo-und-ferdinand.de\/wp-content\/uploads\/2021\/05\/Alpine-A110-Legend-2-120x80.jpeg 120w, https:\/\/www.enzo-und-ferdinand.de\/wp-content\/uploads\/2021\/05\/Alpine-A110-Legend-2.jpeg 1024w\" sizes=\"auto, (max-width: 810px) 100vw, 810px\" \/><\/figure>\n\n\n\n<p class=\"has-text-align-right has-small-font-size wp-block-paragraph\">Fotos: Alpine\/Text: Rainer Ro\u00dfbach<\/p>\n","protected":false},"excerpt":{"rendered":"<p>Bei der auf 300 St\u00fcck limitierten Sonderversion des A110 kombiniert die Sportwagenmarke aus dem franz\u00f6sischen Dieppe die hochwertige Ausstattung L\u00e9gende mit dem 292 PS starken Motor des A110 S inklusive Sportauspuff und Hochleistungsbremsanlage. Der 1,8-Liter-Turbomotor entwickelt ein maximales Drehmoment von 320 Newtonmetern bei 2000 Umdrehungen. \u201eL\u00e9gende GT 2021\u201c beschleunigt in 4,4 Sekunden von 0 auf 100 km\/h und erreicht eine H\u00f6chstgeschwindigkeit von 250 km\/h.<\/p>\n","protected":false},"author":1,"featured_media":6889,"comment_status":"closed","ping_status":"closed","sticky":false,"template":"","format":"standard","meta":{"_crdt_document":"","ngg_post_thumbnail":0,"footnotes":""},"categories":[23],"tags":[252,190],"class_list":["post-6887","post","type-post","status-publish","format-standard","has-post-thumbnail","hentry","category-performance","tag-alpine","tag-renault"],"yoast_head":"<!-- This site is optimized with the Yoast SEO plugin v27.5 - https:\/\/yoast.com\/product\/yoast-seo-wordpress\/ -->\n<title>Alpine \u201eL\u00e9gende GT 2021\u201c<\/title>\n<meta name=\"description\" content=\"Alpine \u201eL\u00e9gende GT 2021\u201c Dieppe Renault-Alpine Turbo Mittelmotor\" \/>\n<meta name=\"robots\" content=\"index, follow, max-snippet:-1, max-image-preview:large, max-video-preview:-1\" \/>\n<link rel=\"canonical\" href=\"https:\/\/www.enzo-und-ferdinand.de\/index.php\/2021\/05\/15\/alpine-legende-gt-2021\/\" \/>\n<meta property=\"og:locale\" content=\"de_DE\" \/>\n<meta property=\"og:type\" content=\"article\" \/>\n<meta property=\"og:title\" content=\"Alpine \u201eL\u00e9gende GT 2021\u201c\" \/>\n<meta property=\"og:description\" content=\"Alpine \u201eL\u00e9gende GT 2021\u201c Dieppe Renault-Alpine Turbo Mittelmotor\" \/>\n<meta property=\"og:url\" content=\"https:\/\/www.enzo-und-ferdinand.de\/index.php\/2021\/05\/15\/alpine-legende-gt-2021\/\" \/>\n<meta property=\"og:site_name\" content=\"enzo &amp; Ferdinand\" \/>\n<meta property=\"article:published_time\" content=\"2021-05-15T19:43:02+00:00\" \/>\n<meta property=\"article:modified_time\" content=\"2026-03-27T16:50:34+00:00\" \/>\n<meta property=\"og:image\" content=\"https:\/\/www.enzo-und-ferdinand.de\/wp-content\/uploads\/2021\/05\/Alpine-A110-Legend-1.jpeg\" \/>\n\t<meta property=\"og:image:width\" content=\"1024\" \/>\n\t<meta property=\"og:image:height\" content=\"684\" \/>\n\t<meta property=\"og:image:type\" content=\"image\/jpeg\" \/>\n<meta name=\"author\" content=\"Rainer Ro\u00dfbach\" \/>\n<meta name=\"twitter:card\" content=\"summary_large_image\" \/>\n<meta name=\"twitter:label1\" content=\"Verfasst von\" \/>\n\t<meta name=\"twitter:data1\" content=\"Rainer Ro\u00dfbach\" \/>\n\t<meta name=\"twitter:label2\" content=\"Gesch\u00e4tzte Lesezeit\" \/>\n\t<meta name=\"twitter:data2\" content=\"2\u00a0Minuten\" \/>\n<script type=\"application\/ld+json\" class=\"yoast-schema-graph\">{\"@context\":\"https:\\\/\\\/schema.org\",\"@graph\":[{\"@type\":\"Article\",\"@id\":\"https:\\\/\\\/www.enzo-und-ferdinand.de\\\/index.php\\\/2021\\\/05\\\/15\\\/alpine-legende-gt-2021\\\/#article\",\"isPartOf\":{\"@id\":\"https:\\\/\\\/www.enzo-und-ferdinand.de\\\/index.php\\\/2021\\\/05\\\/15\\\/alpine-legende-gt-2021\\\/\"},\"author\":{\"name\":\"Rainer Ro\u00dfbach\",\"@id\":\"https:\\\/\\\/www.enzo-und-ferdinand.de\\\/#\\\/schema\\\/person\\\/aff2eb9ff87705987c1b9d21fe10b095\"},\"headline\":\"Alpine \u201eL\u00e9gende GT 2021\u201c\",\"datePublished\":\"2021-05-15T19:43:02+00:00\",\"dateModified\":\"2026-03-27T16:50:34+00:00\",\"mainEntityOfPage\":{\"@id\":\"https:\\\/\\\/www.enzo-und-ferdinand.de\\\/index.php\\\/2021\\\/05\\\/15\\\/alpine-legende-gt-2021\\\/\"},\"wordCount\":169,\"publisher\":{\"@id\":\"https:\\\/\\\/www.enzo-und-ferdinand.de\\\/#organization\"},\"image\":{\"@id\":\"https:\\\/\\\/www.enzo-und-ferdinand.de\\\/index.php\\\/2021\\\/05\\\/15\\\/alpine-legende-gt-2021\\\/#primaryimage\"},\"thumbnailUrl\":\"https:\\\/\\\/www.enzo-und-ferdinand.de\\\/wp-content\\\/uploads\\\/2021\\\/05\\\/Alpine-A110-Legend-1.jpeg\",\"keywords\":[\"Alpine\",\"Renault\"],\"articleSection\":[\"Performance\"],\"inLanguage\":\"de\"},{\"@type\":\"WebPage\",\"@id\":\"https:\\\/\\\/www.enzo-und-ferdinand.de\\\/index.php\\\/2021\\\/05\\\/15\\\/alpine-legende-gt-2021\\\/\",\"url\":\"https:\\\/\\\/www.enzo-und-ferdinand.de\\\/index.php\\\/2021\\\/05\\\/15\\\/alpine-legende-gt-2021\\\/\",\"name\":\"Alpine \u201eL\u00e9gende GT 2021\u201c\",\"isPartOf\":{\"@id\":\"https:\\\/\\\/www.enzo-und-ferdinand.de\\\/#website\"},\"primaryImageOfPage\":{\"@id\":\"https:\\\/\\\/www.enzo-und-ferdinand.de\\\/index.php\\\/2021\\\/05\\\/15\\\/alpine-legende-gt-2021\\\/#primaryimage\"},\"image\":{\"@id\":\"https:\\\/\\\/www.enzo-und-ferdinand.de\\\/index.php\\\/2021\\\/05\\\/15\\\/alpine-legende-gt-2021\\\/#primaryimage\"},\"thumbnailUrl\":\"https:\\\/\\\/www.enzo-und-ferdinand.de\\\/wp-content\\\/uploads\\\/2021\\\/05\\\/Alpine-A110-Legend-1.jpeg\",\"datePublished\":\"2021-05-15T19:43:02+00:00\",\"dateModified\":\"2026-03-27T16:50:34+00:00\",\"description\":\"Alpine \u201eL\u00e9gende GT 2021\u201c Dieppe Renault-Alpine Turbo Mittelmotor\",\"breadcrumb\":{\"@id\":\"https:\\\/\\\/www.enzo-und-ferdinand.de\\\/index.php\\\/2021\\\/05\\\/15\\\/alpine-legende-gt-2021\\\/#breadcrumb\"},\"inLanguage\":\"de\",\"potentialAction\":[{\"@type\":\"ReadAction\",\"target\":[\"https:\\\/\\\/www.enzo-und-ferdinand.de\\\/index.php\\\/2021\\\/05\\\/15\\\/alpine-legende-gt-2021\\\/\"]}]},{\"@type\":\"ImageObject\",\"inLanguage\":\"de\",\"@id\":\"https:\\\/\\\/www.enzo-und-ferdinand.de\\\/index.php\\\/2021\\\/05\\\/15\\\/alpine-legende-gt-2021\\\/#primaryimage\",\"url\":\"https:\\\/\\\/www.enzo-und-ferdinand.de\\\/wp-content\\\/uploads\\\/2021\\\/05\\\/Alpine-A110-Legend-1.jpeg\",\"contentUrl\":\"https:\\\/\\\/www.enzo-und-ferdinand.de\\\/wp-content\\\/uploads\\\/2021\\\/05\\\/Alpine-A110-Legend-1.jpeg\",\"width\":1024,\"height\":684},{\"@type\":\"BreadcrumbList\",\"@id\":\"https:\\\/\\\/www.enzo-und-ferdinand.de\\\/index.php\\\/2021\\\/05\\\/15\\\/alpine-legende-gt-2021\\\/#breadcrumb\",\"itemListElement\":[{\"@type\":\"ListItem\",\"position\":1,\"name\":\"Startseite\",\"item\":\"https:\\\/\\\/www.enzo-und-ferdinand.de\\\/\"},{\"@type\":\"ListItem\",\"position\":2,\"name\":\"Alpine \u201eL\u00e9gende GT 2021\u201c\"}]},{\"@type\":\"WebSite\",\"@id\":\"https:\\\/\\\/www.enzo-und-ferdinand.de\\\/#website\",\"url\":\"https:\\\/\\\/www.enzo-und-ferdinand.de\\\/\",\"name\":\"enzo & Ferdinand\",\"description\":\"\",\"publisher\":{\"@id\":\"https:\\\/\\\/www.enzo-und-ferdinand.de\\\/#organization\"},\"potentialAction\":[{\"@type\":\"SearchAction\",\"target\":{\"@type\":\"EntryPoint\",\"urlTemplate\":\"https:\\\/\\\/www.enzo-und-ferdinand.de\\\/?s={search_term_string}\"},\"query-input\":{\"@type\":\"PropertyValueSpecification\",\"valueRequired\":true,\"valueName\":\"search_term_string\"}}],\"inLanguage\":\"de\"},{\"@type\":\"Organization\",\"@id\":\"https:\\\/\\\/www.enzo-und-ferdinand.de\\\/#organization\",\"name\":\"enzo & Ferdinand\",\"url\":\"https:\\\/\\\/www.enzo-und-ferdinand.de\\\/\",\"logo\":{\"@type\":\"ImageObject\",\"inLanguage\":\"de\",\"@id\":\"https:\\\/\\\/www.enzo-und-ferdinand.de\\\/#\\\/schema\\\/logo\\\/image\\\/\",\"url\":\"https:\\\/\\\/www.enzo-und-ferdinand.de\\\/wp-content\\\/uploads\\\/2018\\\/12\\\/revvvs-icon.png\",\"contentUrl\":\"https:\\\/\\\/www.enzo-und-ferdinand.de\\\/wp-content\\\/uploads\\\/2018\\\/12\\\/revvvs-icon.png\",\"width\":512,\"height\":512,\"caption\":\"enzo & Ferdinand\"},\"image\":{\"@id\":\"https:\\\/\\\/www.enzo-und-ferdinand.de\\\/#\\\/schema\\\/logo\\\/image\\\/\"}},{\"@type\":\"Person\",\"@id\":\"https:\\\/\\\/www.enzo-und-ferdinand.de\\\/#\\\/schema\\\/person\\\/aff2eb9ff87705987c1b9d21fe10b095\",\"name\":\"Rainer Ro\u00dfbach\",\"image\":{\"@type\":\"ImageObject\",\"inLanguage\":\"de\",\"@id\":\"https:\\\/\\\/www.enzo-und-ferdinand.de\\\/wp-content\\\/uploads\\\/2026\\\/01\\\/Rainer-Rossbach-150x150.jpg\",\"url\":\"https:\\\/\\\/www.enzo-und-ferdinand.de\\\/wp-content\\\/uploads\\\/2026\\\/01\\\/Rainer-Rossbach-150x150.jpg\",\"contentUrl\":\"https:\\\/\\\/www.enzo-und-ferdinand.de\\\/wp-content\\\/uploads\\\/2026\\\/01\\\/Rainer-Rossbach-150x150.jpg\",\"caption\":\"Rainer Ro\u00dfbach\"},\"url\":\"https:\\\/\\\/www.enzo-und-ferdinand.de\\\/index.php\\\/author\\\/redaktion\\\/\"}]}<\/script>\n<!-- \/ Yoast SEO plugin. -->","yoast_head_json":{"title":"Alpine \u201eL\u00e9gende GT 2021\u201c","description":"Alpine \u201eL\u00e9gende GT 2021\u201c Dieppe Renault-Alpine Turbo Mittelmotor","robots":{"index":"index","follow":"follow","max-snippet":"max-snippet:-1","max-image-preview":"max-image-preview:large","max-video-preview":"max-video-preview:-1"},"canonical":"https:\/\/www.enzo-und-ferdinand.de\/index.php\/2021\/05\/15\/alpine-legende-gt-2021\/","og_locale":"de_DE","og_type":"article","og_title":"Alpine \u201eL\u00e9gende GT 2021\u201c","og_description":"Alpine \u201eL\u00e9gende GT 2021\u201c Dieppe Renault-Alpine Turbo Mittelmotor","og_url":"https:\/\/www.enzo-und-ferdinand.de\/index.php\/2021\/05\/15\/alpine-legende-gt-2021\/","og_site_name":"enzo &amp; Ferdinand","article_published_time":"2021-05-15T19:43:02+00:00","article_modified_time":"2026-03-27T16:50:34+00:00","og_image":[{"width":1024,"height":684,"url":"https:\/\/www.enzo-und-ferdinand.de\/wp-content\/uploads\/2021\/05\/Alpine-A110-Legend-1.jpeg","type":"image\/jpeg"}],"author":"Rainer Ro\u00dfbach","twitter_card":"summary_large_image","twitter_misc":{"Verfasst von":"Rainer Ro\u00dfbach","Gesch\u00e4tzte Lesezeit":"2\u00a0Minuten"},"schema":{"@context":"https:\/\/schema.org","@graph":[{"@type":"Article","@id":"https:\/\/www.enzo-und-ferdinand.de\/index.php\/2021\/05\/15\/alpine-legende-gt-2021\/#article","isPartOf":{"@id":"https:\/\/www.enzo-und-ferdinand.de\/index.php\/2021\/05\/15\/alpine-legende-gt-2021\/"},"author":{"name":"Rainer Ro\u00dfbach","@id":"https:\/\/www.enzo-und-ferdinand.de\/#\/schema\/person\/aff2eb9ff87705987c1b9d21fe10b095"},"headline":"Alpine \u201eL\u00e9gende GT 2021\u201c","datePublished":"2021-05-15T19:43:02+00:00","dateModified":"2026-03-27T16:50:34+00:00","mainEntityOfPage":{"@id":"https:\/\/www.enzo-und-ferdinand.de\/index.php\/2021\/05\/15\/alpine-legende-gt-2021\/"},"wordCount":169,"publisher":{"@id":"https:\/\/www.enzo-und-ferdinand.de\/#organization"},"image":{"@id":"https:\/\/www.enzo-und-ferdinand.de\/index.php\/2021\/05\/15\/alpine-legende-gt-2021\/#primaryimage"},"thumbnailUrl":"https:\/\/www.enzo-und-ferdinand.de\/wp-content\/uploads\/2021\/05\/Alpine-A110-Legend-1.jpeg","keywords":["Alpine","Renault"],"articleSection":["Performance"],"inLanguage":"de"},{"@type":"WebPage","@id":"https:\/\/www.enzo-und-ferdinand.de\/index.php\/2021\/05\/15\/alpine-legende-gt-2021\/","url":"https:\/\/www.enzo-und-ferdinand.de\/index.php\/2021\/05\/15\/alpine-legende-gt-2021\/","name":"Alpine \u201eL\u00e9gende GT 2021\u201c","isPartOf":{"@id":"https:\/\/www.enzo-und-ferdinand.de\/#website"},"primaryImageOfPage":{"@id":"https:\/\/www.enzo-und-ferdinand.de\/index.php\/2021\/05\/15\/alpine-legende-gt-2021\/#primaryimage"},"image":{"@id":"https:\/\/www.enzo-und-ferdinand.de\/index.php\/2021\/05\/15\/alpine-legende-gt-2021\/#primaryimage"},"thumbnailUrl":"https:\/\/www.enzo-und-ferdinand.de\/wp-content\/uploads\/2021\/05\/Alpine-A110-Legend-1.jpeg","datePublished":"2021-05-15T19:43:02+00:00","dateModified":"2026-03-27T16:50:34+00:00","description":"Alpine \u201eL\u00e9gende GT 2021\u201c Dieppe Renault-Alpine Turbo Mittelmotor","breadcrumb":{"@id":"https:\/\/www.enzo-und-ferdinand.de\/index.php\/2021\/05\/15\/alpine-legende-gt-2021\/#breadcrumb"},"inLanguage":"de","potentialAction":[{"@type":"ReadAction","target":["https:\/\/www.enzo-und-ferdinand.de\/index.php\/2021\/05\/15\/alpine-legende-gt-2021\/"]}]},{"@type":"ImageObject","inLanguage":"de","@id":"https:\/\/www.enzo-und-ferdinand.de\/index.php\/2021\/05\/15\/alpine-legende-gt-2021\/#primaryimage","url":"https:\/\/www.enzo-und-ferdinand.de\/wp-content\/uploads\/2021\/05\/Alpine-A110-Legend-1.jpeg","contentUrl":"https:\/\/www.enzo-und-ferdinand.de\/wp-content\/uploads\/2021\/05\/Alpine-A110-Legend-1.jpeg","width":1024,"height":684},{"@type":"BreadcrumbList","@id":"https:\/\/www.enzo-und-ferdinand.de\/index.php\/2021\/05\/15\/alpine-legende-gt-2021\/#breadcrumb","itemListElement":[{"@type":"ListItem","position":1,"name":"Startseite","item":"https:\/\/www.enzo-und-ferdinand.de\/"},{"@type":"ListItem","position":2,"name":"Alpine \u201eL\u00e9gende GT 2021\u201c"}]},{"@type":"WebSite","@id":"https:\/\/www.enzo-und-ferdinand.de\/#website","url":"https:\/\/www.enzo-und-ferdinand.de\/","name":"enzo & Ferdinand","description":"","publisher":{"@id":"https:\/\/www.enzo-und-ferdinand.de\/#organization"},"potentialAction":[{"@type":"SearchAction","target":{"@type":"EntryPoint","urlTemplate":"https:\/\/www.enzo-und-ferdinand.de\/?s={search_term_string}"},"query-input":{"@type":"PropertyValueSpecification","valueRequired":true,"valueName":"search_term_string"}}],"inLanguage":"de"},{"@type":"Organization","@id":"https:\/\/www.enzo-und-ferdinand.de\/#organization","name":"enzo & Ferdinand","url":"https:\/\/www.enzo-und-ferdinand.de\/","logo":{"@type":"ImageObject","inLanguage":"de","@id":"https:\/\/www.enzo-und-ferdinand.de\/#\/schema\/logo\/image\/","url":"https:\/\/www.enzo-und-ferdinand.de\/wp-content\/uploads\/2018\/12\/revvvs-icon.png","contentUrl":"https:\/\/www.enzo-und-ferdinand.de\/wp-content\/uploads\/2018\/12\/revvvs-icon.png","width":512,"height":512,"caption":"enzo & Ferdinand"},"image":{"@id":"https:\/\/www.enzo-und-ferdinand.de\/#\/schema\/logo\/image\/"}},{"@type":"Person","@id":"https:\/\/www.enzo-und-ferdinand.de\/#\/schema\/person\/aff2eb9ff87705987c1b9d21fe10b095","name":"Rainer Ro\u00dfbach","image":{"@type":"ImageObject","inLanguage":"de","@id":"https:\/\/www.enzo-und-ferdinand.de\/wp-content\/uploads\/2026\/01\/Rainer-Rossbach-150x150.jpg","url":"https:\/\/www.enzo-und-ferdinand.de\/wp-content\/uploads\/2026\/01\/Rainer-Rossbach-150x150.jpg","contentUrl":"https:\/\/www.enzo-und-ferdinand.de\/wp-content\/uploads\/2026\/01\/Rainer-Rossbach-150x150.jpg","caption":"Rainer Ro\u00dfbach"},"url":"https:\/\/www.enzo-und-ferdinand.de\/index.php\/author\/redaktion\/"}]}},"_links":{"self":[{"href":"https:\/\/www.enzo-und-ferdinand.de\/index.php\/wp-json\/wp\/v2\/posts\/6887","targetHints":{"allow":["GET"]}}],"collection":[{"href":"https:\/\/www.enzo-und-ferdinand.de\/index.php\/wp-json\/wp\/v2\/posts"}],"about":[{"href":"https:\/\/www.enzo-und-ferdinand.de\/index.php\/wp-json\/wp\/v2\/types\/post"}],"author":[{"embeddable":true,"href":"https:\/\/www.enzo-und-ferdinand.de\/index.php\/wp-json\/wp\/v2\/users\/1"}],"replies":[{"embeddable":true,"href":"https:\/\/www.enzo-und-ferdinand.de\/index.php\/wp-json\/wp\/v2\/comments?post=6887"}],"version-history":[{"count":2,"href":"https:\/\/www.enzo-und-ferdinand.de\/index.php\/wp-json\/wp\/v2\/posts\/6887\/revisions"}],"predecessor-version":[{"id":6894,"href":"https:\/\/www.enzo-und-ferdinand.de\/index.php\/wp-json\/wp\/v2\/posts\/6887\/revisions\/6894"}],"wp:featuredmedia":[{"embeddable":true,"href":"https:\/\/www.enzo-und-ferdinand.de\/index.php\/wp-json\/wp\/v2\/media\/6889"}],"wp:attachment":[{"href":"https:\/\/www.enzo-und-ferdinand.de\/index.php\/wp-json\/wp\/v2\/media?parent=6887"}],"wp:term":[{"taxonomy":"category","embeddable":true,"href":"https:\/\/www.enzo-und-ferdinand.de\/index.php\/wp-json\/wp\/v2\/categories?post=6887"},{"taxonomy":"post_tag","embeddable":true,"href":"https:\/\/www.enzo-und-ferdinand.de\/index.php\/wp-json\/wp\/v2\/tags?post=6887"}],"curies":[{"name":"wp","href":"https:\/\/api.w.org\/{rel}","templated":true}]}}