{"id":7023,"date":"2021-07-26T14:27:58","date_gmt":"2021-07-26T12:27:58","guid":{"rendered":"https:\/\/www.enzo-und-ferdinand.de\/?p=7023"},"modified":"2026-03-27T18:01:00","modified_gmt":"2026-03-27T17:01:00","slug":"amg-amg-300-sel-6-8-1981","status":"publish","type":"post","link":"https:\/\/www.enzo-und-ferdinand.de\/index.php\/2021\/07\/26\/amg-amg-300-sel-6-8-1981\/","title":{"rendered":"AMG 300\u00a0SEL\u00a06.8 (1971)"},"content":{"rendered":"\n<figure class=\"wp-block-image size-large\"><img loading=\"lazy\" decoding=\"async\" width=\"810\" height=\"556\" src=\"https:\/\/www.enzo-und-ferdinand.de\/wp-content\/uploads\/2021\/07\/21C0414_002-810x556.jpg\" alt=\"\" class=\"wp-image-7029\" srcset=\"https:\/\/www.enzo-und-ferdinand.de\/wp-content\/uploads\/2021\/07\/21C0414_002-810x556.jpg 810w, https:\/\/www.enzo-und-ferdinand.de\/wp-content\/uploads\/2021\/07\/21C0414_002-300x206.jpg 300w, https:\/\/www.enzo-und-ferdinand.de\/wp-content\/uploads\/2021\/07\/21C0414_002-768x527.jpg 768w, https:\/\/www.enzo-und-ferdinand.de\/wp-content\/uploads\/2021\/07\/21C0414_002.jpg 1024w\" sizes=\"auto, (max-width: 810px) 100vw, 810px\" \/><\/figure>\n\n\n\n<p class=\"wp-block-paragraph\">Dieses belgische Traditions-Rennen bringt den Mercedes-Tuner AMG mit der &#8222;Roten Sau&#8220; schlagartig auf die B\u00fchne des Motorsports: Am 24.&nbsp;Juli 1971 gehen um 15&nbsp;Uhr fast 80&nbsp;Renntourenwagen an den Start der 24&nbsp;Stunden von Spa-Francorchamps. Mittendrin im Feld f\u00e4hrt eine m\u00e4chtige Mercedes-Benz Luxuslimousine der Baureihe W&nbsp;109 \u00fcber den Ardennenkurs. Es ist kein Werksrennwagen, sondern ein Fahrzeug, das von dem 1967 gegr\u00fcndeten Ingenieurb\u00fcro von Hans Werner Aufrecht und Erhard Melcher eingesetzt wird.<\/p>\n\n\n\n<p class=\"wp-block-paragraph\">AMG hat diesen Vorl\u00e4ufer der Mercedes-Benz S-Klasse f\u00fcr das Langstreckenrennen umfassend vorbereitet, die Schwerpunkte liegen auf Motor und Fahrwerk. Die technischen Daten sind f\u00fcr Renntourenwagen der damaligen Zeit gigantisch: 428&nbsp;PS aus 6.835&nbsp;Kubikzentimetern Hubraum, bis zu 620&nbsp;Newtonmeter Drehmoment, eine Spitzengeschwindigkeit von mehr als 265&nbsp;km\/h und ein Beschleunigungsverm\u00f6gen aus dem Stand auf 100&nbsp;km\/h in 6,1&nbsp;Sekunden. AMG 300&nbsp;SEL&nbsp;6.8 lautet der Name des roten Rennwagens&nbsp;\u2013 auch wenn der Stern auf dem K\u00fchler klar auf die Stuttgarter Marke verweist.<\/p>\n\n\n\n<p class=\"wp-block-paragraph\">Der Rennerfolg vor 50&nbsp;Jahren ist keine Selbstverst\u00e4ndlichkeit. Denn die gro\u00dfe, 1.635&nbsp;Kilogramm wiegende Limousine (immerhin 195&nbsp;Kilogramm leichter als die Serienversion) muss sich in dem belgischen Marathonrennen gegen ein Feld flinker Renntourenwagen behaupten. Zum Gl\u00fcck liegt dem Fahrzeug der alte Kurs von Spa-Francorchamps&nbsp;\u2013 14,863&nbsp;Kilometer lang und mit vielen Geraden, auf denen Vollgas gefahren werden kann.&nbsp;<\/p>\n\n\n\n<p class=\"wp-block-paragraph\">Der 300&nbsp;SEL&nbsp;6.8 h\u00e4lt sich wacker und rast zuverl\u00e4ssig durch die Nacht, w\u00e4hrend immer mehr Fahrzeuge aus dem Rennen ausscheiden: Im Morgengrauen sind noch 23&nbsp;Wagen unterwegs, ganze Werksmannschaften haben ihre Flaggen gestrichen. Der Au\u00dfenseiter aus Affalterbach zieht weiter seine Bahnen und kommt schlie\u00dflich als zweites Fahrzeug unter den 18&nbsp;verbliebenen Renntourenwagen ins Ziel.<\/p>\n\n\n\n<p class=\"wp-block-paragraph\">Das Fachmagazin \u201eRoad&nbsp;&amp; Track\u201c beschreibt im R\u00fcckblick den erfolgreichen Balanceakt zwischen Leistung und Gewicht: \u201eIm Rennen hatte der gro\u00dfe V8-Motor einen unstillbaren Durst nach Treibstoff, und das Gewicht [des Fahrzeugs] f\u00fchrte dazu, dass es schnell seine Reifen verschliss. Doch die Geschwindigkeit der Roten Sau glich auf den langen Geraden von Spa-Francorchamps diese Ineffizienzen mehr als aus. Nach 24&nbsp;Stunden st\u00fcrmte sie auf einen unglaublichen zweiten Platz hinter einem Ford Capri.\u201c Fahrer des Fords sind&nbsp; Dieter Glemser sowie der spanische Pilot \u00c0lex Soler-Roig.<\/p>\n\n\n\n<p class=\"wp-block-paragraph\">Hans Heyer und Clemens Schickentanz fahren im 300&nbsp;SEL&nbsp;6.8 auf einen sensationellen Platz&nbsp;2 im Gesamtklassement und sichern sich den Sieg in ihrer Klasse.&nbsp;<\/p>\n\n\n\n<p class=\"wp-block-paragraph\">Am Ende der 24&nbsp;Stunden von Spa-Francorchamps 1971 fahren Hans Heyer und Clemens Schickentanz im 300&nbsp;SEL&nbsp;6.8 auf einen sensationellen Platz&nbsp;2 im Gesamtklassement und sichern sich den Sieg in ihrer Klasse.&nbsp;<\/p>\n\n\n\n<figure class=\"wp-block-image size-full\"><img loading=\"lazy\" decoding=\"async\" width=\"686\" height=\"1024\" src=\"https:\/\/www.enzo-und-ferdinand.de\/wp-content\/uploads\/2021\/07\/21C0414_001.jpg\" alt=\"\" class=\"wp-image-7028\" srcset=\"https:\/\/www.enzo-und-ferdinand.de\/wp-content\/uploads\/2021\/07\/21C0414_001.jpg 686w, https:\/\/www.enzo-und-ferdinand.de\/wp-content\/uploads\/2021\/07\/21C0414_001-201x300.jpg 201w\" sizes=\"auto, (max-width: 686px) 100vw, 686px\" \/><\/figure>\n\n\n\n<p class=\"wp-block-paragraph\">Das Fachmagazin \u201eRoad&nbsp;&amp; Track\u201c beschreibt im R\u00fcckblick den erfolgreichen Balanceakt zwischen Leistung und Gewicht: \u201eIm Rennen hatte der gro\u00dfe V8-Motor einen unstillbaren Durst nach Treibstoff, und das Gewicht [des Fahrzeugs] f\u00fchrte dazu, dass es schnell seine Reifen verschliss. Doch die Geschwindigkeit der Roten Sau glich auf den langen Geraden von Spa-Francorchamps diese Ineffizienzen mehr als aus. Nach 24&nbsp;Stunden st\u00fcrmte sie auf einen unglaublichen zweiten Platz hinter einem Ford Capri.\u201c (\u201eDuring the race, the big V8 had an insatiable thirst for fuel, and its weight meant that it quickly wrecked its tires. However, the straight-line speed of the Red Pig more than made up for its inefficiencies on the long straights of Spa-Francorchamps, and after 24&nbsp;hours, it ended up storming its way to an incredible second place behind a Ford Capri.\u201c) Fahrer des Fords sind der ehemalige Mercedes-Benz Rennfahrer und heutige Mercedes-Benz Markenbotschafter Dieter Glemser sowie der spanische Rennfahrer Alejandro \u201e\u00c0lex\u201c Soler-Roig.<\/p>\n\n\n\n<p class=\"has-text-align-right has-small-font-size wp-block-paragraph\">Fotos: Mercedes Benz\/Text: Mercedes-Benz\/rr<\/p>\n\n\n\n<p class=\"wp-block-paragraph\"><\/p>\n","protected":false},"excerpt":{"rendered":"<p>Dieses belgische Traditions-Rennen bringt den Mercedes-Tuner AMG mit der \u201cRoten Sau\u201d schlagartig auf die B\u00fchne des Motorsports: Am 24. Juli 1971 gehen um 15 Uhr fast 80 Renntourenwagen an den Start der 24 Stunden von Spa-Francorchamps. Mittendrin im Feld f\u00e4hrt eine m\u00e4chtige Mercedes-Benz Luxuslimousine der Baureihe W 109 \u00fcber den Ardennenkurs. Es ist kein Werksrennwagen, sondern ein Fahrzeug, das von dem 1967 gegr\u00fcndeten Ingenieurb\u00fcro von Hans Werner Aufrecht und Erhard Melcher eingesetzt wird.<\/p>\n","protected":false},"author":1,"featured_media":7027,"comment_status":"closed","ping_status":"closed","sticky":false,"template":"","format":"standard","meta":{"_crdt_document":"","ngg_post_thumbnail":0,"footnotes":""},"categories":[13,23,5],"tags":[206,203,207],"class_list":["post-7023","post","type-post","status-publish","format-standard","has-post-thumbnail","hentry","category-ikonen","category-performance","category-rennsport","tag-amg","tag-mercedes","tag-mercedes-benz"],"yoast_head":"<!-- This site is optimized with the Yoast SEO plugin v27.5 - https:\/\/yoast.com\/product\/yoast-seo-wordpress\/ -->\n<title>AMG 300\u00a0SEL\u00a06.8 (1971)<\/title>\n<meta name=\"description\" content=\"AMG 300\u00a0SEL\u00a06.8 W\u00a0109 24\u00a0Stunden von Spa-Francorchamps Hans Heyer Clemens Schickentanz 1971 Rote Sau Ford Capri Dieter Glemser \u00c0lex Soler-Roig Mercedes-Benz Daimler-Benz\" \/>\n<meta name=\"robots\" content=\"index, follow, max-snippet:-1, max-image-preview:large, max-video-preview:-1\" \/>\n<link rel=\"canonical\" href=\"https:\/\/www.enzo-und-ferdinand.de\/index.php\/2021\/07\/26\/amg-amg-300-sel-6-8-1981\/\" \/>\n<meta property=\"og:locale\" content=\"de_DE\" \/>\n<meta property=\"og:type\" content=\"article\" \/>\n<meta property=\"og:title\" content=\"AMG 300\u00a0SEL\u00a06.8 (1971)\" \/>\n<meta property=\"og:description\" content=\"AMG 300\u00a0SEL\u00a06.8 W\u00a0109 24\u00a0Stunden von Spa-Francorchamps Hans Heyer Clemens Schickentanz 1971 Rote Sau Ford Capri Dieter Glemser \u00c0lex Soler-Roig Mercedes-Benz Daimler-Benz\" \/>\n<meta property=\"og:url\" content=\"https:\/\/www.enzo-und-ferdinand.de\/index.php\/2021\/07\/26\/amg-amg-300-sel-6-8-1981\/\" \/>\n<meta property=\"og:site_name\" content=\"enzo &amp; Ferdinand\" \/>\n<meta property=\"article:published_time\" content=\"2021-07-26T12:27:58+00:00\" \/>\n<meta property=\"article:modified_time\" content=\"2026-03-27T17:01:00+00:00\" \/>\n<meta property=\"og:image\" content=\"https:\/\/www.enzo-und-ferdinand.de\/wp-content\/uploads\/2021\/07\/21C0414_003.jpg\" \/>\n\t<meta property=\"og:image:width\" content=\"1024\" \/>\n\t<meta property=\"og:image:height\" content=\"682\" \/>\n\t<meta property=\"og:image:type\" content=\"image\/jpeg\" \/>\n<meta name=\"author\" content=\"Rainer Ro\u00dfbach\" \/>\n<meta name=\"twitter:card\" content=\"summary_large_image\" \/>\n<meta name=\"twitter:label1\" content=\"Verfasst von\" \/>\n\t<meta name=\"twitter:data1\" content=\"Rainer Ro\u00dfbach\" \/>\n\t<meta name=\"twitter:label2\" content=\"Gesch\u00e4tzte Lesezeit\" \/>\n\t<meta name=\"twitter:data2\" content=\"4\u00a0Minuten\" \/>\n<script type=\"application\/ld+json\" class=\"yoast-schema-graph\">{\"@context\":\"https:\\\/\\\/schema.org\",\"@graph\":[{\"@type\":\"Article\",\"@id\":\"https:\\\/\\\/www.enzo-und-ferdinand.de\\\/index.php\\\/2021\\\/07\\\/26\\\/amg-amg-300-sel-6-8-1981\\\/#article\",\"isPartOf\":{\"@id\":\"https:\\\/\\\/www.enzo-und-ferdinand.de\\\/index.php\\\/2021\\\/07\\\/26\\\/amg-amg-300-sel-6-8-1981\\\/\"},\"author\":{\"name\":\"Rainer Ro\u00dfbach\",\"@id\":\"https:\\\/\\\/www.enzo-und-ferdinand.de\\\/#\\\/schema\\\/person\\\/aff2eb9ff87705987c1b9d21fe10b095\"},\"headline\":\"AMG 300\u00a0SEL\u00a06.8 (1971)\",\"datePublished\":\"2021-07-26T12:27:58+00:00\",\"dateModified\":\"2026-03-27T17:01:00+00:00\",\"mainEntityOfPage\":{\"@id\":\"https:\\\/\\\/www.enzo-und-ferdinand.de\\\/index.php\\\/2021\\\/07\\\/26\\\/amg-amg-300-sel-6-8-1981\\\/\"},\"wordCount\":605,\"publisher\":{\"@id\":\"https:\\\/\\\/www.enzo-und-ferdinand.de\\\/#organization\"},\"image\":{\"@id\":\"https:\\\/\\\/www.enzo-und-ferdinand.de\\\/index.php\\\/2021\\\/07\\\/26\\\/amg-amg-300-sel-6-8-1981\\\/#primaryimage\"},\"thumbnailUrl\":\"https:\\\/\\\/www.enzo-und-ferdinand.de\\\/wp-content\\\/uploads\\\/2021\\\/07\\\/21C0414_003.jpg\",\"keywords\":[\"AMG\",\"Mercedes\",\"Mercedes-Benz\"],\"articleSection\":[\"Ikonen\",\"Performance\",\"Rennsport\"],\"inLanguage\":\"de\"},{\"@type\":\"WebPage\",\"@id\":\"https:\\\/\\\/www.enzo-und-ferdinand.de\\\/index.php\\\/2021\\\/07\\\/26\\\/amg-amg-300-sel-6-8-1981\\\/\",\"url\":\"https:\\\/\\\/www.enzo-und-ferdinand.de\\\/index.php\\\/2021\\\/07\\\/26\\\/amg-amg-300-sel-6-8-1981\\\/\",\"name\":\"AMG 300\u00a0SEL\u00a06.8 (1971)\",\"isPartOf\":{\"@id\":\"https:\\\/\\\/www.enzo-und-ferdinand.de\\\/#website\"},\"primaryImageOfPage\":{\"@id\":\"https:\\\/\\\/www.enzo-und-ferdinand.de\\\/index.php\\\/2021\\\/07\\\/26\\\/amg-amg-300-sel-6-8-1981\\\/#primaryimage\"},\"image\":{\"@id\":\"https:\\\/\\\/www.enzo-und-ferdinand.de\\\/index.php\\\/2021\\\/07\\\/26\\\/amg-amg-300-sel-6-8-1981\\\/#primaryimage\"},\"thumbnailUrl\":\"https:\\\/\\\/www.enzo-und-ferdinand.de\\\/wp-content\\\/uploads\\\/2021\\\/07\\\/21C0414_003.jpg\",\"datePublished\":\"2021-07-26T12:27:58+00:00\",\"dateModified\":\"2026-03-27T17:01:00+00:00\",\"description\":\"AMG 300\u00a0SEL\u00a06.8 W\u00a0109 24\u00a0Stunden von Spa-Francorchamps Hans Heyer Clemens Schickentanz 1971 Rote Sau Ford Capri Dieter Glemser \u00c0lex Soler-Roig Mercedes-Benz Daimler-Benz\",\"breadcrumb\":{\"@id\":\"https:\\\/\\\/www.enzo-und-ferdinand.de\\\/index.php\\\/2021\\\/07\\\/26\\\/amg-amg-300-sel-6-8-1981\\\/#breadcrumb\"},\"inLanguage\":\"de\",\"potentialAction\":[{\"@type\":\"ReadAction\",\"target\":[\"https:\\\/\\\/www.enzo-und-ferdinand.de\\\/index.php\\\/2021\\\/07\\\/26\\\/amg-amg-300-sel-6-8-1981\\\/\"]}]},{\"@type\":\"ImageObject\",\"inLanguage\":\"de\",\"@id\":\"https:\\\/\\\/www.enzo-und-ferdinand.de\\\/index.php\\\/2021\\\/07\\\/26\\\/amg-amg-300-sel-6-8-1981\\\/#primaryimage\",\"url\":\"https:\\\/\\\/www.enzo-und-ferdinand.de\\\/wp-content\\\/uploads\\\/2021\\\/07\\\/21C0414_003.jpg\",\"contentUrl\":\"https:\\\/\\\/www.enzo-und-ferdinand.de\\\/wp-content\\\/uploads\\\/2021\\\/07\\\/21C0414_003.jpg\",\"width\":1024,\"height\":682,\"caption\":\"AMG 300 SEL 6.8 Renntourenwagen auf Basis der Mercedes-Benz Luxuslimousine 300 SEL 6.3 (W 109). Beim 24-Stunden-Rennen in Spa-Francorchamps 1971 erringen Hans Heyer und Clemens Schickentanz Platz 2 im Gesamtklassement und sorgen damit f\u00fcr eine Sensation. (Fotosignatur der Mercedes-Benz Classic Archive: A2002F5515) AMG 300 SEL 6.8 racing touring car based on the Mercedes-Benz 300 SEL 6.3 (W 109) luxury saloon. At the 24-hour race in Spa-Francorchamps in 1971, Hans Heyer and Clemens Schickentanz attained second place overall, causing a sensation. (Photo signature in the Mercedes-Benz Classic archive: A2002F5515)\"},{\"@type\":\"BreadcrumbList\",\"@id\":\"https:\\\/\\\/www.enzo-und-ferdinand.de\\\/index.php\\\/2021\\\/07\\\/26\\\/amg-amg-300-sel-6-8-1981\\\/#breadcrumb\",\"itemListElement\":[{\"@type\":\"ListItem\",\"position\":1,\"name\":\"Startseite\",\"item\":\"https:\\\/\\\/www.enzo-und-ferdinand.de\\\/\"},{\"@type\":\"ListItem\",\"position\":2,\"name\":\"AMG 300\u00a0SEL\u00a06.8 (1971)\"}]},{\"@type\":\"WebSite\",\"@id\":\"https:\\\/\\\/www.enzo-und-ferdinand.de\\\/#website\",\"url\":\"https:\\\/\\\/www.enzo-und-ferdinand.de\\\/\",\"name\":\"enzo & Ferdinand\",\"description\":\"\",\"publisher\":{\"@id\":\"https:\\\/\\\/www.enzo-und-ferdinand.de\\\/#organization\"},\"potentialAction\":[{\"@type\":\"SearchAction\",\"target\":{\"@type\":\"EntryPoint\",\"urlTemplate\":\"https:\\\/\\\/www.enzo-und-ferdinand.de\\\/?s={search_term_string}\"},\"query-input\":{\"@type\":\"PropertyValueSpecification\",\"valueRequired\":true,\"valueName\":\"search_term_string\"}}],\"inLanguage\":\"de\"},{\"@type\":\"Organization\",\"@id\":\"https:\\\/\\\/www.enzo-und-ferdinand.de\\\/#organization\",\"name\":\"enzo & Ferdinand\",\"url\":\"https:\\\/\\\/www.enzo-und-ferdinand.de\\\/\",\"logo\":{\"@type\":\"ImageObject\",\"inLanguage\":\"de\",\"@id\":\"https:\\\/\\\/www.enzo-und-ferdinand.de\\\/#\\\/schema\\\/logo\\\/image\\\/\",\"url\":\"https:\\\/\\\/www.enzo-und-ferdinand.de\\\/wp-content\\\/uploads\\\/2018\\\/12\\\/revvvs-icon.png\",\"contentUrl\":\"https:\\\/\\\/www.enzo-und-ferdinand.de\\\/wp-content\\\/uploads\\\/2018\\\/12\\\/revvvs-icon.png\",\"width\":512,\"height\":512,\"caption\":\"enzo & Ferdinand\"},\"image\":{\"@id\":\"https:\\\/\\\/www.enzo-und-ferdinand.de\\\/#\\\/schema\\\/logo\\\/image\\\/\"}},{\"@type\":\"Person\",\"@id\":\"https:\\\/\\\/www.enzo-und-ferdinand.de\\\/#\\\/schema\\\/person\\\/aff2eb9ff87705987c1b9d21fe10b095\",\"name\":\"Rainer Ro\u00dfbach\",\"image\":{\"@type\":\"ImageObject\",\"inLanguage\":\"de\",\"@id\":\"https:\\\/\\\/www.enzo-und-ferdinand.de\\\/wp-content\\\/uploads\\\/2026\\\/01\\\/Rainer-Rossbach-150x150.jpg\",\"url\":\"https:\\\/\\\/www.enzo-und-ferdinand.de\\\/wp-content\\\/uploads\\\/2026\\\/01\\\/Rainer-Rossbach-150x150.jpg\",\"contentUrl\":\"https:\\\/\\\/www.enzo-und-ferdinand.de\\\/wp-content\\\/uploads\\\/2026\\\/01\\\/Rainer-Rossbach-150x150.jpg\",\"caption\":\"Rainer Ro\u00dfbach\"},\"url\":\"https:\\\/\\\/www.enzo-und-ferdinand.de\\\/index.php\\\/author\\\/redaktion\\\/\"}]}<\/script>\n<!-- \/ Yoast SEO plugin. -->","yoast_head_json":{"title":"AMG 300\u00a0SEL\u00a06.8 (1971)","description":"AMG 300\u00a0SEL\u00a06.8 W\u00a0109 24\u00a0Stunden von Spa-Francorchamps Hans Heyer Clemens Schickentanz 1971 Rote Sau Ford Capri Dieter Glemser \u00c0lex Soler-Roig Mercedes-Benz Daimler-Benz","robots":{"index":"index","follow":"follow","max-snippet":"max-snippet:-1","max-image-preview":"max-image-preview:large","max-video-preview":"max-video-preview:-1"},"canonical":"https:\/\/www.enzo-und-ferdinand.de\/index.php\/2021\/07\/26\/amg-amg-300-sel-6-8-1981\/","og_locale":"de_DE","og_type":"article","og_title":"AMG 300\u00a0SEL\u00a06.8 (1971)","og_description":"AMG 300\u00a0SEL\u00a06.8 W\u00a0109 24\u00a0Stunden von Spa-Francorchamps Hans Heyer Clemens Schickentanz 1971 Rote Sau Ford Capri Dieter Glemser \u00c0lex Soler-Roig Mercedes-Benz Daimler-Benz","og_url":"https:\/\/www.enzo-und-ferdinand.de\/index.php\/2021\/07\/26\/amg-amg-300-sel-6-8-1981\/","og_site_name":"enzo &amp; Ferdinand","article_published_time":"2021-07-26T12:27:58+00:00","article_modified_time":"2026-03-27T17:01:00+00:00","og_image":[{"width":1024,"height":682,"url":"https:\/\/www.enzo-und-ferdinand.de\/wp-content\/uploads\/2021\/07\/21C0414_003.jpg","type":"image\/jpeg"}],"author":"Rainer Ro\u00dfbach","twitter_card":"summary_large_image","twitter_misc":{"Verfasst von":"Rainer Ro\u00dfbach","Gesch\u00e4tzte Lesezeit":"4\u00a0Minuten"},"schema":{"@context":"https:\/\/schema.org","@graph":[{"@type":"Article","@id":"https:\/\/www.enzo-und-ferdinand.de\/index.php\/2021\/07\/26\/amg-amg-300-sel-6-8-1981\/#article","isPartOf":{"@id":"https:\/\/www.enzo-und-ferdinand.de\/index.php\/2021\/07\/26\/amg-amg-300-sel-6-8-1981\/"},"author":{"name":"Rainer Ro\u00dfbach","@id":"https:\/\/www.enzo-und-ferdinand.de\/#\/schema\/person\/aff2eb9ff87705987c1b9d21fe10b095"},"headline":"AMG 300\u00a0SEL\u00a06.8 (1971)","datePublished":"2021-07-26T12:27:58+00:00","dateModified":"2026-03-27T17:01:00+00:00","mainEntityOfPage":{"@id":"https:\/\/www.enzo-und-ferdinand.de\/index.php\/2021\/07\/26\/amg-amg-300-sel-6-8-1981\/"},"wordCount":605,"publisher":{"@id":"https:\/\/www.enzo-und-ferdinand.de\/#organization"},"image":{"@id":"https:\/\/www.enzo-und-ferdinand.de\/index.php\/2021\/07\/26\/amg-amg-300-sel-6-8-1981\/#primaryimage"},"thumbnailUrl":"https:\/\/www.enzo-und-ferdinand.de\/wp-content\/uploads\/2021\/07\/21C0414_003.jpg","keywords":["AMG","Mercedes","Mercedes-Benz"],"articleSection":["Ikonen","Performance","Rennsport"],"inLanguage":"de"},{"@type":"WebPage","@id":"https:\/\/www.enzo-und-ferdinand.de\/index.php\/2021\/07\/26\/amg-amg-300-sel-6-8-1981\/","url":"https:\/\/www.enzo-und-ferdinand.de\/index.php\/2021\/07\/26\/amg-amg-300-sel-6-8-1981\/","name":"AMG 300\u00a0SEL\u00a06.8 (1971)","isPartOf":{"@id":"https:\/\/www.enzo-und-ferdinand.de\/#website"},"primaryImageOfPage":{"@id":"https:\/\/www.enzo-und-ferdinand.de\/index.php\/2021\/07\/26\/amg-amg-300-sel-6-8-1981\/#primaryimage"},"image":{"@id":"https:\/\/www.enzo-und-ferdinand.de\/index.php\/2021\/07\/26\/amg-amg-300-sel-6-8-1981\/#primaryimage"},"thumbnailUrl":"https:\/\/www.enzo-und-ferdinand.de\/wp-content\/uploads\/2021\/07\/21C0414_003.jpg","datePublished":"2021-07-26T12:27:58+00:00","dateModified":"2026-03-27T17:01:00+00:00","description":"AMG 300\u00a0SEL\u00a06.8 W\u00a0109 24\u00a0Stunden von Spa-Francorchamps Hans Heyer Clemens Schickentanz 1971 Rote Sau Ford Capri Dieter Glemser \u00c0lex Soler-Roig Mercedes-Benz Daimler-Benz","breadcrumb":{"@id":"https:\/\/www.enzo-und-ferdinand.de\/index.php\/2021\/07\/26\/amg-amg-300-sel-6-8-1981\/#breadcrumb"},"inLanguage":"de","potentialAction":[{"@type":"ReadAction","target":["https:\/\/www.enzo-und-ferdinand.de\/index.php\/2021\/07\/26\/amg-amg-300-sel-6-8-1981\/"]}]},{"@type":"ImageObject","inLanguage":"de","@id":"https:\/\/www.enzo-und-ferdinand.de\/index.php\/2021\/07\/26\/amg-amg-300-sel-6-8-1981\/#primaryimage","url":"https:\/\/www.enzo-und-ferdinand.de\/wp-content\/uploads\/2021\/07\/21C0414_003.jpg","contentUrl":"https:\/\/www.enzo-und-ferdinand.de\/wp-content\/uploads\/2021\/07\/21C0414_003.jpg","width":1024,"height":682,"caption":"AMG 300 SEL 6.8 Renntourenwagen auf Basis der Mercedes-Benz Luxuslimousine 300 SEL 6.3 (W 109). Beim 24-Stunden-Rennen in Spa-Francorchamps 1971 erringen Hans Heyer und Clemens Schickentanz Platz 2 im Gesamtklassement und sorgen damit f\u00fcr eine Sensation. (Fotosignatur der Mercedes-Benz Classic Archive: A2002F5515) AMG 300 SEL 6.8 racing touring car based on the Mercedes-Benz 300 SEL 6.3 (W 109) luxury saloon. At the 24-hour race in Spa-Francorchamps in 1971, Hans Heyer and Clemens Schickentanz attained second place overall, causing a sensation. (Photo signature in the Mercedes-Benz Classic archive: A2002F5515)"},{"@type":"BreadcrumbList","@id":"https:\/\/www.enzo-und-ferdinand.de\/index.php\/2021\/07\/26\/amg-amg-300-sel-6-8-1981\/#breadcrumb","itemListElement":[{"@type":"ListItem","position":1,"name":"Startseite","item":"https:\/\/www.enzo-und-ferdinand.de\/"},{"@type":"ListItem","position":2,"name":"AMG 300\u00a0SEL\u00a06.8 (1971)"}]},{"@type":"WebSite","@id":"https:\/\/www.enzo-und-ferdinand.de\/#website","url":"https:\/\/www.enzo-und-ferdinand.de\/","name":"enzo & Ferdinand","description":"","publisher":{"@id":"https:\/\/www.enzo-und-ferdinand.de\/#organization"},"potentialAction":[{"@type":"SearchAction","target":{"@type":"EntryPoint","urlTemplate":"https:\/\/www.enzo-und-ferdinand.de\/?s={search_term_string}"},"query-input":{"@type":"PropertyValueSpecification","valueRequired":true,"valueName":"search_term_string"}}],"inLanguage":"de"},{"@type":"Organization","@id":"https:\/\/www.enzo-und-ferdinand.de\/#organization","name":"enzo & Ferdinand","url":"https:\/\/www.enzo-und-ferdinand.de\/","logo":{"@type":"ImageObject","inLanguage":"de","@id":"https:\/\/www.enzo-und-ferdinand.de\/#\/schema\/logo\/image\/","url":"https:\/\/www.enzo-und-ferdinand.de\/wp-content\/uploads\/2018\/12\/revvvs-icon.png","contentUrl":"https:\/\/www.enzo-und-ferdinand.de\/wp-content\/uploads\/2018\/12\/revvvs-icon.png","width":512,"height":512,"caption":"enzo & Ferdinand"},"image":{"@id":"https:\/\/www.enzo-und-ferdinand.de\/#\/schema\/logo\/image\/"}},{"@type":"Person","@id":"https:\/\/www.enzo-und-ferdinand.de\/#\/schema\/person\/aff2eb9ff87705987c1b9d21fe10b095","name":"Rainer Ro\u00dfbach","image":{"@type":"ImageObject","inLanguage":"de","@id":"https:\/\/www.enzo-und-ferdinand.de\/wp-content\/uploads\/2026\/01\/Rainer-Rossbach-150x150.jpg","url":"https:\/\/www.enzo-und-ferdinand.de\/wp-content\/uploads\/2026\/01\/Rainer-Rossbach-150x150.jpg","contentUrl":"https:\/\/www.enzo-und-ferdinand.de\/wp-content\/uploads\/2026\/01\/Rainer-Rossbach-150x150.jpg","caption":"Rainer Ro\u00dfbach"},"url":"https:\/\/www.enzo-und-ferdinand.de\/index.php\/author\/redaktion\/"}]}},"_links":{"self":[{"href":"https:\/\/www.enzo-und-ferdinand.de\/index.php\/wp-json\/wp\/v2\/posts\/7023","targetHints":{"allow":["GET"]}}],"collection":[{"href":"https:\/\/www.enzo-und-ferdinand.de\/index.php\/wp-json\/wp\/v2\/posts"}],"about":[{"href":"https:\/\/www.enzo-und-ferdinand.de\/index.php\/wp-json\/wp\/v2\/types\/post"}],"author":[{"embeddable":true,"href":"https:\/\/www.enzo-und-ferdinand.de\/index.php\/wp-json\/wp\/v2\/users\/1"}],"replies":[{"embeddable":true,"href":"https:\/\/www.enzo-und-ferdinand.de\/index.php\/wp-json\/wp\/v2\/comments?post=7023"}],"version-history":[{"count":10,"href":"https:\/\/www.enzo-und-ferdinand.de\/index.php\/wp-json\/wp\/v2\/posts\/7023\/revisions"}],"predecessor-version":[{"id":7241,"href":"https:\/\/www.enzo-und-ferdinand.de\/index.php\/wp-json\/wp\/v2\/posts\/7023\/revisions\/7241"}],"wp:featuredmedia":[{"embeddable":true,"href":"https:\/\/www.enzo-und-ferdinand.de\/index.php\/wp-json\/wp\/v2\/media\/7027"}],"wp:attachment":[{"href":"https:\/\/www.enzo-und-ferdinand.de\/index.php\/wp-json\/wp\/v2\/media?parent=7023"}],"wp:term":[{"taxonomy":"category","embeddable":true,"href":"https:\/\/www.enzo-und-ferdinand.de\/index.php\/wp-json\/wp\/v2\/categories?post=7023"},{"taxonomy":"post_tag","embeddable":true,"href":"https:\/\/www.enzo-und-ferdinand.de\/index.php\/wp-json\/wp\/v2\/tags?post=7023"}],"curies":[{"name":"wp","href":"https:\/\/api.w.org\/{rel}","templated":true}]}}