{"id":7036,"date":"2021-07-27T12:55:04","date_gmt":"2021-07-27T10:55:04","guid":{"rendered":"https:\/\/www.enzo-und-ferdinand.de\/?p=7036"},"modified":"2026-03-27T18:02:02","modified_gmt":"2026-03-27T17:02:02","slug":"audi-r8-lms-design-unikate","status":"publish","type":"post","link":"https:\/\/www.enzo-und-ferdinand.de\/index.php\/2021\/07\/27\/audi-r8-lms-design-unikate\/","title":{"rendered":"Audi R8 LMS Design-Unikate"},"content":{"rendered":"\n<figure class=\"wp-block-image size-large\"><img loading=\"lazy\" decoding=\"async\" width=\"810\" height=\"573\" src=\"https:\/\/www.enzo-und-ferdinand.de\/wp-content\/uploads\/2021\/07\/Audi-R8-LMS-66-810x573.jpg\" alt=\"\" class=\"wp-image-7040\" srcset=\"https:\/\/www.enzo-und-ferdinand.de\/wp-content\/uploads\/2021\/07\/Audi-R8-LMS-66-810x573.jpg 810w, https:\/\/www.enzo-und-ferdinand.de\/wp-content\/uploads\/2021\/07\/Audi-R8-LMS-66-300x212.jpg 300w, https:\/\/www.enzo-und-ferdinand.de\/wp-content\/uploads\/2021\/07\/Audi-R8-LMS-66-768x543.jpg 768w, https:\/\/www.enzo-und-ferdinand.de\/wp-content\/uploads\/2021\/07\/Audi-R8-LMS-66.jpg 1024w\" sizes=\"auto, (max-width: 810px) 100vw, 810px\" \/><figcaption class=\"wp-element-caption\">Audi R8 LMS #66 (Audi Sport Team Attempto), Mattia Drudi\/Dennis Marschall\/Christopher Mies<\/figcaption><\/figure>\n\n\n\n<p class=\"wp-block-paragraph\">Zum 100. Geburtstag der Rennstrecke von Spa-Francorchamps und f\u00fcr das traditionelle 24-Stunden-Rennen startet Audi Sport customer racing mit vier design-Unikaten. Allen vier Autos gemein ist die stilisierte Zahl 100 f\u00fcr das Rennsport-Jahrhundert von Spa.<\/p>\n\n\n\n<p class=\"wp-block-paragraph\">Das Audi Sport Team Attempto, das den Sieg im Vorjahr nur um 4,6 Sekunden verpasst hat, setzt in diesem Jahr den R8 LMS mit der Nummer 66 in den Nationalfarben Belgiens ein. Schwarz, gelb und rot dominieren die Karosserie des Rennwagens von Mattia Drudi, Dennis Marschall und Christopher Mies. Hinzu kommt ein Gr\u00fcnton. Graffitiartige Spr\u00fchmuster und flie\u00dfende Verl\u00e4ufe verleihen dem Auto seine Unverwechselbarkeit.&nbsp;<\/p>\n\n\n\n<p class=\"wp-block-paragraph\">Kontrastierend dazu pr\u00e4sentiert sich die Oberfl\u00e4che der Nummer 25 des Audi Sport Team Saint\u00e9loc: Sie ist streng geometrisch angelegt.&nbsp;<\/p>\n\n\n\n<figure class=\"wp-block-image size-large\"><img loading=\"lazy\" decoding=\"async\" width=\"810\" height=\"573\" src=\"https:\/\/www.enzo-und-ferdinand.de\/wp-content\/uploads\/2021\/07\/Audi-R8-LMS-25-810x573.jpg\" alt=\"\" class=\"wp-image-7043\" srcset=\"https:\/\/www.enzo-und-ferdinand.de\/wp-content\/uploads\/2021\/07\/Audi-R8-LMS-25-810x573.jpg 810w, https:\/\/www.enzo-und-ferdinand.de\/wp-content\/uploads\/2021\/07\/Audi-R8-LMS-25-300x212.jpg 300w, https:\/\/www.enzo-und-ferdinand.de\/wp-content\/uploads\/2021\/07\/Audi-R8-LMS-25-768x543.jpg 768w, https:\/\/www.enzo-und-ferdinand.de\/wp-content\/uploads\/2021\/07\/Audi-R8-LMS-25.jpg 1024w\" sizes=\"auto, (max-width: 810px) 100vw, 810px\" \/><figcaption class=\"wp-element-caption\">Audi R8 LMS #25 (Audi Sport Team Saint\u00c8loc), Christopher Haase\/Patric Niederhauser\/Markus Winkelhock<\/figcaption><\/figure>\n\n\n\n<p class=\"wp-block-paragraph\">Das Auto aus dem Siegerteam von 2017, diesmal gefahren von Christopher Haase, Patric Niederhauser und Markus Winkelhock, kn\u00fcpft an die gestalterischen Ideen von Victor Servranckx an. Der Belgier war mit seinen abstrakten Arbeiten in der ersten H\u00e4lfte des 20. Jahrhunderts ein bedeutender Grafiker seines Landes. Die roten, gelben, gr\u00fcnen und blauen Muster stehen f\u00fcr die Formensprache von Servranckx. Das konstruktivistische Logo der Rennstrecke von Spa auf den T\u00fcren des R8 LMS ist perfekt in dieses Design eingepasst.&nbsp;<\/p>\n\n\n\n<p class=\"wp-block-paragraph\">Das Audi Sport Team WRT, Sieger des 24-Stunden-Rennens in den Jahren 2011 und 2014, bringt zwei weitere Themenfahrzeuge an den Start. Der GT3-Sportwagen von Kelvin van der Linde, Dries Vanthoor und Charles Weerts steht f\u00fcr die \u201eArt nouveau\u201c-Epoche und f\u00e4llt in die Phase der Wende vom 19. zum 20. Jahrhundert.&nbsp;<\/p>\n\n\n\n<figure class=\"wp-block-image size-large\"><img loading=\"lazy\" decoding=\"async\" width=\"810\" height=\"573\" src=\"https:\/\/www.enzo-und-ferdinand.de\/wp-content\/uploads\/2021\/07\/Audi-R8-LMS-32-810x573.jpg\" alt=\"\" class=\"wp-image-7042\" srcset=\"https:\/\/www.enzo-und-ferdinand.de\/wp-content\/uploads\/2021\/07\/Audi-R8-LMS-32-810x573.jpg 810w, https:\/\/www.enzo-und-ferdinand.de\/wp-content\/uploads\/2021\/07\/Audi-R8-LMS-32-300x212.jpg 300w, https:\/\/www.enzo-und-ferdinand.de\/wp-content\/uploads\/2021\/07\/Audi-R8-LMS-32-768x544.jpg 768w, https:\/\/www.enzo-und-ferdinand.de\/wp-content\/uploads\/2021\/07\/Audi-R8-LMS-32.jpg 1024w\" sizes=\"auto, (max-width: 810px) 100vw, 810px\" \/><figcaption class=\"wp-element-caption\">Audi R8 LMS #32 (Audi Sport Team WRT), Kelvin van der Linde\/Dries Vanthoor\/Charles Weerts<\/figcaption><\/figure>\n\n\n\n<p class=\"wp-block-paragraph\">Das Muster auf dem R8 LMS der Nummer 32 greift gestalterische Elemente der damaligen Mode auf. Sie ist unter anderem in Textilzentren wie dem belgischen Antwerpen entstanden. Audi Sport kombiniert dieses Design mit Linien, die den Streckenverlauf des Kurses von Spa abbilden.&nbsp;<\/p>\n\n\n\n<figure class=\"wp-block-image size-large\"><img loading=\"lazy\" decoding=\"async\" width=\"810\" height=\"573\" src=\"https:\/\/www.enzo-und-ferdinand.de\/wp-content\/uploads\/2021\/07\/Audi-R8-LMS-37-810x573.jpg\" alt=\"\" class=\"wp-image-7041\" srcset=\"https:\/\/www.enzo-und-ferdinand.de\/wp-content\/uploads\/2021\/07\/Audi-R8-LMS-37-810x573.jpg 810w, https:\/\/www.enzo-und-ferdinand.de\/wp-content\/uploads\/2021\/07\/Audi-R8-LMS-37-300x212.jpg 300w, https:\/\/www.enzo-und-ferdinand.de\/wp-content\/uploads\/2021\/07\/Audi-R8-LMS-37-768x544.jpg 768w, https:\/\/www.enzo-und-ferdinand.de\/wp-content\/uploads\/2021\/07\/Audi-R8-LMS-37.jpg 1024w\" sizes=\"auto, (max-width: 810px) 100vw, 810px\" \/><figcaption class=\"wp-element-caption\">Audi R8 LMS #37 (Audi Sport Team WRT), Robin Frijns\/Dennis Lind\/Nico M\u00b8ller<\/figcaption><\/figure>\n\n\n\n<p class=\"wp-block-paragraph\">Das Schwesterfahrzeug von Robin Frijns, Dennis Lind und Nico M\u00fcller repr\u00e4sentiert ein Thema, das viele Menschen von Kindesbeinen an begeistert: Die rot-gelben Muster der Nummer 37 spiegeln den Stil von Comics wider. Gro\u00dfe Figuren wie Tintin (in Deutschland bekannt als \u201eTim und Struppi\u201c), Gaston oder der unsterbliche Rennfahrer Michel Vaillant stehen f\u00fcr diverse Comic-Stilrichtungen aus Belgien, die rund um den Globus Ber\u00fchmtheit erlangten.<\/p>\n\n\n\n<p class=\"has-text-align-right wp-block-paragraph\">Fotos: Audi\/Text Audi\/rr<\/p>\n","protected":false},"excerpt":{"rendered":"<p>Zum 100. Geburtstag der Rennstrecke von Spa-Francorchamps und f\u00fcr das traditionelle 24-Stunden-Rennen startet Audi Sport customer racing mit vier design-Unikaten. Allen vier Autos gemein ist die stilisierte Zahl 100 f\u00fcr das Rennsport-Jahrhundert von Spa.<\/p>\n","protected":false},"author":1,"featured_media":7044,"comment_status":"closed","ping_status":"closed","sticky":false,"template":"","format":"standard","meta":{"_crdt_document":"","ngg_post_thumbnail":0,"footnotes":""},"categories":[23,5,24],"tags":[255,656],"class_list":["post-7036","post","type-post","status-publish","format-standard","has-post-thumbnail","hentry","category-performance","category-rennsport","category-unikate","tag-audi","tag-audi-r8-lms-design-unikate"],"yoast_head":"<!-- This site is optimized with the Yoast SEO plugin v27.5 - https:\/\/yoast.com\/product\/yoast-seo-wordpress\/ -->\n<title>Audi R8 LMS Design-Unikate<\/title>\n<meta name=\"description\" content=\"Audi Sport customer racing Audi R8 LMS Spa-Francorchamps Ardenne 24-Stunden-Rennen Mattia Drudi Dennis Marschall Christopher Mies. Christopher Haase Patric Niederhauser Markus Winkelhock Victor Servranckx Kelvin van der Linde Dries Vanthoor Charles Weerts Art nouveau Robin Frijns Dennis Lind Nico M\u00fcller Comics Tintin Belgien\" \/>\n<meta name=\"robots\" content=\"index, follow, max-snippet:-1, max-image-preview:large, max-video-preview:-1\" \/>\n<link rel=\"canonical\" href=\"https:\/\/www.enzo-und-ferdinand.de\/index.php\/2021\/07\/27\/audi-r8-lms-design-unikate\/\" \/>\n<meta property=\"og:locale\" content=\"de_DE\" \/>\n<meta property=\"og:type\" content=\"article\" \/>\n<meta property=\"og:title\" content=\"Audi R8 LMS Design-Unikate\" \/>\n<meta property=\"og:description\" content=\"Audi Sport customer racing Audi R8 LMS Spa-Francorchamps Ardenne 24-Stunden-Rennen Mattia Drudi Dennis Marschall Christopher Mies. Christopher Haase Patric Niederhauser Markus Winkelhock Victor Servranckx Kelvin van der Linde Dries Vanthoor Charles Weerts Art nouveau Robin Frijns Dennis Lind Nico M\u00fcller Comics Tintin Belgien\" \/>\n<meta property=\"og:url\" content=\"https:\/\/www.enzo-und-ferdinand.de\/index.php\/2021\/07\/27\/audi-r8-lms-design-unikate\/\" \/>\n<meta property=\"og:site_name\" content=\"enzo &amp; Ferdinand\" \/>\n<meta property=\"article:published_time\" content=\"2021-07-27T10:55:04+00:00\" \/>\n<meta property=\"article:modified_time\" content=\"2026-03-27T17:02:02+00:00\" \/>\n<meta property=\"og:image\" content=\"https:\/\/www.enzo-und-ferdinand.de\/wp-content\/uploads\/2021\/07\/Audi-R8-LMS.jpg\" \/>\n\t<meta property=\"og:image:width\" content=\"1024\" \/>\n\t<meta property=\"og:image:height\" content=\"639\" \/>\n\t<meta property=\"og:image:type\" content=\"image\/jpeg\" \/>\n<meta name=\"author\" content=\"Rainer Ro\u00dfbach\" \/>\n<meta name=\"twitter:card\" content=\"summary_large_image\" \/>\n<meta name=\"twitter:label1\" content=\"Verfasst von\" \/>\n\t<meta name=\"twitter:data1\" content=\"Rainer Ro\u00dfbach\" \/>\n\t<meta name=\"twitter:label2\" content=\"Gesch\u00e4tzte Lesezeit\" \/>\n\t<meta name=\"twitter:data2\" content=\"4\u00a0Minuten\" \/>\n<script type=\"application\/ld+json\" class=\"yoast-schema-graph\">{\"@context\":\"https:\\\/\\\/schema.org\",\"@graph\":[{\"@type\":\"Article\",\"@id\":\"https:\\\/\\\/www.enzo-und-ferdinand.de\\\/index.php\\\/2021\\\/07\\\/27\\\/audi-r8-lms-design-unikate\\\/#article\",\"isPartOf\":{\"@id\":\"https:\\\/\\\/www.enzo-und-ferdinand.de\\\/index.php\\\/2021\\\/07\\\/27\\\/audi-r8-lms-design-unikate\\\/\"},\"author\":{\"name\":\"Rainer Ro\u00dfbach\",\"@id\":\"https:\\\/\\\/www.enzo-und-ferdinand.de\\\/#\\\/schema\\\/person\\\/aff2eb9ff87705987c1b9d21fe10b095\"},\"headline\":\"Audi R8 LMS Design-Unikate\",\"datePublished\":\"2021-07-27T10:55:04+00:00\",\"dateModified\":\"2026-03-27T17:02:02+00:00\",\"mainEntityOfPage\":{\"@id\":\"https:\\\/\\\/www.enzo-und-ferdinand.de\\\/index.php\\\/2021\\\/07\\\/27\\\/audi-r8-lms-design-unikate\\\/\"},\"wordCount\":428,\"publisher\":{\"@id\":\"https:\\\/\\\/www.enzo-und-ferdinand.de\\\/#organization\"},\"image\":{\"@id\":\"https:\\\/\\\/www.enzo-und-ferdinand.de\\\/index.php\\\/2021\\\/07\\\/27\\\/audi-r8-lms-design-unikate\\\/#primaryimage\"},\"thumbnailUrl\":\"https:\\\/\\\/www.enzo-und-ferdinand.de\\\/wp-content\\\/uploads\\\/2021\\\/07\\\/Audi-R8-LMS.jpg\",\"keywords\":[\"Audi\",\"Audi R8 LMS Design-Unikate\"],\"articleSection\":[\"Performance\",\"Rennsport\",\"Unikate\"],\"inLanguage\":\"de\"},{\"@type\":\"WebPage\",\"@id\":\"https:\\\/\\\/www.enzo-und-ferdinand.de\\\/index.php\\\/2021\\\/07\\\/27\\\/audi-r8-lms-design-unikate\\\/\",\"url\":\"https:\\\/\\\/www.enzo-und-ferdinand.de\\\/index.php\\\/2021\\\/07\\\/27\\\/audi-r8-lms-design-unikate\\\/\",\"name\":\"Audi R8 LMS Design-Unikate\",\"isPartOf\":{\"@id\":\"https:\\\/\\\/www.enzo-und-ferdinand.de\\\/#website\"},\"primaryImageOfPage\":{\"@id\":\"https:\\\/\\\/www.enzo-und-ferdinand.de\\\/index.php\\\/2021\\\/07\\\/27\\\/audi-r8-lms-design-unikate\\\/#primaryimage\"},\"image\":{\"@id\":\"https:\\\/\\\/www.enzo-und-ferdinand.de\\\/index.php\\\/2021\\\/07\\\/27\\\/audi-r8-lms-design-unikate\\\/#primaryimage\"},\"thumbnailUrl\":\"https:\\\/\\\/www.enzo-und-ferdinand.de\\\/wp-content\\\/uploads\\\/2021\\\/07\\\/Audi-R8-LMS.jpg\",\"datePublished\":\"2021-07-27T10:55:04+00:00\",\"dateModified\":\"2026-03-27T17:02:02+00:00\",\"description\":\"Audi Sport customer racing Audi R8 LMS Spa-Francorchamps Ardenne 24-Stunden-Rennen Mattia Drudi Dennis Marschall Christopher Mies. Christopher Haase Patric Niederhauser Markus Winkelhock Victor Servranckx Kelvin van der Linde Dries Vanthoor Charles Weerts Art nouveau Robin Frijns Dennis Lind Nico M\u00fcller Comics Tintin Belgien\",\"breadcrumb\":{\"@id\":\"https:\\\/\\\/www.enzo-und-ferdinand.de\\\/index.php\\\/2021\\\/07\\\/27\\\/audi-r8-lms-design-unikate\\\/#breadcrumb\"},\"inLanguage\":\"de\",\"potentialAction\":[{\"@type\":\"ReadAction\",\"target\":[\"https:\\\/\\\/www.enzo-und-ferdinand.de\\\/index.php\\\/2021\\\/07\\\/27\\\/audi-r8-lms-design-unikate\\\/\"]}]},{\"@type\":\"ImageObject\",\"inLanguage\":\"de\",\"@id\":\"https:\\\/\\\/www.enzo-und-ferdinand.de\\\/index.php\\\/2021\\\/07\\\/27\\\/audi-r8-lms-design-unikate\\\/#primaryimage\",\"url\":\"https:\\\/\\\/www.enzo-und-ferdinand.de\\\/wp-content\\\/uploads\\\/2021\\\/07\\\/Audi-R8-LMS.jpg\",\"contentUrl\":\"https:\\\/\\\/www.enzo-und-ferdinand.de\\\/wp-content\\\/uploads\\\/2021\\\/07\\\/Audi-R8-LMS.jpg\",\"width\":1024,\"height\":639,\"caption\":\"Audi Sport customer racing 24h Spa 2021\"},{\"@type\":\"BreadcrumbList\",\"@id\":\"https:\\\/\\\/www.enzo-und-ferdinand.de\\\/index.php\\\/2021\\\/07\\\/27\\\/audi-r8-lms-design-unikate\\\/#breadcrumb\",\"itemListElement\":[{\"@type\":\"ListItem\",\"position\":1,\"name\":\"Startseite\",\"item\":\"https:\\\/\\\/www.enzo-und-ferdinand.de\\\/\"},{\"@type\":\"ListItem\",\"position\":2,\"name\":\"Audi R8 LMS Design-Unikate\"}]},{\"@type\":\"WebSite\",\"@id\":\"https:\\\/\\\/www.enzo-und-ferdinand.de\\\/#website\",\"url\":\"https:\\\/\\\/www.enzo-und-ferdinand.de\\\/\",\"name\":\"enzo & Ferdinand\",\"description\":\"\",\"publisher\":{\"@id\":\"https:\\\/\\\/www.enzo-und-ferdinand.de\\\/#organization\"},\"potentialAction\":[{\"@type\":\"SearchAction\",\"target\":{\"@type\":\"EntryPoint\",\"urlTemplate\":\"https:\\\/\\\/www.enzo-und-ferdinand.de\\\/?s={search_term_string}\"},\"query-input\":{\"@type\":\"PropertyValueSpecification\",\"valueRequired\":true,\"valueName\":\"search_term_string\"}}],\"inLanguage\":\"de\"},{\"@type\":\"Organization\",\"@id\":\"https:\\\/\\\/www.enzo-und-ferdinand.de\\\/#organization\",\"name\":\"enzo & Ferdinand\",\"url\":\"https:\\\/\\\/www.enzo-und-ferdinand.de\\\/\",\"logo\":{\"@type\":\"ImageObject\",\"inLanguage\":\"de\",\"@id\":\"https:\\\/\\\/www.enzo-und-ferdinand.de\\\/#\\\/schema\\\/logo\\\/image\\\/\",\"url\":\"https:\\\/\\\/www.enzo-und-ferdinand.de\\\/wp-content\\\/uploads\\\/2018\\\/12\\\/revvvs-icon.png\",\"contentUrl\":\"https:\\\/\\\/www.enzo-und-ferdinand.de\\\/wp-content\\\/uploads\\\/2018\\\/12\\\/revvvs-icon.png\",\"width\":512,\"height\":512,\"caption\":\"enzo & Ferdinand\"},\"image\":{\"@id\":\"https:\\\/\\\/www.enzo-und-ferdinand.de\\\/#\\\/schema\\\/logo\\\/image\\\/\"}},{\"@type\":\"Person\",\"@id\":\"https:\\\/\\\/www.enzo-und-ferdinand.de\\\/#\\\/schema\\\/person\\\/aff2eb9ff87705987c1b9d21fe10b095\",\"name\":\"Rainer Ro\u00dfbach\",\"image\":{\"@type\":\"ImageObject\",\"inLanguage\":\"de\",\"@id\":\"https:\\\/\\\/www.enzo-und-ferdinand.de\\\/wp-content\\\/uploads\\\/2026\\\/01\\\/Rainer-Rossbach-150x150.jpg\",\"url\":\"https:\\\/\\\/www.enzo-und-ferdinand.de\\\/wp-content\\\/uploads\\\/2026\\\/01\\\/Rainer-Rossbach-150x150.jpg\",\"contentUrl\":\"https:\\\/\\\/www.enzo-und-ferdinand.de\\\/wp-content\\\/uploads\\\/2026\\\/01\\\/Rainer-Rossbach-150x150.jpg\",\"caption\":\"Rainer Ro\u00dfbach\"},\"url\":\"https:\\\/\\\/www.enzo-und-ferdinand.de\\\/index.php\\\/author\\\/redaktion\\\/\"}]}<\/script>\n<!-- \/ Yoast SEO plugin. -->","yoast_head_json":{"title":"Audi R8 LMS Design-Unikate","description":"Audi Sport customer racing Audi R8 LMS Spa-Francorchamps Ardenne 24-Stunden-Rennen Mattia Drudi Dennis Marschall Christopher Mies. Christopher Haase Patric Niederhauser Markus Winkelhock Victor Servranckx Kelvin van der Linde Dries Vanthoor Charles Weerts Art nouveau Robin Frijns Dennis Lind Nico M\u00fcller Comics Tintin Belgien","robots":{"index":"index","follow":"follow","max-snippet":"max-snippet:-1","max-image-preview":"max-image-preview:large","max-video-preview":"max-video-preview:-1"},"canonical":"https:\/\/www.enzo-und-ferdinand.de\/index.php\/2021\/07\/27\/audi-r8-lms-design-unikate\/","og_locale":"de_DE","og_type":"article","og_title":"Audi R8 LMS Design-Unikate","og_description":"Audi Sport customer racing Audi R8 LMS Spa-Francorchamps Ardenne 24-Stunden-Rennen Mattia Drudi Dennis Marschall Christopher Mies. Christopher Haase Patric Niederhauser Markus Winkelhock Victor Servranckx Kelvin van der Linde Dries Vanthoor Charles Weerts Art nouveau Robin Frijns Dennis Lind Nico M\u00fcller Comics Tintin Belgien","og_url":"https:\/\/www.enzo-und-ferdinand.de\/index.php\/2021\/07\/27\/audi-r8-lms-design-unikate\/","og_site_name":"enzo &amp; Ferdinand","article_published_time":"2021-07-27T10:55:04+00:00","article_modified_time":"2026-03-27T17:02:02+00:00","og_image":[{"width":1024,"height":639,"url":"https:\/\/www.enzo-und-ferdinand.de\/wp-content\/uploads\/2021\/07\/Audi-R8-LMS.jpg","type":"image\/jpeg"}],"author":"Rainer Ro\u00dfbach","twitter_card":"summary_large_image","twitter_misc":{"Verfasst von":"Rainer Ro\u00dfbach","Gesch\u00e4tzte Lesezeit":"4\u00a0Minuten"},"schema":{"@context":"https:\/\/schema.org","@graph":[{"@type":"Article","@id":"https:\/\/www.enzo-und-ferdinand.de\/index.php\/2021\/07\/27\/audi-r8-lms-design-unikate\/#article","isPartOf":{"@id":"https:\/\/www.enzo-und-ferdinand.de\/index.php\/2021\/07\/27\/audi-r8-lms-design-unikate\/"},"author":{"name":"Rainer Ro\u00dfbach","@id":"https:\/\/www.enzo-und-ferdinand.de\/#\/schema\/person\/aff2eb9ff87705987c1b9d21fe10b095"},"headline":"Audi R8 LMS Design-Unikate","datePublished":"2021-07-27T10:55:04+00:00","dateModified":"2026-03-27T17:02:02+00:00","mainEntityOfPage":{"@id":"https:\/\/www.enzo-und-ferdinand.de\/index.php\/2021\/07\/27\/audi-r8-lms-design-unikate\/"},"wordCount":428,"publisher":{"@id":"https:\/\/www.enzo-und-ferdinand.de\/#organization"},"image":{"@id":"https:\/\/www.enzo-und-ferdinand.de\/index.php\/2021\/07\/27\/audi-r8-lms-design-unikate\/#primaryimage"},"thumbnailUrl":"https:\/\/www.enzo-und-ferdinand.de\/wp-content\/uploads\/2021\/07\/Audi-R8-LMS.jpg","keywords":["Audi","Audi R8 LMS Design-Unikate"],"articleSection":["Performance","Rennsport","Unikate"],"inLanguage":"de"},{"@type":"WebPage","@id":"https:\/\/www.enzo-und-ferdinand.de\/index.php\/2021\/07\/27\/audi-r8-lms-design-unikate\/","url":"https:\/\/www.enzo-und-ferdinand.de\/index.php\/2021\/07\/27\/audi-r8-lms-design-unikate\/","name":"Audi R8 LMS Design-Unikate","isPartOf":{"@id":"https:\/\/www.enzo-und-ferdinand.de\/#website"},"primaryImageOfPage":{"@id":"https:\/\/www.enzo-und-ferdinand.de\/index.php\/2021\/07\/27\/audi-r8-lms-design-unikate\/#primaryimage"},"image":{"@id":"https:\/\/www.enzo-und-ferdinand.de\/index.php\/2021\/07\/27\/audi-r8-lms-design-unikate\/#primaryimage"},"thumbnailUrl":"https:\/\/www.enzo-und-ferdinand.de\/wp-content\/uploads\/2021\/07\/Audi-R8-LMS.jpg","datePublished":"2021-07-27T10:55:04+00:00","dateModified":"2026-03-27T17:02:02+00:00","description":"Audi Sport customer racing Audi R8 LMS Spa-Francorchamps Ardenne 24-Stunden-Rennen Mattia Drudi Dennis Marschall Christopher Mies. Christopher Haase Patric Niederhauser Markus Winkelhock Victor Servranckx Kelvin van der Linde Dries Vanthoor Charles Weerts Art nouveau Robin Frijns Dennis Lind Nico M\u00fcller Comics Tintin Belgien","breadcrumb":{"@id":"https:\/\/www.enzo-und-ferdinand.de\/index.php\/2021\/07\/27\/audi-r8-lms-design-unikate\/#breadcrumb"},"inLanguage":"de","potentialAction":[{"@type":"ReadAction","target":["https:\/\/www.enzo-und-ferdinand.de\/index.php\/2021\/07\/27\/audi-r8-lms-design-unikate\/"]}]},{"@type":"ImageObject","inLanguage":"de","@id":"https:\/\/www.enzo-und-ferdinand.de\/index.php\/2021\/07\/27\/audi-r8-lms-design-unikate\/#primaryimage","url":"https:\/\/www.enzo-und-ferdinand.de\/wp-content\/uploads\/2021\/07\/Audi-R8-LMS.jpg","contentUrl":"https:\/\/www.enzo-und-ferdinand.de\/wp-content\/uploads\/2021\/07\/Audi-R8-LMS.jpg","width":1024,"height":639,"caption":"Audi Sport customer racing 24h Spa 2021"},{"@type":"BreadcrumbList","@id":"https:\/\/www.enzo-und-ferdinand.de\/index.php\/2021\/07\/27\/audi-r8-lms-design-unikate\/#breadcrumb","itemListElement":[{"@type":"ListItem","position":1,"name":"Startseite","item":"https:\/\/www.enzo-und-ferdinand.de\/"},{"@type":"ListItem","position":2,"name":"Audi R8 LMS Design-Unikate"}]},{"@type":"WebSite","@id":"https:\/\/www.enzo-und-ferdinand.de\/#website","url":"https:\/\/www.enzo-und-ferdinand.de\/","name":"enzo & Ferdinand","description":"","publisher":{"@id":"https:\/\/www.enzo-und-ferdinand.de\/#organization"},"potentialAction":[{"@type":"SearchAction","target":{"@type":"EntryPoint","urlTemplate":"https:\/\/www.enzo-und-ferdinand.de\/?s={search_term_string}"},"query-input":{"@type":"PropertyValueSpecification","valueRequired":true,"valueName":"search_term_string"}}],"inLanguage":"de"},{"@type":"Organization","@id":"https:\/\/www.enzo-und-ferdinand.de\/#organization","name":"enzo & Ferdinand","url":"https:\/\/www.enzo-und-ferdinand.de\/","logo":{"@type":"ImageObject","inLanguage":"de","@id":"https:\/\/www.enzo-und-ferdinand.de\/#\/schema\/logo\/image\/","url":"https:\/\/www.enzo-und-ferdinand.de\/wp-content\/uploads\/2018\/12\/revvvs-icon.png","contentUrl":"https:\/\/www.enzo-und-ferdinand.de\/wp-content\/uploads\/2018\/12\/revvvs-icon.png","width":512,"height":512,"caption":"enzo & Ferdinand"},"image":{"@id":"https:\/\/www.enzo-und-ferdinand.de\/#\/schema\/logo\/image\/"}},{"@type":"Person","@id":"https:\/\/www.enzo-und-ferdinand.de\/#\/schema\/person\/aff2eb9ff87705987c1b9d21fe10b095","name":"Rainer Ro\u00dfbach","image":{"@type":"ImageObject","inLanguage":"de","@id":"https:\/\/www.enzo-und-ferdinand.de\/wp-content\/uploads\/2026\/01\/Rainer-Rossbach-150x150.jpg","url":"https:\/\/www.enzo-und-ferdinand.de\/wp-content\/uploads\/2026\/01\/Rainer-Rossbach-150x150.jpg","contentUrl":"https:\/\/www.enzo-und-ferdinand.de\/wp-content\/uploads\/2026\/01\/Rainer-Rossbach-150x150.jpg","caption":"Rainer Ro\u00dfbach"},"url":"https:\/\/www.enzo-und-ferdinand.de\/index.php\/author\/redaktion\/"}]}},"_links":{"self":[{"href":"https:\/\/www.enzo-und-ferdinand.de\/index.php\/wp-json\/wp\/v2\/posts\/7036","targetHints":{"allow":["GET"]}}],"collection":[{"href":"https:\/\/www.enzo-und-ferdinand.de\/index.php\/wp-json\/wp\/v2\/posts"}],"about":[{"href":"https:\/\/www.enzo-und-ferdinand.de\/index.php\/wp-json\/wp\/v2\/types\/post"}],"author":[{"embeddable":true,"href":"https:\/\/www.enzo-und-ferdinand.de\/index.php\/wp-json\/wp\/v2\/users\/1"}],"replies":[{"embeddable":true,"href":"https:\/\/www.enzo-und-ferdinand.de\/index.php\/wp-json\/wp\/v2\/comments?post=7036"}],"version-history":[{"count":5,"href":"https:\/\/www.enzo-und-ferdinand.de\/index.php\/wp-json\/wp\/v2\/posts\/7036\/revisions"}],"predecessor-version":[{"id":12395,"href":"https:\/\/www.enzo-und-ferdinand.de\/index.php\/wp-json\/wp\/v2\/posts\/7036\/revisions\/12395"}],"wp:featuredmedia":[{"embeddable":true,"href":"https:\/\/www.enzo-und-ferdinand.de\/index.php\/wp-json\/wp\/v2\/media\/7044"}],"wp:attachment":[{"href":"https:\/\/www.enzo-und-ferdinand.de\/index.php\/wp-json\/wp\/v2\/media?parent=7036"}],"wp:term":[{"taxonomy":"category","embeddable":true,"href":"https:\/\/www.enzo-und-ferdinand.de\/index.php\/wp-json\/wp\/v2\/categories?post=7036"},{"taxonomy":"post_tag","embeddable":true,"href":"https:\/\/www.enzo-und-ferdinand.de\/index.php\/wp-json\/wp\/v2\/tags?post=7036"}],"curies":[{"name":"wp","href":"https:\/\/api.w.org\/{rel}","templated":true}]}}