{"id":7272,"date":"2022-01-18T10:38:42","date_gmt":"2022-01-18T09:38:42","guid":{"rendered":"https:\/\/www.enzo-und-ferdinand.de\/?p=7272"},"modified":"2026-03-27T18:20:50","modified_gmt":"2026-03-27T17:20:50","slug":"toyota-gr-yaris-rally1","status":"publish","type":"post","link":"https:\/\/www.enzo-und-ferdinand.de\/index.php\/2022\/01\/18\/toyota-gr-yaris-rally1\/","title":{"rendered":"Toyota GR Yaris Rally1"},"content":{"rendered":"\n<figure class=\"wp-block-image size-large\"><img loading=\"lazy\" decoding=\"async\" width=\"810\" height=\"540\" src=\"https:\/\/www.enzo-und-ferdinand.de\/wp-content\/uploads\/2022\/01\/75369-wrc2022media022-810x540.jpg\" alt=\"\" class=\"wp-image-7276\" srcset=\"https:\/\/www.enzo-und-ferdinand.de\/wp-content\/uploads\/2022\/01\/75369-wrc2022media022-810x540.jpg 810w, https:\/\/www.enzo-und-ferdinand.de\/wp-content\/uploads\/2022\/01\/75369-wrc2022media022-300x200.jpg 300w, https:\/\/www.enzo-und-ferdinand.de\/wp-content\/uploads\/2022\/01\/75369-wrc2022media022-768x512.jpg 768w, https:\/\/www.enzo-und-ferdinand.de\/wp-content\/uploads\/2022\/01\/75369-wrc2022media022-120x80.jpg 120w, https:\/\/www.enzo-und-ferdinand.de\/wp-content\/uploads\/2022\/01\/75369-wrc2022media022.jpg 1200w\" sizes=\"auto, (max-width: 810px) 100vw, 810px\" \/><\/figure>\n\n\n\n<p class=\"wp-block-paragraph\">Nach einem Vierteljahrhundert in der K\u00f6nigsklasse des Rallyesports ist das Zeitalter der World Rally Cars (WRC) zu Ende gegangen. Die Nachfolger fahren mit einem neuen Antrieb vor: Erstmals kommt ein Hybridsystem zum Einsatz. Die Kombination aus einer 3,9-kWh-Batterie und einer Motor-Generator-Einheit (MGU) liefert beim Beschleunigen zus\u00e4tzliche 100 kW\/134 PS.<\/p>\n\n\n\n<p class=\"wp-block-paragraph\">Im neuen Toyota GR Yaris Rally1 treffen diese Komponenten auf den bew\u00e4hrten 1,6-Liter-Turbomotor aus dem Yaris WRC, dem erfolgreichen Vorg\u00e4nger und Seriensieger der neuen Rallyewagen-Generation. Dadurch stehen dem Fahrer mehr als 500 PS Systemleistung zur Verf\u00fcgung. Die Energie f\u00fcr den Hybridantrieb liefert erstmals in einer offiziellen FIA-Weltmeisterschaftsserie ein zu 100 Prozent nachhaltiger Kraftstoff.<\/p>\n\n\n\n<p class=\"wp-block-paragraph\">Ein spezielles Spaceframe-Chassis erh\u00f6ht au\u00dferdem die Sicherheit f\u00fcr Fahrer und Beifahrer. Zu den weiteren Regel\u00e4nderungen der neuen Saison geh\u00f6ren eine weniger komplexe Aerodynamik, die R\u00fcckkehr zu einer mechanischen Schaltung und die Abschaffung des aktiven Mitteldifferenzials. Dadurch r\u00fccken K\u00f6nnen und Geschick der Piloten wieder st\u00e4rker in den Mittelpunkt: In Zusammenarbeit mit den Ingenieuren m\u00fcssen sie die maximale Leistung herausholen und dabei insbesondere auf die Regeneration und den Einsatz der Hybridenergie achten.<\/p>\n\n\n\n<figure class=\"wp-block-image size-large\"><img loading=\"lazy\" decoding=\"async\" width=\"810\" height=\"405\" src=\"https:\/\/www.enzo-und-ferdinand.de\/wp-content\/uploads\/2022\/01\/75343-2022-gr-yaris-rally-810x405.png\" alt=\"\" class=\"wp-image-7275\" srcset=\"https:\/\/www.enzo-und-ferdinand.de\/wp-content\/uploads\/2022\/01\/75343-2022-gr-yaris-rally-810x405.png 810w, https:\/\/www.enzo-und-ferdinand.de\/wp-content\/uploads\/2022\/01\/75343-2022-gr-yaris-rally-300x150.png 300w, https:\/\/www.enzo-und-ferdinand.de\/wp-content\/uploads\/2022\/01\/75343-2022-gr-yaris-rally-768x384.png 768w, https:\/\/www.enzo-und-ferdinand.de\/wp-content\/uploads\/2022\/01\/75343-2022-gr-yaris-rally.png 1200w\" sizes=\"auto, (max-width: 810px) 100vw, 810px\" \/><\/figure>\n\n\n\n<p class=\"has-text-align-right has-small-font-size wp-block-paragraph\">Fotos: Toyota\/Text: Toyota<\/p>\n","protected":false},"excerpt":{"rendered":"<p>Nach einem Vierteljahrhundert in der K\u00f6nigsklasse des Rallyesports ist das Zeitalter der World Rally Cars (WRC) zu Ende gegangen. Die Nachfolger fahren mit einem neuen Antrieb vor: Erstmals kommt ein Hybridsystem zum Einsatz. Die Kombination aus einer 3,9-kWh-Batterie und einer Motor-Generator-Einheit (MGU) liefert beim Beschleunigen zus\u00e4tzliche 100 kW\/134 PS.<\/p>\n","protected":false},"author":1,"featured_media":7277,"comment_status":"closed","ping_status":"closed","sticky":false,"template":"","format":"standard","meta":{"_crdt_document":"","ngg_post_thumbnail":0,"footnotes":""},"categories":[23,5],"tags":[248],"class_list":["post-7272","post","type-post","status-publish","format-standard","has-post-thumbnail","hentry","category-performance","category-rennsport","tag-toyota"],"yoast_head":"<!-- This site is optimized with the Yoast SEO plugin v27.5 - https:\/\/yoast.com\/product\/yoast-seo-wordpress\/ -->\n<title>Toyota GR Yaris Rally1<\/title>\n<meta name=\"description\" content=\"Toyota GR Yaris Rally1 Rallyesport World Rally Car Hybridsystem Spaceframe\" \/>\n<meta name=\"robots\" content=\"index, follow, max-snippet:-1, max-image-preview:large, max-video-preview:-1\" \/>\n<link rel=\"canonical\" href=\"https:\/\/www.enzo-und-ferdinand.de\/index.php\/2022\/01\/18\/toyota-gr-yaris-rally1\/\" \/>\n<meta property=\"og:locale\" content=\"de_DE\" \/>\n<meta property=\"og:type\" content=\"article\" \/>\n<meta property=\"og:title\" content=\"Toyota GR Yaris Rally1\" \/>\n<meta property=\"og:description\" content=\"Toyota GR Yaris Rally1 Rallyesport World Rally Car Hybridsystem Spaceframe\" \/>\n<meta property=\"og:url\" content=\"https:\/\/www.enzo-und-ferdinand.de\/index.php\/2022\/01\/18\/toyota-gr-yaris-rally1\/\" \/>\n<meta property=\"og:site_name\" content=\"enzo &amp; Ferdinand\" \/>\n<meta property=\"article:published_time\" content=\"2022-01-18T09:38:42+00:00\" \/>\n<meta property=\"article:modified_time\" content=\"2026-03-27T17:20:50+00:00\" \/>\n<meta property=\"og:image\" content=\"https:\/\/www.enzo-und-ferdinand.de\/wp-content\/uploads\/2022\/01\/75371-wrc2022media024.jpg\" \/>\n\t<meta property=\"og:image:width\" content=\"1200\" \/>\n\t<meta property=\"og:image:height\" content=\"800\" \/>\n\t<meta property=\"og:image:type\" content=\"image\/jpeg\" \/>\n<meta name=\"author\" content=\"Rainer Ro\u00dfbach\" \/>\n<meta name=\"twitter:card\" content=\"summary_large_image\" \/>\n<meta name=\"twitter:label1\" content=\"Verfasst von\" \/>\n\t<meta name=\"twitter:data1\" content=\"Rainer Ro\u00dfbach\" \/>\n\t<meta name=\"twitter:label2\" content=\"Gesch\u00e4tzte Lesezeit\" \/>\n\t<meta name=\"twitter:data2\" content=\"2\u00a0Minuten\" \/>\n<script type=\"application\/ld+json\" class=\"yoast-schema-graph\">{\"@context\":\"https:\\\/\\\/schema.org\",\"@graph\":[{\"@type\":\"Article\",\"@id\":\"https:\\\/\\\/www.enzo-und-ferdinand.de\\\/index.php\\\/2022\\\/01\\\/18\\\/toyota-gr-yaris-rally1\\\/#article\",\"isPartOf\":{\"@id\":\"https:\\\/\\\/www.enzo-und-ferdinand.de\\\/index.php\\\/2022\\\/01\\\/18\\\/toyota-gr-yaris-rally1\\\/\"},\"author\":{\"name\":\"Rainer Ro\u00dfbach\",\"@id\":\"https:\\\/\\\/www.enzo-und-ferdinand.de\\\/#\\\/schema\\\/person\\\/aff2eb9ff87705987c1b9d21fe10b095\"},\"headline\":\"Toyota GR Yaris Rally1\",\"datePublished\":\"2022-01-18T09:38:42+00:00\",\"dateModified\":\"2026-03-27T17:20:50+00:00\",\"mainEntityOfPage\":{\"@id\":\"https:\\\/\\\/www.enzo-und-ferdinand.de\\\/index.php\\\/2022\\\/01\\\/18\\\/toyota-gr-yaris-rally1\\\/\"},\"wordCount\":193,\"publisher\":{\"@id\":\"https:\\\/\\\/www.enzo-und-ferdinand.de\\\/#organization\"},\"image\":{\"@id\":\"https:\\\/\\\/www.enzo-und-ferdinand.de\\\/index.php\\\/2022\\\/01\\\/18\\\/toyota-gr-yaris-rally1\\\/#primaryimage\"},\"thumbnailUrl\":\"https:\\\/\\\/www.enzo-und-ferdinand.de\\\/wp-content\\\/uploads\\\/2022\\\/01\\\/75371-wrc2022media024.jpg\",\"keywords\":[\"Toyota\"],\"articleSection\":[\"Performance\",\"Rennsport\"],\"inLanguage\":\"de\"},{\"@type\":\"WebPage\",\"@id\":\"https:\\\/\\\/www.enzo-und-ferdinand.de\\\/index.php\\\/2022\\\/01\\\/18\\\/toyota-gr-yaris-rally1\\\/\",\"url\":\"https:\\\/\\\/www.enzo-und-ferdinand.de\\\/index.php\\\/2022\\\/01\\\/18\\\/toyota-gr-yaris-rally1\\\/\",\"name\":\"Toyota GR Yaris Rally1\",\"isPartOf\":{\"@id\":\"https:\\\/\\\/www.enzo-und-ferdinand.de\\\/#website\"},\"primaryImageOfPage\":{\"@id\":\"https:\\\/\\\/www.enzo-und-ferdinand.de\\\/index.php\\\/2022\\\/01\\\/18\\\/toyota-gr-yaris-rally1\\\/#primaryimage\"},\"image\":{\"@id\":\"https:\\\/\\\/www.enzo-und-ferdinand.de\\\/index.php\\\/2022\\\/01\\\/18\\\/toyota-gr-yaris-rally1\\\/#primaryimage\"},\"thumbnailUrl\":\"https:\\\/\\\/www.enzo-und-ferdinand.de\\\/wp-content\\\/uploads\\\/2022\\\/01\\\/75371-wrc2022media024.jpg\",\"datePublished\":\"2022-01-18T09:38:42+00:00\",\"dateModified\":\"2026-03-27T17:20:50+00:00\",\"description\":\"Toyota GR Yaris Rally1 Rallyesport World Rally Car Hybridsystem Spaceframe\",\"breadcrumb\":{\"@id\":\"https:\\\/\\\/www.enzo-und-ferdinand.de\\\/index.php\\\/2022\\\/01\\\/18\\\/toyota-gr-yaris-rally1\\\/#breadcrumb\"},\"inLanguage\":\"de\",\"potentialAction\":[{\"@type\":\"ReadAction\",\"target\":[\"https:\\\/\\\/www.enzo-und-ferdinand.de\\\/index.php\\\/2022\\\/01\\\/18\\\/toyota-gr-yaris-rally1\\\/\"]}]},{\"@type\":\"ImageObject\",\"inLanguage\":\"de\",\"@id\":\"https:\\\/\\\/www.enzo-und-ferdinand.de\\\/index.php\\\/2022\\\/01\\\/18\\\/toyota-gr-yaris-rally1\\\/#primaryimage\",\"url\":\"https:\\\/\\\/www.enzo-und-ferdinand.de\\\/wp-content\\\/uploads\\\/2022\\\/01\\\/75371-wrc2022media024.jpg\",\"contentUrl\":\"https:\\\/\\\/www.enzo-und-ferdinand.de\\\/wp-content\\\/uploads\\\/2022\\\/01\\\/75371-wrc2022media024.jpg\",\"width\":1200,\"height\":800},{\"@type\":\"BreadcrumbList\",\"@id\":\"https:\\\/\\\/www.enzo-und-ferdinand.de\\\/index.php\\\/2022\\\/01\\\/18\\\/toyota-gr-yaris-rally1\\\/#breadcrumb\",\"itemListElement\":[{\"@type\":\"ListItem\",\"position\":1,\"name\":\"Startseite\",\"item\":\"https:\\\/\\\/www.enzo-und-ferdinand.de\\\/\"},{\"@type\":\"ListItem\",\"position\":2,\"name\":\"Toyota GR Yaris Rally1\"}]},{\"@type\":\"WebSite\",\"@id\":\"https:\\\/\\\/www.enzo-und-ferdinand.de\\\/#website\",\"url\":\"https:\\\/\\\/www.enzo-und-ferdinand.de\\\/\",\"name\":\"enzo & Ferdinand\",\"description\":\"\",\"publisher\":{\"@id\":\"https:\\\/\\\/www.enzo-und-ferdinand.de\\\/#organization\"},\"potentialAction\":[{\"@type\":\"SearchAction\",\"target\":{\"@type\":\"EntryPoint\",\"urlTemplate\":\"https:\\\/\\\/www.enzo-und-ferdinand.de\\\/?s={search_term_string}\"},\"query-input\":{\"@type\":\"PropertyValueSpecification\",\"valueRequired\":true,\"valueName\":\"search_term_string\"}}],\"inLanguage\":\"de\"},{\"@type\":\"Organization\",\"@id\":\"https:\\\/\\\/www.enzo-und-ferdinand.de\\\/#organization\",\"name\":\"enzo & Ferdinand\",\"url\":\"https:\\\/\\\/www.enzo-und-ferdinand.de\\\/\",\"logo\":{\"@type\":\"ImageObject\",\"inLanguage\":\"de\",\"@id\":\"https:\\\/\\\/www.enzo-und-ferdinand.de\\\/#\\\/schema\\\/logo\\\/image\\\/\",\"url\":\"https:\\\/\\\/www.enzo-und-ferdinand.de\\\/wp-content\\\/uploads\\\/2018\\\/12\\\/revvvs-icon.png\",\"contentUrl\":\"https:\\\/\\\/www.enzo-und-ferdinand.de\\\/wp-content\\\/uploads\\\/2018\\\/12\\\/revvvs-icon.png\",\"width\":512,\"height\":512,\"caption\":\"enzo & Ferdinand\"},\"image\":{\"@id\":\"https:\\\/\\\/www.enzo-und-ferdinand.de\\\/#\\\/schema\\\/logo\\\/image\\\/\"}},{\"@type\":\"Person\",\"@id\":\"https:\\\/\\\/www.enzo-und-ferdinand.de\\\/#\\\/schema\\\/person\\\/aff2eb9ff87705987c1b9d21fe10b095\",\"name\":\"Rainer Ro\u00dfbach\",\"image\":{\"@type\":\"ImageObject\",\"inLanguage\":\"de\",\"@id\":\"https:\\\/\\\/www.enzo-und-ferdinand.de\\\/wp-content\\\/uploads\\\/2026\\\/01\\\/Rainer-Rossbach-150x150.jpg\",\"url\":\"https:\\\/\\\/www.enzo-und-ferdinand.de\\\/wp-content\\\/uploads\\\/2026\\\/01\\\/Rainer-Rossbach-150x150.jpg\",\"contentUrl\":\"https:\\\/\\\/www.enzo-und-ferdinand.de\\\/wp-content\\\/uploads\\\/2026\\\/01\\\/Rainer-Rossbach-150x150.jpg\",\"caption\":\"Rainer Ro\u00dfbach\"},\"url\":\"https:\\\/\\\/www.enzo-und-ferdinand.de\\\/index.php\\\/author\\\/redaktion\\\/\"}]}<\/script>\n<!-- \/ Yoast SEO plugin. -->","yoast_head_json":{"title":"Toyota GR Yaris Rally1","description":"Toyota GR Yaris Rally1 Rallyesport World Rally Car Hybridsystem Spaceframe","robots":{"index":"index","follow":"follow","max-snippet":"max-snippet:-1","max-image-preview":"max-image-preview:large","max-video-preview":"max-video-preview:-1"},"canonical":"https:\/\/www.enzo-und-ferdinand.de\/index.php\/2022\/01\/18\/toyota-gr-yaris-rally1\/","og_locale":"de_DE","og_type":"article","og_title":"Toyota GR Yaris Rally1","og_description":"Toyota GR Yaris Rally1 Rallyesport World Rally Car Hybridsystem Spaceframe","og_url":"https:\/\/www.enzo-und-ferdinand.de\/index.php\/2022\/01\/18\/toyota-gr-yaris-rally1\/","og_site_name":"enzo &amp; Ferdinand","article_published_time":"2022-01-18T09:38:42+00:00","article_modified_time":"2026-03-27T17:20:50+00:00","og_image":[{"width":1200,"height":800,"url":"https:\/\/www.enzo-und-ferdinand.de\/wp-content\/uploads\/2022\/01\/75371-wrc2022media024.jpg","type":"image\/jpeg"}],"author":"Rainer Ro\u00dfbach","twitter_card":"summary_large_image","twitter_misc":{"Verfasst von":"Rainer Ro\u00dfbach","Gesch\u00e4tzte Lesezeit":"2\u00a0Minuten"},"schema":{"@context":"https:\/\/schema.org","@graph":[{"@type":"Article","@id":"https:\/\/www.enzo-und-ferdinand.de\/index.php\/2022\/01\/18\/toyota-gr-yaris-rally1\/#article","isPartOf":{"@id":"https:\/\/www.enzo-und-ferdinand.de\/index.php\/2022\/01\/18\/toyota-gr-yaris-rally1\/"},"author":{"name":"Rainer Ro\u00dfbach","@id":"https:\/\/www.enzo-und-ferdinand.de\/#\/schema\/person\/aff2eb9ff87705987c1b9d21fe10b095"},"headline":"Toyota GR Yaris Rally1","datePublished":"2022-01-18T09:38:42+00:00","dateModified":"2026-03-27T17:20:50+00:00","mainEntityOfPage":{"@id":"https:\/\/www.enzo-und-ferdinand.de\/index.php\/2022\/01\/18\/toyota-gr-yaris-rally1\/"},"wordCount":193,"publisher":{"@id":"https:\/\/www.enzo-und-ferdinand.de\/#organization"},"image":{"@id":"https:\/\/www.enzo-und-ferdinand.de\/index.php\/2022\/01\/18\/toyota-gr-yaris-rally1\/#primaryimage"},"thumbnailUrl":"https:\/\/www.enzo-und-ferdinand.de\/wp-content\/uploads\/2022\/01\/75371-wrc2022media024.jpg","keywords":["Toyota"],"articleSection":["Performance","Rennsport"],"inLanguage":"de"},{"@type":"WebPage","@id":"https:\/\/www.enzo-und-ferdinand.de\/index.php\/2022\/01\/18\/toyota-gr-yaris-rally1\/","url":"https:\/\/www.enzo-und-ferdinand.de\/index.php\/2022\/01\/18\/toyota-gr-yaris-rally1\/","name":"Toyota GR Yaris Rally1","isPartOf":{"@id":"https:\/\/www.enzo-und-ferdinand.de\/#website"},"primaryImageOfPage":{"@id":"https:\/\/www.enzo-und-ferdinand.de\/index.php\/2022\/01\/18\/toyota-gr-yaris-rally1\/#primaryimage"},"image":{"@id":"https:\/\/www.enzo-und-ferdinand.de\/index.php\/2022\/01\/18\/toyota-gr-yaris-rally1\/#primaryimage"},"thumbnailUrl":"https:\/\/www.enzo-und-ferdinand.de\/wp-content\/uploads\/2022\/01\/75371-wrc2022media024.jpg","datePublished":"2022-01-18T09:38:42+00:00","dateModified":"2026-03-27T17:20:50+00:00","description":"Toyota GR Yaris Rally1 Rallyesport World Rally Car Hybridsystem Spaceframe","breadcrumb":{"@id":"https:\/\/www.enzo-und-ferdinand.de\/index.php\/2022\/01\/18\/toyota-gr-yaris-rally1\/#breadcrumb"},"inLanguage":"de","potentialAction":[{"@type":"ReadAction","target":["https:\/\/www.enzo-und-ferdinand.de\/index.php\/2022\/01\/18\/toyota-gr-yaris-rally1\/"]}]},{"@type":"ImageObject","inLanguage":"de","@id":"https:\/\/www.enzo-und-ferdinand.de\/index.php\/2022\/01\/18\/toyota-gr-yaris-rally1\/#primaryimage","url":"https:\/\/www.enzo-und-ferdinand.de\/wp-content\/uploads\/2022\/01\/75371-wrc2022media024.jpg","contentUrl":"https:\/\/www.enzo-und-ferdinand.de\/wp-content\/uploads\/2022\/01\/75371-wrc2022media024.jpg","width":1200,"height":800},{"@type":"BreadcrumbList","@id":"https:\/\/www.enzo-und-ferdinand.de\/index.php\/2022\/01\/18\/toyota-gr-yaris-rally1\/#breadcrumb","itemListElement":[{"@type":"ListItem","position":1,"name":"Startseite","item":"https:\/\/www.enzo-und-ferdinand.de\/"},{"@type":"ListItem","position":2,"name":"Toyota GR Yaris Rally1"}]},{"@type":"WebSite","@id":"https:\/\/www.enzo-und-ferdinand.de\/#website","url":"https:\/\/www.enzo-und-ferdinand.de\/","name":"enzo & Ferdinand","description":"","publisher":{"@id":"https:\/\/www.enzo-und-ferdinand.de\/#organization"},"potentialAction":[{"@type":"SearchAction","target":{"@type":"EntryPoint","urlTemplate":"https:\/\/www.enzo-und-ferdinand.de\/?s={search_term_string}"},"query-input":{"@type":"PropertyValueSpecification","valueRequired":true,"valueName":"search_term_string"}}],"inLanguage":"de"},{"@type":"Organization","@id":"https:\/\/www.enzo-und-ferdinand.de\/#organization","name":"enzo & Ferdinand","url":"https:\/\/www.enzo-und-ferdinand.de\/","logo":{"@type":"ImageObject","inLanguage":"de","@id":"https:\/\/www.enzo-und-ferdinand.de\/#\/schema\/logo\/image\/","url":"https:\/\/www.enzo-und-ferdinand.de\/wp-content\/uploads\/2018\/12\/revvvs-icon.png","contentUrl":"https:\/\/www.enzo-und-ferdinand.de\/wp-content\/uploads\/2018\/12\/revvvs-icon.png","width":512,"height":512,"caption":"enzo & Ferdinand"},"image":{"@id":"https:\/\/www.enzo-und-ferdinand.de\/#\/schema\/logo\/image\/"}},{"@type":"Person","@id":"https:\/\/www.enzo-und-ferdinand.de\/#\/schema\/person\/aff2eb9ff87705987c1b9d21fe10b095","name":"Rainer Ro\u00dfbach","image":{"@type":"ImageObject","inLanguage":"de","@id":"https:\/\/www.enzo-und-ferdinand.de\/wp-content\/uploads\/2026\/01\/Rainer-Rossbach-150x150.jpg","url":"https:\/\/www.enzo-und-ferdinand.de\/wp-content\/uploads\/2026\/01\/Rainer-Rossbach-150x150.jpg","contentUrl":"https:\/\/www.enzo-und-ferdinand.de\/wp-content\/uploads\/2026\/01\/Rainer-Rossbach-150x150.jpg","caption":"Rainer Ro\u00dfbach"},"url":"https:\/\/www.enzo-und-ferdinand.de\/index.php\/author\/redaktion\/"}]}},"_links":{"self":[{"href":"https:\/\/www.enzo-und-ferdinand.de\/index.php\/wp-json\/wp\/v2\/posts\/7272","targetHints":{"allow":["GET"]}}],"collection":[{"href":"https:\/\/www.enzo-und-ferdinand.de\/index.php\/wp-json\/wp\/v2\/posts"}],"about":[{"href":"https:\/\/www.enzo-und-ferdinand.de\/index.php\/wp-json\/wp\/v2\/types\/post"}],"author":[{"embeddable":true,"href":"https:\/\/www.enzo-und-ferdinand.de\/index.php\/wp-json\/wp\/v2\/users\/1"}],"replies":[{"embeddable":true,"href":"https:\/\/www.enzo-und-ferdinand.de\/index.php\/wp-json\/wp\/v2\/comments?post=7272"}],"version-history":[{"count":3,"href":"https:\/\/www.enzo-und-ferdinand.de\/index.php\/wp-json\/wp\/v2\/posts\/7272\/revisions"}],"predecessor-version":[{"id":7278,"href":"https:\/\/www.enzo-und-ferdinand.de\/index.php\/wp-json\/wp\/v2\/posts\/7272\/revisions\/7278"}],"wp:featuredmedia":[{"embeddable":true,"href":"https:\/\/www.enzo-und-ferdinand.de\/index.php\/wp-json\/wp\/v2\/media\/7277"}],"wp:attachment":[{"href":"https:\/\/www.enzo-und-ferdinand.de\/index.php\/wp-json\/wp\/v2\/media?parent=7272"}],"wp:term":[{"taxonomy":"category","embeddable":true,"href":"https:\/\/www.enzo-und-ferdinand.de\/index.php\/wp-json\/wp\/v2\/categories?post=7272"},{"taxonomy":"post_tag","embeddable":true,"href":"https:\/\/www.enzo-und-ferdinand.de\/index.php\/wp-json\/wp\/v2\/tags?post=7272"}],"curies":[{"name":"wp","href":"https:\/\/api.w.org\/{rel}","templated":true}]}}