{"id":7396,"date":"2022-02-17T09:54:19","date_gmt":"2022-02-17T08:54:19","guid":{"rendered":"https:\/\/www.enzo-und-ferdinand.de\/?p=7396"},"modified":"2026-04-03T21:11:34","modified_gmt":"2026-04-03T19:11:34","slug":"bmw-m850i-the-8-x-jeff-koons","status":"publish","type":"post","link":"https:\/\/www.enzo-und-ferdinand.de\/index.php\/2022\/02\/17\/bmw-m850i-the-8-x-jeff-koons\/","title":{"rendered":"BMW M850i \u201eTHE 8 X JEFF KOONS\u201c"},"content":{"rendered":"\n<figure class=\"wp-block-image size-large\"><img loading=\"lazy\" decoding=\"async\" width=\"810\" height=\"540\" src=\"https:\/\/www.enzo-und-ferdinand.de\/wp-content\/uploads\/2022\/02\/P90452204_highRes_assembly-of-the-the--810x540.jpg\" alt=\"\" class=\"wp-image-7403\" srcset=\"https:\/\/www.enzo-und-ferdinand.de\/wp-content\/uploads\/2022\/02\/P90452204_highRes_assembly-of-the-the--810x540.jpg 810w, https:\/\/www.enzo-und-ferdinand.de\/wp-content\/uploads\/2022\/02\/P90452204_highRes_assembly-of-the-the--300x200.jpg 300w, https:\/\/www.enzo-und-ferdinand.de\/wp-content\/uploads\/2022\/02\/P90452204_highRes_assembly-of-the-the--768x512.jpg 768w, https:\/\/www.enzo-und-ferdinand.de\/wp-content\/uploads\/2022\/02\/P90452204_highRes_assembly-of-the-the--120x80.jpg 120w, https:\/\/www.enzo-und-ferdinand.de\/wp-content\/uploads\/2022\/02\/P90452204_highRes_assembly-of-the-the-.jpg 1200w\" sizes=\"auto, (max-width: 810px) 100vw, 810px\" \/><\/figure>\n\n\n\n<p class=\"wp-block-paragraph\">Das limitierte Editionsmodell auf Basis des BMW M850i xDrive Gran Coup\u00e9 feiert seine Weltpremiere anl\u00e4sslich der Kunstmesse Frieze Los Angeles. Ab M\u00e4rz startet die dann die Produktion von 99 Exemplaren im BMW Group Werk Dingolfing.<\/p>\n\n\n\n<p class=\"wp-block-paragraph\">Es ist das am aufw\u00e4ndigsten gestaltete Fahrzeug in der BMW Firmengeschichte. \u00dcber viele Monate hat der US-amerikanische K\u00fcnstler Jeff Koons an seinen Skizzen gefeilt und dann deren Umsetzung ins Dreidimensionale eines Automobils begleitet.<\/p>\n\n\n\n<p class=\"wp-block-paragraph\">Hierf\u00fcr war er in den vergangenen Monaten mehrfach zu Workshops aus&nbsp;New York nach Dingolfing gereist, um sich intensiv \u00fcber Linien- und Fugenverl\u00e4ufe, Winkel und Perspektiven, Farbt\u00f6ne oder \u00fcber die Materialauswahl und dessen Arrangement auszutauschen.<\/p>\n\n\n\n<p class=\"wp-block-paragraph\">Das Exterieur vereint elf Farbt\u00f6ne von Blau \u00fcber Silber und Gelb bis hin zu Schwarz. Es beinhaltet Elemente aus der Pop-Art sowie geometrische Muster, die auf die Linien und Formen des BMW 8er Gran Coup\u00e9 abgestimmt sind. Die explodierenden Farblinien am Heck sind wiederum eine unmittelbare Hommage an das BMW Art Car von Jeff Koons aus dem Jahr 2010.&nbsp;<\/p>\n\n\n\n<figure class=\"wp-block-image size-large\"><img loading=\"lazy\" decoding=\"async\" width=\"810\" height=\"519\" src=\"https:\/\/www.enzo-und-ferdinand.de\/wp-content\/uploads\/2022\/02\/P90451244_highRes_the-8-x-jeff-koons-p-810x519.jpg\" alt=\"\" class=\"wp-image-7402\" srcset=\"https:\/\/www.enzo-und-ferdinand.de\/wp-content\/uploads\/2022\/02\/P90451244_highRes_the-8-x-jeff-koons-p-810x519.jpg 810w, https:\/\/www.enzo-und-ferdinand.de\/wp-content\/uploads\/2022\/02\/P90451244_highRes_the-8-x-jeff-koons-p-300x192.jpg 300w, https:\/\/www.enzo-und-ferdinand.de\/wp-content\/uploads\/2022\/02\/P90451244_highRes_the-8-x-jeff-koons-p-768x492.jpg 768w, https:\/\/www.enzo-und-ferdinand.de\/wp-content\/uploads\/2022\/02\/P90451244_highRes_the-8-x-jeff-koons-p-360x230.jpg 360w, https:\/\/www.enzo-und-ferdinand.de\/wp-content\/uploads\/2022\/02\/P90451244_highRes_the-8-x-jeff-koons-p.jpg 1200w\" sizes=\"auto, (max-width: 810px) 100vw, 810px\" \/><\/figure>\n\n\n\n<p class=\"wp-block-paragraph\">In der Produktion werden vom K\u00fcnstler ausgew\u00e4hlte Komponenten und Materialien verbaut und das Fahrzeug so individualisiert \u2013 von den Sitzen in Rot- und Blaut\u00f6nen, \u00fcber feines Leder bis hin zur Signatur des K\u00fcnstlers im Bayerisch Blau des BMW Logos auf der Cupholder-Blende.<\/p>\n\n\n\n<p class=\"wp-block-paragraph\">Besonders aufwendig ist der Lack, der auf ein glaciersilber grundlackiertes Fahrzeug Farbschicht f\u00fcr Farbschicht aufgetragen wird. Dies geschieht freilich nicht in den Decklackstra\u00dfen des Werks, sondern ein Team von insgesamt rund 20 Mitarbeiterinnen und Mitarbeitern tr\u00e4gt dort in Handarbeit die Schriftz\u00fcge, Grafik-Elemente und farbigen Linien und Fl\u00e4chen in mehreren Schichten Ebene f\u00fcr Ebene auf. Dazwischen werden die Fahrzeuge im normalen Produktionprozess mit Klarlack \u201eversiegelt\u201c. Regelm\u00e4\u00dfig werden die Fahrzeuge per Handfeingeschliffen, um flie\u00dfende, nicht ertastbare \u00dcberg\u00e4nge zwischen den einzelnen, lackierten Designelementen zu erhalten.&nbsp;<\/p>\n\n\n\n<p class=\"wp-block-paragraph\">Pro Woche k\u00f6nnen so vier Exemplare des Sondermodells lackiert werden. Bei jedem Fahrzeug fallen dabei weit mehr als 200 Stunden Handarbeit allein f\u00fcr die Au\u00dfenlackierung der Karosserie an.&nbsp;<\/p>\n\n\n\n<figure class=\"wp-block-gallery has-nested-images columns-2 is-cropped wp-block-gallery-1 is-layout-flex wp-block-gallery-is-layout-flex\">\n<figure class=\"wp-block-image size-large\"><img loading=\"lazy\" decoding=\"async\" width=\"810\" height=\"540\" data-id=\"7399\" src=\"https:\/\/www.enzo-und-ferdinand.de\/wp-content\/uploads\/2022\/02\/P90451240_highRes_the-8-x-jeff-koons-p-810x540.jpg\" alt=\"\" class=\"wp-image-7399\" srcset=\"https:\/\/www.enzo-und-ferdinand.de\/wp-content\/uploads\/2022\/02\/P90451240_highRes_the-8-x-jeff-koons-p-810x540.jpg 810w, https:\/\/www.enzo-und-ferdinand.de\/wp-content\/uploads\/2022\/02\/P90451240_highRes_the-8-x-jeff-koons-p-300x200.jpg 300w, https:\/\/www.enzo-und-ferdinand.de\/wp-content\/uploads\/2022\/02\/P90451240_highRes_the-8-x-jeff-koons-p-768x512.jpg 768w, https:\/\/www.enzo-und-ferdinand.de\/wp-content\/uploads\/2022\/02\/P90451240_highRes_the-8-x-jeff-koons-p-120x80.jpg 120w, https:\/\/www.enzo-und-ferdinand.de\/wp-content\/uploads\/2022\/02\/P90451240_highRes_the-8-x-jeff-koons-p.jpg 1200w\" sizes=\"auto, (max-width: 810px) 100vw, 810px\" \/><\/figure>\n\n\n\n<figure class=\"wp-block-image size-large\"><img loading=\"lazy\" decoding=\"async\" width=\"810\" height=\"540\" data-id=\"7404\" src=\"https:\/\/www.enzo-und-ferdinand.de\/wp-content\/uploads\/2022\/02\/P90452212_highRes_assembly-of-the-the--810x540.jpg\" alt=\"\" class=\"wp-image-7404\" srcset=\"https:\/\/www.enzo-und-ferdinand.de\/wp-content\/uploads\/2022\/02\/P90452212_highRes_assembly-of-the-the--810x540.jpg 810w, https:\/\/www.enzo-und-ferdinand.de\/wp-content\/uploads\/2022\/02\/P90452212_highRes_assembly-of-the-the--300x200.jpg 300w, https:\/\/www.enzo-und-ferdinand.de\/wp-content\/uploads\/2022\/02\/P90452212_highRes_assembly-of-the-the--768x512.jpg 768w, https:\/\/www.enzo-und-ferdinand.de\/wp-content\/uploads\/2022\/02\/P90452212_highRes_assembly-of-the-the--120x80.jpg 120w, https:\/\/www.enzo-und-ferdinand.de\/wp-content\/uploads\/2022\/02\/P90452212_highRes_assembly-of-the-the-.jpg 1200w\" sizes=\"auto, (max-width: 810px) 100vw, 810px\" \/><\/figure>\n\n\n\n<figure class=\"wp-block-image size-large\"><img loading=\"lazy\" decoding=\"async\" width=\"810\" height=\"540\" data-id=\"7401\" src=\"https:\/\/www.enzo-und-ferdinand.de\/wp-content\/uploads\/2022\/02\/P90451243_highRes_the-8-x-jeff-koons-p-810x540.jpg\" alt=\"\" class=\"wp-image-7401\" srcset=\"https:\/\/www.enzo-und-ferdinand.de\/wp-content\/uploads\/2022\/02\/P90451243_highRes_the-8-x-jeff-koons-p-810x540.jpg 810w, https:\/\/www.enzo-und-ferdinand.de\/wp-content\/uploads\/2022\/02\/P90451243_highRes_the-8-x-jeff-koons-p-300x200.jpg 300w, https:\/\/www.enzo-und-ferdinand.de\/wp-content\/uploads\/2022\/02\/P90451243_highRes_the-8-x-jeff-koons-p-768x512.jpg 768w, https:\/\/www.enzo-und-ferdinand.de\/wp-content\/uploads\/2022\/02\/P90451243_highRes_the-8-x-jeff-koons-p-120x80.jpg 120w, https:\/\/www.enzo-und-ferdinand.de\/wp-content\/uploads\/2022\/02\/P90451243_highRes_the-8-x-jeff-koons-p.jpg 1200w\" sizes=\"auto, (max-width: 810px) 100vw, 810px\" \/><\/figure>\n\n\n\n<figure class=\"wp-block-image size-large\"><img loading=\"lazy\" decoding=\"async\" width=\"810\" height=\"540\" data-id=\"7405\" src=\"https:\/\/www.enzo-und-ferdinand.de\/wp-content\/uploads\/2022\/02\/P90452214_highRes_assembly-of-the-the--810x540.jpg\" alt=\"\" class=\"wp-image-7405\" srcset=\"https:\/\/www.enzo-und-ferdinand.de\/wp-content\/uploads\/2022\/02\/P90452214_highRes_assembly-of-the-the--810x540.jpg 810w, https:\/\/www.enzo-und-ferdinand.de\/wp-content\/uploads\/2022\/02\/P90452214_highRes_assembly-of-the-the--300x200.jpg 300w, https:\/\/www.enzo-und-ferdinand.de\/wp-content\/uploads\/2022\/02\/P90452214_highRes_assembly-of-the-the--768x512.jpg 768w, https:\/\/www.enzo-und-ferdinand.de\/wp-content\/uploads\/2022\/02\/P90452214_highRes_assembly-of-the-the--120x80.jpg 120w, https:\/\/www.enzo-und-ferdinand.de\/wp-content\/uploads\/2022\/02\/P90452214_highRes_assembly-of-the-the-.jpg 1200w\" sizes=\"auto, (max-width: 810px) 100vw, 810px\" \/><\/figure>\n<\/figure>\n\n\n\n<p class=\"has-text-align-right has-small-font-size wp-block-paragraph\">Fotos: BMW\/Text: Rainer Ro\u00dfbach<\/p>\n","protected":false},"excerpt":{"rendered":"<p>Das limitierte Editionsmodell auf Basis des BMW M850i xDrive Gran Coup\u00e9 feiert seine Weltpremiere anl\u00e4sslich der Kunstmesse Frieze Los Angeles. Ab M\u00e4rz startet die dann die Produktion von 99 Exemplaren im BMW Group Werk Dingolfing. Es ist das am aufw\u00e4ndigsten gestaltete Fahrzeug in der BMW Firmengeschichte. \u00dcber viele Monate hat der US-amerikanische K\u00fcnstler Jeff Koons an seinen Skizzen gefeilt und dann deren Umsetzung ins Dreidimensionale eines Automobils begleitet.<\/p>\n","protected":false},"author":1,"featured_media":7406,"comment_status":"closed","ping_status":"closed","sticky":false,"template":"","format":"standard","meta":{"_crdt_document":"","ngg_post_thumbnail":0,"footnotes":""},"categories":[548,665,13],"tags":[643,646,616,202,982,108],"class_list":["post-7396","post","type-post","status-publish","format-standard","has-post-thumbnail","hentry","category-automobile-kunst-plastic-porsche","category-editionen","category-ikonen","tag-art-car","tag-artcar","tag-automobile-kunst","tag-bmw","tag-bmw-m","tag-bmw-m1-andy-warhol-1979"],"yoast_head":"<!-- This site is optimized with the Yoast SEO plugin v27.5 - https:\/\/yoast.com\/product\/yoast-seo-wordpress\/ -->\n<title>BMW M850i \u201eTHE 8 X JEFF KOONS\u201c<\/title>\n<meta name=\"description\" content=\"BMW M850i xDrive Gran Coup\u00e9 Frieze Los Angeles Jeff Koons Dingolfing BMW Editionsmodell\" \/>\n<meta name=\"robots\" content=\"index, follow, max-snippet:-1, max-image-preview:large, max-video-preview:-1\" \/>\n<link rel=\"canonical\" href=\"https:\/\/www.enzo-und-ferdinand.de\/index.php\/2022\/02\/17\/bmw-m850i-the-8-x-jeff-koons\/\" \/>\n<meta property=\"og:locale\" content=\"de_DE\" \/>\n<meta property=\"og:type\" content=\"article\" \/>\n<meta property=\"og:title\" content=\"BMW M850i \u201eTHE 8 X JEFF KOONS\u201c\" \/>\n<meta property=\"og:description\" content=\"BMW M850i xDrive Gran Coup\u00e9 Frieze Los Angeles Jeff Koons Dingolfing BMW Editionsmodell\" \/>\n<meta property=\"og:url\" content=\"https:\/\/www.enzo-und-ferdinand.de\/index.php\/2022\/02\/17\/bmw-m850i-the-8-x-jeff-koons\/\" \/>\n<meta property=\"og:site_name\" content=\"enzo &amp; Ferdinand\" \/>\n<meta property=\"article:published_time\" content=\"2022-02-17T08:54:19+00:00\" \/>\n<meta property=\"article:modified_time\" content=\"2026-04-03T19:11:34+00:00\" \/>\n<meta property=\"og:image\" content=\"https:\/\/www.enzo-und-ferdinand.de\/wp-content\/uploads\/2022\/02\/P90452216_highRes_assembly-of-the-the-.jpg\" \/>\n\t<meta property=\"og:image:width\" content=\"1200\" \/>\n\t<meta property=\"og:image:height\" content=\"800\" \/>\n\t<meta property=\"og:image:type\" content=\"image\/jpeg\" \/>\n<meta name=\"author\" content=\"Rainer Ro\u00dfbach\" \/>\n<meta name=\"twitter:card\" content=\"summary_large_image\" \/>\n<meta name=\"twitter:label1\" content=\"Verfasst von\" \/>\n\t<meta name=\"twitter:data1\" content=\"Rainer Ro\u00dfbach\" \/>\n\t<meta name=\"twitter:label2\" content=\"Gesch\u00e4tzte Lesezeit\" \/>\n\t<meta name=\"twitter:data2\" content=\"4\u00a0Minuten\" \/>\n<script type=\"application\/ld+json\" class=\"yoast-schema-graph\">{\"@context\":\"https:\\\/\\\/schema.org\",\"@graph\":[{\"@type\":\"Article\",\"@id\":\"https:\\\/\\\/www.enzo-und-ferdinand.de\\\/index.php\\\/2022\\\/02\\\/17\\\/bmw-m850i-the-8-x-jeff-koons\\\/#article\",\"isPartOf\":{\"@id\":\"https:\\\/\\\/www.enzo-und-ferdinand.de\\\/index.php\\\/2022\\\/02\\\/17\\\/bmw-m850i-the-8-x-jeff-koons\\\/\"},\"author\":{\"name\":\"Rainer Ro\u00dfbach\",\"@id\":\"https:\\\/\\\/www.enzo-und-ferdinand.de\\\/#\\\/schema\\\/person\\\/aff2eb9ff87705987c1b9d21fe10b095\"},\"headline\":\"BMW M850i \u201eTHE 8 X JEFF KOONS\u201c\",\"datePublished\":\"2022-02-17T08:54:19+00:00\",\"dateModified\":\"2026-04-03T19:11:34+00:00\",\"mainEntityOfPage\":{\"@id\":\"https:\\\/\\\/www.enzo-und-ferdinand.de\\\/index.php\\\/2022\\\/02\\\/17\\\/bmw-m850i-the-8-x-jeff-koons\\\/\"},\"wordCount\":351,\"publisher\":{\"@id\":\"https:\\\/\\\/www.enzo-und-ferdinand.de\\\/#organization\"},\"image\":{\"@id\":\"https:\\\/\\\/www.enzo-und-ferdinand.de\\\/index.php\\\/2022\\\/02\\\/17\\\/bmw-m850i-the-8-x-jeff-koons\\\/#primaryimage\"},\"thumbnailUrl\":\"https:\\\/\\\/www.enzo-und-ferdinand.de\\\/wp-content\\\/uploads\\\/2022\\\/02\\\/P90452216_highRes_assembly-of-the-the-.jpg\",\"keywords\":[\"Art Car\",\"ArtCar\",\"automobile Kunst\",\"BMW\",\"BMW M\",\"BMW M1 \u201eAndy Warhol\u201c (1979)\"],\"articleSection\":[\"Automobile Kunst\",\"Editionen\",\"Ikonen\"],\"inLanguage\":\"de\"},{\"@type\":\"WebPage\",\"@id\":\"https:\\\/\\\/www.enzo-und-ferdinand.de\\\/index.php\\\/2022\\\/02\\\/17\\\/bmw-m850i-the-8-x-jeff-koons\\\/\",\"url\":\"https:\\\/\\\/www.enzo-und-ferdinand.de\\\/index.php\\\/2022\\\/02\\\/17\\\/bmw-m850i-the-8-x-jeff-koons\\\/\",\"name\":\"BMW M850i \u201eTHE 8 X JEFF KOONS\u201c\",\"isPartOf\":{\"@id\":\"https:\\\/\\\/www.enzo-und-ferdinand.de\\\/#website\"},\"primaryImageOfPage\":{\"@id\":\"https:\\\/\\\/www.enzo-und-ferdinand.de\\\/index.php\\\/2022\\\/02\\\/17\\\/bmw-m850i-the-8-x-jeff-koons\\\/#primaryimage\"},\"image\":{\"@id\":\"https:\\\/\\\/www.enzo-und-ferdinand.de\\\/index.php\\\/2022\\\/02\\\/17\\\/bmw-m850i-the-8-x-jeff-koons\\\/#primaryimage\"},\"thumbnailUrl\":\"https:\\\/\\\/www.enzo-und-ferdinand.de\\\/wp-content\\\/uploads\\\/2022\\\/02\\\/P90452216_highRes_assembly-of-the-the-.jpg\",\"datePublished\":\"2022-02-17T08:54:19+00:00\",\"dateModified\":\"2026-04-03T19:11:34+00:00\",\"description\":\"BMW M850i xDrive Gran Coup\u00e9 Frieze Los Angeles Jeff Koons Dingolfing BMW Editionsmodell\",\"breadcrumb\":{\"@id\":\"https:\\\/\\\/www.enzo-und-ferdinand.de\\\/index.php\\\/2022\\\/02\\\/17\\\/bmw-m850i-the-8-x-jeff-koons\\\/#breadcrumb\"},\"inLanguage\":\"de\",\"potentialAction\":[{\"@type\":\"ReadAction\",\"target\":[\"https:\\\/\\\/www.enzo-und-ferdinand.de\\\/index.php\\\/2022\\\/02\\\/17\\\/bmw-m850i-the-8-x-jeff-koons\\\/\"]}]},{\"@type\":\"ImageObject\",\"inLanguage\":\"de\",\"@id\":\"https:\\\/\\\/www.enzo-und-ferdinand.de\\\/index.php\\\/2022\\\/02\\\/17\\\/bmw-m850i-the-8-x-jeff-koons\\\/#primaryimage\",\"url\":\"https:\\\/\\\/www.enzo-und-ferdinand.de\\\/wp-content\\\/uploads\\\/2022\\\/02\\\/P90452216_highRes_assembly-of-the-the-.jpg\",\"contentUrl\":\"https:\\\/\\\/www.enzo-und-ferdinand.de\\\/wp-content\\\/uploads\\\/2022\\\/02\\\/P90452216_highRes_assembly-of-the-the-.jpg\",\"width\":1200,\"height\":800},{\"@type\":\"BreadcrumbList\",\"@id\":\"https:\\\/\\\/www.enzo-und-ferdinand.de\\\/index.php\\\/2022\\\/02\\\/17\\\/bmw-m850i-the-8-x-jeff-koons\\\/#breadcrumb\",\"itemListElement\":[{\"@type\":\"ListItem\",\"position\":1,\"name\":\"Startseite\",\"item\":\"https:\\\/\\\/www.enzo-und-ferdinand.de\\\/\"},{\"@type\":\"ListItem\",\"position\":2,\"name\":\"BMW M850i \u201eTHE 8 X JEFF KOONS\u201c\"}]},{\"@type\":\"WebSite\",\"@id\":\"https:\\\/\\\/www.enzo-und-ferdinand.de\\\/#website\",\"url\":\"https:\\\/\\\/www.enzo-und-ferdinand.de\\\/\",\"name\":\"enzo & Ferdinand\",\"description\":\"\",\"publisher\":{\"@id\":\"https:\\\/\\\/www.enzo-und-ferdinand.de\\\/#organization\"},\"potentialAction\":[{\"@type\":\"SearchAction\",\"target\":{\"@type\":\"EntryPoint\",\"urlTemplate\":\"https:\\\/\\\/www.enzo-und-ferdinand.de\\\/?s={search_term_string}\"},\"query-input\":{\"@type\":\"PropertyValueSpecification\",\"valueRequired\":true,\"valueName\":\"search_term_string\"}}],\"inLanguage\":\"de\"},{\"@type\":\"Organization\",\"@id\":\"https:\\\/\\\/www.enzo-und-ferdinand.de\\\/#organization\",\"name\":\"enzo & Ferdinand\",\"url\":\"https:\\\/\\\/www.enzo-und-ferdinand.de\\\/\",\"logo\":{\"@type\":\"ImageObject\",\"inLanguage\":\"de\",\"@id\":\"https:\\\/\\\/www.enzo-und-ferdinand.de\\\/#\\\/schema\\\/logo\\\/image\\\/\",\"url\":\"https:\\\/\\\/www.enzo-und-ferdinand.de\\\/wp-content\\\/uploads\\\/2018\\\/12\\\/revvvs-icon.png\",\"contentUrl\":\"https:\\\/\\\/www.enzo-und-ferdinand.de\\\/wp-content\\\/uploads\\\/2018\\\/12\\\/revvvs-icon.png\",\"width\":512,\"height\":512,\"caption\":\"enzo & Ferdinand\"},\"image\":{\"@id\":\"https:\\\/\\\/www.enzo-und-ferdinand.de\\\/#\\\/schema\\\/logo\\\/image\\\/\"}},{\"@type\":\"Person\",\"@id\":\"https:\\\/\\\/www.enzo-und-ferdinand.de\\\/#\\\/schema\\\/person\\\/aff2eb9ff87705987c1b9d21fe10b095\",\"name\":\"Rainer Ro\u00dfbach\",\"image\":{\"@type\":\"ImageObject\",\"inLanguage\":\"de\",\"@id\":\"https:\\\/\\\/www.enzo-und-ferdinand.de\\\/wp-content\\\/uploads\\\/2026\\\/01\\\/Rainer-Rossbach-150x150.jpg\",\"url\":\"https:\\\/\\\/www.enzo-und-ferdinand.de\\\/wp-content\\\/uploads\\\/2026\\\/01\\\/Rainer-Rossbach-150x150.jpg\",\"contentUrl\":\"https:\\\/\\\/www.enzo-und-ferdinand.de\\\/wp-content\\\/uploads\\\/2026\\\/01\\\/Rainer-Rossbach-150x150.jpg\",\"caption\":\"Rainer Ro\u00dfbach\"},\"url\":\"https:\\\/\\\/www.enzo-und-ferdinand.de\\\/index.php\\\/author\\\/redaktion\\\/\"}]}<\/script>\n<!-- \/ Yoast SEO plugin. -->","yoast_head_json":{"title":"BMW M850i \u201eTHE 8 X JEFF KOONS\u201c","description":"BMW M850i xDrive Gran Coup\u00e9 Frieze Los Angeles Jeff Koons Dingolfing BMW Editionsmodell","robots":{"index":"index","follow":"follow","max-snippet":"max-snippet:-1","max-image-preview":"max-image-preview:large","max-video-preview":"max-video-preview:-1"},"canonical":"https:\/\/www.enzo-und-ferdinand.de\/index.php\/2022\/02\/17\/bmw-m850i-the-8-x-jeff-koons\/","og_locale":"de_DE","og_type":"article","og_title":"BMW M850i \u201eTHE 8 X JEFF KOONS\u201c","og_description":"BMW M850i xDrive Gran Coup\u00e9 Frieze Los Angeles Jeff Koons Dingolfing BMW Editionsmodell","og_url":"https:\/\/www.enzo-und-ferdinand.de\/index.php\/2022\/02\/17\/bmw-m850i-the-8-x-jeff-koons\/","og_site_name":"enzo &amp; Ferdinand","article_published_time":"2022-02-17T08:54:19+00:00","article_modified_time":"2026-04-03T19:11:34+00:00","og_image":[{"width":1200,"height":800,"url":"https:\/\/www.enzo-und-ferdinand.de\/wp-content\/uploads\/2022\/02\/P90452216_highRes_assembly-of-the-the-.jpg","type":"image\/jpeg"}],"author":"Rainer Ro\u00dfbach","twitter_card":"summary_large_image","twitter_misc":{"Verfasst von":"Rainer Ro\u00dfbach","Gesch\u00e4tzte Lesezeit":"4\u00a0Minuten"},"schema":{"@context":"https:\/\/schema.org","@graph":[{"@type":"Article","@id":"https:\/\/www.enzo-und-ferdinand.de\/index.php\/2022\/02\/17\/bmw-m850i-the-8-x-jeff-koons\/#article","isPartOf":{"@id":"https:\/\/www.enzo-und-ferdinand.de\/index.php\/2022\/02\/17\/bmw-m850i-the-8-x-jeff-koons\/"},"author":{"name":"Rainer Ro\u00dfbach","@id":"https:\/\/www.enzo-und-ferdinand.de\/#\/schema\/person\/aff2eb9ff87705987c1b9d21fe10b095"},"headline":"BMW M850i \u201eTHE 8 X JEFF KOONS\u201c","datePublished":"2022-02-17T08:54:19+00:00","dateModified":"2026-04-03T19:11:34+00:00","mainEntityOfPage":{"@id":"https:\/\/www.enzo-und-ferdinand.de\/index.php\/2022\/02\/17\/bmw-m850i-the-8-x-jeff-koons\/"},"wordCount":351,"publisher":{"@id":"https:\/\/www.enzo-und-ferdinand.de\/#organization"},"image":{"@id":"https:\/\/www.enzo-und-ferdinand.de\/index.php\/2022\/02\/17\/bmw-m850i-the-8-x-jeff-koons\/#primaryimage"},"thumbnailUrl":"https:\/\/www.enzo-und-ferdinand.de\/wp-content\/uploads\/2022\/02\/P90452216_highRes_assembly-of-the-the-.jpg","keywords":["Art Car","ArtCar","automobile Kunst","BMW","BMW M","BMW M1 \u201eAndy Warhol\u201c (1979)"],"articleSection":["Automobile Kunst","Editionen","Ikonen"],"inLanguage":"de"},{"@type":"WebPage","@id":"https:\/\/www.enzo-und-ferdinand.de\/index.php\/2022\/02\/17\/bmw-m850i-the-8-x-jeff-koons\/","url":"https:\/\/www.enzo-und-ferdinand.de\/index.php\/2022\/02\/17\/bmw-m850i-the-8-x-jeff-koons\/","name":"BMW M850i \u201eTHE 8 X JEFF KOONS\u201c","isPartOf":{"@id":"https:\/\/www.enzo-und-ferdinand.de\/#website"},"primaryImageOfPage":{"@id":"https:\/\/www.enzo-und-ferdinand.de\/index.php\/2022\/02\/17\/bmw-m850i-the-8-x-jeff-koons\/#primaryimage"},"image":{"@id":"https:\/\/www.enzo-und-ferdinand.de\/index.php\/2022\/02\/17\/bmw-m850i-the-8-x-jeff-koons\/#primaryimage"},"thumbnailUrl":"https:\/\/www.enzo-und-ferdinand.de\/wp-content\/uploads\/2022\/02\/P90452216_highRes_assembly-of-the-the-.jpg","datePublished":"2022-02-17T08:54:19+00:00","dateModified":"2026-04-03T19:11:34+00:00","description":"BMW M850i xDrive Gran Coup\u00e9 Frieze Los Angeles Jeff Koons Dingolfing BMW Editionsmodell","breadcrumb":{"@id":"https:\/\/www.enzo-und-ferdinand.de\/index.php\/2022\/02\/17\/bmw-m850i-the-8-x-jeff-koons\/#breadcrumb"},"inLanguage":"de","potentialAction":[{"@type":"ReadAction","target":["https:\/\/www.enzo-und-ferdinand.de\/index.php\/2022\/02\/17\/bmw-m850i-the-8-x-jeff-koons\/"]}]},{"@type":"ImageObject","inLanguage":"de","@id":"https:\/\/www.enzo-und-ferdinand.de\/index.php\/2022\/02\/17\/bmw-m850i-the-8-x-jeff-koons\/#primaryimage","url":"https:\/\/www.enzo-und-ferdinand.de\/wp-content\/uploads\/2022\/02\/P90452216_highRes_assembly-of-the-the-.jpg","contentUrl":"https:\/\/www.enzo-und-ferdinand.de\/wp-content\/uploads\/2022\/02\/P90452216_highRes_assembly-of-the-the-.jpg","width":1200,"height":800},{"@type":"BreadcrumbList","@id":"https:\/\/www.enzo-und-ferdinand.de\/index.php\/2022\/02\/17\/bmw-m850i-the-8-x-jeff-koons\/#breadcrumb","itemListElement":[{"@type":"ListItem","position":1,"name":"Startseite","item":"https:\/\/www.enzo-und-ferdinand.de\/"},{"@type":"ListItem","position":2,"name":"BMW M850i \u201eTHE 8 X JEFF KOONS\u201c"}]},{"@type":"WebSite","@id":"https:\/\/www.enzo-und-ferdinand.de\/#website","url":"https:\/\/www.enzo-und-ferdinand.de\/","name":"enzo & Ferdinand","description":"","publisher":{"@id":"https:\/\/www.enzo-und-ferdinand.de\/#organization"},"potentialAction":[{"@type":"SearchAction","target":{"@type":"EntryPoint","urlTemplate":"https:\/\/www.enzo-und-ferdinand.de\/?s={search_term_string}"},"query-input":{"@type":"PropertyValueSpecification","valueRequired":true,"valueName":"search_term_string"}}],"inLanguage":"de"},{"@type":"Organization","@id":"https:\/\/www.enzo-und-ferdinand.de\/#organization","name":"enzo & Ferdinand","url":"https:\/\/www.enzo-und-ferdinand.de\/","logo":{"@type":"ImageObject","inLanguage":"de","@id":"https:\/\/www.enzo-und-ferdinand.de\/#\/schema\/logo\/image\/","url":"https:\/\/www.enzo-und-ferdinand.de\/wp-content\/uploads\/2018\/12\/revvvs-icon.png","contentUrl":"https:\/\/www.enzo-und-ferdinand.de\/wp-content\/uploads\/2018\/12\/revvvs-icon.png","width":512,"height":512,"caption":"enzo & Ferdinand"},"image":{"@id":"https:\/\/www.enzo-und-ferdinand.de\/#\/schema\/logo\/image\/"}},{"@type":"Person","@id":"https:\/\/www.enzo-und-ferdinand.de\/#\/schema\/person\/aff2eb9ff87705987c1b9d21fe10b095","name":"Rainer Ro\u00dfbach","image":{"@type":"ImageObject","inLanguage":"de","@id":"https:\/\/www.enzo-und-ferdinand.de\/wp-content\/uploads\/2026\/01\/Rainer-Rossbach-150x150.jpg","url":"https:\/\/www.enzo-und-ferdinand.de\/wp-content\/uploads\/2026\/01\/Rainer-Rossbach-150x150.jpg","contentUrl":"https:\/\/www.enzo-und-ferdinand.de\/wp-content\/uploads\/2026\/01\/Rainer-Rossbach-150x150.jpg","caption":"Rainer Ro\u00dfbach"},"url":"https:\/\/www.enzo-und-ferdinand.de\/index.php\/author\/redaktion\/"}]}},"_links":{"self":[{"href":"https:\/\/www.enzo-und-ferdinand.de\/index.php\/wp-json\/wp\/v2\/posts\/7396","targetHints":{"allow":["GET"]}}],"collection":[{"href":"https:\/\/www.enzo-und-ferdinand.de\/index.php\/wp-json\/wp\/v2\/posts"}],"about":[{"href":"https:\/\/www.enzo-und-ferdinand.de\/index.php\/wp-json\/wp\/v2\/types\/post"}],"author":[{"embeddable":true,"href":"https:\/\/www.enzo-und-ferdinand.de\/index.php\/wp-json\/wp\/v2\/users\/1"}],"replies":[{"embeddable":true,"href":"https:\/\/www.enzo-und-ferdinand.de\/index.php\/wp-json\/wp\/v2\/comments?post=7396"}],"version-history":[{"count":5,"href":"https:\/\/www.enzo-und-ferdinand.de\/index.php\/wp-json\/wp\/v2\/posts\/7396\/revisions"}],"predecessor-version":[{"id":11994,"href":"https:\/\/www.enzo-und-ferdinand.de\/index.php\/wp-json\/wp\/v2\/posts\/7396\/revisions\/11994"}],"wp:featuredmedia":[{"embeddable":true,"href":"https:\/\/www.enzo-und-ferdinand.de\/index.php\/wp-json\/wp\/v2\/media\/7406"}],"wp:attachment":[{"href":"https:\/\/www.enzo-und-ferdinand.de\/index.php\/wp-json\/wp\/v2\/media?parent=7396"}],"wp:term":[{"taxonomy":"category","embeddable":true,"href":"https:\/\/www.enzo-und-ferdinand.de\/index.php\/wp-json\/wp\/v2\/categories?post=7396"},{"taxonomy":"post_tag","embeddable":true,"href":"https:\/\/www.enzo-und-ferdinand.de\/index.php\/wp-json\/wp\/v2\/tags?post=7396"}],"curies":[{"name":"wp","href":"https:\/\/api.w.org\/{rel}","templated":true}]}}