{"id":7409,"date":"2022-02-17T15:58:07","date_gmt":"2022-02-17T14:58:07","guid":{"rendered":"https:\/\/www.enzo-und-ferdinand.de\/?p=7409"},"modified":"2026-04-03T21:12:22","modified_gmt":"2026-04-03T19:12:22","slug":"porsche-lmdh","status":"publish","type":"post","link":"https:\/\/www.enzo-und-ferdinand.de\/index.php\/2022\/02\/17\/porsche-lmdh\/","title":{"rendered":"Porsche LMDh"},"content":{"rendered":"\n<figure class=\"wp-block-image size-large\"><img loading=\"lazy\" decoding=\"async\" width=\"810\" height=\"540\" src=\"https:\/\/www.enzo-und-ferdinand.de\/wp-content\/uploads\/2022\/02\/M22_0514_fine-810x540.jpg\" alt=\"\" class=\"wp-image-7413\" srcset=\"https:\/\/www.enzo-und-ferdinand.de\/wp-content\/uploads\/2022\/02\/M22_0514_fine-810x540.jpg 810w, https:\/\/www.enzo-und-ferdinand.de\/wp-content\/uploads\/2022\/02\/M22_0514_fine-300x200.jpg 300w, https:\/\/www.enzo-und-ferdinand.de\/wp-content\/uploads\/2022\/02\/M22_0514_fine-768x512.jpg 768w, https:\/\/www.enzo-und-ferdinand.de\/wp-content\/uploads\/2022\/02\/M22_0514_fine-120x80.jpg 120w, https:\/\/www.enzo-und-ferdinand.de\/wp-content\/uploads\/2022\/02\/M22_0514_fine.jpg 1200w\" sizes=\"auto, (max-width: 810px) 100vw, 810px\" \/><\/figure>\n\n\n\n<p class=\"wp-block-paragraph\">Auf dem Circuit de Catalunya bei Barcelona absolvierte der Prototyp in den vergangenen Tagen mehr als 2.000 Kilometer. Im Zentrum der Probefahrten standen die Abstimmung der Systeme, die Entwicklung von Reifen sowie die Optimierung des Zusammenspiels von V8-Turbomotor und den vom Reglement vorgeschriebenen Hybridelementen. Beim mehrt\u00e4gigen Test sa\u00dfen unter anderem die neuen Porsche-Werksfahrer Felipe Nasr (Brasilien) und Dane Cameron (USA) hinter dem Steuer des rund 500 kW (680 PS) starken Boliden.<\/p>\n\n\n\n<p class=\"wp-block-paragraph\">In Spanien zeigte sich die gesamte Bandbreite der Entwicklung: Dauerl\u00e4ufe, Setup-Arbeit und \u2013 ganz besonders wichtig \u2013 die Optimierung des Zusammenspiels aller Partner in diesem Projekt.&nbsp;<\/p>\n\n\n\n<p class=\"wp-block-paragraph\">\u201eDie R\u00fcckmeldung der Fahrer gegen\u00fcber den Ingenieuren und des gesamten Teams war durchweg positiv&#8220;, so Jonathan Diuguid, Leiter Porsche Penske Motorsport. \u201eWir sind die Ersten, die mit einem LMDh-Fahrzeug im Testbetrieb sind. Dies gibt uns die M\u00f6glichkeit, alle Themen in den kommenden Wochen und Monaten konsequent auszusortieren und 2023 m\u00f6glichst optimal vorbereitet in den Wettbewerb zu starten.&#8220;<\/p>\n\n\n\n<p class=\"wp-block-paragraph\">Porsche setzt das Entwicklungsprogramm mit dem neuen LMDh-Prototypen in den kommenden Monaten auf verschiedenen Rennstrecken in Europa und Nordamerika fort. Im Herbst wird das Fahrzeug homologiert, der erste Renneinsatz erfolgt im Januar 2023 bei den 24 Stunden von Daytona.<\/p>\n\n\n\n<figure class=\"wp-block-image size-large\"><img loading=\"lazy\" decoding=\"async\" width=\"810\" height=\"540\" src=\"https:\/\/www.enzo-und-ferdinand.de\/wp-content\/uploads\/2022\/02\/M22_0506_fine-810x540.jpg\" alt=\"\" class=\"wp-image-7412\" srcset=\"https:\/\/www.enzo-und-ferdinand.de\/wp-content\/uploads\/2022\/02\/M22_0506_fine-810x540.jpg 810w, https:\/\/www.enzo-und-ferdinand.de\/wp-content\/uploads\/2022\/02\/M22_0506_fine-300x200.jpg 300w, https:\/\/www.enzo-und-ferdinand.de\/wp-content\/uploads\/2022\/02\/M22_0506_fine-768x512.jpg 768w, https:\/\/www.enzo-und-ferdinand.de\/wp-content\/uploads\/2022\/02\/M22_0506_fine-120x80.jpg 120w, https:\/\/www.enzo-und-ferdinand.de\/wp-content\/uploads\/2022\/02\/M22_0506_fine.jpg 1200w\" sizes=\"auto, (max-width: 810px) 100vw, 810px\" \/><\/figure>\n\n\n\n<p class=\"has-text-align-right has-small-font-size wp-block-paragraph\">Fotos: Porsche\/Text: Porsche, rr<\/p>\n","protected":false},"excerpt":{"rendered":"<p>Auf dem Circuit de Catalunya bei Barcelona absolvierte der Prototyp in den vergangenen Tagen mehr als 2.000 Kilometer. Im Zentrum der Probefahrten standen die Abstimmung der Systeme, die Entwicklung von Reifen sowie die Optimierung des Zusammenspiels von V8-Turbomotor und den vom Reglement vorgeschriebenen Hybridelementen. Beim mehrt\u00e4gigen Test sa\u00dfen unter anderem die neuen Porsche-Werksfahrer Felipe Nasr (Brasilien) und Dane Cameron (USA) hinter dem Steuer des rund 500 kW (680 PS) starken Boliden.<\/p>\n","protected":false},"author":1,"featured_media":7414,"comment_status":"closed","ping_status":"closed","sticky":false,"template":"","format":"standard","meta":{"_crdt_document":"","ngg_post_thumbnail":0,"footnotes":""},"categories":[23,5],"tags":[611,201,8,635],"class_list":["post-7409","post","type-post","status-publish","format-standard","has-post-thumbnail","hentry","category-performance","category-rennsport","tag-lmdh","tag-porsche","tag-porsche-917","tag-wec"],"yoast_head":"<!-- This site is optimized with the Yoast SEO plugin v27.5 - https:\/\/yoast.com\/product\/yoast-seo-wordpress\/ -->\n<title>Porsche LMDh<\/title>\n<meta name=\"description\" content=\"Porsche LMDh Circuit de Catalunya Hybrid Le Mans Penske Motorsport Jonathan Diuguid Felipe Nasr Dane Cameron\" \/>\n<meta name=\"robots\" content=\"index, follow, max-snippet:-1, max-image-preview:large, max-video-preview:-1\" \/>\n<link rel=\"canonical\" href=\"https:\/\/www.enzo-und-ferdinand.de\/index.php\/2022\/02\/17\/porsche-lmdh\/\" \/>\n<meta property=\"og:locale\" content=\"de_DE\" \/>\n<meta property=\"og:type\" content=\"article\" \/>\n<meta property=\"og:title\" content=\"Porsche LMDh\" \/>\n<meta property=\"og:description\" content=\"Porsche LMDh Circuit de Catalunya Hybrid Le Mans Penske Motorsport Jonathan Diuguid Felipe Nasr Dane Cameron\" \/>\n<meta property=\"og:url\" content=\"https:\/\/www.enzo-und-ferdinand.de\/index.php\/2022\/02\/17\/porsche-lmdh\/\" \/>\n<meta property=\"og:site_name\" content=\"enzo &amp; Ferdinand\" \/>\n<meta property=\"article:published_time\" content=\"2022-02-17T14:58:07+00:00\" \/>\n<meta property=\"article:modified_time\" content=\"2026-04-03T19:12:22+00:00\" \/>\n<meta property=\"og:image\" content=\"https:\/\/www.enzo-und-ferdinand.de\/wp-content\/uploads\/2022\/02\/M22_0528_fine.jpg\" \/>\n\t<meta property=\"og:image:width\" content=\"1200\" \/>\n\t<meta property=\"og:image:height\" content=\"800\" \/>\n\t<meta property=\"og:image:type\" content=\"image\/jpeg\" \/>\n<meta name=\"author\" content=\"Rainer Ro\u00dfbach\" \/>\n<meta name=\"twitter:card\" content=\"summary_large_image\" \/>\n<meta name=\"twitter:label1\" content=\"Verfasst von\" \/>\n\t<meta name=\"twitter:data1\" content=\"Rainer Ro\u00dfbach\" \/>\n\t<meta name=\"twitter:label2\" content=\"Gesch\u00e4tzte Lesezeit\" \/>\n\t<meta name=\"twitter:data2\" content=\"2\u00a0Minuten\" \/>\n<script type=\"application\/ld+json\" class=\"yoast-schema-graph\">{\"@context\":\"https:\\\/\\\/schema.org\",\"@graph\":[{\"@type\":\"Article\",\"@id\":\"https:\\\/\\\/www.enzo-und-ferdinand.de\\\/index.php\\\/2022\\\/02\\\/17\\\/porsche-lmdh\\\/#article\",\"isPartOf\":{\"@id\":\"https:\\\/\\\/www.enzo-und-ferdinand.de\\\/index.php\\\/2022\\\/02\\\/17\\\/porsche-lmdh\\\/\"},\"author\":{\"name\":\"Rainer Ro\u00dfbach\",\"@id\":\"https:\\\/\\\/www.enzo-und-ferdinand.de\\\/#\\\/schema\\\/person\\\/aff2eb9ff87705987c1b9d21fe10b095\"},\"headline\":\"Porsche LMDh\",\"datePublished\":\"2022-02-17T14:58:07+00:00\",\"dateModified\":\"2026-04-03T19:12:22+00:00\",\"mainEntityOfPage\":{\"@id\":\"https:\\\/\\\/www.enzo-und-ferdinand.de\\\/index.php\\\/2022\\\/02\\\/17\\\/porsche-lmdh\\\/\"},\"wordCount\":201,\"publisher\":{\"@id\":\"https:\\\/\\\/www.enzo-und-ferdinand.de\\\/#organization\"},\"image\":{\"@id\":\"https:\\\/\\\/www.enzo-und-ferdinand.de\\\/index.php\\\/2022\\\/02\\\/17\\\/porsche-lmdh\\\/#primaryimage\"},\"thumbnailUrl\":\"https:\\\/\\\/www.enzo-und-ferdinand.de\\\/wp-content\\\/uploads\\\/2022\\\/02\\\/M22_0528_fine.jpg\",\"keywords\":[\"LMDh\",\"Porsche\",\"Porsche 917\",\"WEC\"],\"articleSection\":[\"Performance\",\"Rennsport\"],\"inLanguage\":\"de\"},{\"@type\":\"WebPage\",\"@id\":\"https:\\\/\\\/www.enzo-und-ferdinand.de\\\/index.php\\\/2022\\\/02\\\/17\\\/porsche-lmdh\\\/\",\"url\":\"https:\\\/\\\/www.enzo-und-ferdinand.de\\\/index.php\\\/2022\\\/02\\\/17\\\/porsche-lmdh\\\/\",\"name\":\"Porsche LMDh\",\"isPartOf\":{\"@id\":\"https:\\\/\\\/www.enzo-und-ferdinand.de\\\/#website\"},\"primaryImageOfPage\":{\"@id\":\"https:\\\/\\\/www.enzo-und-ferdinand.de\\\/index.php\\\/2022\\\/02\\\/17\\\/porsche-lmdh\\\/#primaryimage\"},\"image\":{\"@id\":\"https:\\\/\\\/www.enzo-und-ferdinand.de\\\/index.php\\\/2022\\\/02\\\/17\\\/porsche-lmdh\\\/#primaryimage\"},\"thumbnailUrl\":\"https:\\\/\\\/www.enzo-und-ferdinand.de\\\/wp-content\\\/uploads\\\/2022\\\/02\\\/M22_0528_fine.jpg\",\"datePublished\":\"2022-02-17T14:58:07+00:00\",\"dateModified\":\"2026-04-03T19:12:22+00:00\",\"description\":\"Porsche LMDh Circuit de Catalunya Hybrid Le Mans Penske Motorsport Jonathan Diuguid Felipe Nasr Dane Cameron\",\"breadcrumb\":{\"@id\":\"https:\\\/\\\/www.enzo-und-ferdinand.de\\\/index.php\\\/2022\\\/02\\\/17\\\/porsche-lmdh\\\/#breadcrumb\"},\"inLanguage\":\"de\",\"potentialAction\":[{\"@type\":\"ReadAction\",\"target\":[\"https:\\\/\\\/www.enzo-und-ferdinand.de\\\/index.php\\\/2022\\\/02\\\/17\\\/porsche-lmdh\\\/\"]}]},{\"@type\":\"ImageObject\",\"inLanguage\":\"de\",\"@id\":\"https:\\\/\\\/www.enzo-und-ferdinand.de\\\/index.php\\\/2022\\\/02\\\/17\\\/porsche-lmdh\\\/#primaryimage\",\"url\":\"https:\\\/\\\/www.enzo-und-ferdinand.de\\\/wp-content\\\/uploads\\\/2022\\\/02\\\/M22_0528_fine.jpg\",\"contentUrl\":\"https:\\\/\\\/www.enzo-und-ferdinand.de\\\/wp-content\\\/uploads\\\/2022\\\/02\\\/M22_0528_fine.jpg\",\"width\":1200,\"height\":800,\"caption\":\"Porsche LMDh, Barcelona (E) Test\"},{\"@type\":\"BreadcrumbList\",\"@id\":\"https:\\\/\\\/www.enzo-und-ferdinand.de\\\/index.php\\\/2022\\\/02\\\/17\\\/porsche-lmdh\\\/#breadcrumb\",\"itemListElement\":[{\"@type\":\"ListItem\",\"position\":1,\"name\":\"Startseite\",\"item\":\"https:\\\/\\\/www.enzo-und-ferdinand.de\\\/\"},{\"@type\":\"ListItem\",\"position\":2,\"name\":\"Porsche LMDh\"}]},{\"@type\":\"WebSite\",\"@id\":\"https:\\\/\\\/www.enzo-und-ferdinand.de\\\/#website\",\"url\":\"https:\\\/\\\/www.enzo-und-ferdinand.de\\\/\",\"name\":\"enzo & Ferdinand\",\"description\":\"\",\"publisher\":{\"@id\":\"https:\\\/\\\/www.enzo-und-ferdinand.de\\\/#organization\"},\"potentialAction\":[{\"@type\":\"SearchAction\",\"target\":{\"@type\":\"EntryPoint\",\"urlTemplate\":\"https:\\\/\\\/www.enzo-und-ferdinand.de\\\/?s={search_term_string}\"},\"query-input\":{\"@type\":\"PropertyValueSpecification\",\"valueRequired\":true,\"valueName\":\"search_term_string\"}}],\"inLanguage\":\"de\"},{\"@type\":\"Organization\",\"@id\":\"https:\\\/\\\/www.enzo-und-ferdinand.de\\\/#organization\",\"name\":\"enzo & Ferdinand\",\"url\":\"https:\\\/\\\/www.enzo-und-ferdinand.de\\\/\",\"logo\":{\"@type\":\"ImageObject\",\"inLanguage\":\"de\",\"@id\":\"https:\\\/\\\/www.enzo-und-ferdinand.de\\\/#\\\/schema\\\/logo\\\/image\\\/\",\"url\":\"https:\\\/\\\/www.enzo-und-ferdinand.de\\\/wp-content\\\/uploads\\\/2018\\\/12\\\/revvvs-icon.png\",\"contentUrl\":\"https:\\\/\\\/www.enzo-und-ferdinand.de\\\/wp-content\\\/uploads\\\/2018\\\/12\\\/revvvs-icon.png\",\"width\":512,\"height\":512,\"caption\":\"enzo & Ferdinand\"},\"image\":{\"@id\":\"https:\\\/\\\/www.enzo-und-ferdinand.de\\\/#\\\/schema\\\/logo\\\/image\\\/\"}},{\"@type\":\"Person\",\"@id\":\"https:\\\/\\\/www.enzo-und-ferdinand.de\\\/#\\\/schema\\\/person\\\/aff2eb9ff87705987c1b9d21fe10b095\",\"name\":\"Rainer Ro\u00dfbach\",\"image\":{\"@type\":\"ImageObject\",\"inLanguage\":\"de\",\"@id\":\"https:\\\/\\\/www.enzo-und-ferdinand.de\\\/wp-content\\\/uploads\\\/2026\\\/01\\\/Rainer-Rossbach-150x150.jpg\",\"url\":\"https:\\\/\\\/www.enzo-und-ferdinand.de\\\/wp-content\\\/uploads\\\/2026\\\/01\\\/Rainer-Rossbach-150x150.jpg\",\"contentUrl\":\"https:\\\/\\\/www.enzo-und-ferdinand.de\\\/wp-content\\\/uploads\\\/2026\\\/01\\\/Rainer-Rossbach-150x150.jpg\",\"caption\":\"Rainer Ro\u00dfbach\"},\"url\":\"https:\\\/\\\/www.enzo-und-ferdinand.de\\\/index.php\\\/author\\\/redaktion\\\/\"}]}<\/script>\n<!-- \/ Yoast SEO plugin. -->","yoast_head_json":{"title":"Porsche LMDh","description":"Porsche LMDh Circuit de Catalunya Hybrid Le Mans Penske Motorsport Jonathan Diuguid Felipe Nasr Dane Cameron","robots":{"index":"index","follow":"follow","max-snippet":"max-snippet:-1","max-image-preview":"max-image-preview:large","max-video-preview":"max-video-preview:-1"},"canonical":"https:\/\/www.enzo-und-ferdinand.de\/index.php\/2022\/02\/17\/porsche-lmdh\/","og_locale":"de_DE","og_type":"article","og_title":"Porsche LMDh","og_description":"Porsche LMDh Circuit de Catalunya Hybrid Le Mans Penske Motorsport Jonathan Diuguid Felipe Nasr Dane Cameron","og_url":"https:\/\/www.enzo-und-ferdinand.de\/index.php\/2022\/02\/17\/porsche-lmdh\/","og_site_name":"enzo &amp; Ferdinand","article_published_time":"2022-02-17T14:58:07+00:00","article_modified_time":"2026-04-03T19:12:22+00:00","og_image":[{"width":1200,"height":800,"url":"https:\/\/www.enzo-und-ferdinand.de\/wp-content\/uploads\/2022\/02\/M22_0528_fine.jpg","type":"image\/jpeg"}],"author":"Rainer Ro\u00dfbach","twitter_card":"summary_large_image","twitter_misc":{"Verfasst von":"Rainer Ro\u00dfbach","Gesch\u00e4tzte Lesezeit":"2\u00a0Minuten"},"schema":{"@context":"https:\/\/schema.org","@graph":[{"@type":"Article","@id":"https:\/\/www.enzo-und-ferdinand.de\/index.php\/2022\/02\/17\/porsche-lmdh\/#article","isPartOf":{"@id":"https:\/\/www.enzo-und-ferdinand.de\/index.php\/2022\/02\/17\/porsche-lmdh\/"},"author":{"name":"Rainer Ro\u00dfbach","@id":"https:\/\/www.enzo-und-ferdinand.de\/#\/schema\/person\/aff2eb9ff87705987c1b9d21fe10b095"},"headline":"Porsche LMDh","datePublished":"2022-02-17T14:58:07+00:00","dateModified":"2026-04-03T19:12:22+00:00","mainEntityOfPage":{"@id":"https:\/\/www.enzo-und-ferdinand.de\/index.php\/2022\/02\/17\/porsche-lmdh\/"},"wordCount":201,"publisher":{"@id":"https:\/\/www.enzo-und-ferdinand.de\/#organization"},"image":{"@id":"https:\/\/www.enzo-und-ferdinand.de\/index.php\/2022\/02\/17\/porsche-lmdh\/#primaryimage"},"thumbnailUrl":"https:\/\/www.enzo-und-ferdinand.de\/wp-content\/uploads\/2022\/02\/M22_0528_fine.jpg","keywords":["LMDh","Porsche","Porsche 917","WEC"],"articleSection":["Performance","Rennsport"],"inLanguage":"de"},{"@type":"WebPage","@id":"https:\/\/www.enzo-und-ferdinand.de\/index.php\/2022\/02\/17\/porsche-lmdh\/","url":"https:\/\/www.enzo-und-ferdinand.de\/index.php\/2022\/02\/17\/porsche-lmdh\/","name":"Porsche LMDh","isPartOf":{"@id":"https:\/\/www.enzo-und-ferdinand.de\/#website"},"primaryImageOfPage":{"@id":"https:\/\/www.enzo-und-ferdinand.de\/index.php\/2022\/02\/17\/porsche-lmdh\/#primaryimage"},"image":{"@id":"https:\/\/www.enzo-und-ferdinand.de\/index.php\/2022\/02\/17\/porsche-lmdh\/#primaryimage"},"thumbnailUrl":"https:\/\/www.enzo-und-ferdinand.de\/wp-content\/uploads\/2022\/02\/M22_0528_fine.jpg","datePublished":"2022-02-17T14:58:07+00:00","dateModified":"2026-04-03T19:12:22+00:00","description":"Porsche LMDh Circuit de Catalunya Hybrid Le Mans Penske Motorsport Jonathan Diuguid Felipe Nasr Dane Cameron","breadcrumb":{"@id":"https:\/\/www.enzo-und-ferdinand.de\/index.php\/2022\/02\/17\/porsche-lmdh\/#breadcrumb"},"inLanguage":"de","potentialAction":[{"@type":"ReadAction","target":["https:\/\/www.enzo-und-ferdinand.de\/index.php\/2022\/02\/17\/porsche-lmdh\/"]}]},{"@type":"ImageObject","inLanguage":"de","@id":"https:\/\/www.enzo-und-ferdinand.de\/index.php\/2022\/02\/17\/porsche-lmdh\/#primaryimage","url":"https:\/\/www.enzo-und-ferdinand.de\/wp-content\/uploads\/2022\/02\/M22_0528_fine.jpg","contentUrl":"https:\/\/www.enzo-und-ferdinand.de\/wp-content\/uploads\/2022\/02\/M22_0528_fine.jpg","width":1200,"height":800,"caption":"Porsche LMDh, Barcelona (E) Test"},{"@type":"BreadcrumbList","@id":"https:\/\/www.enzo-und-ferdinand.de\/index.php\/2022\/02\/17\/porsche-lmdh\/#breadcrumb","itemListElement":[{"@type":"ListItem","position":1,"name":"Startseite","item":"https:\/\/www.enzo-und-ferdinand.de\/"},{"@type":"ListItem","position":2,"name":"Porsche LMDh"}]},{"@type":"WebSite","@id":"https:\/\/www.enzo-und-ferdinand.de\/#website","url":"https:\/\/www.enzo-und-ferdinand.de\/","name":"enzo & Ferdinand","description":"","publisher":{"@id":"https:\/\/www.enzo-und-ferdinand.de\/#organization"},"potentialAction":[{"@type":"SearchAction","target":{"@type":"EntryPoint","urlTemplate":"https:\/\/www.enzo-und-ferdinand.de\/?s={search_term_string}"},"query-input":{"@type":"PropertyValueSpecification","valueRequired":true,"valueName":"search_term_string"}}],"inLanguage":"de"},{"@type":"Organization","@id":"https:\/\/www.enzo-und-ferdinand.de\/#organization","name":"enzo & Ferdinand","url":"https:\/\/www.enzo-und-ferdinand.de\/","logo":{"@type":"ImageObject","inLanguage":"de","@id":"https:\/\/www.enzo-und-ferdinand.de\/#\/schema\/logo\/image\/","url":"https:\/\/www.enzo-und-ferdinand.de\/wp-content\/uploads\/2018\/12\/revvvs-icon.png","contentUrl":"https:\/\/www.enzo-und-ferdinand.de\/wp-content\/uploads\/2018\/12\/revvvs-icon.png","width":512,"height":512,"caption":"enzo & Ferdinand"},"image":{"@id":"https:\/\/www.enzo-und-ferdinand.de\/#\/schema\/logo\/image\/"}},{"@type":"Person","@id":"https:\/\/www.enzo-und-ferdinand.de\/#\/schema\/person\/aff2eb9ff87705987c1b9d21fe10b095","name":"Rainer Ro\u00dfbach","image":{"@type":"ImageObject","inLanguage":"de","@id":"https:\/\/www.enzo-und-ferdinand.de\/wp-content\/uploads\/2026\/01\/Rainer-Rossbach-150x150.jpg","url":"https:\/\/www.enzo-und-ferdinand.de\/wp-content\/uploads\/2026\/01\/Rainer-Rossbach-150x150.jpg","contentUrl":"https:\/\/www.enzo-und-ferdinand.de\/wp-content\/uploads\/2026\/01\/Rainer-Rossbach-150x150.jpg","caption":"Rainer Ro\u00dfbach"},"url":"https:\/\/www.enzo-und-ferdinand.de\/index.php\/author\/redaktion\/"}]}},"_links":{"self":[{"href":"https:\/\/www.enzo-und-ferdinand.de\/index.php\/wp-json\/wp\/v2\/posts\/7409","targetHints":{"allow":["GET"]}}],"collection":[{"href":"https:\/\/www.enzo-und-ferdinand.de\/index.php\/wp-json\/wp\/v2\/posts"}],"about":[{"href":"https:\/\/www.enzo-und-ferdinand.de\/index.php\/wp-json\/wp\/v2\/types\/post"}],"author":[{"embeddable":true,"href":"https:\/\/www.enzo-und-ferdinand.de\/index.php\/wp-json\/wp\/v2\/users\/1"}],"replies":[{"embeddable":true,"href":"https:\/\/www.enzo-und-ferdinand.de\/index.php\/wp-json\/wp\/v2\/comments?post=7409"}],"version-history":[{"count":4,"href":"https:\/\/www.enzo-und-ferdinand.de\/index.php\/wp-json\/wp\/v2\/posts\/7409\/revisions"}],"predecessor-version":[{"id":7418,"href":"https:\/\/www.enzo-und-ferdinand.de\/index.php\/wp-json\/wp\/v2\/posts\/7409\/revisions\/7418"}],"wp:featuredmedia":[{"embeddable":true,"href":"https:\/\/www.enzo-und-ferdinand.de\/index.php\/wp-json\/wp\/v2\/media\/7414"}],"wp:attachment":[{"href":"https:\/\/www.enzo-und-ferdinand.de\/index.php\/wp-json\/wp\/v2\/media?parent=7409"}],"wp:term":[{"taxonomy":"category","embeddable":true,"href":"https:\/\/www.enzo-und-ferdinand.de\/index.php\/wp-json\/wp\/v2\/categories?post=7409"},{"taxonomy":"post_tag","embeddable":true,"href":"https:\/\/www.enzo-und-ferdinand.de\/index.php\/wp-json\/wp\/v2\/tags?post=7409"}],"curies":[{"name":"wp","href":"https:\/\/api.w.org\/{rel}","templated":true}]}}