{"id":7440,"date":"2022-02-20T12:30:21","date_gmt":"2022-02-20T11:30:21","guid":{"rendered":"https:\/\/www.enzo-und-ferdinand.de\/?p=7440"},"modified":"2026-04-03T21:15:38","modified_gmt":"2026-04-03T19:15:38","slug":"wasserstoff-v8-von-yamaha","status":"publish","type":"post","link":"https:\/\/www.enzo-und-ferdinand.de\/index.php\/2022\/02\/20\/wasserstoff-v8-von-yamaha\/","title":{"rendered":"Wasserstoff-V8 von Yamaha"},"content":{"rendered":"\n<figure class=\"wp-block-image size-large\"><img loading=\"lazy\" decoding=\"async\" width=\"810\" height=\"524\" src=\"https:\/\/www.enzo-und-ferdinand.de\/wp-content\/uploads\/2022\/02\/yamaha-2-810x524.jpg\" alt=\"\" class=\"wp-image-7450\" srcset=\"https:\/\/www.enzo-und-ferdinand.de\/wp-content\/uploads\/2022\/02\/yamaha-2-810x524.jpg 810w, https:\/\/www.enzo-und-ferdinand.de\/wp-content\/uploads\/2022\/02\/yamaha-2-300x194.jpg 300w, https:\/\/www.enzo-und-ferdinand.de\/wp-content\/uploads\/2022\/02\/yamaha-2-768x497.jpg 768w, https:\/\/www.enzo-und-ferdinand.de\/wp-content\/uploads\/2022\/02\/yamaha-2.jpg 850w\" sizes=\"auto, (max-width: 810px) 100vw, 810px\" \/><\/figure>\n\n\n\n<p class=\"wp-block-paragraph\">BMW hat mit dem Zw\u00f6lfzylinder aus dem 750hl, der von 2006 bis 2012 in 100 Exemplare der Siebener-Limousine eingebaut wurde, den Einstieg in die Wasserstoffwelt mittels eines Verbrennungsmotors versucht. Das Projekt scheiterte aber an der nicht vorhandenen Infrastruktur und dem mangelnden Willen der Politik, Unterst\u00fctzung zu gew\u00e4hren.<\/p>\n\n\n\n<p class=\"wp-block-paragraph\">Yamaha unternimmt nun einen neuen Vorsto\u00df und hat f\u00fcr Toyota einen V8-Wasserstoffmotor entwickelt.&nbsp;Als Basis dient das F\u00fcnf-Liter-Triebwerk des Lexus LC F, bei dem die Einspritzd\u00fcsen, der Zylinderkopf und der Ansaugstutzen modifiziert wurden.<\/p>\n\n\n\n<p class=\"wp-block-paragraph\">Die Japaner geben an, dass der Motor auf bis zu 450 PS bei 6800 Umdrehungen in der Minute kommen und ein maximales Drehmoment von 540 Newtonmetern bei 3600 Touren entwickelt. Gegen\u00fcber dem Ursprungsmotor gehen ein paar PS verloren, bei gleichzeitig h\u00f6herem Drehmoment bei niedrigeren Drehzahlen.<\/p>\n\n\n\n<p class=\"wp-block-paragraph\">Seit vergangenen November bilden Toyota, Yamaha, Mazda, Subaru und Kawasaki eine Initiative f\u00fcr klimaneutrale Kraftstoffe. Auch die beiden Motoradhersteller wollen den Einsatz von Wasserstoffmotoren in Zweir\u00e4dern pr\u00fcfen.<\/p>\n\n\n\n<p class=\"has-text-align-right has-small-font-size wp-block-paragraph\">Fotos: Yamaha\/Text: Rainer Ro\u00dfbach<\/p>\n","protected":false},"excerpt":{"rendered":"<p>BMW hat mit dem Zw\u00f6lfzylinder aus dem 750hl, der von 2006 bis 2012 in 100 Exemplare der Siebener-Limousine eingebaut wurde, den Einstieg in die Wasserstoffwelt mittels eines Verbrennungsmotors versucht. Das Projekt scheiterte aber an der nicht vorhandenen Infrastruktur und dem mangelnden Willen der Politik, Unterst\u00fctzung zu gew\u00e4hren. Yamaha unternimmt nun einen neuen Vorsto\u00df und hat f\u00fcr Toyota einen V8-Wasserstoffmotor entwickelt. Als Basis dient das F\u00fcnf-Liter-Triebwerk des Lexus LC F, bei dem die Einspritzd\u00fcsen, der Zylinderkopf und der Ansaugstutzen modifiziert wurden.<\/p>\n","protected":false},"author":1,"featured_media":7449,"comment_status":"closed","ping_status":"closed","sticky":false,"template":"","format":"standard","meta":{"_crdt_document":"","ngg_post_thumbnail":0,"footnotes":""},"categories":[45,4,586,1237],"tags":[248,533,690],"class_list":["post-7440","post","type-post","status-publish","format-standard","has-post-thumbnail","hentry","category-neues","category-studien","category-technologie","category-wasserstoff","tag-toyota","tag-wasserstoff","tag-yamaha"],"yoast_head":"<!-- This site is optimized with the Yoast SEO plugin v27.5 - https:\/\/yoast.com\/product\/yoast-seo-wordpress\/ -->\n<title>Wasserstoff-V8 von Yamaha<\/title>\n<meta name=\"description\" content=\"Wasserstoff-V8 Yamaha Toyota BMW Lexus Mazda Subaru Kawasaki\" \/>\n<meta name=\"robots\" content=\"index, follow, max-snippet:-1, max-image-preview:large, max-video-preview:-1\" \/>\n<link rel=\"canonical\" href=\"https:\/\/www.enzo-und-ferdinand.de\/index.php\/2022\/02\/20\/wasserstoff-v8-von-yamaha\/\" \/>\n<meta property=\"og:locale\" content=\"de_DE\" \/>\n<meta property=\"og:type\" content=\"article\" \/>\n<meta property=\"og:title\" content=\"Wasserstoff-V8 von Yamaha\" \/>\n<meta property=\"og:description\" content=\"Wasserstoff-V8 Yamaha Toyota BMW Lexus Mazda Subaru Kawasaki\" \/>\n<meta property=\"og:url\" content=\"https:\/\/www.enzo-und-ferdinand.de\/index.php\/2022\/02\/20\/wasserstoff-v8-von-yamaha\/\" \/>\n<meta property=\"og:site_name\" content=\"enzo &amp; Ferdinand\" \/>\n<meta property=\"article:published_time\" content=\"2022-02-20T11:30:21+00:00\" \/>\n<meta property=\"article:modified_time\" content=\"2026-04-03T19:15:38+00:00\" \/>\n<meta property=\"og:image\" content=\"https:\/\/www.enzo-und-ferdinand.de\/wp-content\/uploads\/2022\/02\/yamaha-1.jpg\" \/>\n\t<meta property=\"og:image:width\" content=\"850\" \/>\n\t<meta property=\"og:image:height\" content=\"550\" \/>\n\t<meta property=\"og:image:type\" content=\"image\/jpeg\" \/>\n<meta name=\"author\" content=\"Rainer Ro\u00dfbach\" \/>\n<meta name=\"twitter:card\" content=\"summary_large_image\" \/>\n<meta name=\"twitter:label1\" content=\"Verfasst von\" \/>\n\t<meta name=\"twitter:data1\" content=\"Rainer Ro\u00dfbach\" \/>\n\t<meta name=\"twitter:label2\" content=\"Gesch\u00e4tzte Lesezeit\" \/>\n\t<meta name=\"twitter:data2\" content=\"2\u00a0Minuten\" \/>\n<script type=\"application\/ld+json\" class=\"yoast-schema-graph\">{\"@context\":\"https:\\\/\\\/schema.org\",\"@graph\":[{\"@type\":\"Article\",\"@id\":\"https:\\\/\\\/www.enzo-und-ferdinand.de\\\/index.php\\\/2022\\\/02\\\/20\\\/wasserstoff-v8-von-yamaha\\\/#article\",\"isPartOf\":{\"@id\":\"https:\\\/\\\/www.enzo-und-ferdinand.de\\\/index.php\\\/2022\\\/02\\\/20\\\/wasserstoff-v8-von-yamaha\\\/\"},\"author\":{\"name\":\"Rainer Ro\u00dfbach\",\"@id\":\"https:\\\/\\\/www.enzo-und-ferdinand.de\\\/#\\\/schema\\\/person\\\/aff2eb9ff87705987c1b9d21fe10b095\"},\"headline\":\"Wasserstoff-V8 von Yamaha\",\"datePublished\":\"2022-02-20T11:30:21+00:00\",\"dateModified\":\"2026-04-03T19:15:38+00:00\",\"mainEntityOfPage\":{\"@id\":\"https:\\\/\\\/www.enzo-und-ferdinand.de\\\/index.php\\\/2022\\\/02\\\/20\\\/wasserstoff-v8-von-yamaha\\\/\"},\"wordCount\":167,\"publisher\":{\"@id\":\"https:\\\/\\\/www.enzo-und-ferdinand.de\\\/#organization\"},\"image\":{\"@id\":\"https:\\\/\\\/www.enzo-und-ferdinand.de\\\/index.php\\\/2022\\\/02\\\/20\\\/wasserstoff-v8-von-yamaha\\\/#primaryimage\"},\"thumbnailUrl\":\"https:\\\/\\\/www.enzo-und-ferdinand.de\\\/wp-content\\\/uploads\\\/2022\\\/02\\\/yamaha-1.jpg\",\"keywords\":[\"Toyota\",\"Wasserstoff\",\"Yamaha\"],\"articleSection\":[\"Neues\",\"Studien\",\"Technologie\",\"Wasserstoff\"],\"inLanguage\":\"de\"},{\"@type\":\"WebPage\",\"@id\":\"https:\\\/\\\/www.enzo-und-ferdinand.de\\\/index.php\\\/2022\\\/02\\\/20\\\/wasserstoff-v8-von-yamaha\\\/\",\"url\":\"https:\\\/\\\/www.enzo-und-ferdinand.de\\\/index.php\\\/2022\\\/02\\\/20\\\/wasserstoff-v8-von-yamaha\\\/\",\"name\":\"Wasserstoff-V8 von Yamaha\",\"isPartOf\":{\"@id\":\"https:\\\/\\\/www.enzo-und-ferdinand.de\\\/#website\"},\"primaryImageOfPage\":{\"@id\":\"https:\\\/\\\/www.enzo-und-ferdinand.de\\\/index.php\\\/2022\\\/02\\\/20\\\/wasserstoff-v8-von-yamaha\\\/#primaryimage\"},\"image\":{\"@id\":\"https:\\\/\\\/www.enzo-und-ferdinand.de\\\/index.php\\\/2022\\\/02\\\/20\\\/wasserstoff-v8-von-yamaha\\\/#primaryimage\"},\"thumbnailUrl\":\"https:\\\/\\\/www.enzo-und-ferdinand.de\\\/wp-content\\\/uploads\\\/2022\\\/02\\\/yamaha-1.jpg\",\"datePublished\":\"2022-02-20T11:30:21+00:00\",\"dateModified\":\"2026-04-03T19:15:38+00:00\",\"description\":\"Wasserstoff-V8 Yamaha Toyota BMW Lexus Mazda Subaru Kawasaki\",\"breadcrumb\":{\"@id\":\"https:\\\/\\\/www.enzo-und-ferdinand.de\\\/index.php\\\/2022\\\/02\\\/20\\\/wasserstoff-v8-von-yamaha\\\/#breadcrumb\"},\"inLanguage\":\"de\",\"potentialAction\":[{\"@type\":\"ReadAction\",\"target\":[\"https:\\\/\\\/www.enzo-und-ferdinand.de\\\/index.php\\\/2022\\\/02\\\/20\\\/wasserstoff-v8-von-yamaha\\\/\"]}]},{\"@type\":\"ImageObject\",\"inLanguage\":\"de\",\"@id\":\"https:\\\/\\\/www.enzo-und-ferdinand.de\\\/index.php\\\/2022\\\/02\\\/20\\\/wasserstoff-v8-von-yamaha\\\/#primaryimage\",\"url\":\"https:\\\/\\\/www.enzo-und-ferdinand.de\\\/wp-content\\\/uploads\\\/2022\\\/02\\\/yamaha-1.jpg\",\"contentUrl\":\"https:\\\/\\\/www.enzo-und-ferdinand.de\\\/wp-content\\\/uploads\\\/2022\\\/02\\\/yamaha-1.jpg\",\"width\":850,\"height\":550},{\"@type\":\"BreadcrumbList\",\"@id\":\"https:\\\/\\\/www.enzo-und-ferdinand.de\\\/index.php\\\/2022\\\/02\\\/20\\\/wasserstoff-v8-von-yamaha\\\/#breadcrumb\",\"itemListElement\":[{\"@type\":\"ListItem\",\"position\":1,\"name\":\"Startseite\",\"item\":\"https:\\\/\\\/www.enzo-und-ferdinand.de\\\/\"},{\"@type\":\"ListItem\",\"position\":2,\"name\":\"Wasserstoff-V8 von Yamaha\"}]},{\"@type\":\"WebSite\",\"@id\":\"https:\\\/\\\/www.enzo-und-ferdinand.de\\\/#website\",\"url\":\"https:\\\/\\\/www.enzo-und-ferdinand.de\\\/\",\"name\":\"enzo & Ferdinand\",\"description\":\"\",\"publisher\":{\"@id\":\"https:\\\/\\\/www.enzo-und-ferdinand.de\\\/#organization\"},\"potentialAction\":[{\"@type\":\"SearchAction\",\"target\":{\"@type\":\"EntryPoint\",\"urlTemplate\":\"https:\\\/\\\/www.enzo-und-ferdinand.de\\\/?s={search_term_string}\"},\"query-input\":{\"@type\":\"PropertyValueSpecification\",\"valueRequired\":true,\"valueName\":\"search_term_string\"}}],\"inLanguage\":\"de\"},{\"@type\":\"Organization\",\"@id\":\"https:\\\/\\\/www.enzo-und-ferdinand.de\\\/#organization\",\"name\":\"enzo & Ferdinand\",\"url\":\"https:\\\/\\\/www.enzo-und-ferdinand.de\\\/\",\"logo\":{\"@type\":\"ImageObject\",\"inLanguage\":\"de\",\"@id\":\"https:\\\/\\\/www.enzo-und-ferdinand.de\\\/#\\\/schema\\\/logo\\\/image\\\/\",\"url\":\"https:\\\/\\\/www.enzo-und-ferdinand.de\\\/wp-content\\\/uploads\\\/2018\\\/12\\\/revvvs-icon.png\",\"contentUrl\":\"https:\\\/\\\/www.enzo-und-ferdinand.de\\\/wp-content\\\/uploads\\\/2018\\\/12\\\/revvvs-icon.png\",\"width\":512,\"height\":512,\"caption\":\"enzo & Ferdinand\"},\"image\":{\"@id\":\"https:\\\/\\\/www.enzo-und-ferdinand.de\\\/#\\\/schema\\\/logo\\\/image\\\/\"}},{\"@type\":\"Person\",\"@id\":\"https:\\\/\\\/www.enzo-und-ferdinand.de\\\/#\\\/schema\\\/person\\\/aff2eb9ff87705987c1b9d21fe10b095\",\"name\":\"Rainer Ro\u00dfbach\",\"image\":{\"@type\":\"ImageObject\",\"inLanguage\":\"de\",\"@id\":\"https:\\\/\\\/www.enzo-und-ferdinand.de\\\/wp-content\\\/uploads\\\/2026\\\/01\\\/Rainer-Rossbach-150x150.jpg\",\"url\":\"https:\\\/\\\/www.enzo-und-ferdinand.de\\\/wp-content\\\/uploads\\\/2026\\\/01\\\/Rainer-Rossbach-150x150.jpg\",\"contentUrl\":\"https:\\\/\\\/www.enzo-und-ferdinand.de\\\/wp-content\\\/uploads\\\/2026\\\/01\\\/Rainer-Rossbach-150x150.jpg\",\"caption\":\"Rainer Ro\u00dfbach\"},\"url\":\"https:\\\/\\\/www.enzo-und-ferdinand.de\\\/index.php\\\/author\\\/redaktion\\\/\"}]}<\/script>\n<!-- \/ Yoast SEO plugin. -->","yoast_head_json":{"title":"Wasserstoff-V8 von Yamaha","description":"Wasserstoff-V8 Yamaha Toyota BMW Lexus Mazda Subaru Kawasaki","robots":{"index":"index","follow":"follow","max-snippet":"max-snippet:-1","max-image-preview":"max-image-preview:large","max-video-preview":"max-video-preview:-1"},"canonical":"https:\/\/www.enzo-und-ferdinand.de\/index.php\/2022\/02\/20\/wasserstoff-v8-von-yamaha\/","og_locale":"de_DE","og_type":"article","og_title":"Wasserstoff-V8 von Yamaha","og_description":"Wasserstoff-V8 Yamaha Toyota BMW Lexus Mazda Subaru Kawasaki","og_url":"https:\/\/www.enzo-und-ferdinand.de\/index.php\/2022\/02\/20\/wasserstoff-v8-von-yamaha\/","og_site_name":"enzo &amp; Ferdinand","article_published_time":"2022-02-20T11:30:21+00:00","article_modified_time":"2026-04-03T19:15:38+00:00","og_image":[{"width":850,"height":550,"url":"https:\/\/www.enzo-und-ferdinand.de\/wp-content\/uploads\/2022\/02\/yamaha-1.jpg","type":"image\/jpeg"}],"author":"Rainer Ro\u00dfbach","twitter_card":"summary_large_image","twitter_misc":{"Verfasst von":"Rainer Ro\u00dfbach","Gesch\u00e4tzte Lesezeit":"2\u00a0Minuten"},"schema":{"@context":"https:\/\/schema.org","@graph":[{"@type":"Article","@id":"https:\/\/www.enzo-und-ferdinand.de\/index.php\/2022\/02\/20\/wasserstoff-v8-von-yamaha\/#article","isPartOf":{"@id":"https:\/\/www.enzo-und-ferdinand.de\/index.php\/2022\/02\/20\/wasserstoff-v8-von-yamaha\/"},"author":{"name":"Rainer Ro\u00dfbach","@id":"https:\/\/www.enzo-und-ferdinand.de\/#\/schema\/person\/aff2eb9ff87705987c1b9d21fe10b095"},"headline":"Wasserstoff-V8 von Yamaha","datePublished":"2022-02-20T11:30:21+00:00","dateModified":"2026-04-03T19:15:38+00:00","mainEntityOfPage":{"@id":"https:\/\/www.enzo-und-ferdinand.de\/index.php\/2022\/02\/20\/wasserstoff-v8-von-yamaha\/"},"wordCount":167,"publisher":{"@id":"https:\/\/www.enzo-und-ferdinand.de\/#organization"},"image":{"@id":"https:\/\/www.enzo-und-ferdinand.de\/index.php\/2022\/02\/20\/wasserstoff-v8-von-yamaha\/#primaryimage"},"thumbnailUrl":"https:\/\/www.enzo-und-ferdinand.de\/wp-content\/uploads\/2022\/02\/yamaha-1.jpg","keywords":["Toyota","Wasserstoff","Yamaha"],"articleSection":["Neues","Studien","Technologie","Wasserstoff"],"inLanguage":"de"},{"@type":"WebPage","@id":"https:\/\/www.enzo-und-ferdinand.de\/index.php\/2022\/02\/20\/wasserstoff-v8-von-yamaha\/","url":"https:\/\/www.enzo-und-ferdinand.de\/index.php\/2022\/02\/20\/wasserstoff-v8-von-yamaha\/","name":"Wasserstoff-V8 von Yamaha","isPartOf":{"@id":"https:\/\/www.enzo-und-ferdinand.de\/#website"},"primaryImageOfPage":{"@id":"https:\/\/www.enzo-und-ferdinand.de\/index.php\/2022\/02\/20\/wasserstoff-v8-von-yamaha\/#primaryimage"},"image":{"@id":"https:\/\/www.enzo-und-ferdinand.de\/index.php\/2022\/02\/20\/wasserstoff-v8-von-yamaha\/#primaryimage"},"thumbnailUrl":"https:\/\/www.enzo-und-ferdinand.de\/wp-content\/uploads\/2022\/02\/yamaha-1.jpg","datePublished":"2022-02-20T11:30:21+00:00","dateModified":"2026-04-03T19:15:38+00:00","description":"Wasserstoff-V8 Yamaha Toyota BMW Lexus Mazda Subaru Kawasaki","breadcrumb":{"@id":"https:\/\/www.enzo-und-ferdinand.de\/index.php\/2022\/02\/20\/wasserstoff-v8-von-yamaha\/#breadcrumb"},"inLanguage":"de","potentialAction":[{"@type":"ReadAction","target":["https:\/\/www.enzo-und-ferdinand.de\/index.php\/2022\/02\/20\/wasserstoff-v8-von-yamaha\/"]}]},{"@type":"ImageObject","inLanguage":"de","@id":"https:\/\/www.enzo-und-ferdinand.de\/index.php\/2022\/02\/20\/wasserstoff-v8-von-yamaha\/#primaryimage","url":"https:\/\/www.enzo-und-ferdinand.de\/wp-content\/uploads\/2022\/02\/yamaha-1.jpg","contentUrl":"https:\/\/www.enzo-und-ferdinand.de\/wp-content\/uploads\/2022\/02\/yamaha-1.jpg","width":850,"height":550},{"@type":"BreadcrumbList","@id":"https:\/\/www.enzo-und-ferdinand.de\/index.php\/2022\/02\/20\/wasserstoff-v8-von-yamaha\/#breadcrumb","itemListElement":[{"@type":"ListItem","position":1,"name":"Startseite","item":"https:\/\/www.enzo-und-ferdinand.de\/"},{"@type":"ListItem","position":2,"name":"Wasserstoff-V8 von Yamaha"}]},{"@type":"WebSite","@id":"https:\/\/www.enzo-und-ferdinand.de\/#website","url":"https:\/\/www.enzo-und-ferdinand.de\/","name":"enzo & Ferdinand","description":"","publisher":{"@id":"https:\/\/www.enzo-und-ferdinand.de\/#organization"},"potentialAction":[{"@type":"SearchAction","target":{"@type":"EntryPoint","urlTemplate":"https:\/\/www.enzo-und-ferdinand.de\/?s={search_term_string}"},"query-input":{"@type":"PropertyValueSpecification","valueRequired":true,"valueName":"search_term_string"}}],"inLanguage":"de"},{"@type":"Organization","@id":"https:\/\/www.enzo-und-ferdinand.de\/#organization","name":"enzo & Ferdinand","url":"https:\/\/www.enzo-und-ferdinand.de\/","logo":{"@type":"ImageObject","inLanguage":"de","@id":"https:\/\/www.enzo-und-ferdinand.de\/#\/schema\/logo\/image\/","url":"https:\/\/www.enzo-und-ferdinand.de\/wp-content\/uploads\/2018\/12\/revvvs-icon.png","contentUrl":"https:\/\/www.enzo-und-ferdinand.de\/wp-content\/uploads\/2018\/12\/revvvs-icon.png","width":512,"height":512,"caption":"enzo & Ferdinand"},"image":{"@id":"https:\/\/www.enzo-und-ferdinand.de\/#\/schema\/logo\/image\/"}},{"@type":"Person","@id":"https:\/\/www.enzo-und-ferdinand.de\/#\/schema\/person\/aff2eb9ff87705987c1b9d21fe10b095","name":"Rainer Ro\u00dfbach","image":{"@type":"ImageObject","inLanguage":"de","@id":"https:\/\/www.enzo-und-ferdinand.de\/wp-content\/uploads\/2026\/01\/Rainer-Rossbach-150x150.jpg","url":"https:\/\/www.enzo-und-ferdinand.de\/wp-content\/uploads\/2026\/01\/Rainer-Rossbach-150x150.jpg","contentUrl":"https:\/\/www.enzo-und-ferdinand.de\/wp-content\/uploads\/2026\/01\/Rainer-Rossbach-150x150.jpg","caption":"Rainer Ro\u00dfbach"},"url":"https:\/\/www.enzo-und-ferdinand.de\/index.php\/author\/redaktion\/"}]}},"_links":{"self":[{"href":"https:\/\/www.enzo-und-ferdinand.de\/index.php\/wp-json\/wp\/v2\/posts\/7440","targetHints":{"allow":["GET"]}}],"collection":[{"href":"https:\/\/www.enzo-und-ferdinand.de\/index.php\/wp-json\/wp\/v2\/posts"}],"about":[{"href":"https:\/\/www.enzo-und-ferdinand.de\/index.php\/wp-json\/wp\/v2\/types\/post"}],"author":[{"embeddable":true,"href":"https:\/\/www.enzo-und-ferdinand.de\/index.php\/wp-json\/wp\/v2\/users\/1"}],"replies":[{"embeddable":true,"href":"https:\/\/www.enzo-und-ferdinand.de\/index.php\/wp-json\/wp\/v2\/comments?post=7440"}],"version-history":[{"count":9,"href":"https:\/\/www.enzo-und-ferdinand.de\/index.php\/wp-json\/wp\/v2\/posts\/7440\/revisions"}],"predecessor-version":[{"id":9725,"href":"https:\/\/www.enzo-und-ferdinand.de\/index.php\/wp-json\/wp\/v2\/posts\/7440\/revisions\/9725"}],"wp:featuredmedia":[{"embeddable":true,"href":"https:\/\/www.enzo-und-ferdinand.de\/index.php\/wp-json\/wp\/v2\/media\/7449"}],"wp:attachment":[{"href":"https:\/\/www.enzo-und-ferdinand.de\/index.php\/wp-json\/wp\/v2\/media?parent=7440"}],"wp:term":[{"taxonomy":"category","embeddable":true,"href":"https:\/\/www.enzo-und-ferdinand.de\/index.php\/wp-json\/wp\/v2\/categories?post=7440"},{"taxonomy":"post_tag","embeddable":true,"href":"https:\/\/www.enzo-und-ferdinand.de\/index.php\/wp-json\/wp\/v2\/tags?post=7440"}],"curies":[{"name":"wp","href":"https:\/\/api.w.org\/{rel}","templated":true}]}}