{"id":7735,"date":"2022-04-09T16:28:20","date_gmt":"2022-04-09T14:28:20","guid":{"rendered":"https:\/\/www.enzo-und-ferdinand.de\/?p=7735"},"modified":"2023-05-08T09:28:28","modified_gmt":"2023-05-08T07:28:28","slug":"gloeckler-porsche-nr-4","status":"publish","type":"post","link":"https:\/\/www.enzo-und-ferdinand.de\/index.php\/2022\/04\/09\/gloeckler-porsche-nr-4\/","title":{"rendered":"Gl\u00f6ckler-Porsche Nr. 4"},"content":{"rendered":"\n<figure class=\"wp-block-image size-large\"><img loading=\"lazy\" decoding=\"async\" width=\"810\" height=\"539\" src=\"https:\/\/www.enzo-und-ferdinand.de\/wp-content\/uploads\/2022\/04\/DSC_2840-810x539.jpg\" alt=\"\" class=\"wp-image-7742\" srcset=\"https:\/\/www.enzo-und-ferdinand.de\/wp-content\/uploads\/2022\/04\/DSC_2840-810x539.jpg 810w, https:\/\/www.enzo-und-ferdinand.de\/wp-content\/uploads\/2022\/04\/DSC_2840-300x200.jpg 300w, https:\/\/www.enzo-und-ferdinand.de\/wp-content\/uploads\/2022\/04\/DSC_2840-768x511.jpg 768w, https:\/\/www.enzo-und-ferdinand.de\/wp-content\/uploads\/2022\/04\/DSC_2840-120x80.jpg 120w, https:\/\/www.enzo-und-ferdinand.de\/wp-content\/uploads\/2022\/04\/DSC_2840.jpg 875w\" sizes=\"auto, (max-width: 810px) 100vw, 810px\" \/><\/figure>\n\n\n\n<p class=\"wp-block-paragraph\">1950 entwerfen der Frankfurter Autoh\u00e4ndler Walter Gl\u00f6ckler und sein Kundendienstleiter Hermann Ramelow einen offenen Rennwagen mit Rohrrahmen, Teleskopd\u00e4mpfern und Mittelmotor. Als Antrieb dient ein 1086ccm-Boxermotor mit Porsche-Zylinderk\u00f6pfen. Der Karosseriebauer Weidenhausen aus Frankfurt-Sachsenhausen fertigt die Alukarosserie f\u00fcr den Rennwagen, mit dem Walter Gl\u00f6ckler 1950 auf Anhieb die Deutsche Sportwagenmeisterschaft gewinnt.&nbsp;&nbsp;<\/p>\n\n\n\n<p class=\"wp-block-paragraph\">Insgesamt sieben Gl\u00f6ckler-Porsche entstehen zwischen 1950 und 1954. Nummer 4 ist die Anfang 1952 aufgebaute Version des 1500. Dieser Zweisitzer entsteht nicht wie bislang auf einem Rohrrahmen sondern auf dem verk\u00fcrzten Fahrgestell des Porsche 356 und nutzt dessen Antriebstechnik. Nach einigen Eins\u00e4tzen in Europa geht der Wagen an den amerikanischen Autoh\u00e4ndler Max Hoffman und wird danach bei amerikanischen Berg- und Sportwagenrennen an den Start gebracht, wo er noch einige gute Platzierungen erzielt.<\/p>\n\n\n\n<p class=\"wp-block-paragraph\">Gl\u00f6cklers Konstruktionen haben zun\u00e4chst nichts mit Porsche zu tun, sondern entstehen aus eigener Initiative f\u00fcr die eigenen Rennaktivit\u00e4ten. Anfang 1953 baut Gl\u00f6ckler aber im Auftrag des Schweizer Importeurs Hans Stanek einen Roadster, der auch aus der Sicht von Porsche das Vorbild f\u00fcr den 550 Spyder ist und damit Stammvater aller reinrassigen Porsche-Rennwagen.<\/p>\n\n\n\nngg_shortcode_0_placeholder\n\n\n\n<figure class=\"wp-block-gallery has-nested-images columns-2 is-cropped wp-block-gallery-1 is-layout-flex wp-block-gallery-is-layout-flex\"><\/figure>\n\n\n\n<p class=\"has-text-align-right has-small-font-size wp-block-paragraph\">Fotos: Rainer Ro\u00dfbach\/Text: Rainer Ro\u00dfbach<\/p>\n","protected":false},"excerpt":{"rendered":"<p>1950 entwerfen der Frankfurter Autoh\u00e4ndler Walter Gl\u00f6ckler und sein Kundendienstleiter Hermann Ramelow einen offenen Rennwagen mit Rohrrahmen, Teleskopd\u00e4mpfern und Mittelmotor. Als Antrieb dient ein 1086ccm-Boxermotor mit Porsche-Zylinderk\u00f6pfen. Der Karosseriebauer Weidenhausen aus Frankfurt-Sachsenhausen fertigt die Alukarosserie f\u00fcr den Rennwagen, mit dem Walter Gl\u00f6ckler 1950 auf Anhieb die Deutsche Sportwagenmeisterschaft gewinnt.\u00a0\u00a0Insgesamt sieben Gl\u00f6ckler-Porsche entstehen zwischen 1950 und 1954. Nummer 4 ist die Anfang 1952 aufgebaute Version des 1500.<\/p>\n","protected":false},"author":1,"featured_media":7741,"comment_status":"closed","ping_status":"closed","sticky":false,"template":"","format":"standard","meta":{"_crdt_document":"","ngg_post_thumbnail":0,"footnotes":""},"categories":[23,24],"tags":[201,365],"class_list":["post-7735","post","type-post","status-publish","format-standard","has-post-thumbnail","hentry","category-performance","category-unikate","tag-porsche","tag-porsche-356"],"yoast_head":"<!-- This site is optimized with the Yoast SEO plugin v27.5 - https:\/\/yoast.com\/product\/yoast-seo-wordpress\/ -->\n<title>Gl\u00f6ckler-Porsche Nr. 4<\/title>\n<meta name=\"description\" content=\"Walter Gl\u00f6ckler Hermann Ramelow Karosseriebauer Weidenhausen Alukarosserie Porsche 356 Max Hoffman Hans Stanek 550 Spyder\" \/>\n<meta name=\"robots\" content=\"index, follow, max-snippet:-1, max-image-preview:large, max-video-preview:-1\" \/>\n<link rel=\"canonical\" href=\"https:\/\/www.enzo-und-ferdinand.de\/index.php\/2022\/04\/09\/gloeckler-porsche-nr-4\/\" \/>\n<meta property=\"og:locale\" content=\"de_DE\" \/>\n<meta property=\"og:type\" content=\"article\" \/>\n<meta property=\"og:title\" content=\"Gl\u00f6ckler-Porsche Nr. 4\" \/>\n<meta property=\"og:description\" content=\"Walter Gl\u00f6ckler Hermann Ramelow Karosseriebauer Weidenhausen Alukarosserie Porsche 356 Max Hoffman Hans Stanek 550 Spyder\" \/>\n<meta property=\"og:url\" content=\"https:\/\/www.enzo-und-ferdinand.de\/index.php\/2022\/04\/09\/gloeckler-porsche-nr-4\/\" \/>\n<meta property=\"og:site_name\" content=\"enzo &amp; Ferdinand\" \/>\n<meta property=\"article:published_time\" content=\"2022-04-09T14:28:20+00:00\" \/>\n<meta property=\"article:modified_time\" content=\"2023-05-08T07:28:28+00:00\" \/>\n<meta property=\"og:image\" content=\"https:\/\/www.enzo-und-ferdinand.de\/wp-content\/uploads\/2022\/04\/DSC_2599.jpg\" \/>\n\t<meta property=\"og:image:width\" content=\"875\" \/>\n\t<meta property=\"og:image:height\" content=\"582\" \/>\n\t<meta property=\"og:image:type\" content=\"image\/jpeg\" \/>\n<meta name=\"author\" content=\"Rainer Ro\u00dfbach\" \/>\n<meta name=\"twitter:card\" content=\"summary_large_image\" \/>\n<meta name=\"twitter:label1\" content=\"Verfasst von\" \/>\n\t<meta name=\"twitter:data1\" content=\"Rainer Ro\u00dfbach\" \/>\n\t<meta name=\"twitter:label2\" content=\"Gesch\u00e4tzte Lesezeit\" \/>\n\t<meta name=\"twitter:data2\" content=\"1\u00a0Minute\" \/>\n<script type=\"application\/ld+json\" class=\"yoast-schema-graph\">{\"@context\":\"https:\\\/\\\/schema.org\",\"@graph\":[{\"@type\":\"Article\",\"@id\":\"https:\\\/\\\/www.enzo-und-ferdinand.de\\\/index.php\\\/2022\\\/04\\\/09\\\/gloeckler-porsche-nr-4\\\/#article\",\"isPartOf\":{\"@id\":\"https:\\\/\\\/www.enzo-und-ferdinand.de\\\/index.php\\\/2022\\\/04\\\/09\\\/gloeckler-porsche-nr-4\\\/\"},\"author\":{\"name\":\"Rainer Ro\u00dfbach\",\"@id\":\"https:\\\/\\\/www.enzo-und-ferdinand.de\\\/#\\\/schema\\\/person\\\/aff2eb9ff87705987c1b9d21fe10b095\"},\"headline\":\"Gl\u00f6ckler-Porsche Nr. 4\",\"datePublished\":\"2022-04-09T14:28:20+00:00\",\"dateModified\":\"2023-05-08T07:28:28+00:00\",\"mainEntityOfPage\":{\"@id\":\"https:\\\/\\\/www.enzo-und-ferdinand.de\\\/index.php\\\/2022\\\/04\\\/09\\\/gloeckler-porsche-nr-4\\\/\"},\"wordCount\":201,\"publisher\":{\"@id\":\"https:\\\/\\\/www.enzo-und-ferdinand.de\\\/#organization\"},\"image\":{\"@id\":\"https:\\\/\\\/www.enzo-und-ferdinand.de\\\/index.php\\\/2022\\\/04\\\/09\\\/gloeckler-porsche-nr-4\\\/#primaryimage\"},\"thumbnailUrl\":\"https:\\\/\\\/www.enzo-und-ferdinand.de\\\/wp-content\\\/uploads\\\/2022\\\/04\\\/DSC_2599.jpg\",\"keywords\":[\"Porsche\",\"Porsche 356\"],\"articleSection\":[\"Performance\",\"Unikate\"],\"inLanguage\":\"de\"},{\"@type\":\"WebPage\",\"@id\":\"https:\\\/\\\/www.enzo-und-ferdinand.de\\\/index.php\\\/2022\\\/04\\\/09\\\/gloeckler-porsche-nr-4\\\/\",\"url\":\"https:\\\/\\\/www.enzo-und-ferdinand.de\\\/index.php\\\/2022\\\/04\\\/09\\\/gloeckler-porsche-nr-4\\\/\",\"name\":\"Gl\u00f6ckler-Porsche Nr. 4\",\"isPartOf\":{\"@id\":\"https:\\\/\\\/www.enzo-und-ferdinand.de\\\/#website\"},\"primaryImageOfPage\":{\"@id\":\"https:\\\/\\\/www.enzo-und-ferdinand.de\\\/index.php\\\/2022\\\/04\\\/09\\\/gloeckler-porsche-nr-4\\\/#primaryimage\"},\"image\":{\"@id\":\"https:\\\/\\\/www.enzo-und-ferdinand.de\\\/index.php\\\/2022\\\/04\\\/09\\\/gloeckler-porsche-nr-4\\\/#primaryimage\"},\"thumbnailUrl\":\"https:\\\/\\\/www.enzo-und-ferdinand.de\\\/wp-content\\\/uploads\\\/2022\\\/04\\\/DSC_2599.jpg\",\"datePublished\":\"2022-04-09T14:28:20+00:00\",\"dateModified\":\"2023-05-08T07:28:28+00:00\",\"description\":\"Walter Gl\u00f6ckler Hermann Ramelow Karosseriebauer Weidenhausen Alukarosserie Porsche 356 Max Hoffman Hans Stanek 550 Spyder\",\"breadcrumb\":{\"@id\":\"https:\\\/\\\/www.enzo-und-ferdinand.de\\\/index.php\\\/2022\\\/04\\\/09\\\/gloeckler-porsche-nr-4\\\/#breadcrumb\"},\"inLanguage\":\"de\",\"potentialAction\":[{\"@type\":\"ReadAction\",\"target\":[\"https:\\\/\\\/www.enzo-und-ferdinand.de\\\/index.php\\\/2022\\\/04\\\/09\\\/gloeckler-porsche-nr-4\\\/\"]}]},{\"@type\":\"ImageObject\",\"inLanguage\":\"de\",\"@id\":\"https:\\\/\\\/www.enzo-und-ferdinand.de\\\/index.php\\\/2022\\\/04\\\/09\\\/gloeckler-porsche-nr-4\\\/#primaryimage\",\"url\":\"https:\\\/\\\/www.enzo-und-ferdinand.de\\\/wp-content\\\/uploads\\\/2022\\\/04\\\/DSC_2599.jpg\",\"contentUrl\":\"https:\\\/\\\/www.enzo-und-ferdinand.de\\\/wp-content\\\/uploads\\\/2022\\\/04\\\/DSC_2599.jpg\",\"width\":875,\"height\":582},{\"@type\":\"BreadcrumbList\",\"@id\":\"https:\\\/\\\/www.enzo-und-ferdinand.de\\\/index.php\\\/2022\\\/04\\\/09\\\/gloeckler-porsche-nr-4\\\/#breadcrumb\",\"itemListElement\":[{\"@type\":\"ListItem\",\"position\":1,\"name\":\"Startseite\",\"item\":\"https:\\\/\\\/www.enzo-und-ferdinand.de\\\/\"},{\"@type\":\"ListItem\",\"position\":2,\"name\":\"Gl\u00f6ckler-Porsche Nr. 4\"}]},{\"@type\":\"WebSite\",\"@id\":\"https:\\\/\\\/www.enzo-und-ferdinand.de\\\/#website\",\"url\":\"https:\\\/\\\/www.enzo-und-ferdinand.de\\\/\",\"name\":\"enzo & Ferdinand\",\"description\":\"\",\"publisher\":{\"@id\":\"https:\\\/\\\/www.enzo-und-ferdinand.de\\\/#organization\"},\"potentialAction\":[{\"@type\":\"SearchAction\",\"target\":{\"@type\":\"EntryPoint\",\"urlTemplate\":\"https:\\\/\\\/www.enzo-und-ferdinand.de\\\/?s={search_term_string}\"},\"query-input\":{\"@type\":\"PropertyValueSpecification\",\"valueRequired\":true,\"valueName\":\"search_term_string\"}}],\"inLanguage\":\"de\"},{\"@type\":\"Organization\",\"@id\":\"https:\\\/\\\/www.enzo-und-ferdinand.de\\\/#organization\",\"name\":\"enzo & Ferdinand\",\"url\":\"https:\\\/\\\/www.enzo-und-ferdinand.de\\\/\",\"logo\":{\"@type\":\"ImageObject\",\"inLanguage\":\"de\",\"@id\":\"https:\\\/\\\/www.enzo-und-ferdinand.de\\\/#\\\/schema\\\/logo\\\/image\\\/\",\"url\":\"https:\\\/\\\/www.enzo-und-ferdinand.de\\\/wp-content\\\/uploads\\\/2018\\\/12\\\/revvvs-icon.png\",\"contentUrl\":\"https:\\\/\\\/www.enzo-und-ferdinand.de\\\/wp-content\\\/uploads\\\/2018\\\/12\\\/revvvs-icon.png\",\"width\":512,\"height\":512,\"caption\":\"enzo & Ferdinand\"},\"image\":{\"@id\":\"https:\\\/\\\/www.enzo-und-ferdinand.de\\\/#\\\/schema\\\/logo\\\/image\\\/\"}},{\"@type\":\"Person\",\"@id\":\"https:\\\/\\\/www.enzo-und-ferdinand.de\\\/#\\\/schema\\\/person\\\/aff2eb9ff87705987c1b9d21fe10b095\",\"name\":\"Rainer Ro\u00dfbach\",\"image\":{\"@type\":\"ImageObject\",\"inLanguage\":\"de\",\"@id\":\"https:\\\/\\\/www.enzo-und-ferdinand.de\\\/wp-content\\\/uploads\\\/2026\\\/01\\\/Rainer-Rossbach-150x150.jpg\",\"url\":\"https:\\\/\\\/www.enzo-und-ferdinand.de\\\/wp-content\\\/uploads\\\/2026\\\/01\\\/Rainer-Rossbach-150x150.jpg\",\"contentUrl\":\"https:\\\/\\\/www.enzo-und-ferdinand.de\\\/wp-content\\\/uploads\\\/2026\\\/01\\\/Rainer-Rossbach-150x150.jpg\",\"caption\":\"Rainer Ro\u00dfbach\"},\"url\":\"https:\\\/\\\/www.enzo-und-ferdinand.de\\\/index.php\\\/author\\\/redaktion\\\/\"}]}<\/script>\n<!-- \/ Yoast SEO plugin. -->","yoast_head_json":{"title":"Gl\u00f6ckler-Porsche Nr. 4","description":"Walter Gl\u00f6ckler Hermann Ramelow Karosseriebauer Weidenhausen Alukarosserie Porsche 356 Max Hoffman Hans Stanek 550 Spyder","robots":{"index":"index","follow":"follow","max-snippet":"max-snippet:-1","max-image-preview":"max-image-preview:large","max-video-preview":"max-video-preview:-1"},"canonical":"https:\/\/www.enzo-und-ferdinand.de\/index.php\/2022\/04\/09\/gloeckler-porsche-nr-4\/","og_locale":"de_DE","og_type":"article","og_title":"Gl\u00f6ckler-Porsche Nr. 4","og_description":"Walter Gl\u00f6ckler Hermann Ramelow Karosseriebauer Weidenhausen Alukarosserie Porsche 356 Max Hoffman Hans Stanek 550 Spyder","og_url":"https:\/\/www.enzo-und-ferdinand.de\/index.php\/2022\/04\/09\/gloeckler-porsche-nr-4\/","og_site_name":"enzo &amp; Ferdinand","article_published_time":"2022-04-09T14:28:20+00:00","article_modified_time":"2023-05-08T07:28:28+00:00","og_image":[{"width":875,"height":582,"url":"https:\/\/www.enzo-und-ferdinand.de\/wp-content\/uploads\/2022\/04\/DSC_2599.jpg","type":"image\/jpeg"}],"author":"Rainer Ro\u00dfbach","twitter_card":"summary_large_image","twitter_misc":{"Verfasst von":"Rainer Ro\u00dfbach","Gesch\u00e4tzte Lesezeit":"1\u00a0Minute"},"schema":{"@context":"https:\/\/schema.org","@graph":[{"@type":"Article","@id":"https:\/\/www.enzo-und-ferdinand.de\/index.php\/2022\/04\/09\/gloeckler-porsche-nr-4\/#article","isPartOf":{"@id":"https:\/\/www.enzo-und-ferdinand.de\/index.php\/2022\/04\/09\/gloeckler-porsche-nr-4\/"},"author":{"name":"Rainer Ro\u00dfbach","@id":"https:\/\/www.enzo-und-ferdinand.de\/#\/schema\/person\/aff2eb9ff87705987c1b9d21fe10b095"},"headline":"Gl\u00f6ckler-Porsche Nr. 4","datePublished":"2022-04-09T14:28:20+00:00","dateModified":"2023-05-08T07:28:28+00:00","mainEntityOfPage":{"@id":"https:\/\/www.enzo-und-ferdinand.de\/index.php\/2022\/04\/09\/gloeckler-porsche-nr-4\/"},"wordCount":201,"publisher":{"@id":"https:\/\/www.enzo-und-ferdinand.de\/#organization"},"image":{"@id":"https:\/\/www.enzo-und-ferdinand.de\/index.php\/2022\/04\/09\/gloeckler-porsche-nr-4\/#primaryimage"},"thumbnailUrl":"https:\/\/www.enzo-und-ferdinand.de\/wp-content\/uploads\/2022\/04\/DSC_2599.jpg","keywords":["Porsche","Porsche 356"],"articleSection":["Performance","Unikate"],"inLanguage":"de"},{"@type":"WebPage","@id":"https:\/\/www.enzo-und-ferdinand.de\/index.php\/2022\/04\/09\/gloeckler-porsche-nr-4\/","url":"https:\/\/www.enzo-und-ferdinand.de\/index.php\/2022\/04\/09\/gloeckler-porsche-nr-4\/","name":"Gl\u00f6ckler-Porsche Nr. 4","isPartOf":{"@id":"https:\/\/www.enzo-und-ferdinand.de\/#website"},"primaryImageOfPage":{"@id":"https:\/\/www.enzo-und-ferdinand.de\/index.php\/2022\/04\/09\/gloeckler-porsche-nr-4\/#primaryimage"},"image":{"@id":"https:\/\/www.enzo-und-ferdinand.de\/index.php\/2022\/04\/09\/gloeckler-porsche-nr-4\/#primaryimage"},"thumbnailUrl":"https:\/\/www.enzo-und-ferdinand.de\/wp-content\/uploads\/2022\/04\/DSC_2599.jpg","datePublished":"2022-04-09T14:28:20+00:00","dateModified":"2023-05-08T07:28:28+00:00","description":"Walter Gl\u00f6ckler Hermann Ramelow Karosseriebauer Weidenhausen Alukarosserie Porsche 356 Max Hoffman Hans Stanek 550 Spyder","breadcrumb":{"@id":"https:\/\/www.enzo-und-ferdinand.de\/index.php\/2022\/04\/09\/gloeckler-porsche-nr-4\/#breadcrumb"},"inLanguage":"de","potentialAction":[{"@type":"ReadAction","target":["https:\/\/www.enzo-und-ferdinand.de\/index.php\/2022\/04\/09\/gloeckler-porsche-nr-4\/"]}]},{"@type":"ImageObject","inLanguage":"de","@id":"https:\/\/www.enzo-und-ferdinand.de\/index.php\/2022\/04\/09\/gloeckler-porsche-nr-4\/#primaryimage","url":"https:\/\/www.enzo-und-ferdinand.de\/wp-content\/uploads\/2022\/04\/DSC_2599.jpg","contentUrl":"https:\/\/www.enzo-und-ferdinand.de\/wp-content\/uploads\/2022\/04\/DSC_2599.jpg","width":875,"height":582},{"@type":"BreadcrumbList","@id":"https:\/\/www.enzo-und-ferdinand.de\/index.php\/2022\/04\/09\/gloeckler-porsche-nr-4\/#breadcrumb","itemListElement":[{"@type":"ListItem","position":1,"name":"Startseite","item":"https:\/\/www.enzo-und-ferdinand.de\/"},{"@type":"ListItem","position":2,"name":"Gl\u00f6ckler-Porsche Nr. 4"}]},{"@type":"WebSite","@id":"https:\/\/www.enzo-und-ferdinand.de\/#website","url":"https:\/\/www.enzo-und-ferdinand.de\/","name":"enzo & Ferdinand","description":"","publisher":{"@id":"https:\/\/www.enzo-und-ferdinand.de\/#organization"},"potentialAction":[{"@type":"SearchAction","target":{"@type":"EntryPoint","urlTemplate":"https:\/\/www.enzo-und-ferdinand.de\/?s={search_term_string}"},"query-input":{"@type":"PropertyValueSpecification","valueRequired":true,"valueName":"search_term_string"}}],"inLanguage":"de"},{"@type":"Organization","@id":"https:\/\/www.enzo-und-ferdinand.de\/#organization","name":"enzo & Ferdinand","url":"https:\/\/www.enzo-und-ferdinand.de\/","logo":{"@type":"ImageObject","inLanguage":"de","@id":"https:\/\/www.enzo-und-ferdinand.de\/#\/schema\/logo\/image\/","url":"https:\/\/www.enzo-und-ferdinand.de\/wp-content\/uploads\/2018\/12\/revvvs-icon.png","contentUrl":"https:\/\/www.enzo-und-ferdinand.de\/wp-content\/uploads\/2018\/12\/revvvs-icon.png","width":512,"height":512,"caption":"enzo & Ferdinand"},"image":{"@id":"https:\/\/www.enzo-und-ferdinand.de\/#\/schema\/logo\/image\/"}},{"@type":"Person","@id":"https:\/\/www.enzo-und-ferdinand.de\/#\/schema\/person\/aff2eb9ff87705987c1b9d21fe10b095","name":"Rainer Ro\u00dfbach","image":{"@type":"ImageObject","inLanguage":"de","@id":"https:\/\/www.enzo-und-ferdinand.de\/wp-content\/uploads\/2026\/01\/Rainer-Rossbach-150x150.jpg","url":"https:\/\/www.enzo-und-ferdinand.de\/wp-content\/uploads\/2026\/01\/Rainer-Rossbach-150x150.jpg","contentUrl":"https:\/\/www.enzo-und-ferdinand.de\/wp-content\/uploads\/2026\/01\/Rainer-Rossbach-150x150.jpg","caption":"Rainer Ro\u00dfbach"},"url":"https:\/\/www.enzo-und-ferdinand.de\/index.php\/author\/redaktion\/"}]}},"_links":{"self":[{"href":"https:\/\/www.enzo-und-ferdinand.de\/index.php\/wp-json\/wp\/v2\/posts\/7735","targetHints":{"allow":["GET"]}}],"collection":[{"href":"https:\/\/www.enzo-und-ferdinand.de\/index.php\/wp-json\/wp\/v2\/posts"}],"about":[{"href":"https:\/\/www.enzo-und-ferdinand.de\/index.php\/wp-json\/wp\/v2\/types\/post"}],"author":[{"embeddable":true,"href":"https:\/\/www.enzo-und-ferdinand.de\/index.php\/wp-json\/wp\/v2\/users\/1"}],"replies":[{"embeddable":true,"href":"https:\/\/www.enzo-und-ferdinand.de\/index.php\/wp-json\/wp\/v2\/comments?post=7735"}],"version-history":[{"count":8,"href":"https:\/\/www.enzo-und-ferdinand.de\/index.php\/wp-json\/wp\/v2\/posts\/7735\/revisions"}],"predecessor-version":[{"id":7752,"href":"https:\/\/www.enzo-und-ferdinand.de\/index.php\/wp-json\/wp\/v2\/posts\/7735\/revisions\/7752"}],"wp:featuredmedia":[{"embeddable":true,"href":"https:\/\/www.enzo-und-ferdinand.de\/index.php\/wp-json\/wp\/v2\/media\/7741"}],"wp:attachment":[{"href":"https:\/\/www.enzo-und-ferdinand.de\/index.php\/wp-json\/wp\/v2\/media?parent=7735"}],"wp:term":[{"taxonomy":"category","embeddable":true,"href":"https:\/\/www.enzo-und-ferdinand.de\/index.php\/wp-json\/wp\/v2\/categories?post=7735"},{"taxonomy":"post_tag","embeddable":true,"href":"https:\/\/www.enzo-und-ferdinand.de\/index.php\/wp-json\/wp\/v2\/tags?post=7735"}],"curies":[{"name":"wp","href":"https:\/\/api.w.org\/{rel}","templated":true}]}}