{"id":8023,"date":"2022-04-26T10:15:09","date_gmt":"2022-04-26T08:15:09","guid":{"rendered":"https:\/\/www.enzo-und-ferdinand.de\/?p=8023"},"modified":"2022-04-26T10:15:10","modified_gmt":"2022-04-26T08:15:10","slug":"retro-classics-stuttgart-2022","status":"publish","type":"post","link":"https:\/\/www.enzo-und-ferdinand.de\/index.php\/2022\/04\/26\/retro-classics-stuttgart-2022\/","title":{"rendered":"Retro Classics Stuttgart 2022"},"content":{"rendered":"\n<figure class=\"wp-block-image size-large\"><img loading=\"lazy\" decoding=\"async\" width=\"810\" height=\"540\" src=\"https:\/\/www.enzo-und-ferdinand.de\/wp-content\/uploads\/2022\/04\/DSC_7487-810x540.jpg\" alt=\"\" class=\"wp-image-8027\" srcset=\"https:\/\/www.enzo-und-ferdinand.de\/wp-content\/uploads\/2022\/04\/DSC_7487-810x540.jpg 810w, https:\/\/www.enzo-und-ferdinand.de\/wp-content\/uploads\/2022\/04\/DSC_7487-300x200.jpg 300w, https:\/\/www.enzo-und-ferdinand.de\/wp-content\/uploads\/2022\/04\/DSC_7487-768x512.jpg 768w, https:\/\/www.enzo-und-ferdinand.de\/wp-content\/uploads\/2022\/04\/DSC_7487-120x80.jpg 120w, https:\/\/www.enzo-und-ferdinand.de\/wp-content\/uploads\/2022\/04\/DSC_7487.jpg 875w\" sizes=\"auto, (max-width: 810px) 100vw, 810px\" \/><figcaption>Porsche 956 (1982). Das Porsche-Team wird Markenweltmeister, Jacky Ickx Sportwagen-Fahrer-Weltmeister<\/figcaption><\/figure>\n\n\n\n<p class=\"wp-block-paragraph\">Nach dem Corona bedingten Ausfall der Retro Classics im letzten Jahr legte die Stuttgarter Messe einen \u00fcberzeugenden Neustart hin, auch wenn sich ausl\u00e4ndische Veranstalter noch ein wenig zur\u00fcckhielten. Aufw\u00e4ndig gestaltete St\u00e4nden zeigten neben den deutschen Klassikern von Mercedes-Benz und Porsche ein breites Spektrum an Old- und Youngtimern aus den USA, Japan, Italien, Frankreich und Gro\u00dfbritannien.<\/p>\n\n\n\n<p class=\"wp-block-paragraph\">Spektakul\u00e4r war der Stand des Porsche Museum, wo das 40-j\u00e4hrige Jubil\u00e4um der legend\u00e4ren Gruppe C gefeiert wurde. Zwei 956, die 1982 die Weltmeistertitel holten, und drei 962, darunter den Siegerwagen des Supercups 1987 und das Andretti-Auto, mit dem die Amerikaner 1984 die Pole beim 24-Stunden-Langstreckenklassiker holten, dokumentierten die legend\u00e4r erfolgreiche Rennsport\u00e4ra der Zuffenhauser.\u00a0<\/p>\n\n\n\n<figure class=\"wp-block-image size-large\"><img loading=\"lazy\" decoding=\"async\" width=\"810\" height=\"540\" src=\"https:\/\/www.enzo-und-ferdinand.de\/wp-content\/uploads\/2022\/04\/DSC_7477-810x540.jpg\" alt=\"\" class=\"wp-image-8026\" srcset=\"https:\/\/www.enzo-und-ferdinand.de\/wp-content\/uploads\/2022\/04\/DSC_7477-810x540.jpg 810w, https:\/\/www.enzo-und-ferdinand.de\/wp-content\/uploads\/2022\/04\/DSC_7477-300x200.jpg 300w, https:\/\/www.enzo-und-ferdinand.de\/wp-content\/uploads\/2022\/04\/DSC_7477-768x512.jpg 768w, https:\/\/www.enzo-und-ferdinand.de\/wp-content\/uploads\/2022\/04\/DSC_7477-120x80.jpg 120w, https:\/\/www.enzo-und-ferdinand.de\/wp-content\/uploads\/2022\/04\/DSC_7477.jpg 875w\" sizes=\"auto, (max-width: 810px) 100vw, 810px\" \/><figcaption>Porsche 962 C. Hans-Joachim Stuck gewinnt den Supercup 1987<\/figcaption><\/figure>\n\n\n\n<p class=\"wp-block-paragraph\">Aktuelle Fahrzeuge wie der Ford GT Heritage Edition oder die diversen Klassiker von Mercedes und Porsche fanden in der Halle 1 genauso ihre B\u00fchne wie das\u00a0 nationale franz\u00f6sische Automobilmuseum im els\u00e4ssischen Mulhouse, das drei rare Bugatti-Klassiker nach Stuttgart gebracht hatte. Auf der\u00a0 Empore, traditionell dem privaten Verkauf vorbehalten, lie\u00df sich auch der eine oder andere Exot bestaunen, wie etwa der rare Fiat 131 Abarth Stradale.<\/p>\n\n\n\n<figure class=\"wp-block-image size-large\"><img loading=\"lazy\" decoding=\"async\" width=\"810\" height=\"540\" src=\"https:\/\/www.enzo-und-ferdinand.de\/wp-content\/uploads\/2022\/04\/DSC_7499-810x540.jpg\" alt=\"\" class=\"wp-image-8028\" srcset=\"https:\/\/www.enzo-und-ferdinand.de\/wp-content\/uploads\/2022\/04\/DSC_7499-810x540.jpg 810w, https:\/\/www.enzo-und-ferdinand.de\/wp-content\/uploads\/2022\/04\/DSC_7499-300x200.jpg 300w, https:\/\/www.enzo-und-ferdinand.de\/wp-content\/uploads\/2022\/04\/DSC_7499-768x512.jpg 768w, https:\/\/www.enzo-und-ferdinand.de\/wp-content\/uploads\/2022\/04\/DSC_7499-120x80.jpg 120w, https:\/\/www.enzo-und-ferdinand.de\/wp-content\/uploads\/2022\/04\/DSC_7499.jpg 875w\" sizes=\"auto, (max-width: 810px) 100vw, 810px\" \/><figcaption>Porsche 962 IMSA (1984). Mario und Michael Andretti fahren bei den 24 Stunden von Daytona auf die Pole Position<\/figcaption><\/figure>\n\n\n\n<p class=\"wp-block-paragraph\">In den Hallen 3, 5 und 7 dominierten die Marken- und Modellclubs das Bild, aber auch BMW war zusammen mit den Clubs in Halle 7  und zeigte etwa den BMW 3.0 CSL, der 1973 in der Tourenwagen-EM von Hans-Joachim Stuck und Chris Amon pilotiert wurde. Sehenswert waren auch die klassischen Lastwagen und Omnibusse und Schmankerl wie der Gutbrod Atlas 800 von 1950, von dem nur noch zwei existieren.\u00a0<\/p>\n\n\n\nngg_shortcode_0_placeholder\n","protected":false},"excerpt":{"rendered":"<p>Nach dem Corona bedingten Ausfall der Retro Classics im letzten Jahr legte die Stuttgarter Messe einen \u00fcberzeugenden Neustart hin, auch wenn sich ausl\u00e4ndische Veranstalter noch ein wenig zur\u00fcckhielten. Aufw\u00e4ndig gestaltete St\u00e4nden zeigten neben den deutschen Klassikern von Mercedes-Benz und Porsche ein breites Spektrum an Old- und Youngtimern aus den USA, Japan, Italien, Frankreich und Gro\u00dfbritannien. Spektakul\u00e4r war der Stand des Porsche Museum, wo das 40-j\u00e4hrige Jubil\u00e4um der legend\u00e4ren Gruppe C gefeiert wurde.<\/p>\n","protected":false},"author":1,"featured_media":8025,"comment_status":"closed","ping_status":"closed","sticky":false,"template":"","format":"standard","meta":{"_crdt_document":"","ngg_post_thumbnail":0,"footnotes":""},"categories":[14],"tags":[262],"class_list":["post-8023","post","type-post","status-publish","format-standard","has-post-thumbnail","hentry","category-events","tag-retro-classics"],"yoast_head":"<!-- This site is optimized with the Yoast SEO plugin v27.5 - https:\/\/yoast.com\/product\/yoast-seo-wordpress\/ -->\n<title>Retro Classics Stuttgart 2022<\/title>\n<meta name=\"description\" content=\"Porsche 956 Porsche 962 C IMSA Andretti Stuck Ferrari 512 M Fiat 131 Abarth Stradale Lancia Fulvia Zagato Sport Fiat 1100 TV Spider Fiat Ghia 1500 GT BMW 3.0 CSL BMW 3.0 CSL Hommage R Fiat X 1\/9 Vincent Moto Guzzi Rover VW Lancia Beta Montecarlo McLaren Elva Tecno GMC Alpine Steyr Puch Maybach Gutbrod\" \/>\n<meta name=\"robots\" content=\"index, follow, max-snippet:-1, max-image-preview:large, max-video-preview:-1\" \/>\n<link rel=\"canonical\" href=\"https:\/\/www.enzo-und-ferdinand.de\/index.php\/2022\/04\/26\/retro-classics-stuttgart-2022\/\" \/>\n<meta property=\"og:locale\" content=\"de_DE\" \/>\n<meta property=\"og:type\" content=\"article\" \/>\n<meta property=\"og:title\" content=\"Retro Classics Stuttgart 2022\" \/>\n<meta property=\"og:description\" content=\"Porsche 956 Porsche 962 C IMSA Andretti Stuck Ferrari 512 M Fiat 131 Abarth Stradale Lancia Fulvia Zagato Sport Fiat 1100 TV Spider Fiat Ghia 1500 GT BMW 3.0 CSL BMW 3.0 CSL Hommage R Fiat X 1\/9 Vincent Moto Guzzi Rover VW Lancia Beta Montecarlo McLaren Elva Tecno GMC Alpine Steyr Puch Maybach Gutbrod\" \/>\n<meta property=\"og:url\" content=\"https:\/\/www.enzo-und-ferdinand.de\/index.php\/2022\/04\/26\/retro-classics-stuttgart-2022\/\" \/>\n<meta property=\"og:site_name\" content=\"enzo &amp; Ferdinand\" \/>\n<meta property=\"article:published_time\" content=\"2022-04-26T08:15:09+00:00\" \/>\n<meta property=\"article:modified_time\" content=\"2022-04-26T08:15:10+00:00\" \/>\n<meta property=\"og:image\" content=\"https:\/\/www.enzo-und-ferdinand.de\/wp-content\/uploads\/2022\/04\/DSC_7474.jpg\" \/>\n\t<meta property=\"og:image:width\" content=\"875\" \/>\n\t<meta property=\"og:image:height\" content=\"583\" \/>\n\t<meta property=\"og:image:type\" content=\"image\/jpeg\" \/>\n<meta name=\"author\" content=\"Rainer Ro\u00dfbach\" \/>\n<meta name=\"twitter:card\" content=\"summary_large_image\" \/>\n<meta name=\"twitter:label1\" content=\"Verfasst von\" \/>\n\t<meta name=\"twitter:data1\" content=\"Rainer Ro\u00dfbach\" \/>\n\t<meta name=\"twitter:label2\" content=\"Gesch\u00e4tzte Lesezeit\" \/>\n\t<meta name=\"twitter:data2\" content=\"1\u00a0Minute\" \/>\n<script type=\"application\/ld+json\" class=\"yoast-schema-graph\">{\"@context\":\"https:\\\/\\\/schema.org\",\"@graph\":[{\"@type\":\"Article\",\"@id\":\"https:\\\/\\\/www.enzo-und-ferdinand.de\\\/index.php\\\/2022\\\/04\\\/26\\\/retro-classics-stuttgart-2022\\\/#article\",\"isPartOf\":{\"@id\":\"https:\\\/\\\/www.enzo-und-ferdinand.de\\\/index.php\\\/2022\\\/04\\\/26\\\/retro-classics-stuttgart-2022\\\/\"},\"author\":{\"name\":\"Rainer Ro\u00dfbach\",\"@id\":\"https:\\\/\\\/www.enzo-und-ferdinand.de\\\/#\\\/schema\\\/person\\\/aff2eb9ff87705987c1b9d21fe10b095\"},\"headline\":\"Retro Classics Stuttgart 2022\",\"datePublished\":\"2022-04-26T08:15:09+00:00\",\"dateModified\":\"2022-04-26T08:15:10+00:00\",\"mainEntityOfPage\":{\"@id\":\"https:\\\/\\\/www.enzo-und-ferdinand.de\\\/index.php\\\/2022\\\/04\\\/26\\\/retro-classics-stuttgart-2022\\\/\"},\"wordCount\":283,\"publisher\":{\"@id\":\"https:\\\/\\\/www.enzo-und-ferdinand.de\\\/#organization\"},\"image\":{\"@id\":\"https:\\\/\\\/www.enzo-und-ferdinand.de\\\/index.php\\\/2022\\\/04\\\/26\\\/retro-classics-stuttgart-2022\\\/#primaryimage\"},\"thumbnailUrl\":\"https:\\\/\\\/www.enzo-und-ferdinand.de\\\/wp-content\\\/uploads\\\/2022\\\/04\\\/DSC_7474.jpg\",\"keywords\":[\"Retro Classics\"],\"articleSection\":[\"Events\"],\"inLanguage\":\"de\"},{\"@type\":\"WebPage\",\"@id\":\"https:\\\/\\\/www.enzo-und-ferdinand.de\\\/index.php\\\/2022\\\/04\\\/26\\\/retro-classics-stuttgart-2022\\\/\",\"url\":\"https:\\\/\\\/www.enzo-und-ferdinand.de\\\/index.php\\\/2022\\\/04\\\/26\\\/retro-classics-stuttgart-2022\\\/\",\"name\":\"Retro Classics Stuttgart 2022\",\"isPartOf\":{\"@id\":\"https:\\\/\\\/www.enzo-und-ferdinand.de\\\/#website\"},\"primaryImageOfPage\":{\"@id\":\"https:\\\/\\\/www.enzo-und-ferdinand.de\\\/index.php\\\/2022\\\/04\\\/26\\\/retro-classics-stuttgart-2022\\\/#primaryimage\"},\"image\":{\"@id\":\"https:\\\/\\\/www.enzo-und-ferdinand.de\\\/index.php\\\/2022\\\/04\\\/26\\\/retro-classics-stuttgart-2022\\\/#primaryimage\"},\"thumbnailUrl\":\"https:\\\/\\\/www.enzo-und-ferdinand.de\\\/wp-content\\\/uploads\\\/2022\\\/04\\\/DSC_7474.jpg\",\"datePublished\":\"2022-04-26T08:15:09+00:00\",\"dateModified\":\"2022-04-26T08:15:10+00:00\",\"description\":\"Porsche 956 Porsche 962 C IMSA Andretti Stuck Ferrari 512 M Fiat 131 Abarth Stradale Lancia Fulvia Zagato Sport Fiat 1100 TV Spider Fiat Ghia 1500 GT BMW 3.0 CSL BMW 3.0 CSL Hommage R Fiat X 1\\\/9 Vincent Moto Guzzi Rover VW Lancia Beta Montecarlo McLaren Elva Tecno GMC Alpine Steyr Puch Maybach Gutbrod\",\"breadcrumb\":{\"@id\":\"https:\\\/\\\/www.enzo-und-ferdinand.de\\\/index.php\\\/2022\\\/04\\\/26\\\/retro-classics-stuttgart-2022\\\/#breadcrumb\"},\"inLanguage\":\"de\",\"potentialAction\":[{\"@type\":\"ReadAction\",\"target\":[\"https:\\\/\\\/www.enzo-und-ferdinand.de\\\/index.php\\\/2022\\\/04\\\/26\\\/retro-classics-stuttgart-2022\\\/\"]}]},{\"@type\":\"ImageObject\",\"inLanguage\":\"de\",\"@id\":\"https:\\\/\\\/www.enzo-und-ferdinand.de\\\/index.php\\\/2022\\\/04\\\/26\\\/retro-classics-stuttgart-2022\\\/#primaryimage\",\"url\":\"https:\\\/\\\/www.enzo-und-ferdinand.de\\\/wp-content\\\/uploads\\\/2022\\\/04\\\/DSC_7474.jpg\",\"contentUrl\":\"https:\\\/\\\/www.enzo-und-ferdinand.de\\\/wp-content\\\/uploads\\\/2022\\\/04\\\/DSC_7474.jpg\",\"width\":875,\"height\":583},{\"@type\":\"BreadcrumbList\",\"@id\":\"https:\\\/\\\/www.enzo-und-ferdinand.de\\\/index.php\\\/2022\\\/04\\\/26\\\/retro-classics-stuttgart-2022\\\/#breadcrumb\",\"itemListElement\":[{\"@type\":\"ListItem\",\"position\":1,\"name\":\"Startseite\",\"item\":\"https:\\\/\\\/www.enzo-und-ferdinand.de\\\/\"},{\"@type\":\"ListItem\",\"position\":2,\"name\":\"Retro Classics Stuttgart 2022\"}]},{\"@type\":\"WebSite\",\"@id\":\"https:\\\/\\\/www.enzo-und-ferdinand.de\\\/#website\",\"url\":\"https:\\\/\\\/www.enzo-und-ferdinand.de\\\/\",\"name\":\"enzo & Ferdinand\",\"description\":\"\",\"publisher\":{\"@id\":\"https:\\\/\\\/www.enzo-und-ferdinand.de\\\/#organization\"},\"potentialAction\":[{\"@type\":\"SearchAction\",\"target\":{\"@type\":\"EntryPoint\",\"urlTemplate\":\"https:\\\/\\\/www.enzo-und-ferdinand.de\\\/?s={search_term_string}\"},\"query-input\":{\"@type\":\"PropertyValueSpecification\",\"valueRequired\":true,\"valueName\":\"search_term_string\"}}],\"inLanguage\":\"de\"},{\"@type\":\"Organization\",\"@id\":\"https:\\\/\\\/www.enzo-und-ferdinand.de\\\/#organization\",\"name\":\"enzo & Ferdinand\",\"url\":\"https:\\\/\\\/www.enzo-und-ferdinand.de\\\/\",\"logo\":{\"@type\":\"ImageObject\",\"inLanguage\":\"de\",\"@id\":\"https:\\\/\\\/www.enzo-und-ferdinand.de\\\/#\\\/schema\\\/logo\\\/image\\\/\",\"url\":\"https:\\\/\\\/www.enzo-und-ferdinand.de\\\/wp-content\\\/uploads\\\/2018\\\/12\\\/revvvs-icon.png\",\"contentUrl\":\"https:\\\/\\\/www.enzo-und-ferdinand.de\\\/wp-content\\\/uploads\\\/2018\\\/12\\\/revvvs-icon.png\",\"width\":512,\"height\":512,\"caption\":\"enzo & Ferdinand\"},\"image\":{\"@id\":\"https:\\\/\\\/www.enzo-und-ferdinand.de\\\/#\\\/schema\\\/logo\\\/image\\\/\"}},{\"@type\":\"Person\",\"@id\":\"https:\\\/\\\/www.enzo-und-ferdinand.de\\\/#\\\/schema\\\/person\\\/aff2eb9ff87705987c1b9d21fe10b095\",\"name\":\"Rainer Ro\u00dfbach\",\"image\":{\"@type\":\"ImageObject\",\"inLanguage\":\"de\",\"@id\":\"https:\\\/\\\/www.enzo-und-ferdinand.de\\\/wp-content\\\/uploads\\\/2026\\\/01\\\/Rainer-Rossbach-150x150.jpg\",\"url\":\"https:\\\/\\\/www.enzo-und-ferdinand.de\\\/wp-content\\\/uploads\\\/2026\\\/01\\\/Rainer-Rossbach-150x150.jpg\",\"contentUrl\":\"https:\\\/\\\/www.enzo-und-ferdinand.de\\\/wp-content\\\/uploads\\\/2026\\\/01\\\/Rainer-Rossbach-150x150.jpg\",\"caption\":\"Rainer Ro\u00dfbach\"},\"url\":\"https:\\\/\\\/www.enzo-und-ferdinand.de\\\/index.php\\\/author\\\/redaktion\\\/\"}]}<\/script>\n<!-- \/ Yoast SEO plugin. -->","yoast_head_json":{"title":"Retro Classics Stuttgart 2022","description":"Porsche 956 Porsche 962 C IMSA Andretti Stuck Ferrari 512 M Fiat 131 Abarth Stradale Lancia Fulvia Zagato Sport Fiat 1100 TV Spider Fiat Ghia 1500 GT BMW 3.0 CSL BMW 3.0 CSL Hommage R Fiat X 1\/9 Vincent Moto Guzzi Rover VW Lancia Beta Montecarlo McLaren Elva Tecno GMC Alpine Steyr Puch Maybach Gutbrod","robots":{"index":"index","follow":"follow","max-snippet":"max-snippet:-1","max-image-preview":"max-image-preview:large","max-video-preview":"max-video-preview:-1"},"canonical":"https:\/\/www.enzo-und-ferdinand.de\/index.php\/2022\/04\/26\/retro-classics-stuttgart-2022\/","og_locale":"de_DE","og_type":"article","og_title":"Retro Classics Stuttgart 2022","og_description":"Porsche 956 Porsche 962 C IMSA Andretti Stuck Ferrari 512 M Fiat 131 Abarth Stradale Lancia Fulvia Zagato Sport Fiat 1100 TV Spider Fiat Ghia 1500 GT BMW 3.0 CSL BMW 3.0 CSL Hommage R Fiat X 1\/9 Vincent Moto Guzzi Rover VW Lancia Beta Montecarlo McLaren Elva Tecno GMC Alpine Steyr Puch Maybach Gutbrod","og_url":"https:\/\/www.enzo-und-ferdinand.de\/index.php\/2022\/04\/26\/retro-classics-stuttgart-2022\/","og_site_name":"enzo &amp; Ferdinand","article_published_time":"2022-04-26T08:15:09+00:00","article_modified_time":"2022-04-26T08:15:10+00:00","og_image":[{"width":875,"height":583,"url":"https:\/\/www.enzo-und-ferdinand.de\/wp-content\/uploads\/2022\/04\/DSC_7474.jpg","type":"image\/jpeg"}],"author":"Rainer Ro\u00dfbach","twitter_card":"summary_large_image","twitter_misc":{"Verfasst von":"Rainer Ro\u00dfbach","Gesch\u00e4tzte Lesezeit":"1\u00a0Minute"},"schema":{"@context":"https:\/\/schema.org","@graph":[{"@type":"Article","@id":"https:\/\/www.enzo-und-ferdinand.de\/index.php\/2022\/04\/26\/retro-classics-stuttgart-2022\/#article","isPartOf":{"@id":"https:\/\/www.enzo-und-ferdinand.de\/index.php\/2022\/04\/26\/retro-classics-stuttgart-2022\/"},"author":{"name":"Rainer Ro\u00dfbach","@id":"https:\/\/www.enzo-und-ferdinand.de\/#\/schema\/person\/aff2eb9ff87705987c1b9d21fe10b095"},"headline":"Retro Classics Stuttgart 2022","datePublished":"2022-04-26T08:15:09+00:00","dateModified":"2022-04-26T08:15:10+00:00","mainEntityOfPage":{"@id":"https:\/\/www.enzo-und-ferdinand.de\/index.php\/2022\/04\/26\/retro-classics-stuttgart-2022\/"},"wordCount":283,"publisher":{"@id":"https:\/\/www.enzo-und-ferdinand.de\/#organization"},"image":{"@id":"https:\/\/www.enzo-und-ferdinand.de\/index.php\/2022\/04\/26\/retro-classics-stuttgart-2022\/#primaryimage"},"thumbnailUrl":"https:\/\/www.enzo-und-ferdinand.de\/wp-content\/uploads\/2022\/04\/DSC_7474.jpg","keywords":["Retro Classics"],"articleSection":["Events"],"inLanguage":"de"},{"@type":"WebPage","@id":"https:\/\/www.enzo-und-ferdinand.de\/index.php\/2022\/04\/26\/retro-classics-stuttgart-2022\/","url":"https:\/\/www.enzo-und-ferdinand.de\/index.php\/2022\/04\/26\/retro-classics-stuttgart-2022\/","name":"Retro Classics Stuttgart 2022","isPartOf":{"@id":"https:\/\/www.enzo-und-ferdinand.de\/#website"},"primaryImageOfPage":{"@id":"https:\/\/www.enzo-und-ferdinand.de\/index.php\/2022\/04\/26\/retro-classics-stuttgart-2022\/#primaryimage"},"image":{"@id":"https:\/\/www.enzo-und-ferdinand.de\/index.php\/2022\/04\/26\/retro-classics-stuttgart-2022\/#primaryimage"},"thumbnailUrl":"https:\/\/www.enzo-und-ferdinand.de\/wp-content\/uploads\/2022\/04\/DSC_7474.jpg","datePublished":"2022-04-26T08:15:09+00:00","dateModified":"2022-04-26T08:15:10+00:00","description":"Porsche 956 Porsche 962 C IMSA Andretti Stuck Ferrari 512 M Fiat 131 Abarth Stradale Lancia Fulvia Zagato Sport Fiat 1100 TV Spider Fiat Ghia 1500 GT BMW 3.0 CSL BMW 3.0 CSL Hommage R Fiat X 1\/9 Vincent Moto Guzzi Rover VW Lancia Beta Montecarlo McLaren Elva Tecno GMC Alpine Steyr Puch Maybach Gutbrod","breadcrumb":{"@id":"https:\/\/www.enzo-und-ferdinand.de\/index.php\/2022\/04\/26\/retro-classics-stuttgart-2022\/#breadcrumb"},"inLanguage":"de","potentialAction":[{"@type":"ReadAction","target":["https:\/\/www.enzo-und-ferdinand.de\/index.php\/2022\/04\/26\/retro-classics-stuttgart-2022\/"]}]},{"@type":"ImageObject","inLanguage":"de","@id":"https:\/\/www.enzo-und-ferdinand.de\/index.php\/2022\/04\/26\/retro-classics-stuttgart-2022\/#primaryimage","url":"https:\/\/www.enzo-und-ferdinand.de\/wp-content\/uploads\/2022\/04\/DSC_7474.jpg","contentUrl":"https:\/\/www.enzo-und-ferdinand.de\/wp-content\/uploads\/2022\/04\/DSC_7474.jpg","width":875,"height":583},{"@type":"BreadcrumbList","@id":"https:\/\/www.enzo-und-ferdinand.de\/index.php\/2022\/04\/26\/retro-classics-stuttgart-2022\/#breadcrumb","itemListElement":[{"@type":"ListItem","position":1,"name":"Startseite","item":"https:\/\/www.enzo-und-ferdinand.de\/"},{"@type":"ListItem","position":2,"name":"Retro Classics Stuttgart 2022"}]},{"@type":"WebSite","@id":"https:\/\/www.enzo-und-ferdinand.de\/#website","url":"https:\/\/www.enzo-und-ferdinand.de\/","name":"enzo & Ferdinand","description":"","publisher":{"@id":"https:\/\/www.enzo-und-ferdinand.de\/#organization"},"potentialAction":[{"@type":"SearchAction","target":{"@type":"EntryPoint","urlTemplate":"https:\/\/www.enzo-und-ferdinand.de\/?s={search_term_string}"},"query-input":{"@type":"PropertyValueSpecification","valueRequired":true,"valueName":"search_term_string"}}],"inLanguage":"de"},{"@type":"Organization","@id":"https:\/\/www.enzo-und-ferdinand.de\/#organization","name":"enzo & Ferdinand","url":"https:\/\/www.enzo-und-ferdinand.de\/","logo":{"@type":"ImageObject","inLanguage":"de","@id":"https:\/\/www.enzo-und-ferdinand.de\/#\/schema\/logo\/image\/","url":"https:\/\/www.enzo-und-ferdinand.de\/wp-content\/uploads\/2018\/12\/revvvs-icon.png","contentUrl":"https:\/\/www.enzo-und-ferdinand.de\/wp-content\/uploads\/2018\/12\/revvvs-icon.png","width":512,"height":512,"caption":"enzo & Ferdinand"},"image":{"@id":"https:\/\/www.enzo-und-ferdinand.de\/#\/schema\/logo\/image\/"}},{"@type":"Person","@id":"https:\/\/www.enzo-und-ferdinand.de\/#\/schema\/person\/aff2eb9ff87705987c1b9d21fe10b095","name":"Rainer Ro\u00dfbach","image":{"@type":"ImageObject","inLanguage":"de","@id":"https:\/\/www.enzo-und-ferdinand.de\/wp-content\/uploads\/2026\/01\/Rainer-Rossbach-150x150.jpg","url":"https:\/\/www.enzo-und-ferdinand.de\/wp-content\/uploads\/2026\/01\/Rainer-Rossbach-150x150.jpg","contentUrl":"https:\/\/www.enzo-und-ferdinand.de\/wp-content\/uploads\/2026\/01\/Rainer-Rossbach-150x150.jpg","caption":"Rainer Ro\u00dfbach"},"url":"https:\/\/www.enzo-und-ferdinand.de\/index.php\/author\/redaktion\/"}]}},"_links":{"self":[{"href":"https:\/\/www.enzo-und-ferdinand.de\/index.php\/wp-json\/wp\/v2\/posts\/8023","targetHints":{"allow":["GET"]}}],"collection":[{"href":"https:\/\/www.enzo-und-ferdinand.de\/index.php\/wp-json\/wp\/v2\/posts"}],"about":[{"href":"https:\/\/www.enzo-und-ferdinand.de\/index.php\/wp-json\/wp\/v2\/types\/post"}],"author":[{"embeddable":true,"href":"https:\/\/www.enzo-und-ferdinand.de\/index.php\/wp-json\/wp\/v2\/users\/1"}],"replies":[{"embeddable":true,"href":"https:\/\/www.enzo-und-ferdinand.de\/index.php\/wp-json\/wp\/v2\/comments?post=8023"}],"version-history":[{"count":11,"href":"https:\/\/www.enzo-und-ferdinand.de\/index.php\/wp-json\/wp\/v2\/posts\/8023\/revisions"}],"predecessor-version":[{"id":8081,"href":"https:\/\/www.enzo-und-ferdinand.de\/index.php\/wp-json\/wp\/v2\/posts\/8023\/revisions\/8081"}],"wp:featuredmedia":[{"embeddable":true,"href":"https:\/\/www.enzo-und-ferdinand.de\/index.php\/wp-json\/wp\/v2\/media\/8025"}],"wp:attachment":[{"href":"https:\/\/www.enzo-und-ferdinand.de\/index.php\/wp-json\/wp\/v2\/media?parent=8023"}],"wp:term":[{"taxonomy":"category","embeddable":true,"href":"https:\/\/www.enzo-und-ferdinand.de\/index.php\/wp-json\/wp\/v2\/categories?post=8023"},{"taxonomy":"post_tag","embeddable":true,"href":"https:\/\/www.enzo-und-ferdinand.de\/index.php\/wp-json\/wp\/v2\/tags?post=8023"}],"curies":[{"name":"wp","href":"https:\/\/api.w.org\/{rel}","templated":true}]}}