{"id":8082,"date":"2022-04-27T03:26:06","date_gmt":"2022-04-27T01:26:06","guid":{"rendered":"https:\/\/www.enzo-und-ferdinand.de\/?p=8082"},"modified":"2022-04-27T03:26:08","modified_gmt":"2022-04-27T01:26:08","slug":"mercedes-amg-sl-43","status":"publish","type":"post","link":"https:\/\/www.enzo-und-ferdinand.de\/index.php\/2022\/04\/27\/mercedes-amg-sl-43\/","title":{"rendered":"Mercedes-AMG SL 43"},"content":{"rendered":"\n<figure class=\"wp-block-image size-large\"><img loading=\"lazy\" decoding=\"async\" width=\"810\" height=\"540\" src=\"https:\/\/www.enzo-und-ferdinand.de\/wp-content\/uploads\/2022\/04\/21C0500_006-810x540.jpg\" alt=\"\" class=\"wp-image-8086\" srcset=\"https:\/\/www.enzo-und-ferdinand.de\/wp-content\/uploads\/2022\/04\/21C0500_006-810x540.jpg 810w, https:\/\/www.enzo-und-ferdinand.de\/wp-content\/uploads\/2022\/04\/21C0500_006-300x200.jpg 300w, https:\/\/www.enzo-und-ferdinand.de\/wp-content\/uploads\/2022\/04\/21C0500_006-768x512.jpg 768w, https:\/\/www.enzo-und-ferdinand.de\/wp-content\/uploads\/2022\/04\/21C0500_006-120x80.jpg 120w, https:\/\/www.enzo-und-ferdinand.de\/wp-content\/uploads\/2022\/04\/21C0500_006.jpg 875w\" sizes=\"auto, (max-width: 810px) 100vw, 810px\" \/><\/figure>\n\n\n\n<p class=\"wp-block-paragraph\">Der elegant gezeichnete SL&nbsp;43 ist das neue Einstiegsmodell der Roadster-Baureihe. Unter der Haube des 2+2-Sitzers mit Stoffverdeck arbeitet ein Reihenvierzylinder-Benzinmotor mit zwei Liter Hubraum. Erstmals in einem Serienfahrzeug kommt hierbei ein elektrischer Abgasturbolader zum Einsatz. &nbsp;<\/p>\n\n\n\n<p class=\"wp-block-paragraph\">Diese Technologie stammt aus der Formel 1 und l\u00f6st den Zielkonflikt zwischen einem kleinen, schnell ansprechenden Lader, der jedoch eine vergleichsweise geringe Spitzenleistung erzielt, und einem gro\u00dfen Lader mit hoher Spitzenleistung, der erst verz\u00f6gert anspricht. Mit seinem neuartigen Motorenkonzept richtet sich das neue Einstiegsmodell an besonders technikaffine K\u00e4ufer. Mit seiner Kombination aus vergleichsweise leichtem Vierzylindermotor auf der Vorderachse und Hinterradantrieb legt der SL 43 gleichzeitig ein deutlich ausgeglichenes Fahrverhalten an den Tag.<\/p>\n\n\n\n<figure class=\"wp-block-image size-large\"><img loading=\"lazy\" decoding=\"async\" width=\"810\" height=\"540\" src=\"https:\/\/www.enzo-und-ferdinand.de\/wp-content\/uploads\/2022\/04\/21C0500_025-810x540.jpg\" alt=\"\" class=\"wp-image-8088\" srcset=\"https:\/\/www.enzo-und-ferdinand.de\/wp-content\/uploads\/2022\/04\/21C0500_025-810x540.jpg 810w, https:\/\/www.enzo-und-ferdinand.de\/wp-content\/uploads\/2022\/04\/21C0500_025-300x200.jpg 300w, https:\/\/www.enzo-und-ferdinand.de\/wp-content\/uploads\/2022\/04\/21C0500_025-768x512.jpg 768w, https:\/\/www.enzo-und-ferdinand.de\/wp-content\/uploads\/2022\/04\/21C0500_025-120x80.jpg 120w, https:\/\/www.enzo-und-ferdinand.de\/wp-content\/uploads\/2022\/04\/21C0500_025.jpg 875w\" sizes=\"auto, (max-width: 810px) 100vw, 810px\" \/><\/figure>\n\n\n\n<p class=\"wp-block-paragraph\">Der Turbolader wird \u00fcber das 48-Volt-Bordnetz betrieben, das auch den riemengetriebenen Starter-Generator (RSG) speist. Im Ergebnis verf\u00fcgt der Mercedes-AMG SL 43 \u00fcber eine Leistung von 280&nbsp;kW (381&nbsp;PS) und ein maximales Drehmoment von 480&nbsp;Nm. Hinzu kommt in bestimmten Fahrsituationen ein zus\u00e4tzlicher kurzeitiger Boost von 10 kW (14&nbsp;PS) des RSG.&nbsp;<\/p>\n\n\n\n<p class=\"wp-block-paragraph\">Der neue SL der Baureihe R232 basiert auf einer&nbsp; komplett neu entwickelten Fahrzeugarchitektur. Das Konzept erm\u00f6glicht zum ersten Mal seit 1989 (Mercedes SL Baureihe R129) wieder eine 2+2-Sitzkonfiguration.&nbsp; Die hinteren Pl\u00e4tze erh\u00f6hen die Alltagstauglichkeit und bieten Raum f\u00fcr Personen bis 1,50 Meter K\u00f6rpergr\u00f6\u00dfe. Werden die zus\u00e4tzlichen Sitzgelegenheiten nicht gebraucht, kann ein einsteckbares Windschott hinter den Fondsitzen die Passagiere auf den Vordersitzen vor Zugluft im Nacken sch\u00fctzen. Oder die zweite Sitzreihe wird als zus\u00e4tzlicher Stauraum genutzt.<\/p>\n\n\n\n<figure class=\"wp-block-image size-large\"><img loading=\"lazy\" decoding=\"async\" width=\"810\" height=\"540\" src=\"https:\/\/www.enzo-und-ferdinand.de\/wp-content\/uploads\/2022\/04\/21C0500_021-810x540.jpg\" alt=\"\" class=\"wp-image-8087\" srcset=\"https:\/\/www.enzo-und-ferdinand.de\/wp-content\/uploads\/2022\/04\/21C0500_021-810x540.jpg 810w, https:\/\/www.enzo-und-ferdinand.de\/wp-content\/uploads\/2022\/04\/21C0500_021-300x200.jpg 300w, https:\/\/www.enzo-und-ferdinand.de\/wp-content\/uploads\/2022\/04\/21C0500_021-768x512.jpg 768w, https:\/\/www.enzo-und-ferdinand.de\/wp-content\/uploads\/2022\/04\/21C0500_021-120x80.jpg 120w, https:\/\/www.enzo-und-ferdinand.de\/wp-content\/uploads\/2022\/04\/21C0500_021.jpg 875w\" sizes=\"auto, (max-width: 810px) 100vw, 810px\" \/><\/figure>\n\n\n\n<p class=\"wp-block-paragraph\">Das aus leichtem Verbundaluminium konstruierte Chassis besteht aus einem Aluminium-Spaceframe mit einer selbsttragenden Struktur. Die Bauweise garantiert h\u00f6chste Steifigkeit und ist damit die Grundlage f\u00fcr pr\u00e4zise Fahrdynamik, Komfort und sportliche Karosserie-Proportionen. Ziel der Rohbauarchitektur ist es, die AMG-typische Driving Performance mit dem Fokus auf Quer- und L\u00e4ngsdynamik darzustellen und gleichzeitig dem hohen Anspruch an Komfort sowie Sicherheit gerecht zu werden.<\/p>\n\n\n\n<p class=\"wp-block-paragraph\">Das neue Einstiegsmodell in die SL-Familie bietet eine umfangreiche Serienausstattung. Dazu kann der Roadster mi zahlreichen Komfort- und Sicherheits-Optionen auf vielf\u00e4ltige Weise individualisiert werden.<\/p>\n\n\n\n<figure class=\"wp-block-image size-large\"><img loading=\"lazy\" decoding=\"async\" width=\"810\" height=\"540\" src=\"https:\/\/www.enzo-und-ferdinand.de\/wp-content\/uploads\/2022\/04\/21C0500_037-810x540.jpg\" alt=\"\" class=\"wp-image-8089\" srcset=\"https:\/\/www.enzo-und-ferdinand.de\/wp-content\/uploads\/2022\/04\/21C0500_037-810x540.jpg 810w, https:\/\/www.enzo-und-ferdinand.de\/wp-content\/uploads\/2022\/04\/21C0500_037-300x200.jpg 300w, https:\/\/www.enzo-und-ferdinand.de\/wp-content\/uploads\/2022\/04\/21C0500_037-768x512.jpg 768w, https:\/\/www.enzo-und-ferdinand.de\/wp-content\/uploads\/2022\/04\/21C0500_037-120x80.jpg 120w, https:\/\/www.enzo-und-ferdinand.de\/wp-content\/uploads\/2022\/04\/21C0500_037.jpg 875w\" sizes=\"auto, (max-width: 810px) 100vw, 810px\" \/><\/figure>\n\n\n\n<p class=\"has-text-align-right has-small-font-size wp-block-paragraph\">Fotos: Mercedes-AMG\/Text: rr\/Mercedes-AMG<\/p>\n","protected":false},"excerpt":{"rendered":"<p>Der elegant gezeichnete SL\u00a043 ist das neue Einstiegsmodell der Roadster-Baureihe. Unter der Haube des 2+2-Sitzers mit Stoffverdeck arbeitet ein Reihenvierzylinder-Benzinmotor mit zwei Liter Hubraum. Erstmals in einem Serienfahrzeug kommt hierbei ein elektrischer Abgasturbolader zum Einsatz. Diese Technologie stammt aus der Formel 1 und l\u00f6st den Zielkonflikt zwischen einem kleinen, schnell ansprechenden Lader, der jedoch eine vergleichsweise geringe Spitzenleistung erzielt, und einem gro\u00dfen Lader mit hoher Spitzenleistung, der erst verz\u00f6gert anspricht. <\/p>\n","protected":false},"author":1,"featured_media":8085,"comment_status":"closed","ping_status":"closed","sticky":false,"template":"","format":"standard","meta":{"_crdt_document":"","ngg_post_thumbnail":0,"footnotes":""},"categories":[13,23],"tags":[206,203,207],"class_list":["post-8082","post","type-post","status-publish","format-standard","has-post-thumbnail","hentry","category-ikonen","category-performance","tag-amg","tag-mercedes","tag-mercedes-benz"],"yoast_head":"<!-- This site is optimized with the Yoast SEO plugin v27.5 - https:\/\/yoast.com\/product\/yoast-seo-wordpress\/ -->\n<title>Mercedes-AMG SL 43<\/title>\n<meta name=\"description\" content=\"Mercedes-AMG SL\u00a043 elektrischer Abgasturbolader Formel 1 riemengetriebenen Starter-Generator Boost 2+2 Aluminium-Spaceframe\" \/>\n<meta name=\"robots\" content=\"index, follow, max-snippet:-1, max-image-preview:large, max-video-preview:-1\" \/>\n<link rel=\"canonical\" href=\"https:\/\/www.enzo-und-ferdinand.de\/index.php\/2022\/04\/27\/mercedes-amg-sl-43\/\" \/>\n<meta property=\"og:locale\" content=\"de_DE\" \/>\n<meta property=\"og:type\" content=\"article\" \/>\n<meta property=\"og:title\" content=\"Mercedes-AMG SL 43\" \/>\n<meta property=\"og:description\" content=\"Mercedes-AMG SL\u00a043 elektrischer Abgasturbolader Formel 1 riemengetriebenen Starter-Generator Boost 2+2 Aluminium-Spaceframe\" \/>\n<meta property=\"og:url\" content=\"https:\/\/www.enzo-und-ferdinand.de\/index.php\/2022\/04\/27\/mercedes-amg-sl-43\/\" \/>\n<meta property=\"og:site_name\" content=\"enzo &amp; Ferdinand\" \/>\n<meta property=\"article:published_time\" content=\"2022-04-27T01:26:06+00:00\" \/>\n<meta property=\"article:modified_time\" content=\"2022-04-27T01:26:08+00:00\" \/>\n<meta property=\"og:image\" content=\"https:\/\/www.enzo-und-ferdinand.de\/wp-content\/uploads\/2022\/04\/21C0500_005.jpg\" \/>\n\t<meta property=\"og:image:width\" content=\"875\" \/>\n\t<meta property=\"og:image:height\" content=\"583\" \/>\n\t<meta property=\"og:image:type\" content=\"image\/jpeg\" \/>\n<meta name=\"author\" content=\"Rainer Ro\u00dfbach\" \/>\n<meta name=\"twitter:card\" content=\"summary_large_image\" \/>\n<meta name=\"twitter:label1\" content=\"Verfasst von\" \/>\n\t<meta name=\"twitter:data1\" content=\"Rainer Ro\u00dfbach\" \/>\n\t<meta name=\"twitter:label2\" content=\"Gesch\u00e4tzte Lesezeit\" \/>\n\t<meta name=\"twitter:data2\" content=\"2\u00a0Minuten\" \/>\n<script type=\"application\/ld+json\" class=\"yoast-schema-graph\">{\"@context\":\"https:\\\/\\\/schema.org\",\"@graph\":[{\"@type\":\"Article\",\"@id\":\"https:\\\/\\\/www.enzo-und-ferdinand.de\\\/index.php\\\/2022\\\/04\\\/27\\\/mercedes-amg-sl-43\\\/#article\",\"isPartOf\":{\"@id\":\"https:\\\/\\\/www.enzo-und-ferdinand.de\\\/index.php\\\/2022\\\/04\\\/27\\\/mercedes-amg-sl-43\\\/\"},\"author\":{\"name\":\"Rainer Ro\u00dfbach\",\"@id\":\"https:\\\/\\\/www.enzo-und-ferdinand.de\\\/#\\\/schema\\\/person\\\/aff2eb9ff87705987c1b9d21fe10b095\"},\"headline\":\"Mercedes-AMG SL 43\",\"datePublished\":\"2022-04-27T01:26:06+00:00\",\"dateModified\":\"2022-04-27T01:26:08+00:00\",\"mainEntityOfPage\":{\"@id\":\"https:\\\/\\\/www.enzo-und-ferdinand.de\\\/index.php\\\/2022\\\/04\\\/27\\\/mercedes-amg-sl-43\\\/\"},\"wordCount\":344,\"publisher\":{\"@id\":\"https:\\\/\\\/www.enzo-und-ferdinand.de\\\/#organization\"},\"image\":{\"@id\":\"https:\\\/\\\/www.enzo-und-ferdinand.de\\\/index.php\\\/2022\\\/04\\\/27\\\/mercedes-amg-sl-43\\\/#primaryimage\"},\"thumbnailUrl\":\"https:\\\/\\\/www.enzo-und-ferdinand.de\\\/wp-content\\\/uploads\\\/2022\\\/04\\\/21C0500_005.jpg\",\"keywords\":[\"AMG\",\"Mercedes\",\"Mercedes-Benz\"],\"articleSection\":[\"Ikonen\",\"Performance\"],\"inLanguage\":\"de\"},{\"@type\":\"WebPage\",\"@id\":\"https:\\\/\\\/www.enzo-und-ferdinand.de\\\/index.php\\\/2022\\\/04\\\/27\\\/mercedes-amg-sl-43\\\/\",\"url\":\"https:\\\/\\\/www.enzo-und-ferdinand.de\\\/index.php\\\/2022\\\/04\\\/27\\\/mercedes-amg-sl-43\\\/\",\"name\":\"Mercedes-AMG SL 43\",\"isPartOf\":{\"@id\":\"https:\\\/\\\/www.enzo-und-ferdinand.de\\\/#website\"},\"primaryImageOfPage\":{\"@id\":\"https:\\\/\\\/www.enzo-und-ferdinand.de\\\/index.php\\\/2022\\\/04\\\/27\\\/mercedes-amg-sl-43\\\/#primaryimage\"},\"image\":{\"@id\":\"https:\\\/\\\/www.enzo-und-ferdinand.de\\\/index.php\\\/2022\\\/04\\\/27\\\/mercedes-amg-sl-43\\\/#primaryimage\"},\"thumbnailUrl\":\"https:\\\/\\\/www.enzo-und-ferdinand.de\\\/wp-content\\\/uploads\\\/2022\\\/04\\\/21C0500_005.jpg\",\"datePublished\":\"2022-04-27T01:26:06+00:00\",\"dateModified\":\"2022-04-27T01:26:08+00:00\",\"description\":\"Mercedes-AMG SL\u00a043 elektrischer Abgasturbolader Formel 1 riemengetriebenen Starter-Generator Boost 2+2 Aluminium-Spaceframe\",\"breadcrumb\":{\"@id\":\"https:\\\/\\\/www.enzo-und-ferdinand.de\\\/index.php\\\/2022\\\/04\\\/27\\\/mercedes-amg-sl-43\\\/#breadcrumb\"},\"inLanguage\":\"de\",\"potentialAction\":[{\"@type\":\"ReadAction\",\"target\":[\"https:\\\/\\\/www.enzo-und-ferdinand.de\\\/index.php\\\/2022\\\/04\\\/27\\\/mercedes-amg-sl-43\\\/\"]}]},{\"@type\":\"ImageObject\",\"inLanguage\":\"de\",\"@id\":\"https:\\\/\\\/www.enzo-und-ferdinand.de\\\/index.php\\\/2022\\\/04\\\/27\\\/mercedes-amg-sl-43\\\/#primaryimage\",\"url\":\"https:\\\/\\\/www.enzo-und-ferdinand.de\\\/wp-content\\\/uploads\\\/2022\\\/04\\\/21C0500_005.jpg\",\"contentUrl\":\"https:\\\/\\\/www.enzo-und-ferdinand.de\\\/wp-content\\\/uploads\\\/2022\\\/04\\\/21C0500_005.jpg\",\"width\":875,\"height\":583,\"caption\":\"Mercedes-AMG SL 43 Roadster | Kraftstoffverbrauch kombiniert: 9,4-8,9 l\\\/100 km | CO\u2082-Emissionen kombiniert: 214-201 g\\\/km* Exterieur: Hyperblau metallic; Interieur: Leder Nappa Style kristallwei\u00df.;Kraftstoffverbrauch kombiniert: 9,4-8,9 l\\\/100 km | CO\u2082-Emissionen kombiniert: 214-201 g\\\/km* Mercedes-AMG SL 43 Roadster | fuel consumption combined: 9,4-8,9 l\\\/100 km | CO\u2082-emissions combined: 214-201 g\\\/km* exterior: hyperblue metallic; interior: leather nappa style crystal white.;Fuel consumption combined: 9,4-8,9 l\\\/100 km | CO\u2082-emissions combined: 214-201 g\\\/km*\"},{\"@type\":\"BreadcrumbList\",\"@id\":\"https:\\\/\\\/www.enzo-und-ferdinand.de\\\/index.php\\\/2022\\\/04\\\/27\\\/mercedes-amg-sl-43\\\/#breadcrumb\",\"itemListElement\":[{\"@type\":\"ListItem\",\"position\":1,\"name\":\"Startseite\",\"item\":\"https:\\\/\\\/www.enzo-und-ferdinand.de\\\/\"},{\"@type\":\"ListItem\",\"position\":2,\"name\":\"Mercedes-AMG SL 43\"}]},{\"@type\":\"WebSite\",\"@id\":\"https:\\\/\\\/www.enzo-und-ferdinand.de\\\/#website\",\"url\":\"https:\\\/\\\/www.enzo-und-ferdinand.de\\\/\",\"name\":\"enzo & Ferdinand\",\"description\":\"\",\"publisher\":{\"@id\":\"https:\\\/\\\/www.enzo-und-ferdinand.de\\\/#organization\"},\"potentialAction\":[{\"@type\":\"SearchAction\",\"target\":{\"@type\":\"EntryPoint\",\"urlTemplate\":\"https:\\\/\\\/www.enzo-und-ferdinand.de\\\/?s={search_term_string}\"},\"query-input\":{\"@type\":\"PropertyValueSpecification\",\"valueRequired\":true,\"valueName\":\"search_term_string\"}}],\"inLanguage\":\"de\"},{\"@type\":\"Organization\",\"@id\":\"https:\\\/\\\/www.enzo-und-ferdinand.de\\\/#organization\",\"name\":\"enzo & Ferdinand\",\"url\":\"https:\\\/\\\/www.enzo-und-ferdinand.de\\\/\",\"logo\":{\"@type\":\"ImageObject\",\"inLanguage\":\"de\",\"@id\":\"https:\\\/\\\/www.enzo-und-ferdinand.de\\\/#\\\/schema\\\/logo\\\/image\\\/\",\"url\":\"https:\\\/\\\/www.enzo-und-ferdinand.de\\\/wp-content\\\/uploads\\\/2018\\\/12\\\/revvvs-icon.png\",\"contentUrl\":\"https:\\\/\\\/www.enzo-und-ferdinand.de\\\/wp-content\\\/uploads\\\/2018\\\/12\\\/revvvs-icon.png\",\"width\":512,\"height\":512,\"caption\":\"enzo & Ferdinand\"},\"image\":{\"@id\":\"https:\\\/\\\/www.enzo-und-ferdinand.de\\\/#\\\/schema\\\/logo\\\/image\\\/\"}},{\"@type\":\"Person\",\"@id\":\"https:\\\/\\\/www.enzo-und-ferdinand.de\\\/#\\\/schema\\\/person\\\/aff2eb9ff87705987c1b9d21fe10b095\",\"name\":\"Rainer Ro\u00dfbach\",\"image\":{\"@type\":\"ImageObject\",\"inLanguage\":\"de\",\"@id\":\"https:\\\/\\\/www.enzo-und-ferdinand.de\\\/wp-content\\\/uploads\\\/2026\\\/01\\\/Rainer-Rossbach-150x150.jpg\",\"url\":\"https:\\\/\\\/www.enzo-und-ferdinand.de\\\/wp-content\\\/uploads\\\/2026\\\/01\\\/Rainer-Rossbach-150x150.jpg\",\"contentUrl\":\"https:\\\/\\\/www.enzo-und-ferdinand.de\\\/wp-content\\\/uploads\\\/2026\\\/01\\\/Rainer-Rossbach-150x150.jpg\",\"caption\":\"Rainer Ro\u00dfbach\"},\"url\":\"https:\\\/\\\/www.enzo-und-ferdinand.de\\\/index.php\\\/author\\\/redaktion\\\/\"}]}<\/script>\n<!-- \/ Yoast SEO plugin. -->","yoast_head_json":{"title":"Mercedes-AMG SL 43","description":"Mercedes-AMG SL\u00a043 elektrischer Abgasturbolader Formel 1 riemengetriebenen Starter-Generator Boost 2+2 Aluminium-Spaceframe","robots":{"index":"index","follow":"follow","max-snippet":"max-snippet:-1","max-image-preview":"max-image-preview:large","max-video-preview":"max-video-preview:-1"},"canonical":"https:\/\/www.enzo-und-ferdinand.de\/index.php\/2022\/04\/27\/mercedes-amg-sl-43\/","og_locale":"de_DE","og_type":"article","og_title":"Mercedes-AMG SL 43","og_description":"Mercedes-AMG SL\u00a043 elektrischer Abgasturbolader Formel 1 riemengetriebenen Starter-Generator Boost 2+2 Aluminium-Spaceframe","og_url":"https:\/\/www.enzo-und-ferdinand.de\/index.php\/2022\/04\/27\/mercedes-amg-sl-43\/","og_site_name":"enzo &amp; Ferdinand","article_published_time":"2022-04-27T01:26:06+00:00","article_modified_time":"2022-04-27T01:26:08+00:00","og_image":[{"width":875,"height":583,"url":"https:\/\/www.enzo-und-ferdinand.de\/wp-content\/uploads\/2022\/04\/21C0500_005.jpg","type":"image\/jpeg"}],"author":"Rainer Ro\u00dfbach","twitter_card":"summary_large_image","twitter_misc":{"Verfasst von":"Rainer Ro\u00dfbach","Gesch\u00e4tzte Lesezeit":"2\u00a0Minuten"},"schema":{"@context":"https:\/\/schema.org","@graph":[{"@type":"Article","@id":"https:\/\/www.enzo-und-ferdinand.de\/index.php\/2022\/04\/27\/mercedes-amg-sl-43\/#article","isPartOf":{"@id":"https:\/\/www.enzo-und-ferdinand.de\/index.php\/2022\/04\/27\/mercedes-amg-sl-43\/"},"author":{"name":"Rainer Ro\u00dfbach","@id":"https:\/\/www.enzo-und-ferdinand.de\/#\/schema\/person\/aff2eb9ff87705987c1b9d21fe10b095"},"headline":"Mercedes-AMG SL 43","datePublished":"2022-04-27T01:26:06+00:00","dateModified":"2022-04-27T01:26:08+00:00","mainEntityOfPage":{"@id":"https:\/\/www.enzo-und-ferdinand.de\/index.php\/2022\/04\/27\/mercedes-amg-sl-43\/"},"wordCount":344,"publisher":{"@id":"https:\/\/www.enzo-und-ferdinand.de\/#organization"},"image":{"@id":"https:\/\/www.enzo-und-ferdinand.de\/index.php\/2022\/04\/27\/mercedes-amg-sl-43\/#primaryimage"},"thumbnailUrl":"https:\/\/www.enzo-und-ferdinand.de\/wp-content\/uploads\/2022\/04\/21C0500_005.jpg","keywords":["AMG","Mercedes","Mercedes-Benz"],"articleSection":["Ikonen","Performance"],"inLanguage":"de"},{"@type":"WebPage","@id":"https:\/\/www.enzo-und-ferdinand.de\/index.php\/2022\/04\/27\/mercedes-amg-sl-43\/","url":"https:\/\/www.enzo-und-ferdinand.de\/index.php\/2022\/04\/27\/mercedes-amg-sl-43\/","name":"Mercedes-AMG SL 43","isPartOf":{"@id":"https:\/\/www.enzo-und-ferdinand.de\/#website"},"primaryImageOfPage":{"@id":"https:\/\/www.enzo-und-ferdinand.de\/index.php\/2022\/04\/27\/mercedes-amg-sl-43\/#primaryimage"},"image":{"@id":"https:\/\/www.enzo-und-ferdinand.de\/index.php\/2022\/04\/27\/mercedes-amg-sl-43\/#primaryimage"},"thumbnailUrl":"https:\/\/www.enzo-und-ferdinand.de\/wp-content\/uploads\/2022\/04\/21C0500_005.jpg","datePublished":"2022-04-27T01:26:06+00:00","dateModified":"2022-04-27T01:26:08+00:00","description":"Mercedes-AMG SL\u00a043 elektrischer Abgasturbolader Formel 1 riemengetriebenen Starter-Generator Boost 2+2 Aluminium-Spaceframe","breadcrumb":{"@id":"https:\/\/www.enzo-und-ferdinand.de\/index.php\/2022\/04\/27\/mercedes-amg-sl-43\/#breadcrumb"},"inLanguage":"de","potentialAction":[{"@type":"ReadAction","target":["https:\/\/www.enzo-und-ferdinand.de\/index.php\/2022\/04\/27\/mercedes-amg-sl-43\/"]}]},{"@type":"ImageObject","inLanguage":"de","@id":"https:\/\/www.enzo-und-ferdinand.de\/index.php\/2022\/04\/27\/mercedes-amg-sl-43\/#primaryimage","url":"https:\/\/www.enzo-und-ferdinand.de\/wp-content\/uploads\/2022\/04\/21C0500_005.jpg","contentUrl":"https:\/\/www.enzo-und-ferdinand.de\/wp-content\/uploads\/2022\/04\/21C0500_005.jpg","width":875,"height":583,"caption":"Mercedes-AMG SL 43 Roadster | Kraftstoffverbrauch kombiniert: 9,4-8,9 l\/100 km | CO\u2082-Emissionen kombiniert: 214-201 g\/km* Exterieur: Hyperblau metallic; Interieur: Leder Nappa Style kristallwei\u00df.;Kraftstoffverbrauch kombiniert: 9,4-8,9 l\/100 km | CO\u2082-Emissionen kombiniert: 214-201 g\/km* Mercedes-AMG SL 43 Roadster | fuel consumption combined: 9,4-8,9 l\/100 km | CO\u2082-emissions combined: 214-201 g\/km* exterior: hyperblue metallic; interior: leather nappa style crystal white.;Fuel consumption combined: 9,4-8,9 l\/100 km | CO\u2082-emissions combined: 214-201 g\/km*"},{"@type":"BreadcrumbList","@id":"https:\/\/www.enzo-und-ferdinand.de\/index.php\/2022\/04\/27\/mercedes-amg-sl-43\/#breadcrumb","itemListElement":[{"@type":"ListItem","position":1,"name":"Startseite","item":"https:\/\/www.enzo-und-ferdinand.de\/"},{"@type":"ListItem","position":2,"name":"Mercedes-AMG SL 43"}]},{"@type":"WebSite","@id":"https:\/\/www.enzo-und-ferdinand.de\/#website","url":"https:\/\/www.enzo-und-ferdinand.de\/","name":"enzo & Ferdinand","description":"","publisher":{"@id":"https:\/\/www.enzo-und-ferdinand.de\/#organization"},"potentialAction":[{"@type":"SearchAction","target":{"@type":"EntryPoint","urlTemplate":"https:\/\/www.enzo-und-ferdinand.de\/?s={search_term_string}"},"query-input":{"@type":"PropertyValueSpecification","valueRequired":true,"valueName":"search_term_string"}}],"inLanguage":"de"},{"@type":"Organization","@id":"https:\/\/www.enzo-und-ferdinand.de\/#organization","name":"enzo & Ferdinand","url":"https:\/\/www.enzo-und-ferdinand.de\/","logo":{"@type":"ImageObject","inLanguage":"de","@id":"https:\/\/www.enzo-und-ferdinand.de\/#\/schema\/logo\/image\/","url":"https:\/\/www.enzo-und-ferdinand.de\/wp-content\/uploads\/2018\/12\/revvvs-icon.png","contentUrl":"https:\/\/www.enzo-und-ferdinand.de\/wp-content\/uploads\/2018\/12\/revvvs-icon.png","width":512,"height":512,"caption":"enzo & Ferdinand"},"image":{"@id":"https:\/\/www.enzo-und-ferdinand.de\/#\/schema\/logo\/image\/"}},{"@type":"Person","@id":"https:\/\/www.enzo-und-ferdinand.de\/#\/schema\/person\/aff2eb9ff87705987c1b9d21fe10b095","name":"Rainer Ro\u00dfbach","image":{"@type":"ImageObject","inLanguage":"de","@id":"https:\/\/www.enzo-und-ferdinand.de\/wp-content\/uploads\/2026\/01\/Rainer-Rossbach-150x150.jpg","url":"https:\/\/www.enzo-und-ferdinand.de\/wp-content\/uploads\/2026\/01\/Rainer-Rossbach-150x150.jpg","contentUrl":"https:\/\/www.enzo-und-ferdinand.de\/wp-content\/uploads\/2026\/01\/Rainer-Rossbach-150x150.jpg","caption":"Rainer Ro\u00dfbach"},"url":"https:\/\/www.enzo-und-ferdinand.de\/index.php\/author\/redaktion\/"}]}},"_links":{"self":[{"href":"https:\/\/www.enzo-und-ferdinand.de\/index.php\/wp-json\/wp\/v2\/posts\/8082","targetHints":{"allow":["GET"]}}],"collection":[{"href":"https:\/\/www.enzo-und-ferdinand.de\/index.php\/wp-json\/wp\/v2\/posts"}],"about":[{"href":"https:\/\/www.enzo-und-ferdinand.de\/index.php\/wp-json\/wp\/v2\/types\/post"}],"author":[{"embeddable":true,"href":"https:\/\/www.enzo-und-ferdinand.de\/index.php\/wp-json\/wp\/v2\/users\/1"}],"replies":[{"embeddable":true,"href":"https:\/\/www.enzo-und-ferdinand.de\/index.php\/wp-json\/wp\/v2\/comments?post=8082"}],"version-history":[{"count":6,"href":"https:\/\/www.enzo-und-ferdinand.de\/index.php\/wp-json\/wp\/v2\/posts\/8082\/revisions"}],"predecessor-version":[{"id":8094,"href":"https:\/\/www.enzo-und-ferdinand.de\/index.php\/wp-json\/wp\/v2\/posts\/8082\/revisions\/8094"}],"wp:featuredmedia":[{"embeddable":true,"href":"https:\/\/www.enzo-und-ferdinand.de\/index.php\/wp-json\/wp\/v2\/media\/8085"}],"wp:attachment":[{"href":"https:\/\/www.enzo-und-ferdinand.de\/index.php\/wp-json\/wp\/v2\/media?parent=8082"}],"wp:term":[{"taxonomy":"category","embeddable":true,"href":"https:\/\/www.enzo-und-ferdinand.de\/index.php\/wp-json\/wp\/v2\/categories?post=8082"},{"taxonomy":"post_tag","embeddable":true,"href":"https:\/\/www.enzo-und-ferdinand.de\/index.php\/wp-json\/wp\/v2\/tags?post=8082"}],"curies":[{"name":"wp","href":"https:\/\/api.w.org\/{rel}","templated":true}]}}