{"id":8187,"date":"2025-03-27T08:34:39","date_gmt":"2025-03-27T07:34:39","guid":{"rendered":"https:\/\/www.enzo-und-ferdinand.de\/?p=8187"},"modified":"2025-03-27T08:34:41","modified_gmt":"2025-03-27T07:34:41","slug":"autoart-ferrari-berlinettas-barchettas","status":"publish","type":"post","link":"https:\/\/www.enzo-und-ferdinand.de\/index.php\/2025\/03\/27\/autoart-ferrari-berlinettas-barchettas\/","title":{"rendered":"AutoArt: Ferrari Berlinettas &#038; Barchettas"},"content":{"rendered":"\n<p class=\"wp-block-paragraph\">Sportwagen-Rennen hatten bis 1973 f\u00fcr Ferrari die gleiche Bedeutung wie die Formel 1. Die epischen Zweik\u00e4mpfe mit Maserati, Mercedes, Ford und Porsche in Le Mans und anderswo geh\u00f6ren zu den gro\u00dfen Erz\u00e4hlungen des Motorsports. Diese Reihe von Farbgrafiken ist den faszinierenden Zweisitzern aus Maranello gewidmet.<\/p>\n\n\n\n<figure class=\"wp-block-image size-large\"><img loading=\"lazy\" decoding=\"async\" width=\"810\" height=\"579\" src=\"https:\/\/www.enzo-und-ferdinand.de\/wp-content\/uploads\/2022\/05\/1-810x579.jpg\" alt=\"\" class=\"wp-image-8190\" srcset=\"https:\/\/www.enzo-und-ferdinand.de\/wp-content\/uploads\/2022\/05\/1-810x579.jpg 810w, https:\/\/www.enzo-und-ferdinand.de\/wp-content\/uploads\/2022\/05\/1-300x214.jpg 300w, https:\/\/www.enzo-und-ferdinand.de\/wp-content\/uploads\/2022\/05\/1-768x549.jpg 768w, https:\/\/www.enzo-und-ferdinand.de\/wp-content\/uploads\/2022\/05\/1.jpg 875w\" sizes=\"auto, (max-width: 810px) 100vw, 810px\" \/><figcaption class=\"wp-element-caption\"><strong><strong>Ferrari 500 TRC Spider, 1967<\/strong><\/strong><br>Fine Art Print auf Hahnem\u00fchle \u201eWilliam Turner\u201c, signiert, nummeriert und datiert, 60 x 80 cm, 120 x 160 cm \/ Auflage 50<br>450 Euro + Versand<\/figcaption><\/figure>\n\n\n\n<figure class=\"wp-block-image size-large\"><img loading=\"lazy\" decoding=\"async\" width=\"810\" height=\"579\" src=\"https:\/\/www.enzo-und-ferdinand.de\/wp-content\/uploads\/2022\/05\/4-810x579.jpg\" alt=\"\" class=\"wp-image-8193\" srcset=\"https:\/\/www.enzo-und-ferdinand.de\/wp-content\/uploads\/2022\/05\/4-810x579.jpg 810w, https:\/\/www.enzo-und-ferdinand.de\/wp-content\/uploads\/2022\/05\/4-300x214.jpg 300w, https:\/\/www.enzo-und-ferdinand.de\/wp-content\/uploads\/2022\/05\/4-768x549.jpg 768w, https:\/\/www.enzo-und-ferdinand.de\/wp-content\/uploads\/2022\/05\/4.jpg 875w\" sizes=\"auto, (max-width: 810px) 100vw, 810px\" \/><figcaption class=\"wp-element-caption\"><strong>Ferrari 250 GTO<\/strong><br>Fine Art Print auf Hahnem\u00fchle \u201eWilliam Turner\u201c, signiert, nummeriert und datiert, 60 x 80 cm, 120 x 160 cm \/ Auflage 50<br>450 Euro + Versand<\/figcaption><\/figure>\n\n\n\n<figure class=\"wp-block-image size-large\"><img loading=\"lazy\" decoding=\"async\" width=\"810\" height=\"579\" src=\"https:\/\/www.enzo-und-ferdinand.de\/wp-content\/uploads\/2022\/05\/3-810x579.jpg\" alt=\"\" class=\"wp-image-8192\" srcset=\"https:\/\/www.enzo-und-ferdinand.de\/wp-content\/uploads\/2022\/05\/3-810x579.jpg 810w, https:\/\/www.enzo-und-ferdinand.de\/wp-content\/uploads\/2022\/05\/3-300x214.jpg 300w, https:\/\/www.enzo-und-ferdinand.de\/wp-content\/uploads\/2022\/05\/3-768x549.jpg 768w, https:\/\/www.enzo-und-ferdinand.de\/wp-content\/uploads\/2022\/05\/3.jpg 875w\" sizes=\"auto, (max-width: 810px) 100vw, 810px\" \/><figcaption class=\"wp-element-caption\"><strong>Ferrari 312 P, 1969<\/strong><br>Fine Art Print auf Hahnem\u00fchle \u201eWilliam Turner\u201c, signiert, nummeriert und datiert, 60 x 80 cm, 120 x 160 cm \/ Auflage 50<br>450 Euro + Versand<\/figcaption><\/figure>\n\n\n\n<p class=\"wp-block-paragraph\">Alle Copyrights: Rainer Ro\u00dfbach, Bestellungen an&nbsp;<a title=\"rainer.rossbach@icloud.com\" rel=\"noreferrer noopener\" href=\"mailto:rainer.rossbach@icloud.com?rel=outbound\" target=\"_blank\">rainer.rossbach@icloud.com<\/a><\/p>\n","protected":false},"excerpt":{"rendered":"<p>Sportwagen-Rennen hatten bis 1973 f\u00fcr Ferrari die gleiche Bedeutung wie die Formel 1. Die epischen Zweik\u00e4mpfe mit Maserati, Mercedes, Ford und Porsche in Le Mans und anderswo geh\u00f6ren zu den gro\u00dfen Erz\u00e4hlungen des Motorsports. Diese Reihe von Farbgrafiken ist den faszinierenden Zweisitzern aus Maranello gewidmet.<\/p>\n","protected":false},"author":1,"featured_media":8199,"comment_status":"closed","ping_status":"closed","sticky":false,"template":"","format":"standard","meta":{"_crdt_document":"","ngg_post_thumbnail":0,"footnotes":""},"categories":[548],"tags":[616,184,767],"class_list":["post-8187","post","type-post","status-publish","format-standard","has-post-thumbnail","hentry","category-automobile-kunst-plastic-porsche","tag-automobile-kunst","tag-ferrari","tag-kunst"],"yoast_head":"<!-- This site is optimized with the Yoast SEO plugin v27.5 - https:\/\/yoast.com\/product\/yoast-seo-wordpress\/ -->\n<title>AutoArt: Ferrari Berlinettas &amp; Barchettas<\/title>\n<meta name=\"description\" content=\"Ferrari Berlinetta Barchetta Ferrari 312 PFerrari 250 GTO Ferrari 250 MM Berlinetta Ferrari 500 TRC Spider Rainer Ro\u00dfbach Rainer Rossbach enzo-und-ferdinand enzo&amp;ferdinand\" \/>\n<meta name=\"robots\" content=\"index, follow, max-snippet:-1, max-image-preview:large, max-video-preview:-1\" \/>\n<link rel=\"canonical\" href=\"https:\/\/www.enzo-und-ferdinand.de\/index.php\/2025\/03\/27\/autoart-ferrari-berlinettas-barchettas\/\" \/>\n<meta property=\"og:locale\" content=\"de_DE\" \/>\n<meta property=\"og:type\" content=\"article\" \/>\n<meta property=\"og:title\" content=\"AutoArt: Ferrari Berlinettas &amp; Barchettas\" \/>\n<meta property=\"og:description\" content=\"Ferrari Berlinetta Barchetta Ferrari 312 PFerrari 250 GTO Ferrari 250 MM Berlinetta Ferrari 500 TRC Spider Rainer Ro\u00dfbach Rainer Rossbach enzo-und-ferdinand enzo&amp;ferdinand\" \/>\n<meta property=\"og:url\" content=\"https:\/\/www.enzo-und-ferdinand.de\/index.php\/2025\/03\/27\/autoart-ferrari-berlinettas-barchettas\/\" \/>\n<meta property=\"og:site_name\" content=\"enzo &amp; Ferdinand\" \/>\n<meta property=\"article:published_time\" content=\"2025-03-27T07:34:39+00:00\" \/>\n<meta property=\"article:modified_time\" content=\"2025-03-27T07:34:41+00:00\" \/>\n<meta property=\"og:image\" content=\"https:\/\/www.enzo-und-ferdinand.de\/wp-content\/uploads\/2022\/05\/neu-2.jpg\" \/>\n\t<meta property=\"og:image:width\" content=\"850\" \/>\n\t<meta property=\"og:image:height\" content=\"550\" \/>\n\t<meta property=\"og:image:type\" content=\"image\/jpeg\" \/>\n<meta name=\"author\" content=\"Rainer Ro\u00dfbach\" \/>\n<meta name=\"twitter:card\" content=\"summary_large_image\" \/>\n<meta name=\"twitter:label1\" content=\"Verfasst von\" \/>\n\t<meta name=\"twitter:data1\" content=\"Rainer Ro\u00dfbach\" \/>\n\t<meta name=\"twitter:label2\" content=\"Gesch\u00e4tzte Lesezeit\" \/>\n\t<meta name=\"twitter:data2\" content=\"1\u00a0Minute\" \/>\n<script type=\"application\/ld+json\" class=\"yoast-schema-graph\">{\"@context\":\"https:\\\/\\\/schema.org\",\"@graph\":[{\"@type\":\"Article\",\"@id\":\"https:\\\/\\\/www.enzo-und-ferdinand.de\\\/index.php\\\/2025\\\/03\\\/27\\\/autoart-ferrari-berlinettas-barchettas\\\/#article\",\"isPartOf\":{\"@id\":\"https:\\\/\\\/www.enzo-und-ferdinand.de\\\/index.php\\\/2025\\\/03\\\/27\\\/autoart-ferrari-berlinettas-barchettas\\\/\"},\"author\":{\"name\":\"Rainer Ro\u00dfbach\",\"@id\":\"https:\\\/\\\/www.enzo-und-ferdinand.de\\\/#\\\/schema\\\/person\\\/aff2eb9ff87705987c1b9d21fe10b095\"},\"headline\":\"AutoArt: Ferrari Berlinettas &#038; Barchettas\",\"datePublished\":\"2025-03-27T07:34:39+00:00\",\"dateModified\":\"2025-03-27T07:34:41+00:00\",\"mainEntityOfPage\":{\"@id\":\"https:\\\/\\\/www.enzo-und-ferdinand.de\\\/index.php\\\/2025\\\/03\\\/27\\\/autoart-ferrari-berlinettas-barchettas\\\/\"},\"wordCount\":128,\"publisher\":{\"@id\":\"https:\\\/\\\/www.enzo-und-ferdinand.de\\\/#organization\"},\"image\":{\"@id\":\"https:\\\/\\\/www.enzo-und-ferdinand.de\\\/index.php\\\/2025\\\/03\\\/27\\\/autoart-ferrari-berlinettas-barchettas\\\/#primaryimage\"},\"thumbnailUrl\":\"https:\\\/\\\/www.enzo-und-ferdinand.de\\\/wp-content\\\/uploads\\\/2022\\\/05\\\/neu-2.jpg\",\"keywords\":[\"automobile Kunst\",\"Ferrari\",\"Kunst\"],\"articleSection\":[\"Automobile Kunst\"],\"inLanguage\":\"de\"},{\"@type\":\"WebPage\",\"@id\":\"https:\\\/\\\/www.enzo-und-ferdinand.de\\\/index.php\\\/2025\\\/03\\\/27\\\/autoart-ferrari-berlinettas-barchettas\\\/\",\"url\":\"https:\\\/\\\/www.enzo-und-ferdinand.de\\\/index.php\\\/2025\\\/03\\\/27\\\/autoart-ferrari-berlinettas-barchettas\\\/\",\"name\":\"AutoArt: Ferrari Berlinettas & Barchettas\",\"isPartOf\":{\"@id\":\"https:\\\/\\\/www.enzo-und-ferdinand.de\\\/#website\"},\"primaryImageOfPage\":{\"@id\":\"https:\\\/\\\/www.enzo-und-ferdinand.de\\\/index.php\\\/2025\\\/03\\\/27\\\/autoart-ferrari-berlinettas-barchettas\\\/#primaryimage\"},\"image\":{\"@id\":\"https:\\\/\\\/www.enzo-und-ferdinand.de\\\/index.php\\\/2025\\\/03\\\/27\\\/autoart-ferrari-berlinettas-barchettas\\\/#primaryimage\"},\"thumbnailUrl\":\"https:\\\/\\\/www.enzo-und-ferdinand.de\\\/wp-content\\\/uploads\\\/2022\\\/05\\\/neu-2.jpg\",\"datePublished\":\"2025-03-27T07:34:39+00:00\",\"dateModified\":\"2025-03-27T07:34:41+00:00\",\"description\":\"Ferrari Berlinetta Barchetta Ferrari 312 PFerrari 250 GTO Ferrari 250 MM Berlinetta Ferrari 500 TRC Spider Rainer Ro\u00dfbach Rainer Rossbach enzo-und-ferdinand enzo&ferdinand\",\"breadcrumb\":{\"@id\":\"https:\\\/\\\/www.enzo-und-ferdinand.de\\\/index.php\\\/2025\\\/03\\\/27\\\/autoart-ferrari-berlinettas-barchettas\\\/#breadcrumb\"},\"inLanguage\":\"de\",\"potentialAction\":[{\"@type\":\"ReadAction\",\"target\":[\"https:\\\/\\\/www.enzo-und-ferdinand.de\\\/index.php\\\/2025\\\/03\\\/27\\\/autoart-ferrari-berlinettas-barchettas\\\/\"]}]},{\"@type\":\"ImageObject\",\"inLanguage\":\"de\",\"@id\":\"https:\\\/\\\/www.enzo-und-ferdinand.de\\\/index.php\\\/2025\\\/03\\\/27\\\/autoart-ferrari-berlinettas-barchettas\\\/#primaryimage\",\"url\":\"https:\\\/\\\/www.enzo-und-ferdinand.de\\\/wp-content\\\/uploads\\\/2022\\\/05\\\/neu-2.jpg\",\"contentUrl\":\"https:\\\/\\\/www.enzo-und-ferdinand.de\\\/wp-content\\\/uploads\\\/2022\\\/05\\\/neu-2.jpg\",\"width\":850,\"height\":550},{\"@type\":\"BreadcrumbList\",\"@id\":\"https:\\\/\\\/www.enzo-und-ferdinand.de\\\/index.php\\\/2025\\\/03\\\/27\\\/autoart-ferrari-berlinettas-barchettas\\\/#breadcrumb\",\"itemListElement\":[{\"@type\":\"ListItem\",\"position\":1,\"name\":\"Startseite\",\"item\":\"https:\\\/\\\/www.enzo-und-ferdinand.de\\\/\"},{\"@type\":\"ListItem\",\"position\":2,\"name\":\"AutoArt: Ferrari Berlinettas &#038; Barchettas\"}]},{\"@type\":\"WebSite\",\"@id\":\"https:\\\/\\\/www.enzo-und-ferdinand.de\\\/#website\",\"url\":\"https:\\\/\\\/www.enzo-und-ferdinand.de\\\/\",\"name\":\"enzo & Ferdinand\",\"description\":\"\",\"publisher\":{\"@id\":\"https:\\\/\\\/www.enzo-und-ferdinand.de\\\/#organization\"},\"potentialAction\":[{\"@type\":\"SearchAction\",\"target\":{\"@type\":\"EntryPoint\",\"urlTemplate\":\"https:\\\/\\\/www.enzo-und-ferdinand.de\\\/?s={search_term_string}\"},\"query-input\":{\"@type\":\"PropertyValueSpecification\",\"valueRequired\":true,\"valueName\":\"search_term_string\"}}],\"inLanguage\":\"de\"},{\"@type\":\"Organization\",\"@id\":\"https:\\\/\\\/www.enzo-und-ferdinand.de\\\/#organization\",\"name\":\"enzo & Ferdinand\",\"url\":\"https:\\\/\\\/www.enzo-und-ferdinand.de\\\/\",\"logo\":{\"@type\":\"ImageObject\",\"inLanguage\":\"de\",\"@id\":\"https:\\\/\\\/www.enzo-und-ferdinand.de\\\/#\\\/schema\\\/logo\\\/image\\\/\",\"url\":\"https:\\\/\\\/www.enzo-und-ferdinand.de\\\/wp-content\\\/uploads\\\/2018\\\/12\\\/revvvs-icon.png\",\"contentUrl\":\"https:\\\/\\\/www.enzo-und-ferdinand.de\\\/wp-content\\\/uploads\\\/2018\\\/12\\\/revvvs-icon.png\",\"width\":512,\"height\":512,\"caption\":\"enzo & Ferdinand\"},\"image\":{\"@id\":\"https:\\\/\\\/www.enzo-und-ferdinand.de\\\/#\\\/schema\\\/logo\\\/image\\\/\"}},{\"@type\":\"Person\",\"@id\":\"https:\\\/\\\/www.enzo-und-ferdinand.de\\\/#\\\/schema\\\/person\\\/aff2eb9ff87705987c1b9d21fe10b095\",\"name\":\"Rainer Ro\u00dfbach\",\"image\":{\"@type\":\"ImageObject\",\"inLanguage\":\"de\",\"@id\":\"https:\\\/\\\/www.enzo-und-ferdinand.de\\\/wp-content\\\/uploads\\\/2026\\\/01\\\/Rainer-Rossbach-150x150.jpg\",\"url\":\"https:\\\/\\\/www.enzo-und-ferdinand.de\\\/wp-content\\\/uploads\\\/2026\\\/01\\\/Rainer-Rossbach-150x150.jpg\",\"contentUrl\":\"https:\\\/\\\/www.enzo-und-ferdinand.de\\\/wp-content\\\/uploads\\\/2026\\\/01\\\/Rainer-Rossbach-150x150.jpg\",\"caption\":\"Rainer Ro\u00dfbach\"},\"url\":\"https:\\\/\\\/www.enzo-und-ferdinand.de\\\/index.php\\\/author\\\/redaktion\\\/\"}]}<\/script>\n<!-- \/ Yoast SEO plugin. -->","yoast_head_json":{"title":"AutoArt: Ferrari Berlinettas & Barchettas","description":"Ferrari Berlinetta Barchetta Ferrari 312 PFerrari 250 GTO Ferrari 250 MM Berlinetta Ferrari 500 TRC Spider Rainer Ro\u00dfbach Rainer Rossbach enzo-und-ferdinand enzo&ferdinand","robots":{"index":"index","follow":"follow","max-snippet":"max-snippet:-1","max-image-preview":"max-image-preview:large","max-video-preview":"max-video-preview:-1"},"canonical":"https:\/\/www.enzo-und-ferdinand.de\/index.php\/2025\/03\/27\/autoart-ferrari-berlinettas-barchettas\/","og_locale":"de_DE","og_type":"article","og_title":"AutoArt: Ferrari Berlinettas & Barchettas","og_description":"Ferrari Berlinetta Barchetta Ferrari 312 PFerrari 250 GTO Ferrari 250 MM Berlinetta Ferrari 500 TRC Spider Rainer Ro\u00dfbach Rainer Rossbach enzo-und-ferdinand enzo&ferdinand","og_url":"https:\/\/www.enzo-und-ferdinand.de\/index.php\/2025\/03\/27\/autoart-ferrari-berlinettas-barchettas\/","og_site_name":"enzo &amp; Ferdinand","article_published_time":"2025-03-27T07:34:39+00:00","article_modified_time":"2025-03-27T07:34:41+00:00","og_image":[{"width":850,"height":550,"url":"https:\/\/www.enzo-und-ferdinand.de\/wp-content\/uploads\/2022\/05\/neu-2.jpg","type":"image\/jpeg"}],"author":"Rainer Ro\u00dfbach","twitter_card":"summary_large_image","twitter_misc":{"Verfasst von":"Rainer Ro\u00dfbach","Gesch\u00e4tzte Lesezeit":"1\u00a0Minute"},"schema":{"@context":"https:\/\/schema.org","@graph":[{"@type":"Article","@id":"https:\/\/www.enzo-und-ferdinand.de\/index.php\/2025\/03\/27\/autoart-ferrari-berlinettas-barchettas\/#article","isPartOf":{"@id":"https:\/\/www.enzo-und-ferdinand.de\/index.php\/2025\/03\/27\/autoart-ferrari-berlinettas-barchettas\/"},"author":{"name":"Rainer Ro\u00dfbach","@id":"https:\/\/www.enzo-und-ferdinand.de\/#\/schema\/person\/aff2eb9ff87705987c1b9d21fe10b095"},"headline":"AutoArt: Ferrari Berlinettas &#038; Barchettas","datePublished":"2025-03-27T07:34:39+00:00","dateModified":"2025-03-27T07:34:41+00:00","mainEntityOfPage":{"@id":"https:\/\/www.enzo-und-ferdinand.de\/index.php\/2025\/03\/27\/autoart-ferrari-berlinettas-barchettas\/"},"wordCount":128,"publisher":{"@id":"https:\/\/www.enzo-und-ferdinand.de\/#organization"},"image":{"@id":"https:\/\/www.enzo-und-ferdinand.de\/index.php\/2025\/03\/27\/autoart-ferrari-berlinettas-barchettas\/#primaryimage"},"thumbnailUrl":"https:\/\/www.enzo-und-ferdinand.de\/wp-content\/uploads\/2022\/05\/neu-2.jpg","keywords":["automobile Kunst","Ferrari","Kunst"],"articleSection":["Automobile Kunst"],"inLanguage":"de"},{"@type":"WebPage","@id":"https:\/\/www.enzo-und-ferdinand.de\/index.php\/2025\/03\/27\/autoart-ferrari-berlinettas-barchettas\/","url":"https:\/\/www.enzo-und-ferdinand.de\/index.php\/2025\/03\/27\/autoart-ferrari-berlinettas-barchettas\/","name":"AutoArt: Ferrari Berlinettas & Barchettas","isPartOf":{"@id":"https:\/\/www.enzo-und-ferdinand.de\/#website"},"primaryImageOfPage":{"@id":"https:\/\/www.enzo-und-ferdinand.de\/index.php\/2025\/03\/27\/autoart-ferrari-berlinettas-barchettas\/#primaryimage"},"image":{"@id":"https:\/\/www.enzo-und-ferdinand.de\/index.php\/2025\/03\/27\/autoart-ferrari-berlinettas-barchettas\/#primaryimage"},"thumbnailUrl":"https:\/\/www.enzo-und-ferdinand.de\/wp-content\/uploads\/2022\/05\/neu-2.jpg","datePublished":"2025-03-27T07:34:39+00:00","dateModified":"2025-03-27T07:34:41+00:00","description":"Ferrari Berlinetta Barchetta Ferrari 312 PFerrari 250 GTO Ferrari 250 MM Berlinetta Ferrari 500 TRC Spider Rainer Ro\u00dfbach Rainer Rossbach enzo-und-ferdinand enzo&ferdinand","breadcrumb":{"@id":"https:\/\/www.enzo-und-ferdinand.de\/index.php\/2025\/03\/27\/autoart-ferrari-berlinettas-barchettas\/#breadcrumb"},"inLanguage":"de","potentialAction":[{"@type":"ReadAction","target":["https:\/\/www.enzo-und-ferdinand.de\/index.php\/2025\/03\/27\/autoart-ferrari-berlinettas-barchettas\/"]}]},{"@type":"ImageObject","inLanguage":"de","@id":"https:\/\/www.enzo-und-ferdinand.de\/index.php\/2025\/03\/27\/autoart-ferrari-berlinettas-barchettas\/#primaryimage","url":"https:\/\/www.enzo-und-ferdinand.de\/wp-content\/uploads\/2022\/05\/neu-2.jpg","contentUrl":"https:\/\/www.enzo-und-ferdinand.de\/wp-content\/uploads\/2022\/05\/neu-2.jpg","width":850,"height":550},{"@type":"BreadcrumbList","@id":"https:\/\/www.enzo-und-ferdinand.de\/index.php\/2025\/03\/27\/autoart-ferrari-berlinettas-barchettas\/#breadcrumb","itemListElement":[{"@type":"ListItem","position":1,"name":"Startseite","item":"https:\/\/www.enzo-und-ferdinand.de\/"},{"@type":"ListItem","position":2,"name":"AutoArt: Ferrari Berlinettas &#038; Barchettas"}]},{"@type":"WebSite","@id":"https:\/\/www.enzo-und-ferdinand.de\/#website","url":"https:\/\/www.enzo-und-ferdinand.de\/","name":"enzo & Ferdinand","description":"","publisher":{"@id":"https:\/\/www.enzo-und-ferdinand.de\/#organization"},"potentialAction":[{"@type":"SearchAction","target":{"@type":"EntryPoint","urlTemplate":"https:\/\/www.enzo-und-ferdinand.de\/?s={search_term_string}"},"query-input":{"@type":"PropertyValueSpecification","valueRequired":true,"valueName":"search_term_string"}}],"inLanguage":"de"},{"@type":"Organization","@id":"https:\/\/www.enzo-und-ferdinand.de\/#organization","name":"enzo & Ferdinand","url":"https:\/\/www.enzo-und-ferdinand.de\/","logo":{"@type":"ImageObject","inLanguage":"de","@id":"https:\/\/www.enzo-und-ferdinand.de\/#\/schema\/logo\/image\/","url":"https:\/\/www.enzo-und-ferdinand.de\/wp-content\/uploads\/2018\/12\/revvvs-icon.png","contentUrl":"https:\/\/www.enzo-und-ferdinand.de\/wp-content\/uploads\/2018\/12\/revvvs-icon.png","width":512,"height":512,"caption":"enzo & Ferdinand"},"image":{"@id":"https:\/\/www.enzo-und-ferdinand.de\/#\/schema\/logo\/image\/"}},{"@type":"Person","@id":"https:\/\/www.enzo-und-ferdinand.de\/#\/schema\/person\/aff2eb9ff87705987c1b9d21fe10b095","name":"Rainer Ro\u00dfbach","image":{"@type":"ImageObject","inLanguage":"de","@id":"https:\/\/www.enzo-und-ferdinand.de\/wp-content\/uploads\/2026\/01\/Rainer-Rossbach-150x150.jpg","url":"https:\/\/www.enzo-und-ferdinand.de\/wp-content\/uploads\/2026\/01\/Rainer-Rossbach-150x150.jpg","contentUrl":"https:\/\/www.enzo-und-ferdinand.de\/wp-content\/uploads\/2026\/01\/Rainer-Rossbach-150x150.jpg","caption":"Rainer Ro\u00dfbach"},"url":"https:\/\/www.enzo-und-ferdinand.de\/index.php\/author\/redaktion\/"}]}},"_links":{"self":[{"href":"https:\/\/www.enzo-und-ferdinand.de\/index.php\/wp-json\/wp\/v2\/posts\/8187","targetHints":{"allow":["GET"]}}],"collection":[{"href":"https:\/\/www.enzo-und-ferdinand.de\/index.php\/wp-json\/wp\/v2\/posts"}],"about":[{"href":"https:\/\/www.enzo-und-ferdinand.de\/index.php\/wp-json\/wp\/v2\/types\/post"}],"author":[{"embeddable":true,"href":"https:\/\/www.enzo-und-ferdinand.de\/index.php\/wp-json\/wp\/v2\/users\/1"}],"replies":[{"embeddable":true,"href":"https:\/\/www.enzo-und-ferdinand.de\/index.php\/wp-json\/wp\/v2\/comments?post=8187"}],"version-history":[{"count":15,"href":"https:\/\/www.enzo-und-ferdinand.de\/index.php\/wp-json\/wp\/v2\/posts\/8187\/revisions"}],"predecessor-version":[{"id":19414,"href":"https:\/\/www.enzo-und-ferdinand.de\/index.php\/wp-json\/wp\/v2\/posts\/8187\/revisions\/19414"}],"wp:featuredmedia":[{"embeddable":true,"href":"https:\/\/www.enzo-und-ferdinand.de\/index.php\/wp-json\/wp\/v2\/media\/8199"}],"wp:attachment":[{"href":"https:\/\/www.enzo-und-ferdinand.de\/index.php\/wp-json\/wp\/v2\/media?parent=8187"}],"wp:term":[{"taxonomy":"category","embeddable":true,"href":"https:\/\/www.enzo-und-ferdinand.de\/index.php\/wp-json\/wp\/v2\/categories?post=8187"},{"taxonomy":"post_tag","embeddable":true,"href":"https:\/\/www.enzo-und-ferdinand.de\/index.php\/wp-json\/wp\/v2\/tags?post=8187"}],"curies":[{"name":"wp","href":"https:\/\/api.w.org\/{rel}","templated":true}]}}