{"id":8236,"date":"2022-05-12T12:08:16","date_gmt":"2022-05-12T10:08:16","guid":{"rendered":"https:\/\/www.enzo-und-ferdinand.de\/?p=8236"},"modified":"2022-05-12T16:29:42","modified_gmt":"2022-05-12T14:29:42","slug":"lotus-emira-gt4-rennversion","status":"publish","type":"post","link":"https:\/\/www.enzo-und-ferdinand.de\/index.php\/2022\/05\/12\/lotus-emira-gt4-rennversion\/","title":{"rendered":"Lotus Emira GT4 Rennversion"},"content":{"rendered":"\n<figure class=\"wp-block-image size-large\"><img loading=\"lazy\" decoding=\"async\" width=\"810\" height=\"540\" src=\"https:\/\/www.enzo-und-ferdinand.de\/wp-content\/uploads\/2022\/05\/LotusEmiraGT4_hotlapsatHethel_5-810x540.jpg\" alt=\"\" class=\"wp-image-8238\" srcset=\"https:\/\/www.enzo-und-ferdinand.de\/wp-content\/uploads\/2022\/05\/LotusEmiraGT4_hotlapsatHethel_5-810x540.jpg 810w, https:\/\/www.enzo-und-ferdinand.de\/wp-content\/uploads\/2022\/05\/LotusEmiraGT4_hotlapsatHethel_5-300x200.jpg 300w, https:\/\/www.enzo-und-ferdinand.de\/wp-content\/uploads\/2022\/05\/LotusEmiraGT4_hotlapsatHethel_5-768x512.jpg 768w, https:\/\/www.enzo-und-ferdinand.de\/wp-content\/uploads\/2022\/05\/LotusEmiraGT4_hotlapsatHethel_5-120x80.jpg 120w, https:\/\/www.enzo-und-ferdinand.de\/wp-content\/uploads\/2022\/05\/LotusEmiraGT4_hotlapsatHethel_5.jpg 875w\" sizes=\"auto, (max-width: 810px) 100vw, 810px\" \/><\/figure>\n\n\n\n<p class=\"wp-block-paragraph\">Der Emira GT4&nbsp; markiert f\u00fcr Lotus den Beginn eine neuen \u00c4ra im GT-Rennsport. Er ist das erste neue Modell von Lotus Advanced Performance, der Anfang des Jahres gegr\u00fcndeten Abteilung f\u00fcr ma\u00dfgeschneiderte Fahrzeuge.<\/p>\n\n\n\n<p class=\"wp-block-paragraph\">Die Verbundwerkstoff-Karosserie macht das Auto au\u00dfergew\u00f6hnlich leicht und wird mit dem rennerprobten 3,5-Liter-V6-Motor von Toyota und einer optimierten GT4-Aerodynamik kombiniert, die vom Design des Stra\u00dfen-Emira abgeleitet wurde.<\/p>\n\n\n\n<p class=\"wp-block-paragraph\">Seit September letzten Jahres hat sich das Entwicklungsteam auf die Feinjustierung der Mechanik konzentriert, um eine konkurrenzf\u00e4hige Dynamik und Stabilit\u00e4t bei hohen Geschwindigkeiten zu erzielen. Viele hundert Stunden Validierungsarbeit wurden auf der Teststrecke am Stammsitz in Hethel geleistet und \u00fcber den Winter wurde der Emira GT4 f\u00fcr eine Woche auf dem portugiesischen Kurs in Portim\u00e3o getestet. Der ist eine der anspruchsvollsten Rennstrecken in Europa und damit die perfekte Messlatte, um Aerodynamik und Zuverl\u00e4ssigkeit zu testen.<\/p>\n\n\n\n<p class=\"wp-block-paragraph\">Richard Selwin, Race Programme Manager, Lotus, meint: &#8222;Wir sind mit dem Fortschritt des Emira GT4-Programms sehr zufrieden. Wir haben ein gutes Leistungsniveau und glauben, dass der Emira GT4 ein Auto ist, das mehr als konkurrenzf\u00e4hig sein wird.&#8220;<\/p>\n\n\n\n<figure class=\"wp-block-image size-large\"><img loading=\"lazy\" decoding=\"async\" width=\"810\" height=\"600\" src=\"https:\/\/www.enzo-und-ferdinand.de\/wp-content\/uploads\/2022\/05\/LotusEmiraGT4atPortimao_7-810x600.jpg\" alt=\"\" class=\"wp-image-8240\" srcset=\"https:\/\/www.enzo-und-ferdinand.de\/wp-content\/uploads\/2022\/05\/LotusEmiraGT4atPortimao_7-810x600.jpg 810w, https:\/\/www.enzo-und-ferdinand.de\/wp-content\/uploads\/2022\/05\/LotusEmiraGT4atPortimao_7-300x222.jpg 300w, https:\/\/www.enzo-und-ferdinand.de\/wp-content\/uploads\/2022\/05\/LotusEmiraGT4atPortimao_7-768x569.jpg 768w, https:\/\/www.enzo-und-ferdinand.de\/wp-content\/uploads\/2022\/05\/LotusEmiraGT4atPortimao_7.jpg 875w\" sizes=\"auto, (max-width: 810px) 100vw, 810px\" \/><\/figure>\n\n\n\n<p class=\"has-text-align-right has-small-font-size wp-block-paragraph\">Fotos: Lotus\/Text: Rainer Ro\u00dfbach<\/p>\n","protected":false},"excerpt":{"rendered":"<p>Der Emira GT4\u00a0 markiert f\u00fcr Lotus den Beginn eine neuen \u00c4ra im GT-Rennsport. Er ist das erste neue Modell von Lotus Advanced Performance, der Anfang des Jahres gegr\u00fcndeten Abteilung f\u00fcr ma\u00dfgeschneiderte Fahrzeuge. Die Verbundwerkstoff-Karosserie macht das Auto au\u00dfergew\u00f6hnlich leicht und wird mit dem rennerprobten 3,5-Liter-V6-Motor von Toyota und einer optimierten GT4-Aerodynamik kombiniert, die vom Design des Stra\u00dfen-Emira abgeleitet wurde.<\/p>\n","protected":false},"author":1,"featured_media":8239,"comment_status":"closed","ping_status":"closed","sticky":false,"template":"","format":"standard","meta":{"_crdt_document":"","ngg_post_thumbnail":0,"footnotes":""},"categories":[23,5],"tags":[336],"class_list":["post-8236","post","type-post","status-publish","format-standard","has-post-thumbnail","hentry","category-performance","category-rennsport","tag-lotus"],"yoast_head":"<!-- This site is optimized with the Yoast SEO plugin v27.5 - https:\/\/yoast.com\/product\/yoast-seo-wordpress\/ -->\n<title>Lotus Emira GT4 Rennversion<\/title>\n<meta name=\"description\" content=\"Lotus Emira GT4 Lotus Advanced Performance 3,5-Liter-V6 Toyota Hethel Portim\u00e3o Richard Selwin Race Programme Manager\" \/>\n<meta name=\"robots\" content=\"index, follow, max-snippet:-1, max-image-preview:large, max-video-preview:-1\" \/>\n<link rel=\"canonical\" href=\"https:\/\/www.enzo-und-ferdinand.de\/index.php\/2022\/05\/12\/lotus-emira-gt4-rennversion\/\" \/>\n<meta property=\"og:locale\" content=\"de_DE\" \/>\n<meta property=\"og:type\" content=\"article\" \/>\n<meta property=\"og:title\" content=\"Lotus Emira GT4 Rennversion\" \/>\n<meta property=\"og:description\" content=\"Lotus Emira GT4 Lotus Advanced Performance 3,5-Liter-V6 Toyota Hethel Portim\u00e3o Richard Selwin Race Programme Manager\" \/>\n<meta property=\"og:url\" content=\"https:\/\/www.enzo-und-ferdinand.de\/index.php\/2022\/05\/12\/lotus-emira-gt4-rennversion\/\" \/>\n<meta property=\"og:site_name\" content=\"enzo &amp; Ferdinand\" \/>\n<meta property=\"article:published_time\" content=\"2022-05-12T10:08:16+00:00\" \/>\n<meta property=\"article:modified_time\" content=\"2022-05-12T14:29:42+00:00\" \/>\n<meta property=\"og:image\" content=\"https:\/\/www.enzo-und-ferdinand.de\/wp-content\/uploads\/2022\/05\/LotusEmiraGT4atPortimao_5.jpg\" \/>\n\t<meta property=\"og:image:width\" content=\"875\" \/>\n\t<meta property=\"og:image:height\" content=\"650\" \/>\n\t<meta property=\"og:image:type\" content=\"image\/jpeg\" \/>\n<meta name=\"author\" content=\"Rainer Ro\u00dfbach\" \/>\n<meta name=\"twitter:card\" content=\"summary_large_image\" \/>\n<meta name=\"twitter:label1\" content=\"Verfasst von\" \/>\n\t<meta name=\"twitter:data1\" content=\"Rainer Ro\u00dfbach\" \/>\n\t<meta name=\"twitter:label2\" content=\"Gesch\u00e4tzte Lesezeit\" \/>\n\t<meta name=\"twitter:data2\" content=\"1\u00a0Minute\" \/>\n<script type=\"application\/ld+json\" class=\"yoast-schema-graph\">{\"@context\":\"https:\\\/\\\/schema.org\",\"@graph\":[{\"@type\":\"Article\",\"@id\":\"https:\\\/\\\/www.enzo-und-ferdinand.de\\\/index.php\\\/2022\\\/05\\\/12\\\/lotus-emira-gt4-rennversion\\\/#article\",\"isPartOf\":{\"@id\":\"https:\\\/\\\/www.enzo-und-ferdinand.de\\\/index.php\\\/2022\\\/05\\\/12\\\/lotus-emira-gt4-rennversion\\\/\"},\"author\":{\"name\":\"Rainer Ro\u00dfbach\",\"@id\":\"https:\\\/\\\/www.enzo-und-ferdinand.de\\\/#\\\/schema\\\/person\\\/aff2eb9ff87705987c1b9d21fe10b095\"},\"headline\":\"Lotus Emira GT4 Rennversion\",\"datePublished\":\"2022-05-12T10:08:16+00:00\",\"dateModified\":\"2022-05-12T14:29:42+00:00\",\"mainEntityOfPage\":{\"@id\":\"https:\\\/\\\/www.enzo-und-ferdinand.de\\\/index.php\\\/2022\\\/05\\\/12\\\/lotus-emira-gt4-rennversion\\\/\"},\"wordCount\":198,\"publisher\":{\"@id\":\"https:\\\/\\\/www.enzo-und-ferdinand.de\\\/#organization\"},\"image\":{\"@id\":\"https:\\\/\\\/www.enzo-und-ferdinand.de\\\/index.php\\\/2022\\\/05\\\/12\\\/lotus-emira-gt4-rennversion\\\/#primaryimage\"},\"thumbnailUrl\":\"https:\\\/\\\/www.enzo-und-ferdinand.de\\\/wp-content\\\/uploads\\\/2022\\\/05\\\/LotusEmiraGT4atPortimao_5.jpg\",\"keywords\":[\"Lotus\"],\"articleSection\":[\"Performance\",\"Rennsport\"],\"inLanguage\":\"de\"},{\"@type\":\"WebPage\",\"@id\":\"https:\\\/\\\/www.enzo-und-ferdinand.de\\\/index.php\\\/2022\\\/05\\\/12\\\/lotus-emira-gt4-rennversion\\\/\",\"url\":\"https:\\\/\\\/www.enzo-und-ferdinand.de\\\/index.php\\\/2022\\\/05\\\/12\\\/lotus-emira-gt4-rennversion\\\/\",\"name\":\"Lotus Emira GT4 Rennversion\",\"isPartOf\":{\"@id\":\"https:\\\/\\\/www.enzo-und-ferdinand.de\\\/#website\"},\"primaryImageOfPage\":{\"@id\":\"https:\\\/\\\/www.enzo-und-ferdinand.de\\\/index.php\\\/2022\\\/05\\\/12\\\/lotus-emira-gt4-rennversion\\\/#primaryimage\"},\"image\":{\"@id\":\"https:\\\/\\\/www.enzo-und-ferdinand.de\\\/index.php\\\/2022\\\/05\\\/12\\\/lotus-emira-gt4-rennversion\\\/#primaryimage\"},\"thumbnailUrl\":\"https:\\\/\\\/www.enzo-und-ferdinand.de\\\/wp-content\\\/uploads\\\/2022\\\/05\\\/LotusEmiraGT4atPortimao_5.jpg\",\"datePublished\":\"2022-05-12T10:08:16+00:00\",\"dateModified\":\"2022-05-12T14:29:42+00:00\",\"description\":\"Lotus Emira GT4 Lotus Advanced Performance 3,5-Liter-V6 Toyota Hethel Portim\u00e3o Richard Selwin Race Programme Manager\",\"breadcrumb\":{\"@id\":\"https:\\\/\\\/www.enzo-und-ferdinand.de\\\/index.php\\\/2022\\\/05\\\/12\\\/lotus-emira-gt4-rennversion\\\/#breadcrumb\"},\"inLanguage\":\"de\",\"potentialAction\":[{\"@type\":\"ReadAction\",\"target\":[\"https:\\\/\\\/www.enzo-und-ferdinand.de\\\/index.php\\\/2022\\\/05\\\/12\\\/lotus-emira-gt4-rennversion\\\/\"]}]},{\"@type\":\"ImageObject\",\"inLanguage\":\"de\",\"@id\":\"https:\\\/\\\/www.enzo-und-ferdinand.de\\\/index.php\\\/2022\\\/05\\\/12\\\/lotus-emira-gt4-rennversion\\\/#primaryimage\",\"url\":\"https:\\\/\\\/www.enzo-und-ferdinand.de\\\/wp-content\\\/uploads\\\/2022\\\/05\\\/LotusEmiraGT4atPortimao_5.jpg\",\"contentUrl\":\"https:\\\/\\\/www.enzo-und-ferdinand.de\\\/wp-content\\\/uploads\\\/2022\\\/05\\\/LotusEmiraGT4atPortimao_5.jpg\",\"width\":875,\"height\":650},{\"@type\":\"BreadcrumbList\",\"@id\":\"https:\\\/\\\/www.enzo-und-ferdinand.de\\\/index.php\\\/2022\\\/05\\\/12\\\/lotus-emira-gt4-rennversion\\\/#breadcrumb\",\"itemListElement\":[{\"@type\":\"ListItem\",\"position\":1,\"name\":\"Startseite\",\"item\":\"https:\\\/\\\/www.enzo-und-ferdinand.de\\\/\"},{\"@type\":\"ListItem\",\"position\":2,\"name\":\"Lotus Emira GT4 Rennversion\"}]},{\"@type\":\"WebSite\",\"@id\":\"https:\\\/\\\/www.enzo-und-ferdinand.de\\\/#website\",\"url\":\"https:\\\/\\\/www.enzo-und-ferdinand.de\\\/\",\"name\":\"enzo & Ferdinand\",\"description\":\"\",\"publisher\":{\"@id\":\"https:\\\/\\\/www.enzo-und-ferdinand.de\\\/#organization\"},\"potentialAction\":[{\"@type\":\"SearchAction\",\"target\":{\"@type\":\"EntryPoint\",\"urlTemplate\":\"https:\\\/\\\/www.enzo-und-ferdinand.de\\\/?s={search_term_string}\"},\"query-input\":{\"@type\":\"PropertyValueSpecification\",\"valueRequired\":true,\"valueName\":\"search_term_string\"}}],\"inLanguage\":\"de\"},{\"@type\":\"Organization\",\"@id\":\"https:\\\/\\\/www.enzo-und-ferdinand.de\\\/#organization\",\"name\":\"enzo & Ferdinand\",\"url\":\"https:\\\/\\\/www.enzo-und-ferdinand.de\\\/\",\"logo\":{\"@type\":\"ImageObject\",\"inLanguage\":\"de\",\"@id\":\"https:\\\/\\\/www.enzo-und-ferdinand.de\\\/#\\\/schema\\\/logo\\\/image\\\/\",\"url\":\"https:\\\/\\\/www.enzo-und-ferdinand.de\\\/wp-content\\\/uploads\\\/2018\\\/12\\\/revvvs-icon.png\",\"contentUrl\":\"https:\\\/\\\/www.enzo-und-ferdinand.de\\\/wp-content\\\/uploads\\\/2018\\\/12\\\/revvvs-icon.png\",\"width\":512,\"height\":512,\"caption\":\"enzo & Ferdinand\"},\"image\":{\"@id\":\"https:\\\/\\\/www.enzo-und-ferdinand.de\\\/#\\\/schema\\\/logo\\\/image\\\/\"}},{\"@type\":\"Person\",\"@id\":\"https:\\\/\\\/www.enzo-und-ferdinand.de\\\/#\\\/schema\\\/person\\\/aff2eb9ff87705987c1b9d21fe10b095\",\"name\":\"Rainer Ro\u00dfbach\",\"image\":{\"@type\":\"ImageObject\",\"inLanguage\":\"de\",\"@id\":\"https:\\\/\\\/www.enzo-und-ferdinand.de\\\/wp-content\\\/uploads\\\/2026\\\/01\\\/Rainer-Rossbach-150x150.jpg\",\"url\":\"https:\\\/\\\/www.enzo-und-ferdinand.de\\\/wp-content\\\/uploads\\\/2026\\\/01\\\/Rainer-Rossbach-150x150.jpg\",\"contentUrl\":\"https:\\\/\\\/www.enzo-und-ferdinand.de\\\/wp-content\\\/uploads\\\/2026\\\/01\\\/Rainer-Rossbach-150x150.jpg\",\"caption\":\"Rainer Ro\u00dfbach\"},\"url\":\"https:\\\/\\\/www.enzo-und-ferdinand.de\\\/index.php\\\/author\\\/redaktion\\\/\"}]}<\/script>\n<!-- \/ Yoast SEO plugin. -->","yoast_head_json":{"title":"Lotus Emira GT4 Rennversion","description":"Lotus Emira GT4 Lotus Advanced Performance 3,5-Liter-V6 Toyota Hethel Portim\u00e3o Richard Selwin Race Programme Manager","robots":{"index":"index","follow":"follow","max-snippet":"max-snippet:-1","max-image-preview":"max-image-preview:large","max-video-preview":"max-video-preview:-1"},"canonical":"https:\/\/www.enzo-und-ferdinand.de\/index.php\/2022\/05\/12\/lotus-emira-gt4-rennversion\/","og_locale":"de_DE","og_type":"article","og_title":"Lotus Emira GT4 Rennversion","og_description":"Lotus Emira GT4 Lotus Advanced Performance 3,5-Liter-V6 Toyota Hethel Portim\u00e3o Richard Selwin Race Programme Manager","og_url":"https:\/\/www.enzo-und-ferdinand.de\/index.php\/2022\/05\/12\/lotus-emira-gt4-rennversion\/","og_site_name":"enzo &amp; Ferdinand","article_published_time":"2022-05-12T10:08:16+00:00","article_modified_time":"2022-05-12T14:29:42+00:00","og_image":[{"width":875,"height":650,"url":"https:\/\/www.enzo-und-ferdinand.de\/wp-content\/uploads\/2022\/05\/LotusEmiraGT4atPortimao_5.jpg","type":"image\/jpeg"}],"author":"Rainer Ro\u00dfbach","twitter_card":"summary_large_image","twitter_misc":{"Verfasst von":"Rainer Ro\u00dfbach","Gesch\u00e4tzte Lesezeit":"1\u00a0Minute"},"schema":{"@context":"https:\/\/schema.org","@graph":[{"@type":"Article","@id":"https:\/\/www.enzo-und-ferdinand.de\/index.php\/2022\/05\/12\/lotus-emira-gt4-rennversion\/#article","isPartOf":{"@id":"https:\/\/www.enzo-und-ferdinand.de\/index.php\/2022\/05\/12\/lotus-emira-gt4-rennversion\/"},"author":{"name":"Rainer Ro\u00dfbach","@id":"https:\/\/www.enzo-und-ferdinand.de\/#\/schema\/person\/aff2eb9ff87705987c1b9d21fe10b095"},"headline":"Lotus Emira GT4 Rennversion","datePublished":"2022-05-12T10:08:16+00:00","dateModified":"2022-05-12T14:29:42+00:00","mainEntityOfPage":{"@id":"https:\/\/www.enzo-und-ferdinand.de\/index.php\/2022\/05\/12\/lotus-emira-gt4-rennversion\/"},"wordCount":198,"publisher":{"@id":"https:\/\/www.enzo-und-ferdinand.de\/#organization"},"image":{"@id":"https:\/\/www.enzo-und-ferdinand.de\/index.php\/2022\/05\/12\/lotus-emira-gt4-rennversion\/#primaryimage"},"thumbnailUrl":"https:\/\/www.enzo-und-ferdinand.de\/wp-content\/uploads\/2022\/05\/LotusEmiraGT4atPortimao_5.jpg","keywords":["Lotus"],"articleSection":["Performance","Rennsport"],"inLanguage":"de"},{"@type":"WebPage","@id":"https:\/\/www.enzo-und-ferdinand.de\/index.php\/2022\/05\/12\/lotus-emira-gt4-rennversion\/","url":"https:\/\/www.enzo-und-ferdinand.de\/index.php\/2022\/05\/12\/lotus-emira-gt4-rennversion\/","name":"Lotus Emira GT4 Rennversion","isPartOf":{"@id":"https:\/\/www.enzo-und-ferdinand.de\/#website"},"primaryImageOfPage":{"@id":"https:\/\/www.enzo-und-ferdinand.de\/index.php\/2022\/05\/12\/lotus-emira-gt4-rennversion\/#primaryimage"},"image":{"@id":"https:\/\/www.enzo-und-ferdinand.de\/index.php\/2022\/05\/12\/lotus-emira-gt4-rennversion\/#primaryimage"},"thumbnailUrl":"https:\/\/www.enzo-und-ferdinand.de\/wp-content\/uploads\/2022\/05\/LotusEmiraGT4atPortimao_5.jpg","datePublished":"2022-05-12T10:08:16+00:00","dateModified":"2022-05-12T14:29:42+00:00","description":"Lotus Emira GT4 Lotus Advanced Performance 3,5-Liter-V6 Toyota Hethel Portim\u00e3o Richard Selwin Race Programme Manager","breadcrumb":{"@id":"https:\/\/www.enzo-und-ferdinand.de\/index.php\/2022\/05\/12\/lotus-emira-gt4-rennversion\/#breadcrumb"},"inLanguage":"de","potentialAction":[{"@type":"ReadAction","target":["https:\/\/www.enzo-und-ferdinand.de\/index.php\/2022\/05\/12\/lotus-emira-gt4-rennversion\/"]}]},{"@type":"ImageObject","inLanguage":"de","@id":"https:\/\/www.enzo-und-ferdinand.de\/index.php\/2022\/05\/12\/lotus-emira-gt4-rennversion\/#primaryimage","url":"https:\/\/www.enzo-und-ferdinand.de\/wp-content\/uploads\/2022\/05\/LotusEmiraGT4atPortimao_5.jpg","contentUrl":"https:\/\/www.enzo-und-ferdinand.de\/wp-content\/uploads\/2022\/05\/LotusEmiraGT4atPortimao_5.jpg","width":875,"height":650},{"@type":"BreadcrumbList","@id":"https:\/\/www.enzo-und-ferdinand.de\/index.php\/2022\/05\/12\/lotus-emira-gt4-rennversion\/#breadcrumb","itemListElement":[{"@type":"ListItem","position":1,"name":"Startseite","item":"https:\/\/www.enzo-und-ferdinand.de\/"},{"@type":"ListItem","position":2,"name":"Lotus Emira GT4 Rennversion"}]},{"@type":"WebSite","@id":"https:\/\/www.enzo-und-ferdinand.de\/#website","url":"https:\/\/www.enzo-und-ferdinand.de\/","name":"enzo & Ferdinand","description":"","publisher":{"@id":"https:\/\/www.enzo-und-ferdinand.de\/#organization"},"potentialAction":[{"@type":"SearchAction","target":{"@type":"EntryPoint","urlTemplate":"https:\/\/www.enzo-und-ferdinand.de\/?s={search_term_string}"},"query-input":{"@type":"PropertyValueSpecification","valueRequired":true,"valueName":"search_term_string"}}],"inLanguage":"de"},{"@type":"Organization","@id":"https:\/\/www.enzo-und-ferdinand.de\/#organization","name":"enzo & Ferdinand","url":"https:\/\/www.enzo-und-ferdinand.de\/","logo":{"@type":"ImageObject","inLanguage":"de","@id":"https:\/\/www.enzo-und-ferdinand.de\/#\/schema\/logo\/image\/","url":"https:\/\/www.enzo-und-ferdinand.de\/wp-content\/uploads\/2018\/12\/revvvs-icon.png","contentUrl":"https:\/\/www.enzo-und-ferdinand.de\/wp-content\/uploads\/2018\/12\/revvvs-icon.png","width":512,"height":512,"caption":"enzo & Ferdinand"},"image":{"@id":"https:\/\/www.enzo-und-ferdinand.de\/#\/schema\/logo\/image\/"}},{"@type":"Person","@id":"https:\/\/www.enzo-und-ferdinand.de\/#\/schema\/person\/aff2eb9ff87705987c1b9d21fe10b095","name":"Rainer Ro\u00dfbach","image":{"@type":"ImageObject","inLanguage":"de","@id":"https:\/\/www.enzo-und-ferdinand.de\/wp-content\/uploads\/2026\/01\/Rainer-Rossbach-150x150.jpg","url":"https:\/\/www.enzo-und-ferdinand.de\/wp-content\/uploads\/2026\/01\/Rainer-Rossbach-150x150.jpg","contentUrl":"https:\/\/www.enzo-und-ferdinand.de\/wp-content\/uploads\/2026\/01\/Rainer-Rossbach-150x150.jpg","caption":"Rainer Ro\u00dfbach"},"url":"https:\/\/www.enzo-und-ferdinand.de\/index.php\/author\/redaktion\/"}]}},"_links":{"self":[{"href":"https:\/\/www.enzo-und-ferdinand.de\/index.php\/wp-json\/wp\/v2\/posts\/8236","targetHints":{"allow":["GET"]}}],"collection":[{"href":"https:\/\/www.enzo-und-ferdinand.de\/index.php\/wp-json\/wp\/v2\/posts"}],"about":[{"href":"https:\/\/www.enzo-und-ferdinand.de\/index.php\/wp-json\/wp\/v2\/types\/post"}],"author":[{"embeddable":true,"href":"https:\/\/www.enzo-und-ferdinand.de\/index.php\/wp-json\/wp\/v2\/users\/1"}],"replies":[{"embeddable":true,"href":"https:\/\/www.enzo-und-ferdinand.de\/index.php\/wp-json\/wp\/v2\/comments?post=8236"}],"version-history":[{"count":4,"href":"https:\/\/www.enzo-und-ferdinand.de\/index.php\/wp-json\/wp\/v2\/posts\/8236\/revisions"}],"predecessor-version":[{"id":8312,"href":"https:\/\/www.enzo-und-ferdinand.de\/index.php\/wp-json\/wp\/v2\/posts\/8236\/revisions\/8312"}],"wp:featuredmedia":[{"embeddable":true,"href":"https:\/\/www.enzo-und-ferdinand.de\/index.php\/wp-json\/wp\/v2\/media\/8239"}],"wp:attachment":[{"href":"https:\/\/www.enzo-und-ferdinand.de\/index.php\/wp-json\/wp\/v2\/media?parent=8236"}],"wp:term":[{"taxonomy":"category","embeddable":true,"href":"https:\/\/www.enzo-und-ferdinand.de\/index.php\/wp-json\/wp\/v2\/categories?post=8236"},{"taxonomy":"post_tag","embeddable":true,"href":"https:\/\/www.enzo-und-ferdinand.de\/index.php\/wp-json\/wp\/v2\/tags?post=8236"}],"curies":[{"name":"wp","href":"https:\/\/api.w.org\/{rel}","templated":true}]}}