{"id":8412,"date":"2022-05-21T07:43:53","date_gmt":"2022-05-21T05:43:53","guid":{"rendered":"https:\/\/www.enzo-und-ferdinand.de\/?p=8412"},"modified":"2023-07-09T13:13:48","modified_gmt":"2023-07-09T11:13:48","slug":"vision-amg","status":"publish","type":"post","link":"https:\/\/www.enzo-und-ferdinand.de\/index.php\/2022\/05\/21\/vision-amg\/","title":{"rendered":"Vision AMG\u00a0"},"content":{"rendered":"\n<figure class=\"wp-block-image size-large\"><img loading=\"lazy\" decoding=\"async\" width=\"810\" height=\"506\" src=\"https:\/\/www.enzo-und-ferdinand.de\/wp-content\/uploads\/2022\/05\/22C0173_047-810x506.jpg\" alt=\"\" class=\"wp-image-8416\" srcset=\"https:\/\/www.enzo-und-ferdinand.de\/wp-content\/uploads\/2022\/05\/22C0173_047-810x506.jpg 810w, https:\/\/www.enzo-und-ferdinand.de\/wp-content\/uploads\/2022\/05\/22C0173_047-300x188.jpg 300w, https:\/\/www.enzo-und-ferdinand.de\/wp-content\/uploads\/2022\/05\/22C0173_047-768x480.jpg 768w, https:\/\/www.enzo-und-ferdinand.de\/wp-content\/uploads\/2022\/05\/22C0173_047.jpg 875w\" sizes=\"auto, (max-width: 810px) 100vw, 810px\" \/><\/figure>\n\n\n\n<p class=\"wp-block-paragraph\">Das Konzept gibt einen Ausblick auf die vollelektrische Zukunft der AMG Driving Performance. Unter der H\u00fclle des viert\u00fcrigen Coup\u00e9s steckt die eigenst\u00e4ndige AMG.EA Plattform, die derzeit in Affalterbach entwickelt wird. Flie\u00dfende, vollen Fl\u00e4chen sowie auf ein Minimum reduzierte und in der Wagenfarbe Alubeam-silber lackiert Heck- und Seitenscheiben geben dem Viert\u00fcrer eine monolithische Erscheinung. Ein langer Radstand, die weit vorn platzierte und stark geneigte A-S\u00e4ule, sowie ein kurzer vorderer und ein etwas l\u00e4ngerer und aerodynamisch geformter \u00dcberhang unterstreichen die Dynamik. Weit ausgestellte Kotfl\u00fcgel vorn und die betont breite Schultern hinten verleihen dem Coup\u00e9 Muskeln.<\/p>\n\n\n\n<figure class=\"wp-block-embed is-type-video is-provider-vimeo wp-block-embed-vimeo wp-embed-aspect-16-9 wp-has-aspect-ratio\"><div class=\"wp-block-embed__wrapper\">\n<iframe loading=\"lazy\" title=\"Vision AMG\" src=\"https:\/\/player.vimeo.com\/video\/712021294?h=5357a3dc73&amp;dnt=1&amp;app_id=122963\" width=\"810\" height=\"456\" frameborder=\"0\" allow=\"autoplay; fullscreen; picture-in-picture\" allowfullscreen><\/iframe>\n<\/div><\/figure>\n\n\n\n<p class=\"wp-block-paragraph\">Die nach hinten abfallende und sich seitlich verj\u00fcngende Dachlinie m\u00fcndet direkt in den Heckspoiler. Die Front-Gestaltung bezeichnen die Designer als \u201eShark Nose\u201c. Eine geschr\u00e4gte Abrisskante am Heck mit aktivem Spoiler streckt die Seitenansicht und verbessert die Aerodynamik. Ein scharf geschnittenes Leuchtband macht unterschiedliche Lichtinstallationen m\u00f6glich.<\/p>\n\n\n\n<p class=\"wp-block-paragraph\">Alle Komponenten des Antriebsstrangs wurden von Grund auf neu entwickelt: Das gilt auch f\u00fcr die Hochleistungs-Hochvoltbatterie und die Antriebstechnologie. Das Herzst\u00fcck ist ein innovativer&nbsp; und kompakten sowie leichter Axialflussmotor, der deutlich mehr Leistung liefert als herk\u00f6mmliche Elektromotoren.<\/p>\n\n\n\n<figure class=\"wp-block-image size-large\"><img loading=\"lazy\" decoding=\"async\" width=\"810\" height=\"467\" src=\"https:\/\/www.enzo-und-ferdinand.de\/wp-content\/uploads\/2022\/05\/22C0173_053-810x467.jpg\" alt=\"\" class=\"wp-image-8417\" srcset=\"https:\/\/www.enzo-und-ferdinand.de\/wp-content\/uploads\/2022\/05\/22C0173_053-810x467.jpg 810w, https:\/\/www.enzo-und-ferdinand.de\/wp-content\/uploads\/2022\/05\/22C0173_053-300x173.jpg 300w, https:\/\/www.enzo-und-ferdinand.de\/wp-content\/uploads\/2022\/05\/22C0173_053-768x443.jpg 768w, https:\/\/www.enzo-und-ferdinand.de\/wp-content\/uploads\/2022\/05\/22C0173_053.jpg 875w\" sizes=\"auto, (max-width: 810px) 100vw, 810px\" \/><\/figure>\n\n\n\n<p class=\"wp-block-paragraph\">Markentypisches Erkennungszeichen ist die AMG-spezifische K\u00fchlerverkleidung mit vertikalen Streben. Der Grill ist bauarttypisch geschlossen und in Wagenfarbe lackiert. Die Hauptscheinwerfer bestehen aus drei LED-Elementen, die einen stilisierten, dreidimensionalen Mercedes Stern bilden. Beide Scheinwerfer sind mit einem horizontalen Lichtband optisch verbunden und k\u00f6nnen verschiedenen animiert werden. Die Heckleuchten sind rund, die drei links und rechts positionierten LED-Ringe stecken in r\u00f6hrenf\u00f6rmigen Tuben. Der Heckdiffusor in tiefem Schwarz setzt dazu einen Kontrast.<\/p>\n\n\n\nngg_shortcode_0_placeholder\n\n\n\n<p class=\"has-text-align-right has-small-font-size wp-block-paragraph\">Video: AMG-Mercedes\/Fotos: AMG-Mercedes\/Text: Rainer Ro\u00dfbach<\/p>\n","protected":false},"excerpt":{"rendered":"<p>Das Konzept gibt einen Ausblick auf die vollelektrische Zukunft der AMG Driving Performance. Unter der H\u00fclle des viert\u00fcrigen Coup\u00e9s steckt die eigenst\u00e4ndige AMG.EA Plattform, die derzeit in Affalterbach entwickelt wird. Flie\u00dfende, vollen Fl\u00e4chen sowie auf ein Minimum reduzierte und in der Wagenfarbe Alubeam-silber lackiert Heck- und Seitenscheiben geben dem Viert\u00fcrer eine monolithische Erscheinung. Ein langer Radstand, die weit vorn platzierte und stark geneigte A-S\u00e4ule, sowie ein kurzer vorderer und ein etwas l\u00e4ngerer und aerodynamisch geformter \u00dcberhang unterstreichen die Dynamik. Weit ausgestellte Kotfl\u00fcgel vorn und die betont breite Schultern hinten verleihen dem Coup\u00e9 Muskeln.<\/p>\n","protected":false},"author":1,"featured_media":8415,"comment_status":"closed","ping_status":"closed","sticky":false,"template":"","format":"standard","meta":{"_crdt_document":"","ngg_post_thumbnail":0,"footnotes":""},"categories":[4,586,24,29],"tags":[206,510,207],"class_list":["post-8412","post","type-post","status-publish","format-standard","has-post-thumbnail","hentry","category-studien","category-technologie","category-unikate","category-video","tag-amg","tag-elektro","tag-mercedes-benz"],"yoast_head":"<!-- This site is optimized with the Yoast SEO plugin v27.5 - https:\/\/yoast.com\/product\/yoast-seo-wordpress\/ -->\n<title>Vision AMG\u00a0<\/title>\n<meta name=\"description\" content=\"AMG Driving Performance AMG-Mercedes AMG.EA Shark Nose Affalterbach\" \/>\n<meta name=\"robots\" content=\"index, follow, max-snippet:-1, max-image-preview:large, max-video-preview:-1\" \/>\n<link rel=\"canonical\" href=\"https:\/\/www.enzo-und-ferdinand.de\/index.php\/2022\/05\/21\/vision-amg\/\" \/>\n<meta property=\"og:locale\" content=\"de_DE\" \/>\n<meta property=\"og:type\" content=\"article\" \/>\n<meta property=\"og:title\" content=\"Vision AMG\u00a0\" \/>\n<meta property=\"og:description\" content=\"AMG Driving Performance AMG-Mercedes AMG.EA Shark Nose Affalterbach\" \/>\n<meta property=\"og:url\" content=\"https:\/\/www.enzo-und-ferdinand.de\/index.php\/2022\/05\/21\/vision-amg\/\" \/>\n<meta property=\"og:site_name\" content=\"enzo &amp; Ferdinand\" \/>\n<meta property=\"article:published_time\" content=\"2022-05-21T05:43:53+00:00\" \/>\n<meta property=\"article:modified_time\" content=\"2023-07-09T11:13:48+00:00\" \/>\n<meta property=\"og:image\" content=\"https:\/\/www.enzo-und-ferdinand.de\/wp-content\/uploads\/2022\/05\/22C0173_046.jpg\" \/>\n\t<meta property=\"og:image:width\" content=\"875\" \/>\n\t<meta property=\"og:image:height\" content=\"567\" \/>\n\t<meta property=\"og:image:type\" content=\"image\/jpeg\" \/>\n<meta name=\"author\" content=\"Rainer Ro\u00dfbach\" \/>\n<meta name=\"twitter:card\" content=\"summary_large_image\" \/>\n<meta name=\"twitter:label1\" content=\"Verfasst von\" \/>\n\t<meta name=\"twitter:data1\" content=\"Rainer Ro\u00dfbach\" \/>\n\t<meta name=\"twitter:label2\" content=\"Gesch\u00e4tzte Lesezeit\" \/>\n\t<meta name=\"twitter:data2\" content=\"1\u00a0Minute\" \/>\n<script type=\"application\/ld+json\" class=\"yoast-schema-graph\">{\"@context\":\"https:\\\/\\\/schema.org\",\"@graph\":[{\"@type\":\"Article\",\"@id\":\"https:\\\/\\\/www.enzo-und-ferdinand.de\\\/index.php\\\/2022\\\/05\\\/21\\\/vision-amg\\\/#article\",\"isPartOf\":{\"@id\":\"https:\\\/\\\/www.enzo-und-ferdinand.de\\\/index.php\\\/2022\\\/05\\\/21\\\/vision-amg\\\/\"},\"author\":{\"name\":\"Rainer Ro\u00dfbach\",\"@id\":\"https:\\\/\\\/www.enzo-und-ferdinand.de\\\/#\\\/schema\\\/person\\\/aff2eb9ff87705987c1b9d21fe10b095\"},\"headline\":\"Vision AMG\u00a0\",\"datePublished\":\"2022-05-21T05:43:53+00:00\",\"dateModified\":\"2023-07-09T11:13:48+00:00\",\"mainEntityOfPage\":{\"@id\":\"https:\\\/\\\/www.enzo-und-ferdinand.de\\\/index.php\\\/2022\\\/05\\\/21\\\/vision-amg\\\/\"},\"wordCount\":287,\"publisher\":{\"@id\":\"https:\\\/\\\/www.enzo-und-ferdinand.de\\\/#organization\"},\"image\":{\"@id\":\"https:\\\/\\\/www.enzo-und-ferdinand.de\\\/index.php\\\/2022\\\/05\\\/21\\\/vision-amg\\\/#primaryimage\"},\"thumbnailUrl\":\"https:\\\/\\\/www.enzo-und-ferdinand.de\\\/wp-content\\\/uploads\\\/2022\\\/05\\\/22C0173_046.jpg\",\"keywords\":[\"AMG\",\"Elektro\",\"Mercedes-Benz\"],\"articleSection\":[\"Studien\",\"Technologie\",\"Unikate\",\"Video\"],\"inLanguage\":\"de\"},{\"@type\":\"WebPage\",\"@id\":\"https:\\\/\\\/www.enzo-und-ferdinand.de\\\/index.php\\\/2022\\\/05\\\/21\\\/vision-amg\\\/\",\"url\":\"https:\\\/\\\/www.enzo-und-ferdinand.de\\\/index.php\\\/2022\\\/05\\\/21\\\/vision-amg\\\/\",\"name\":\"Vision AMG\u00a0\",\"isPartOf\":{\"@id\":\"https:\\\/\\\/www.enzo-und-ferdinand.de\\\/#website\"},\"primaryImageOfPage\":{\"@id\":\"https:\\\/\\\/www.enzo-und-ferdinand.de\\\/index.php\\\/2022\\\/05\\\/21\\\/vision-amg\\\/#primaryimage\"},\"image\":{\"@id\":\"https:\\\/\\\/www.enzo-und-ferdinand.de\\\/index.php\\\/2022\\\/05\\\/21\\\/vision-amg\\\/#primaryimage\"},\"thumbnailUrl\":\"https:\\\/\\\/www.enzo-und-ferdinand.de\\\/wp-content\\\/uploads\\\/2022\\\/05\\\/22C0173_046.jpg\",\"datePublished\":\"2022-05-21T05:43:53+00:00\",\"dateModified\":\"2023-07-09T11:13:48+00:00\",\"description\":\"AMG Driving Performance AMG-Mercedes AMG.EA Shark Nose Affalterbach\",\"breadcrumb\":{\"@id\":\"https:\\\/\\\/www.enzo-und-ferdinand.de\\\/index.php\\\/2022\\\/05\\\/21\\\/vision-amg\\\/#breadcrumb\"},\"inLanguage\":\"de\",\"potentialAction\":[{\"@type\":\"ReadAction\",\"target\":[\"https:\\\/\\\/www.enzo-und-ferdinand.de\\\/index.php\\\/2022\\\/05\\\/21\\\/vision-amg\\\/\"]}]},{\"@type\":\"ImageObject\",\"inLanguage\":\"de\",\"@id\":\"https:\\\/\\\/www.enzo-und-ferdinand.de\\\/index.php\\\/2022\\\/05\\\/21\\\/vision-amg\\\/#primaryimage\",\"url\":\"https:\\\/\\\/www.enzo-und-ferdinand.de\\\/wp-content\\\/uploads\\\/2022\\\/05\\\/22C0173_046.jpg\",\"contentUrl\":\"https:\\\/\\\/www.enzo-und-ferdinand.de\\\/wp-content\\\/uploads\\\/2022\\\/05\\\/22C0173_046.jpg\",\"width\":875,\"height\":567,\"caption\":\"Design Essentials IV \u2013 The Art of Creating Desire, 2022, Nizza: Vision AMG Design Essentials IV \u2013 The Art of Creating Desire, 2022, Nice: Vision AMG\"},{\"@type\":\"BreadcrumbList\",\"@id\":\"https:\\\/\\\/www.enzo-und-ferdinand.de\\\/index.php\\\/2022\\\/05\\\/21\\\/vision-amg\\\/#breadcrumb\",\"itemListElement\":[{\"@type\":\"ListItem\",\"position\":1,\"name\":\"Startseite\",\"item\":\"https:\\\/\\\/www.enzo-und-ferdinand.de\\\/\"},{\"@type\":\"ListItem\",\"position\":2,\"name\":\"Vision AMG\u00a0\"}]},{\"@type\":\"WebSite\",\"@id\":\"https:\\\/\\\/www.enzo-und-ferdinand.de\\\/#website\",\"url\":\"https:\\\/\\\/www.enzo-und-ferdinand.de\\\/\",\"name\":\"enzo & Ferdinand\",\"description\":\"\",\"publisher\":{\"@id\":\"https:\\\/\\\/www.enzo-und-ferdinand.de\\\/#organization\"},\"potentialAction\":[{\"@type\":\"SearchAction\",\"target\":{\"@type\":\"EntryPoint\",\"urlTemplate\":\"https:\\\/\\\/www.enzo-und-ferdinand.de\\\/?s={search_term_string}\"},\"query-input\":{\"@type\":\"PropertyValueSpecification\",\"valueRequired\":true,\"valueName\":\"search_term_string\"}}],\"inLanguage\":\"de\"},{\"@type\":\"Organization\",\"@id\":\"https:\\\/\\\/www.enzo-und-ferdinand.de\\\/#organization\",\"name\":\"enzo & Ferdinand\",\"url\":\"https:\\\/\\\/www.enzo-und-ferdinand.de\\\/\",\"logo\":{\"@type\":\"ImageObject\",\"inLanguage\":\"de\",\"@id\":\"https:\\\/\\\/www.enzo-und-ferdinand.de\\\/#\\\/schema\\\/logo\\\/image\\\/\",\"url\":\"https:\\\/\\\/www.enzo-und-ferdinand.de\\\/wp-content\\\/uploads\\\/2018\\\/12\\\/revvvs-icon.png\",\"contentUrl\":\"https:\\\/\\\/www.enzo-und-ferdinand.de\\\/wp-content\\\/uploads\\\/2018\\\/12\\\/revvvs-icon.png\",\"width\":512,\"height\":512,\"caption\":\"enzo & Ferdinand\"},\"image\":{\"@id\":\"https:\\\/\\\/www.enzo-und-ferdinand.de\\\/#\\\/schema\\\/logo\\\/image\\\/\"}},{\"@type\":\"Person\",\"@id\":\"https:\\\/\\\/www.enzo-und-ferdinand.de\\\/#\\\/schema\\\/person\\\/aff2eb9ff87705987c1b9d21fe10b095\",\"name\":\"Rainer Ro\u00dfbach\",\"image\":{\"@type\":\"ImageObject\",\"inLanguage\":\"de\",\"@id\":\"https:\\\/\\\/www.enzo-und-ferdinand.de\\\/wp-content\\\/uploads\\\/2026\\\/01\\\/Rainer-Rossbach-150x150.jpg\",\"url\":\"https:\\\/\\\/www.enzo-und-ferdinand.de\\\/wp-content\\\/uploads\\\/2026\\\/01\\\/Rainer-Rossbach-150x150.jpg\",\"contentUrl\":\"https:\\\/\\\/www.enzo-und-ferdinand.de\\\/wp-content\\\/uploads\\\/2026\\\/01\\\/Rainer-Rossbach-150x150.jpg\",\"caption\":\"Rainer Ro\u00dfbach\"},\"url\":\"https:\\\/\\\/www.enzo-und-ferdinand.de\\\/index.php\\\/author\\\/redaktion\\\/\"}]}<\/script>\n<!-- \/ Yoast SEO plugin. -->","yoast_head_json":{"title":"Vision AMG\u00a0","description":"AMG Driving Performance AMG-Mercedes AMG.EA Shark Nose Affalterbach","robots":{"index":"index","follow":"follow","max-snippet":"max-snippet:-1","max-image-preview":"max-image-preview:large","max-video-preview":"max-video-preview:-1"},"canonical":"https:\/\/www.enzo-und-ferdinand.de\/index.php\/2022\/05\/21\/vision-amg\/","og_locale":"de_DE","og_type":"article","og_title":"Vision AMG\u00a0","og_description":"AMG Driving Performance AMG-Mercedes AMG.EA Shark Nose Affalterbach","og_url":"https:\/\/www.enzo-und-ferdinand.de\/index.php\/2022\/05\/21\/vision-amg\/","og_site_name":"enzo &amp; Ferdinand","article_published_time":"2022-05-21T05:43:53+00:00","article_modified_time":"2023-07-09T11:13:48+00:00","og_image":[{"width":875,"height":567,"url":"https:\/\/www.enzo-und-ferdinand.de\/wp-content\/uploads\/2022\/05\/22C0173_046.jpg","type":"image\/jpeg"}],"author":"Rainer Ro\u00dfbach","twitter_card":"summary_large_image","twitter_misc":{"Verfasst von":"Rainer Ro\u00dfbach","Gesch\u00e4tzte Lesezeit":"1\u00a0Minute"},"schema":{"@context":"https:\/\/schema.org","@graph":[{"@type":"Article","@id":"https:\/\/www.enzo-und-ferdinand.de\/index.php\/2022\/05\/21\/vision-amg\/#article","isPartOf":{"@id":"https:\/\/www.enzo-und-ferdinand.de\/index.php\/2022\/05\/21\/vision-amg\/"},"author":{"name":"Rainer Ro\u00dfbach","@id":"https:\/\/www.enzo-und-ferdinand.de\/#\/schema\/person\/aff2eb9ff87705987c1b9d21fe10b095"},"headline":"Vision AMG\u00a0","datePublished":"2022-05-21T05:43:53+00:00","dateModified":"2023-07-09T11:13:48+00:00","mainEntityOfPage":{"@id":"https:\/\/www.enzo-und-ferdinand.de\/index.php\/2022\/05\/21\/vision-amg\/"},"wordCount":287,"publisher":{"@id":"https:\/\/www.enzo-und-ferdinand.de\/#organization"},"image":{"@id":"https:\/\/www.enzo-und-ferdinand.de\/index.php\/2022\/05\/21\/vision-amg\/#primaryimage"},"thumbnailUrl":"https:\/\/www.enzo-und-ferdinand.de\/wp-content\/uploads\/2022\/05\/22C0173_046.jpg","keywords":["AMG","Elektro","Mercedes-Benz"],"articleSection":["Studien","Technologie","Unikate","Video"],"inLanguage":"de"},{"@type":"WebPage","@id":"https:\/\/www.enzo-und-ferdinand.de\/index.php\/2022\/05\/21\/vision-amg\/","url":"https:\/\/www.enzo-und-ferdinand.de\/index.php\/2022\/05\/21\/vision-amg\/","name":"Vision AMG\u00a0","isPartOf":{"@id":"https:\/\/www.enzo-und-ferdinand.de\/#website"},"primaryImageOfPage":{"@id":"https:\/\/www.enzo-und-ferdinand.de\/index.php\/2022\/05\/21\/vision-amg\/#primaryimage"},"image":{"@id":"https:\/\/www.enzo-und-ferdinand.de\/index.php\/2022\/05\/21\/vision-amg\/#primaryimage"},"thumbnailUrl":"https:\/\/www.enzo-und-ferdinand.de\/wp-content\/uploads\/2022\/05\/22C0173_046.jpg","datePublished":"2022-05-21T05:43:53+00:00","dateModified":"2023-07-09T11:13:48+00:00","description":"AMG Driving Performance AMG-Mercedes AMG.EA Shark Nose Affalterbach","breadcrumb":{"@id":"https:\/\/www.enzo-und-ferdinand.de\/index.php\/2022\/05\/21\/vision-amg\/#breadcrumb"},"inLanguage":"de","potentialAction":[{"@type":"ReadAction","target":["https:\/\/www.enzo-und-ferdinand.de\/index.php\/2022\/05\/21\/vision-amg\/"]}]},{"@type":"ImageObject","inLanguage":"de","@id":"https:\/\/www.enzo-und-ferdinand.de\/index.php\/2022\/05\/21\/vision-amg\/#primaryimage","url":"https:\/\/www.enzo-und-ferdinand.de\/wp-content\/uploads\/2022\/05\/22C0173_046.jpg","contentUrl":"https:\/\/www.enzo-und-ferdinand.de\/wp-content\/uploads\/2022\/05\/22C0173_046.jpg","width":875,"height":567,"caption":"Design Essentials IV \u2013 The Art of Creating Desire, 2022, Nizza: Vision AMG Design Essentials IV \u2013 The Art of Creating Desire, 2022, Nice: Vision AMG"},{"@type":"BreadcrumbList","@id":"https:\/\/www.enzo-und-ferdinand.de\/index.php\/2022\/05\/21\/vision-amg\/#breadcrumb","itemListElement":[{"@type":"ListItem","position":1,"name":"Startseite","item":"https:\/\/www.enzo-und-ferdinand.de\/"},{"@type":"ListItem","position":2,"name":"Vision AMG\u00a0"}]},{"@type":"WebSite","@id":"https:\/\/www.enzo-und-ferdinand.de\/#website","url":"https:\/\/www.enzo-und-ferdinand.de\/","name":"enzo & Ferdinand","description":"","publisher":{"@id":"https:\/\/www.enzo-und-ferdinand.de\/#organization"},"potentialAction":[{"@type":"SearchAction","target":{"@type":"EntryPoint","urlTemplate":"https:\/\/www.enzo-und-ferdinand.de\/?s={search_term_string}"},"query-input":{"@type":"PropertyValueSpecification","valueRequired":true,"valueName":"search_term_string"}}],"inLanguage":"de"},{"@type":"Organization","@id":"https:\/\/www.enzo-und-ferdinand.de\/#organization","name":"enzo & Ferdinand","url":"https:\/\/www.enzo-und-ferdinand.de\/","logo":{"@type":"ImageObject","inLanguage":"de","@id":"https:\/\/www.enzo-und-ferdinand.de\/#\/schema\/logo\/image\/","url":"https:\/\/www.enzo-und-ferdinand.de\/wp-content\/uploads\/2018\/12\/revvvs-icon.png","contentUrl":"https:\/\/www.enzo-und-ferdinand.de\/wp-content\/uploads\/2018\/12\/revvvs-icon.png","width":512,"height":512,"caption":"enzo & Ferdinand"},"image":{"@id":"https:\/\/www.enzo-und-ferdinand.de\/#\/schema\/logo\/image\/"}},{"@type":"Person","@id":"https:\/\/www.enzo-und-ferdinand.de\/#\/schema\/person\/aff2eb9ff87705987c1b9d21fe10b095","name":"Rainer Ro\u00dfbach","image":{"@type":"ImageObject","inLanguage":"de","@id":"https:\/\/www.enzo-und-ferdinand.de\/wp-content\/uploads\/2026\/01\/Rainer-Rossbach-150x150.jpg","url":"https:\/\/www.enzo-und-ferdinand.de\/wp-content\/uploads\/2026\/01\/Rainer-Rossbach-150x150.jpg","contentUrl":"https:\/\/www.enzo-und-ferdinand.de\/wp-content\/uploads\/2026\/01\/Rainer-Rossbach-150x150.jpg","caption":"Rainer Ro\u00dfbach"},"url":"https:\/\/www.enzo-und-ferdinand.de\/index.php\/author\/redaktion\/"}]}},"_links":{"self":[{"href":"https:\/\/www.enzo-und-ferdinand.de\/index.php\/wp-json\/wp\/v2\/posts\/8412","targetHints":{"allow":["GET"]}}],"collection":[{"href":"https:\/\/www.enzo-und-ferdinand.de\/index.php\/wp-json\/wp\/v2\/posts"}],"about":[{"href":"https:\/\/www.enzo-und-ferdinand.de\/index.php\/wp-json\/wp\/v2\/types\/post"}],"author":[{"embeddable":true,"href":"https:\/\/www.enzo-und-ferdinand.de\/index.php\/wp-json\/wp\/v2\/users\/1"}],"replies":[{"embeddable":true,"href":"https:\/\/www.enzo-und-ferdinand.de\/index.php\/wp-json\/wp\/v2\/comments?post=8412"}],"version-history":[{"count":9,"href":"https:\/\/www.enzo-und-ferdinand.de\/index.php\/wp-json\/wp\/v2\/posts\/8412\/revisions"}],"predecessor-version":[{"id":8446,"href":"https:\/\/www.enzo-und-ferdinand.de\/index.php\/wp-json\/wp\/v2\/posts\/8412\/revisions\/8446"}],"wp:featuredmedia":[{"embeddable":true,"href":"https:\/\/www.enzo-und-ferdinand.de\/index.php\/wp-json\/wp\/v2\/media\/8415"}],"wp:attachment":[{"href":"https:\/\/www.enzo-und-ferdinand.de\/index.php\/wp-json\/wp\/v2\/media?parent=8412"}],"wp:term":[{"taxonomy":"category","embeddable":true,"href":"https:\/\/www.enzo-und-ferdinand.de\/index.php\/wp-json\/wp\/v2\/categories?post=8412"},{"taxonomy":"post_tag","embeddable":true,"href":"https:\/\/www.enzo-und-ferdinand.de\/index.php\/wp-json\/wp\/v2\/tags?post=8412"}],"curies":[{"name":"wp","href":"https:\/\/api.w.org\/{rel}","templated":true}]}}