{"id":8436,"date":"2022-05-22T06:26:52","date_gmt":"2022-05-22T04:26:52","guid":{"rendered":"https:\/\/www.enzo-und-ferdinand.de\/?p=8436"},"modified":"2023-02-24T19:12:02","modified_gmt":"2023-02-24T18:12:02","slug":"peugeot-9x8-hypercar-2","status":"publish","type":"post","link":"https:\/\/www.enzo-und-ferdinand.de\/index.php\/2022\/05\/22\/peugeot-9x8-hypercar-2\/","title":{"rendered":"Peugeot 9X8 Hypercar f\u00fcr Monza"},"content":{"rendered":"\n<figure class=\"wp-block-image size-large\"><img loading=\"lazy\" decoding=\"async\" width=\"810\" height=\"541\" src=\"https:\/\/www.enzo-und-ferdinand.de\/wp-content\/uploads\/2022\/05\/32e1418c03de6137f28e8b403ff1a40d757956ca-810x541.jpeg\" alt=\"\" class=\"wp-image-8441\" srcset=\"https:\/\/www.enzo-und-ferdinand.de\/wp-content\/uploads\/2022\/05\/32e1418c03de6137f28e8b403ff1a40d757956ca-810x541.jpeg 810w, https:\/\/www.enzo-und-ferdinand.de\/wp-content\/uploads\/2022\/05\/32e1418c03de6137f28e8b403ff1a40d757956ca-300x200.jpeg 300w, https:\/\/www.enzo-und-ferdinand.de\/wp-content\/uploads\/2022\/05\/32e1418c03de6137f28e8b403ff1a40d757956ca-768x513.jpeg 768w, https:\/\/www.enzo-und-ferdinand.de\/wp-content\/uploads\/2022\/05\/32e1418c03de6137f28e8b403ff1a40d757956ca-120x80.jpeg 120w, https:\/\/www.enzo-und-ferdinand.de\/wp-content\/uploads\/2022\/05\/32e1418c03de6137f28e8b403ff1a40d757956ca.jpeg 875w\" sizes=\"auto, (max-width: 810px) 100vw, 810px\" \/><\/figure>\n\n\n\n<p class=\"wp-block-paragraph\">Im portugiesischen Portim\u00e3o hat Peugeot mit dem hybrid-elektrischen Hypercar 9X8 Tests f\u00fcr den ersten Einsatz in Monza gefahren. Bei der vierten Runde der FIA World Endurance Championship auf der italienischen Traditionsstrecke beginnt f\u00fcr das Unternehmen eine neue \u00c4ra im Langstreckensport.<\/p>\n\n\n\n<p class=\"wp-block-paragraph\">Das Hypercar f\u00e4llt durch das Fehlen eines Heckfl\u00fcgels sofort ins Auge. Der Peugeot 9X8 ist ein Prototyp f\u00fcr den Rennsport mit Allradantrieb, dessen Antriebsstrang von Peugeot Sport entwickelt wurde. Seine Hinterr\u00e4der werden von einem 2,6-Liter-V6-Bi-Turbo-Verbrennungsmotor mit 520 kW Leistung angetrieben, w\u00e4hrend ein Hochleistungs-Elektromotor mit 200 kW die Vorderr\u00e4der antreibt. Wie der Motor wurde auch der auf Siliziumkarbid basierende Wechselrichter in Zusammenarbeit mit Marelli entwickelt. Die 900-Volt-Hochspannungsbatterie des Fahrzeugs wurde gemeinsam mit TotalEnergies\/Saft entwickelt, und Michelin liefert die Reifen, die den Vorschriften der Hypercar-Klasse entsprechen.<\/p>\n\n\n\n<figure class=\"wp-block-image size-large\"><img loading=\"lazy\" decoding=\"async\" width=\"810\" height=\"576\" src=\"https:\/\/www.enzo-und-ferdinand.de\/wp-content\/uploads\/2022\/05\/02_169-61e690991e128-810x576.jpeg\" alt=\"\" class=\"wp-image-8438\" srcset=\"https:\/\/www.enzo-und-ferdinand.de\/wp-content\/uploads\/2022\/05\/02_169-61e690991e128-810x576.jpeg 810w, https:\/\/www.enzo-und-ferdinand.de\/wp-content\/uploads\/2022\/05\/02_169-61e690991e128-300x213.jpeg 300w, https:\/\/www.enzo-und-ferdinand.de\/wp-content\/uploads\/2022\/05\/02_169-61e690991e128-768x546.jpeg 768w, https:\/\/www.enzo-und-ferdinand.de\/wp-content\/uploads\/2022\/05\/02_169-61e690991e128.jpeg 875w\" sizes=\"auto, (max-width: 810px) 100vw, 810px\" \/><\/figure>\n\n\n\n<p class=\"wp-block-paragraph\">Der Prototyp misst 4,995 Meter in der L\u00e4nge, zwei Meter in der Breite und 1,145 Meter in der H\u00f6he. Er bringt nur 1.030 kg auf die Waage und sein Tank fasst bis zu 90 Liter.<\/p>\n\n\n\n<p class=\"wp-block-paragraph\">Mehr als 10.000 Kilometer hat der Hybride im Laufe von 25 Testtagen zur\u00fcckgelegt. Parallel dazu wurde die Homologation des Fahrzeugs in Zusammenarbeit mit der FIA durchgef\u00fchrt, w\u00e4hrend sich das Team um Peugeot Sport Powertrain Director Fran\u00e7ois Coudrain auf die Entwicklung des Antriebsstrangs auf dem Pr\u00fcfstand, im Simulator und auf der Rennstrecke konzentrierte.<\/p>\n\n\n\n<p class=\"wp-block-paragraph\">In der Saison 2023 wird das Team&nbsp; an der hundertsten Ausgabe der 24 Stunden von Le Mans teilnehmen und gegen eine Reihe von internationalen Konkurrenten wie Porsche, Toyota Ferrari. Lamborghini und weitere antreten, die entweder Le Mans Hybrid (LMH, d.h. dieselbe Klasse wie der Peugeot 9X8) oder Le Mans Daytona Hybrid (LMdH) fahren. Die Veranstaltung im n\u00e4chsten Jahr sollte so zum wirklich denkw\u00fcrdigen Ereignis werden.<\/p>\n\n\n\n<figure class=\"wp-block-image size-large\"><img loading=\"lazy\" decoding=\"async\" width=\"810\" height=\"579\" src=\"https:\/\/www.enzo-und-ferdinand.de\/wp-content\/uploads\/2022\/05\/03_169-61e690afc937c-810x579.jpeg\" alt=\"\" class=\"wp-image-8439\" srcset=\"https:\/\/www.enzo-und-ferdinand.de\/wp-content\/uploads\/2022\/05\/03_169-61e690afc937c-810x579.jpeg 810w, https:\/\/www.enzo-und-ferdinand.de\/wp-content\/uploads\/2022\/05\/03_169-61e690afc937c-300x215.jpeg 300w, https:\/\/www.enzo-und-ferdinand.de\/wp-content\/uploads\/2022\/05\/03_169-61e690afc937c-768x549.jpeg 768w, https:\/\/www.enzo-und-ferdinand.de\/wp-content\/uploads\/2022\/05\/03_169-61e690afc937c.jpeg 875w\" sizes=\"auto, (max-width: 810px) 100vw, 810px\" \/><\/figure>\n\n\n\n<p class=\"has-text-align-right has-small-font-size wp-block-paragraph\">Fotos: Peugeot\/Text: Rainer Ro\u00dfbach<\/p>\n","protected":false},"excerpt":{"rendered":"<p>Im portugiesischen Portim\u00e3o hat Peugeot mit dem hybrid-elektrischen Hypercar 9X8 Tests f\u00fcr den ersten Einsatz in Monza gefahren. Bei der vierten Runde der FIA World Endurance Championship auf der italienischen Traditionsstrecke beginnt f\u00fcr das Unternehmen eine neue \u00c4ra im Langstreckensport. Das Hypercar f\u00e4llt durch das Fehlen eines Heckfl\u00fcgels sofort ins Auge. Der Peugeot 9X8 ist ein Prototyp f\u00fcr den Rennsport mit Allradantrieb, dessen Antriebsstrang von Peugeot Sport entwickelt wurde. Seine Hinterr\u00e4der werden von einem 2,6-Liter-V6-Bi-Turbo-Verbrennungsmotor mit 520 kW Leistung angetrieben, w\u00e4hrend ein Hochleistungs-Elektromotor mit 200 kW die Vorderr\u00e4der antreibt.<\/p>\n","protected":false},"author":1,"featured_media":8440,"comment_status":"closed","ping_status":"closed","sticky":false,"template":"","format":"standard","meta":{"_crdt_document":"","ngg_post_thumbnail":0,"footnotes":""},"categories":[23,5,25,586],"tags":[611,214,504,635],"class_list":["post-8436","post","type-post","status-publish","format-standard","has-post-thumbnail","hentry","category-performance","category-rennsport","category-rennstrecken","category-technologie","tag-lmdh","tag-peugeot","tag-peugeot-9x8-hypercar","tag-wec"],"yoast_head":"<!-- This site is optimized with the Yoast SEO plugin v27.5 - https:\/\/yoast.com\/product\/yoast-seo-wordpress\/ -->\n<title>Peugeot 9X8 Hypercar f\u00fcr Monza<\/title>\n<meta name=\"description\" content=\"Peugeot 9X8 Portim\u00e3o hybrid-elektrisch Hypercar WEC FIA World Endurance Championship Monza Peugeot Sport Hochleistungs-Elektromotor Marelli Hochspannungsbatterie Peugeot Sport Powertrain Director Fran\u00e7ois Coudrain 24 Stunden von Le Mans\" \/>\n<meta name=\"robots\" content=\"index, follow, max-snippet:-1, max-image-preview:large, max-video-preview:-1\" \/>\n<link rel=\"canonical\" href=\"https:\/\/www.enzo-und-ferdinand.de\/index.php\/2022\/05\/22\/peugeot-9x8-hypercar-2\/\" \/>\n<meta property=\"og:locale\" content=\"de_DE\" \/>\n<meta property=\"og:type\" content=\"article\" \/>\n<meta property=\"og:title\" content=\"Peugeot 9X8 Hypercar f\u00fcr Monza\" \/>\n<meta property=\"og:description\" content=\"Peugeot 9X8 Portim\u00e3o hybrid-elektrisch Hypercar WEC FIA World Endurance Championship Monza Peugeot Sport Hochleistungs-Elektromotor Marelli Hochspannungsbatterie Peugeot Sport Powertrain Director Fran\u00e7ois Coudrain 24 Stunden von Le Mans\" \/>\n<meta property=\"og:url\" content=\"https:\/\/www.enzo-und-ferdinand.de\/index.php\/2022\/05\/22\/peugeot-9x8-hypercar-2\/\" \/>\n<meta property=\"og:site_name\" content=\"enzo &amp; Ferdinand\" \/>\n<meta property=\"article:published_time\" content=\"2022-05-22T04:26:52+00:00\" \/>\n<meta property=\"article:modified_time\" content=\"2023-02-24T18:12:02+00:00\" \/>\n<meta property=\"og:image\" content=\"https:\/\/www.enzo-und-ferdinand.de\/wp-content\/uploads\/2022\/05\/04_169-61e6905b93351.jpeg\" \/>\n\t<meta property=\"og:image:width\" content=\"875\" \/>\n\t<meta property=\"og:image:height\" content=\"589\" \/>\n\t<meta property=\"og:image:type\" content=\"image\/jpeg\" \/>\n<meta name=\"author\" content=\"Rainer Ro\u00dfbach\" \/>\n<meta name=\"twitter:card\" content=\"summary_large_image\" \/>\n<meta name=\"twitter:label1\" content=\"Verfasst von\" \/>\n\t<meta name=\"twitter:data1\" content=\"Rainer Ro\u00dfbach\" \/>\n\t<meta name=\"twitter:label2\" content=\"Gesch\u00e4tzte Lesezeit\" \/>\n\t<meta name=\"twitter:data2\" content=\"1\u00a0Minute\" \/>\n<script type=\"application\/ld+json\" class=\"yoast-schema-graph\">{\"@context\":\"https:\\\/\\\/schema.org\",\"@graph\":[{\"@type\":\"Article\",\"@id\":\"https:\\\/\\\/www.enzo-und-ferdinand.de\\\/index.php\\\/2022\\\/05\\\/22\\\/peugeot-9x8-hypercar-2\\\/#article\",\"isPartOf\":{\"@id\":\"https:\\\/\\\/www.enzo-und-ferdinand.de\\\/index.php\\\/2022\\\/05\\\/22\\\/peugeot-9x8-hypercar-2\\\/\"},\"author\":{\"name\":\"Rainer Ro\u00dfbach\",\"@id\":\"https:\\\/\\\/www.enzo-und-ferdinand.de\\\/#\\\/schema\\\/person\\\/aff2eb9ff87705987c1b9d21fe10b095\"},\"headline\":\"Peugeot 9X8 Hypercar f\u00fcr Monza\",\"datePublished\":\"2022-05-22T04:26:52+00:00\",\"dateModified\":\"2023-02-24T18:12:02+00:00\",\"mainEntityOfPage\":{\"@id\":\"https:\\\/\\\/www.enzo-und-ferdinand.de\\\/index.php\\\/2022\\\/05\\\/22\\\/peugeot-9x8-hypercar-2\\\/\"},\"wordCount\":300,\"publisher\":{\"@id\":\"https:\\\/\\\/www.enzo-und-ferdinand.de\\\/#organization\"},\"image\":{\"@id\":\"https:\\\/\\\/www.enzo-und-ferdinand.de\\\/index.php\\\/2022\\\/05\\\/22\\\/peugeot-9x8-hypercar-2\\\/#primaryimage\"},\"thumbnailUrl\":\"https:\\\/\\\/www.enzo-und-ferdinand.de\\\/wp-content\\\/uploads\\\/2022\\\/05\\\/04_169-61e6905b93351.jpeg\",\"keywords\":[\"LMDh\",\"Peugeot\",\"Peugeot 9X8 Hypercar\",\"WEC\"],\"articleSection\":[\"Performance\",\"Rennsport\",\"Rennstrecken\",\"Technologie\"],\"inLanguage\":\"de\"},{\"@type\":\"WebPage\",\"@id\":\"https:\\\/\\\/www.enzo-und-ferdinand.de\\\/index.php\\\/2022\\\/05\\\/22\\\/peugeot-9x8-hypercar-2\\\/\",\"url\":\"https:\\\/\\\/www.enzo-und-ferdinand.de\\\/index.php\\\/2022\\\/05\\\/22\\\/peugeot-9x8-hypercar-2\\\/\",\"name\":\"Peugeot 9X8 Hypercar f\u00fcr Monza\",\"isPartOf\":{\"@id\":\"https:\\\/\\\/www.enzo-und-ferdinand.de\\\/#website\"},\"primaryImageOfPage\":{\"@id\":\"https:\\\/\\\/www.enzo-und-ferdinand.de\\\/index.php\\\/2022\\\/05\\\/22\\\/peugeot-9x8-hypercar-2\\\/#primaryimage\"},\"image\":{\"@id\":\"https:\\\/\\\/www.enzo-und-ferdinand.de\\\/index.php\\\/2022\\\/05\\\/22\\\/peugeot-9x8-hypercar-2\\\/#primaryimage\"},\"thumbnailUrl\":\"https:\\\/\\\/www.enzo-und-ferdinand.de\\\/wp-content\\\/uploads\\\/2022\\\/05\\\/04_169-61e6905b93351.jpeg\",\"datePublished\":\"2022-05-22T04:26:52+00:00\",\"dateModified\":\"2023-02-24T18:12:02+00:00\",\"description\":\"Peugeot 9X8 Portim\u00e3o hybrid-elektrisch Hypercar WEC FIA World Endurance Championship Monza Peugeot Sport Hochleistungs-Elektromotor Marelli Hochspannungsbatterie Peugeot Sport Powertrain Director Fran\u00e7ois Coudrain 24 Stunden von Le Mans\",\"breadcrumb\":{\"@id\":\"https:\\\/\\\/www.enzo-und-ferdinand.de\\\/index.php\\\/2022\\\/05\\\/22\\\/peugeot-9x8-hypercar-2\\\/#breadcrumb\"},\"inLanguage\":\"de\",\"potentialAction\":[{\"@type\":\"ReadAction\",\"target\":[\"https:\\\/\\\/www.enzo-und-ferdinand.de\\\/index.php\\\/2022\\\/05\\\/22\\\/peugeot-9x8-hypercar-2\\\/\"]}]},{\"@type\":\"ImageObject\",\"inLanguage\":\"de\",\"@id\":\"https:\\\/\\\/www.enzo-und-ferdinand.de\\\/index.php\\\/2022\\\/05\\\/22\\\/peugeot-9x8-hypercar-2\\\/#primaryimage\",\"url\":\"https:\\\/\\\/www.enzo-und-ferdinand.de\\\/wp-content\\\/uploads\\\/2022\\\/05\\\/04_169-61e6905b93351.jpeg\",\"contentUrl\":\"https:\\\/\\\/www.enzo-und-ferdinand.de\\\/wp-content\\\/uploads\\\/2022\\\/05\\\/04_169-61e6905b93351.jpeg\",\"width\":875,\"height\":589},{\"@type\":\"BreadcrumbList\",\"@id\":\"https:\\\/\\\/www.enzo-und-ferdinand.de\\\/index.php\\\/2022\\\/05\\\/22\\\/peugeot-9x8-hypercar-2\\\/#breadcrumb\",\"itemListElement\":[{\"@type\":\"ListItem\",\"position\":1,\"name\":\"Startseite\",\"item\":\"https:\\\/\\\/www.enzo-und-ferdinand.de\\\/\"},{\"@type\":\"ListItem\",\"position\":2,\"name\":\"Peugeot 9X8 Hypercar f\u00fcr Monza\"}]},{\"@type\":\"WebSite\",\"@id\":\"https:\\\/\\\/www.enzo-und-ferdinand.de\\\/#website\",\"url\":\"https:\\\/\\\/www.enzo-und-ferdinand.de\\\/\",\"name\":\"enzo & Ferdinand\",\"description\":\"\",\"publisher\":{\"@id\":\"https:\\\/\\\/www.enzo-und-ferdinand.de\\\/#organization\"},\"potentialAction\":[{\"@type\":\"SearchAction\",\"target\":{\"@type\":\"EntryPoint\",\"urlTemplate\":\"https:\\\/\\\/www.enzo-und-ferdinand.de\\\/?s={search_term_string}\"},\"query-input\":{\"@type\":\"PropertyValueSpecification\",\"valueRequired\":true,\"valueName\":\"search_term_string\"}}],\"inLanguage\":\"de\"},{\"@type\":\"Organization\",\"@id\":\"https:\\\/\\\/www.enzo-und-ferdinand.de\\\/#organization\",\"name\":\"enzo & Ferdinand\",\"url\":\"https:\\\/\\\/www.enzo-und-ferdinand.de\\\/\",\"logo\":{\"@type\":\"ImageObject\",\"inLanguage\":\"de\",\"@id\":\"https:\\\/\\\/www.enzo-und-ferdinand.de\\\/#\\\/schema\\\/logo\\\/image\\\/\",\"url\":\"https:\\\/\\\/www.enzo-und-ferdinand.de\\\/wp-content\\\/uploads\\\/2018\\\/12\\\/revvvs-icon.png\",\"contentUrl\":\"https:\\\/\\\/www.enzo-und-ferdinand.de\\\/wp-content\\\/uploads\\\/2018\\\/12\\\/revvvs-icon.png\",\"width\":512,\"height\":512,\"caption\":\"enzo & Ferdinand\"},\"image\":{\"@id\":\"https:\\\/\\\/www.enzo-und-ferdinand.de\\\/#\\\/schema\\\/logo\\\/image\\\/\"}},{\"@type\":\"Person\",\"@id\":\"https:\\\/\\\/www.enzo-und-ferdinand.de\\\/#\\\/schema\\\/person\\\/aff2eb9ff87705987c1b9d21fe10b095\",\"name\":\"Rainer Ro\u00dfbach\",\"image\":{\"@type\":\"ImageObject\",\"inLanguage\":\"de\",\"@id\":\"https:\\\/\\\/www.enzo-und-ferdinand.de\\\/wp-content\\\/uploads\\\/2026\\\/01\\\/Rainer-Rossbach-150x150.jpg\",\"url\":\"https:\\\/\\\/www.enzo-und-ferdinand.de\\\/wp-content\\\/uploads\\\/2026\\\/01\\\/Rainer-Rossbach-150x150.jpg\",\"contentUrl\":\"https:\\\/\\\/www.enzo-und-ferdinand.de\\\/wp-content\\\/uploads\\\/2026\\\/01\\\/Rainer-Rossbach-150x150.jpg\",\"caption\":\"Rainer Ro\u00dfbach\"},\"url\":\"https:\\\/\\\/www.enzo-und-ferdinand.de\\\/index.php\\\/author\\\/redaktion\\\/\"}]}<\/script>\n<!-- \/ Yoast SEO plugin. -->","yoast_head_json":{"title":"Peugeot 9X8 Hypercar f\u00fcr Monza","description":"Peugeot 9X8 Portim\u00e3o hybrid-elektrisch Hypercar WEC FIA World Endurance Championship Monza Peugeot Sport Hochleistungs-Elektromotor Marelli Hochspannungsbatterie Peugeot Sport Powertrain Director Fran\u00e7ois Coudrain 24 Stunden von Le Mans","robots":{"index":"index","follow":"follow","max-snippet":"max-snippet:-1","max-image-preview":"max-image-preview:large","max-video-preview":"max-video-preview:-1"},"canonical":"https:\/\/www.enzo-und-ferdinand.de\/index.php\/2022\/05\/22\/peugeot-9x8-hypercar-2\/","og_locale":"de_DE","og_type":"article","og_title":"Peugeot 9X8 Hypercar f\u00fcr Monza","og_description":"Peugeot 9X8 Portim\u00e3o hybrid-elektrisch Hypercar WEC FIA World Endurance Championship Monza Peugeot Sport Hochleistungs-Elektromotor Marelli Hochspannungsbatterie Peugeot Sport Powertrain Director Fran\u00e7ois Coudrain 24 Stunden von Le Mans","og_url":"https:\/\/www.enzo-und-ferdinand.de\/index.php\/2022\/05\/22\/peugeot-9x8-hypercar-2\/","og_site_name":"enzo &amp; Ferdinand","article_published_time":"2022-05-22T04:26:52+00:00","article_modified_time":"2023-02-24T18:12:02+00:00","og_image":[{"width":875,"height":589,"url":"https:\/\/www.enzo-und-ferdinand.de\/wp-content\/uploads\/2022\/05\/04_169-61e6905b93351.jpeg","type":"image\/jpeg"}],"author":"Rainer Ro\u00dfbach","twitter_card":"summary_large_image","twitter_misc":{"Verfasst von":"Rainer Ro\u00dfbach","Gesch\u00e4tzte Lesezeit":"1\u00a0Minute"},"schema":{"@context":"https:\/\/schema.org","@graph":[{"@type":"Article","@id":"https:\/\/www.enzo-und-ferdinand.de\/index.php\/2022\/05\/22\/peugeot-9x8-hypercar-2\/#article","isPartOf":{"@id":"https:\/\/www.enzo-und-ferdinand.de\/index.php\/2022\/05\/22\/peugeot-9x8-hypercar-2\/"},"author":{"name":"Rainer Ro\u00dfbach","@id":"https:\/\/www.enzo-und-ferdinand.de\/#\/schema\/person\/aff2eb9ff87705987c1b9d21fe10b095"},"headline":"Peugeot 9X8 Hypercar f\u00fcr Monza","datePublished":"2022-05-22T04:26:52+00:00","dateModified":"2023-02-24T18:12:02+00:00","mainEntityOfPage":{"@id":"https:\/\/www.enzo-und-ferdinand.de\/index.php\/2022\/05\/22\/peugeot-9x8-hypercar-2\/"},"wordCount":300,"publisher":{"@id":"https:\/\/www.enzo-und-ferdinand.de\/#organization"},"image":{"@id":"https:\/\/www.enzo-und-ferdinand.de\/index.php\/2022\/05\/22\/peugeot-9x8-hypercar-2\/#primaryimage"},"thumbnailUrl":"https:\/\/www.enzo-und-ferdinand.de\/wp-content\/uploads\/2022\/05\/04_169-61e6905b93351.jpeg","keywords":["LMDh","Peugeot","Peugeot 9X8 Hypercar","WEC"],"articleSection":["Performance","Rennsport","Rennstrecken","Technologie"],"inLanguage":"de"},{"@type":"WebPage","@id":"https:\/\/www.enzo-und-ferdinand.de\/index.php\/2022\/05\/22\/peugeot-9x8-hypercar-2\/","url":"https:\/\/www.enzo-und-ferdinand.de\/index.php\/2022\/05\/22\/peugeot-9x8-hypercar-2\/","name":"Peugeot 9X8 Hypercar f\u00fcr Monza","isPartOf":{"@id":"https:\/\/www.enzo-und-ferdinand.de\/#website"},"primaryImageOfPage":{"@id":"https:\/\/www.enzo-und-ferdinand.de\/index.php\/2022\/05\/22\/peugeot-9x8-hypercar-2\/#primaryimage"},"image":{"@id":"https:\/\/www.enzo-und-ferdinand.de\/index.php\/2022\/05\/22\/peugeot-9x8-hypercar-2\/#primaryimage"},"thumbnailUrl":"https:\/\/www.enzo-und-ferdinand.de\/wp-content\/uploads\/2022\/05\/04_169-61e6905b93351.jpeg","datePublished":"2022-05-22T04:26:52+00:00","dateModified":"2023-02-24T18:12:02+00:00","description":"Peugeot 9X8 Portim\u00e3o hybrid-elektrisch Hypercar WEC FIA World Endurance Championship Monza Peugeot Sport Hochleistungs-Elektromotor Marelli Hochspannungsbatterie Peugeot Sport Powertrain Director Fran\u00e7ois Coudrain 24 Stunden von Le Mans","breadcrumb":{"@id":"https:\/\/www.enzo-und-ferdinand.de\/index.php\/2022\/05\/22\/peugeot-9x8-hypercar-2\/#breadcrumb"},"inLanguage":"de","potentialAction":[{"@type":"ReadAction","target":["https:\/\/www.enzo-und-ferdinand.de\/index.php\/2022\/05\/22\/peugeot-9x8-hypercar-2\/"]}]},{"@type":"ImageObject","inLanguage":"de","@id":"https:\/\/www.enzo-und-ferdinand.de\/index.php\/2022\/05\/22\/peugeot-9x8-hypercar-2\/#primaryimage","url":"https:\/\/www.enzo-und-ferdinand.de\/wp-content\/uploads\/2022\/05\/04_169-61e6905b93351.jpeg","contentUrl":"https:\/\/www.enzo-und-ferdinand.de\/wp-content\/uploads\/2022\/05\/04_169-61e6905b93351.jpeg","width":875,"height":589},{"@type":"BreadcrumbList","@id":"https:\/\/www.enzo-und-ferdinand.de\/index.php\/2022\/05\/22\/peugeot-9x8-hypercar-2\/#breadcrumb","itemListElement":[{"@type":"ListItem","position":1,"name":"Startseite","item":"https:\/\/www.enzo-und-ferdinand.de\/"},{"@type":"ListItem","position":2,"name":"Peugeot 9X8 Hypercar f\u00fcr Monza"}]},{"@type":"WebSite","@id":"https:\/\/www.enzo-und-ferdinand.de\/#website","url":"https:\/\/www.enzo-und-ferdinand.de\/","name":"enzo & Ferdinand","description":"","publisher":{"@id":"https:\/\/www.enzo-und-ferdinand.de\/#organization"},"potentialAction":[{"@type":"SearchAction","target":{"@type":"EntryPoint","urlTemplate":"https:\/\/www.enzo-und-ferdinand.de\/?s={search_term_string}"},"query-input":{"@type":"PropertyValueSpecification","valueRequired":true,"valueName":"search_term_string"}}],"inLanguage":"de"},{"@type":"Organization","@id":"https:\/\/www.enzo-und-ferdinand.de\/#organization","name":"enzo & Ferdinand","url":"https:\/\/www.enzo-und-ferdinand.de\/","logo":{"@type":"ImageObject","inLanguage":"de","@id":"https:\/\/www.enzo-und-ferdinand.de\/#\/schema\/logo\/image\/","url":"https:\/\/www.enzo-und-ferdinand.de\/wp-content\/uploads\/2018\/12\/revvvs-icon.png","contentUrl":"https:\/\/www.enzo-und-ferdinand.de\/wp-content\/uploads\/2018\/12\/revvvs-icon.png","width":512,"height":512,"caption":"enzo & Ferdinand"},"image":{"@id":"https:\/\/www.enzo-und-ferdinand.de\/#\/schema\/logo\/image\/"}},{"@type":"Person","@id":"https:\/\/www.enzo-und-ferdinand.de\/#\/schema\/person\/aff2eb9ff87705987c1b9d21fe10b095","name":"Rainer Ro\u00dfbach","image":{"@type":"ImageObject","inLanguage":"de","@id":"https:\/\/www.enzo-und-ferdinand.de\/wp-content\/uploads\/2026\/01\/Rainer-Rossbach-150x150.jpg","url":"https:\/\/www.enzo-und-ferdinand.de\/wp-content\/uploads\/2026\/01\/Rainer-Rossbach-150x150.jpg","contentUrl":"https:\/\/www.enzo-und-ferdinand.de\/wp-content\/uploads\/2026\/01\/Rainer-Rossbach-150x150.jpg","caption":"Rainer Ro\u00dfbach"},"url":"https:\/\/www.enzo-und-ferdinand.de\/index.php\/author\/redaktion\/"}]}},"_links":{"self":[{"href":"https:\/\/www.enzo-und-ferdinand.de\/index.php\/wp-json\/wp\/v2\/posts\/8436","targetHints":{"allow":["GET"]}}],"collection":[{"href":"https:\/\/www.enzo-und-ferdinand.de\/index.php\/wp-json\/wp\/v2\/posts"}],"about":[{"href":"https:\/\/www.enzo-und-ferdinand.de\/index.php\/wp-json\/wp\/v2\/types\/post"}],"author":[{"embeddable":true,"href":"https:\/\/www.enzo-und-ferdinand.de\/index.php\/wp-json\/wp\/v2\/users\/1"}],"replies":[{"embeddable":true,"href":"https:\/\/www.enzo-und-ferdinand.de\/index.php\/wp-json\/wp\/v2\/comments?post=8436"}],"version-history":[{"count":6,"href":"https:\/\/www.enzo-und-ferdinand.de\/index.php\/wp-json\/wp\/v2\/posts\/8436\/revisions"}],"predecessor-version":[{"id":8447,"href":"https:\/\/www.enzo-und-ferdinand.de\/index.php\/wp-json\/wp\/v2\/posts\/8436\/revisions\/8447"}],"wp:featuredmedia":[{"embeddable":true,"href":"https:\/\/www.enzo-und-ferdinand.de\/index.php\/wp-json\/wp\/v2\/media\/8440"}],"wp:attachment":[{"href":"https:\/\/www.enzo-und-ferdinand.de\/index.php\/wp-json\/wp\/v2\/media?parent=8436"}],"wp:term":[{"taxonomy":"category","embeddable":true,"href":"https:\/\/www.enzo-und-ferdinand.de\/index.php\/wp-json\/wp\/v2\/categories?post=8436"},{"taxonomy":"post_tag","embeddable":true,"href":"https:\/\/www.enzo-und-ferdinand.de\/index.php\/wp-json\/wp\/v2\/tags?post=8436"}],"curies":[{"name":"wp","href":"https:\/\/api.w.org\/{rel}","templated":true}]}}