{"id":8492,"date":"2022-05-28T06:24:02","date_gmt":"2022-05-28T04:24:02","guid":{"rendered":"https:\/\/www.enzo-und-ferdinand.de\/?p=8492"},"modified":"2022-09-27T10:44:51","modified_gmt":"2022-09-27T08:44:51","slug":"porsche-carrera-rs-2-7-leicht-m471-1972","status":"publish","type":"post","link":"https:\/\/www.enzo-und-ferdinand.de\/index.php\/2022\/05\/28\/porsche-carrera-rs-2-7-leicht-m471-1972\/","title":{"rendered":"Porsche Carrera RS 2.7 \u201eLeicht\u201c M471 (1972)"},"content":{"rendered":"\n<figure class=\"wp-block-image size-large\"><img loading=\"lazy\" decoding=\"async\" width=\"810\" height=\"541\" src=\"https:\/\/www.enzo-und-ferdinand.de\/wp-content\/uploads\/2022\/05\/S22_2793_fine-810x541.jpg\" alt=\"\" class=\"wp-image-8500\" srcset=\"https:\/\/www.enzo-und-ferdinand.de\/wp-content\/uploads\/2022\/05\/S22_2793_fine-810x541.jpg 810w, https:\/\/www.enzo-und-ferdinand.de\/wp-content\/uploads\/2022\/05\/S22_2793_fine-300x200.jpg 300w, https:\/\/www.enzo-und-ferdinand.de\/wp-content\/uploads\/2022\/05\/S22_2793_fine-768x513.jpg 768w, https:\/\/www.enzo-und-ferdinand.de\/wp-content\/uploads\/2022\/05\/S22_2793_fine-120x80.jpg 120w, https:\/\/www.enzo-und-ferdinand.de\/wp-content\/uploads\/2022\/05\/S22_2793_fine.jpg 875w\" sizes=\"auto, (max-width: 810px) 100vw, 810px\" \/><figcaption class=\"wp-element-caption\">\u00a9Dirk Michael Deckbar<\/figcaption><\/figure>\n\n\n\n<p class=\"wp-block-paragraph\">Auch wenn es jeder tut: Dieses Jubil\u00e4um muss gew\u00fcrdigt werden. Vor rund 50 Jahren startet die Entwicklung des 911 Carrera RS 2.7, der ultimative deutschen Supersportwagen der fr\u00fchen 1970er Jahre. Der ist puristisch und leistungsstark. Da der potente Elfer zuallererst als Homologationsmodell f\u00fcr den Rennsport geplant ist, kommt der&nbsp; Carrera RS 2.7 \u201eLeicht\u201c (M471) ohne R\u00fccksitze, Teppiche, Uhr, Kleiderhaken und Armlehnen aus. Die Sitze sind leichte Sportschalen und sogar das Porsche-Wappen auf der Fronthaube wird anfangs geklebt. Damit wiegt der \u201eSport\u201c im Vergleich zum zivilen Bruder \u201eTouring\u201c (M472) 115 Kilogramm weniger. Das macht in der Summe 960 Kilogramm Leergewicht zu einem Preis von 34.000 Mark.<\/p>\n\n\n\n<p class=\"wp-block-paragraph\">Mit der Verwendung von D\u00fcnnblechen, d\u00fcnnen Scheiben, Kunststoffteilen und dem Verzicht auf D\u00e4mmung sinkt das Fahrzeug Gewicht der Rennwversionen auf unter 900 Kilogramm sinken. Zur Verbesserung der Aerodynamik wird der Auftrieb an Vorder- und Hinterachse durch neu entwickelte Spoiler minimiert \u2013 das ist die Geburt des ikonischen \u201eEntenb\u00fcrzels\u201c auf der Heckhaube.<\/p>\n\n\n\n<figure class=\"wp-block-image size-large\"><img loading=\"lazy\" decoding=\"async\" width=\"810\" height=\"579\" src=\"https:\/\/www.enzo-und-ferdinand.de\/wp-content\/uploads\/2022\/05\/S22_2777_fine-810x579.jpg\" alt=\"\" class=\"wp-image-8497\" srcset=\"https:\/\/www.enzo-und-ferdinand.de\/wp-content\/uploads\/2022\/05\/S22_2777_fine-810x579.jpg 810w, https:\/\/www.enzo-und-ferdinand.de\/wp-content\/uploads\/2022\/05\/S22_2777_fine-300x214.jpg 300w, https:\/\/www.enzo-und-ferdinand.de\/wp-content\/uploads\/2022\/05\/S22_2777_fine-768x549.jpg 768w, https:\/\/www.enzo-und-ferdinand.de\/wp-content\/uploads\/2022\/05\/S22_2777_fine.jpg 875w\" sizes=\"auto, (max-width: 810px) 100vw, 810px\" \/><\/figure>\n\n\n\n<p class=\"wp-block-paragraph\">Als Antrieb kommt eine 2,7-Liter-Sechszylinder-Einspritzer-Boxer zum Einsatz, der 210 PS bei 6300 U\/min leistet und ein Drehmoment von 255 Nm bei 5.100 U\/min entwickelt . Damit sprintet der leichte Porsche von 0 auf 100 km\/h in 5,8 Sekunden und erreicht eine H\u00f6chstgeschwindigkeit jenseits von 245 Stundenkilometer. (Touring 6,3 Sek., 240 km\/h). Der RS 2.7 ist zu seiner Zeit die ideale Kombination aus Gewicht, Leistung, Aerodynamik und Fahrverhalten.<\/p>\n\n\n\n<p class=\"wp-block-paragraph\">Vom Verkaufserfolg des Puristen ist man bei Porsche zun\u00e4chst nicht \u00fcberzeugt. Anfangs sind nur 500 Einheiten geplant, um den Homologationsregeln f\u00fcr die Gruppe 4 der Spezial-GT-Fahrzeuge zu entsprechen. Nachdem der Wagen am 5. Oktober 1972 auf dem Pariser Autosalon an der Porte de Versailles vPremiere gefeiert hat, sind bereits am Ende des folgenden Novembers alle 500 Fahrzeuge verkauft uns schon Juli 1973 hat sich der Absatz verdreifacht. Insgesamt entstehen 1.580 Fahrzeuge, was dann zus\u00e4tzlich noch die Homologation f\u00fcr die Gruppe 3 erlaubt.&nbsp;<\/p>\n\n\n\n<figure class=\"wp-block-image size-large\"><img loading=\"lazy\" decoding=\"async\" width=\"810\" height=\"541\" src=\"https:\/\/www.enzo-und-ferdinand.de\/wp-content\/uploads\/2022\/05\/S22_2791_fine-810x541.jpg\" alt=\"\" class=\"wp-image-8498\" srcset=\"https:\/\/www.enzo-und-ferdinand.de\/wp-content\/uploads\/2022\/05\/S22_2791_fine-810x541.jpg 810w, https:\/\/www.enzo-und-ferdinand.de\/wp-content\/uploads\/2022\/05\/S22_2791_fine-300x200.jpg 300w, https:\/\/www.enzo-und-ferdinand.de\/wp-content\/uploads\/2022\/05\/S22_2791_fine-768x513.jpg 768w, https:\/\/www.enzo-und-ferdinand.de\/wp-content\/uploads\/2022\/05\/S22_2791_fine-120x80.jpg 120w, https:\/\/www.enzo-und-ferdinand.de\/wp-content\/uploads\/2022\/05\/S22_2791_fine.jpg 875w\" sizes=\"auto, (max-width: 810px) 100vw, 810px\" \/><figcaption class=\"wp-element-caption\">\u00a9Dirk Michael Deckbar<\/figcaption><\/figure>\n\n\n\n<p class=\"wp-block-paragraph\">200 Fahrzeuge baut Porsche in der Leichtbauversion \u201eSport\u201c, von der Rennversion entstehen 55 Exemplare. Die zivile Touring-Version (M472) l\u00e4uft 1.308mal vom Band. Das komfortablere Touring-Paket ist mit 2500 D-Mark deutlich teurer als das Sport-Paket, f\u00fcr das 700 Deutsche Mark (M471) entrichtet werden m\u00fcssen.<\/p>\n\n\n\n<p class=\"wp-block-paragraph\">Optisch wird der leistungsstarke Elfer zum Ereignis. Neben dem Carrera-Schriftzug zwischen den Radh\u00e4usern gibt es 29 farbenfrohe Lackt\u00f6ne, darunter Farben wie Hellgelb, Rot oder Blutorange. Zus\u00e4tzlich werden individuelle Farbw\u00fcnsche erf\u00fcllt.<\/p>\n\n\n\n<p class=\"has-text-align-right has-small-font-size wp-block-paragraph\">Fotos: Porsche ( Dirk Michael Deckbar, 2)\/Text: Rainer Ro\u00dfbach<\/p>\n","protected":false},"excerpt":{"rendered":"<p>Auch wenn es jeder tut: Dieses Jubil\u00e4um muss gew\u00fcrdigt werden. Vor rund 50 Jahren startet die Entwicklung des 911 Carrera RS 2.7, der ultimative deutschen Supersportwagen der fr\u00fchen 1970er Jahre. Der ist puristisch und leistungsstark. Da der potente Elfer zuallererst als Homologationsmodell f\u00fcr den Rennsport geplant ist, kommt der\u00a0 Carrera RS 2.7 \u201eLeicht\u201c (M471) ohne R\u00fccksitze, Teppiche, Uhr, Kleiderhaken und Armlehnen aus. Die Sitze sind leichte Sportschalen und sogar das Porsche-Wappen auf der Fronthaube wird anfangs geklebt. Damit wiegt der \u201eSport\u201c im Vergleich zum zivilen Bruder \u201eTouring\u201c (M472) 115 Kilogramm weniger. Das macht in der Summe 960 Kilogramm Leergewicht zu einem Preis von 34.000 Mark.<\/p>\n","protected":false},"author":1,"featured_media":8499,"comment_status":"closed","ping_status":"closed","sticky":false,"template":"","format":"standard","meta":{"_crdt_document":"","ngg_post_thumbnail":0,"footnotes":""},"categories":[13,23],"tags":[201,351,598],"class_list":["post-8492","post","type-post","status-publish","format-standard","has-post-thumbnail","hentry","category-ikonen","category-performance","tag-porsche","tag-porsche-911-carrera","tag-porsche-carrera-rs-2-7-leicht-m471"],"yoast_head":"<!-- This site is optimized with the Yoast SEO plugin v27.5 - https:\/\/yoast.com\/product\/yoast-seo-wordpress\/ -->\n<title>Porsche Carrera RS 2.7 \u201eLeicht\u201c M471 (1972)<\/title>\n<meta name=\"description\" content=\"Porsche Carrera RS 2.7 Sport M471 Homologationsmodell Rennsport Porsche Carrera RS 2.7 Touring M472 Entenb\u00fcrzel Gruppe 4 Spezial-GT-Fahrzeuge Gruppe 3 Leichtbau\" \/>\n<meta name=\"robots\" content=\"index, follow, max-snippet:-1, max-image-preview:large, max-video-preview:-1\" \/>\n<link rel=\"canonical\" href=\"https:\/\/www.enzo-und-ferdinand.de\/index.php\/2022\/05\/28\/porsche-carrera-rs-2-7-leicht-m471-1972\/\" \/>\n<meta property=\"og:locale\" content=\"de_DE\" \/>\n<meta property=\"og:type\" content=\"article\" \/>\n<meta property=\"og:title\" content=\"Porsche Carrera RS 2.7 \u201eLeicht\u201c M471 (1972)\" \/>\n<meta property=\"og:description\" content=\"Porsche Carrera RS 2.7 Sport M471 Homologationsmodell Rennsport Porsche Carrera RS 2.7 Touring M472 Entenb\u00fcrzel Gruppe 4 Spezial-GT-Fahrzeuge Gruppe 3 Leichtbau\" \/>\n<meta property=\"og:url\" content=\"https:\/\/www.enzo-und-ferdinand.de\/index.php\/2022\/05\/28\/porsche-carrera-rs-2-7-leicht-m471-1972\/\" \/>\n<meta property=\"og:site_name\" content=\"enzo &amp; Ferdinand\" \/>\n<meta property=\"article:published_time\" content=\"2022-05-28T04:24:02+00:00\" \/>\n<meta property=\"article:modified_time\" content=\"2022-09-27T08:44:51+00:00\" \/>\n<meta property=\"og:image\" content=\"https:\/\/www.enzo-und-ferdinand.de\/wp-content\/uploads\/2022\/05\/S22_2786_fine.jpg\" \/>\n\t<meta property=\"og:image:width\" content=\"875\" \/>\n\t<meta property=\"og:image:height\" content=\"621\" \/>\n\t<meta property=\"og:image:type\" content=\"image\/jpeg\" \/>\n<meta name=\"author\" content=\"Rainer Ro\u00dfbach\" \/>\n<meta name=\"twitter:card\" content=\"summary_large_image\" \/>\n<meta name=\"twitter:label1\" content=\"Verfasst von\" \/>\n\t<meta name=\"twitter:data1\" content=\"Rainer Ro\u00dfbach\" \/>\n\t<meta name=\"twitter:label2\" content=\"Gesch\u00e4tzte Lesezeit\" \/>\n\t<meta name=\"twitter:data2\" content=\"2\u00a0Minuten\" \/>\n<script type=\"application\/ld+json\" class=\"yoast-schema-graph\">{\"@context\":\"https:\\\/\\\/schema.org\",\"@graph\":[{\"@type\":\"Article\",\"@id\":\"https:\\\/\\\/www.enzo-und-ferdinand.de\\\/index.php\\\/2022\\\/05\\\/28\\\/porsche-carrera-rs-2-7-leicht-m471-1972\\\/#article\",\"isPartOf\":{\"@id\":\"https:\\\/\\\/www.enzo-und-ferdinand.de\\\/index.php\\\/2022\\\/05\\\/28\\\/porsche-carrera-rs-2-7-leicht-m471-1972\\\/\"},\"author\":{\"name\":\"Rainer Ro\u00dfbach\",\"@id\":\"https:\\\/\\\/www.enzo-und-ferdinand.de\\\/#\\\/schema\\\/person\\\/aff2eb9ff87705987c1b9d21fe10b095\"},\"headline\":\"Porsche Carrera RS 2.7 \u201eLeicht\u201c M471 (1972)\",\"datePublished\":\"2022-05-28T04:24:02+00:00\",\"dateModified\":\"2022-09-27T08:44:51+00:00\",\"mainEntityOfPage\":{\"@id\":\"https:\\\/\\\/www.enzo-und-ferdinand.de\\\/index.php\\\/2022\\\/05\\\/28\\\/porsche-carrera-rs-2-7-leicht-m471-1972\\\/\"},\"wordCount\":392,\"publisher\":{\"@id\":\"https:\\\/\\\/www.enzo-und-ferdinand.de\\\/#organization\"},\"image\":{\"@id\":\"https:\\\/\\\/www.enzo-und-ferdinand.de\\\/index.php\\\/2022\\\/05\\\/28\\\/porsche-carrera-rs-2-7-leicht-m471-1972\\\/#primaryimage\"},\"thumbnailUrl\":\"https:\\\/\\\/www.enzo-und-ferdinand.de\\\/wp-content\\\/uploads\\\/2022\\\/05\\\/S22_2786_fine.jpg\",\"keywords\":[\"Porsche\",\"Porsche 911 Carrera\",\"Porsche Carrera RS 2.7 \u201eLeicht\u201c M471\"],\"articleSection\":[\"Ikonen\",\"Performance\"],\"inLanguage\":\"de\"},{\"@type\":\"WebPage\",\"@id\":\"https:\\\/\\\/www.enzo-und-ferdinand.de\\\/index.php\\\/2022\\\/05\\\/28\\\/porsche-carrera-rs-2-7-leicht-m471-1972\\\/\",\"url\":\"https:\\\/\\\/www.enzo-und-ferdinand.de\\\/index.php\\\/2022\\\/05\\\/28\\\/porsche-carrera-rs-2-7-leicht-m471-1972\\\/\",\"name\":\"Porsche Carrera RS 2.7 \u201eLeicht\u201c M471 (1972)\",\"isPartOf\":{\"@id\":\"https:\\\/\\\/www.enzo-und-ferdinand.de\\\/#website\"},\"primaryImageOfPage\":{\"@id\":\"https:\\\/\\\/www.enzo-und-ferdinand.de\\\/index.php\\\/2022\\\/05\\\/28\\\/porsche-carrera-rs-2-7-leicht-m471-1972\\\/#primaryimage\"},\"image\":{\"@id\":\"https:\\\/\\\/www.enzo-und-ferdinand.de\\\/index.php\\\/2022\\\/05\\\/28\\\/porsche-carrera-rs-2-7-leicht-m471-1972\\\/#primaryimage\"},\"thumbnailUrl\":\"https:\\\/\\\/www.enzo-und-ferdinand.de\\\/wp-content\\\/uploads\\\/2022\\\/05\\\/S22_2786_fine.jpg\",\"datePublished\":\"2022-05-28T04:24:02+00:00\",\"dateModified\":\"2022-09-27T08:44:51+00:00\",\"description\":\"Porsche Carrera RS 2.7 Sport M471 Homologationsmodell Rennsport Porsche Carrera RS 2.7 Touring M472 Entenb\u00fcrzel Gruppe 4 Spezial-GT-Fahrzeuge Gruppe 3 Leichtbau\",\"breadcrumb\":{\"@id\":\"https:\\\/\\\/www.enzo-und-ferdinand.de\\\/index.php\\\/2022\\\/05\\\/28\\\/porsche-carrera-rs-2-7-leicht-m471-1972\\\/#breadcrumb\"},\"inLanguage\":\"de\",\"potentialAction\":[{\"@type\":\"ReadAction\",\"target\":[\"https:\\\/\\\/www.enzo-und-ferdinand.de\\\/index.php\\\/2022\\\/05\\\/28\\\/porsche-carrera-rs-2-7-leicht-m471-1972\\\/\"]}]},{\"@type\":\"ImageObject\",\"inLanguage\":\"de\",\"@id\":\"https:\\\/\\\/www.enzo-und-ferdinand.de\\\/index.php\\\/2022\\\/05\\\/28\\\/porsche-carrera-rs-2-7-leicht-m471-1972\\\/#primaryimage\",\"url\":\"https:\\\/\\\/www.enzo-und-ferdinand.de\\\/wp-content\\\/uploads\\\/2022\\\/05\\\/S22_2786_fine.jpg\",\"contentUrl\":\"https:\\\/\\\/www.enzo-und-ferdinand.de\\\/wp-content\\\/uploads\\\/2022\\\/05\\\/S22_2786_fine.jpg\",\"width\":875,\"height\":621},{\"@type\":\"BreadcrumbList\",\"@id\":\"https:\\\/\\\/www.enzo-und-ferdinand.de\\\/index.php\\\/2022\\\/05\\\/28\\\/porsche-carrera-rs-2-7-leicht-m471-1972\\\/#breadcrumb\",\"itemListElement\":[{\"@type\":\"ListItem\",\"position\":1,\"name\":\"Startseite\",\"item\":\"https:\\\/\\\/www.enzo-und-ferdinand.de\\\/\"},{\"@type\":\"ListItem\",\"position\":2,\"name\":\"Porsche Carrera RS 2.7 \u201eLeicht\u201c M471 (1972)\"}]},{\"@type\":\"WebSite\",\"@id\":\"https:\\\/\\\/www.enzo-und-ferdinand.de\\\/#website\",\"url\":\"https:\\\/\\\/www.enzo-und-ferdinand.de\\\/\",\"name\":\"enzo & Ferdinand\",\"description\":\"\",\"publisher\":{\"@id\":\"https:\\\/\\\/www.enzo-und-ferdinand.de\\\/#organization\"},\"potentialAction\":[{\"@type\":\"SearchAction\",\"target\":{\"@type\":\"EntryPoint\",\"urlTemplate\":\"https:\\\/\\\/www.enzo-und-ferdinand.de\\\/?s={search_term_string}\"},\"query-input\":{\"@type\":\"PropertyValueSpecification\",\"valueRequired\":true,\"valueName\":\"search_term_string\"}}],\"inLanguage\":\"de\"},{\"@type\":\"Organization\",\"@id\":\"https:\\\/\\\/www.enzo-und-ferdinand.de\\\/#organization\",\"name\":\"enzo & Ferdinand\",\"url\":\"https:\\\/\\\/www.enzo-und-ferdinand.de\\\/\",\"logo\":{\"@type\":\"ImageObject\",\"inLanguage\":\"de\",\"@id\":\"https:\\\/\\\/www.enzo-und-ferdinand.de\\\/#\\\/schema\\\/logo\\\/image\\\/\",\"url\":\"https:\\\/\\\/www.enzo-und-ferdinand.de\\\/wp-content\\\/uploads\\\/2018\\\/12\\\/revvvs-icon.png\",\"contentUrl\":\"https:\\\/\\\/www.enzo-und-ferdinand.de\\\/wp-content\\\/uploads\\\/2018\\\/12\\\/revvvs-icon.png\",\"width\":512,\"height\":512,\"caption\":\"enzo & Ferdinand\"},\"image\":{\"@id\":\"https:\\\/\\\/www.enzo-und-ferdinand.de\\\/#\\\/schema\\\/logo\\\/image\\\/\"}},{\"@type\":\"Person\",\"@id\":\"https:\\\/\\\/www.enzo-und-ferdinand.de\\\/#\\\/schema\\\/person\\\/aff2eb9ff87705987c1b9d21fe10b095\",\"name\":\"Rainer Ro\u00dfbach\",\"image\":{\"@type\":\"ImageObject\",\"inLanguage\":\"de\",\"@id\":\"https:\\\/\\\/www.enzo-und-ferdinand.de\\\/wp-content\\\/uploads\\\/2026\\\/01\\\/Rainer-Rossbach-150x150.jpg\",\"url\":\"https:\\\/\\\/www.enzo-und-ferdinand.de\\\/wp-content\\\/uploads\\\/2026\\\/01\\\/Rainer-Rossbach-150x150.jpg\",\"contentUrl\":\"https:\\\/\\\/www.enzo-und-ferdinand.de\\\/wp-content\\\/uploads\\\/2026\\\/01\\\/Rainer-Rossbach-150x150.jpg\",\"caption\":\"Rainer Ro\u00dfbach\"},\"url\":\"https:\\\/\\\/www.enzo-und-ferdinand.de\\\/index.php\\\/author\\\/redaktion\\\/\"}]}<\/script>\n<!-- \/ Yoast SEO plugin. -->","yoast_head_json":{"title":"Porsche Carrera RS 2.7 \u201eLeicht\u201c M471 (1972)","description":"Porsche Carrera RS 2.7 Sport M471 Homologationsmodell Rennsport Porsche Carrera RS 2.7 Touring M472 Entenb\u00fcrzel Gruppe 4 Spezial-GT-Fahrzeuge Gruppe 3 Leichtbau","robots":{"index":"index","follow":"follow","max-snippet":"max-snippet:-1","max-image-preview":"max-image-preview:large","max-video-preview":"max-video-preview:-1"},"canonical":"https:\/\/www.enzo-und-ferdinand.de\/index.php\/2022\/05\/28\/porsche-carrera-rs-2-7-leicht-m471-1972\/","og_locale":"de_DE","og_type":"article","og_title":"Porsche Carrera RS 2.7 \u201eLeicht\u201c M471 (1972)","og_description":"Porsche Carrera RS 2.7 Sport M471 Homologationsmodell Rennsport Porsche Carrera RS 2.7 Touring M472 Entenb\u00fcrzel Gruppe 4 Spezial-GT-Fahrzeuge Gruppe 3 Leichtbau","og_url":"https:\/\/www.enzo-und-ferdinand.de\/index.php\/2022\/05\/28\/porsche-carrera-rs-2-7-leicht-m471-1972\/","og_site_name":"enzo &amp; Ferdinand","article_published_time":"2022-05-28T04:24:02+00:00","article_modified_time":"2022-09-27T08:44:51+00:00","og_image":[{"width":875,"height":621,"url":"https:\/\/www.enzo-und-ferdinand.de\/wp-content\/uploads\/2022\/05\/S22_2786_fine.jpg","type":"image\/jpeg"}],"author":"Rainer Ro\u00dfbach","twitter_card":"summary_large_image","twitter_misc":{"Verfasst von":"Rainer Ro\u00dfbach","Gesch\u00e4tzte Lesezeit":"2\u00a0Minuten"},"schema":{"@context":"https:\/\/schema.org","@graph":[{"@type":"Article","@id":"https:\/\/www.enzo-und-ferdinand.de\/index.php\/2022\/05\/28\/porsche-carrera-rs-2-7-leicht-m471-1972\/#article","isPartOf":{"@id":"https:\/\/www.enzo-und-ferdinand.de\/index.php\/2022\/05\/28\/porsche-carrera-rs-2-7-leicht-m471-1972\/"},"author":{"name":"Rainer Ro\u00dfbach","@id":"https:\/\/www.enzo-und-ferdinand.de\/#\/schema\/person\/aff2eb9ff87705987c1b9d21fe10b095"},"headline":"Porsche Carrera RS 2.7 \u201eLeicht\u201c M471 (1972)","datePublished":"2022-05-28T04:24:02+00:00","dateModified":"2022-09-27T08:44:51+00:00","mainEntityOfPage":{"@id":"https:\/\/www.enzo-und-ferdinand.de\/index.php\/2022\/05\/28\/porsche-carrera-rs-2-7-leicht-m471-1972\/"},"wordCount":392,"publisher":{"@id":"https:\/\/www.enzo-und-ferdinand.de\/#organization"},"image":{"@id":"https:\/\/www.enzo-und-ferdinand.de\/index.php\/2022\/05\/28\/porsche-carrera-rs-2-7-leicht-m471-1972\/#primaryimage"},"thumbnailUrl":"https:\/\/www.enzo-und-ferdinand.de\/wp-content\/uploads\/2022\/05\/S22_2786_fine.jpg","keywords":["Porsche","Porsche 911 Carrera","Porsche Carrera RS 2.7 \u201eLeicht\u201c M471"],"articleSection":["Ikonen","Performance"],"inLanguage":"de"},{"@type":"WebPage","@id":"https:\/\/www.enzo-und-ferdinand.de\/index.php\/2022\/05\/28\/porsche-carrera-rs-2-7-leicht-m471-1972\/","url":"https:\/\/www.enzo-und-ferdinand.de\/index.php\/2022\/05\/28\/porsche-carrera-rs-2-7-leicht-m471-1972\/","name":"Porsche Carrera RS 2.7 \u201eLeicht\u201c M471 (1972)","isPartOf":{"@id":"https:\/\/www.enzo-und-ferdinand.de\/#website"},"primaryImageOfPage":{"@id":"https:\/\/www.enzo-und-ferdinand.de\/index.php\/2022\/05\/28\/porsche-carrera-rs-2-7-leicht-m471-1972\/#primaryimage"},"image":{"@id":"https:\/\/www.enzo-und-ferdinand.de\/index.php\/2022\/05\/28\/porsche-carrera-rs-2-7-leicht-m471-1972\/#primaryimage"},"thumbnailUrl":"https:\/\/www.enzo-und-ferdinand.de\/wp-content\/uploads\/2022\/05\/S22_2786_fine.jpg","datePublished":"2022-05-28T04:24:02+00:00","dateModified":"2022-09-27T08:44:51+00:00","description":"Porsche Carrera RS 2.7 Sport M471 Homologationsmodell Rennsport Porsche Carrera RS 2.7 Touring M472 Entenb\u00fcrzel Gruppe 4 Spezial-GT-Fahrzeuge Gruppe 3 Leichtbau","breadcrumb":{"@id":"https:\/\/www.enzo-und-ferdinand.de\/index.php\/2022\/05\/28\/porsche-carrera-rs-2-7-leicht-m471-1972\/#breadcrumb"},"inLanguage":"de","potentialAction":[{"@type":"ReadAction","target":["https:\/\/www.enzo-und-ferdinand.de\/index.php\/2022\/05\/28\/porsche-carrera-rs-2-7-leicht-m471-1972\/"]}]},{"@type":"ImageObject","inLanguage":"de","@id":"https:\/\/www.enzo-und-ferdinand.de\/index.php\/2022\/05\/28\/porsche-carrera-rs-2-7-leicht-m471-1972\/#primaryimage","url":"https:\/\/www.enzo-und-ferdinand.de\/wp-content\/uploads\/2022\/05\/S22_2786_fine.jpg","contentUrl":"https:\/\/www.enzo-und-ferdinand.de\/wp-content\/uploads\/2022\/05\/S22_2786_fine.jpg","width":875,"height":621},{"@type":"BreadcrumbList","@id":"https:\/\/www.enzo-und-ferdinand.de\/index.php\/2022\/05\/28\/porsche-carrera-rs-2-7-leicht-m471-1972\/#breadcrumb","itemListElement":[{"@type":"ListItem","position":1,"name":"Startseite","item":"https:\/\/www.enzo-und-ferdinand.de\/"},{"@type":"ListItem","position":2,"name":"Porsche Carrera RS 2.7 \u201eLeicht\u201c M471 (1972)"}]},{"@type":"WebSite","@id":"https:\/\/www.enzo-und-ferdinand.de\/#website","url":"https:\/\/www.enzo-und-ferdinand.de\/","name":"enzo & Ferdinand","description":"","publisher":{"@id":"https:\/\/www.enzo-und-ferdinand.de\/#organization"},"potentialAction":[{"@type":"SearchAction","target":{"@type":"EntryPoint","urlTemplate":"https:\/\/www.enzo-und-ferdinand.de\/?s={search_term_string}"},"query-input":{"@type":"PropertyValueSpecification","valueRequired":true,"valueName":"search_term_string"}}],"inLanguage":"de"},{"@type":"Organization","@id":"https:\/\/www.enzo-und-ferdinand.de\/#organization","name":"enzo & Ferdinand","url":"https:\/\/www.enzo-und-ferdinand.de\/","logo":{"@type":"ImageObject","inLanguage":"de","@id":"https:\/\/www.enzo-und-ferdinand.de\/#\/schema\/logo\/image\/","url":"https:\/\/www.enzo-und-ferdinand.de\/wp-content\/uploads\/2018\/12\/revvvs-icon.png","contentUrl":"https:\/\/www.enzo-und-ferdinand.de\/wp-content\/uploads\/2018\/12\/revvvs-icon.png","width":512,"height":512,"caption":"enzo & Ferdinand"},"image":{"@id":"https:\/\/www.enzo-und-ferdinand.de\/#\/schema\/logo\/image\/"}},{"@type":"Person","@id":"https:\/\/www.enzo-und-ferdinand.de\/#\/schema\/person\/aff2eb9ff87705987c1b9d21fe10b095","name":"Rainer Ro\u00dfbach","image":{"@type":"ImageObject","inLanguage":"de","@id":"https:\/\/www.enzo-und-ferdinand.de\/wp-content\/uploads\/2026\/01\/Rainer-Rossbach-150x150.jpg","url":"https:\/\/www.enzo-und-ferdinand.de\/wp-content\/uploads\/2026\/01\/Rainer-Rossbach-150x150.jpg","contentUrl":"https:\/\/www.enzo-und-ferdinand.de\/wp-content\/uploads\/2026\/01\/Rainer-Rossbach-150x150.jpg","caption":"Rainer Ro\u00dfbach"},"url":"https:\/\/www.enzo-und-ferdinand.de\/index.php\/author\/redaktion\/"}]}},"_links":{"self":[{"href":"https:\/\/www.enzo-und-ferdinand.de\/index.php\/wp-json\/wp\/v2\/posts\/8492","targetHints":{"allow":["GET"]}}],"collection":[{"href":"https:\/\/www.enzo-und-ferdinand.de\/index.php\/wp-json\/wp\/v2\/posts"}],"about":[{"href":"https:\/\/www.enzo-und-ferdinand.de\/index.php\/wp-json\/wp\/v2\/types\/post"}],"author":[{"embeddable":true,"href":"https:\/\/www.enzo-und-ferdinand.de\/index.php\/wp-json\/wp\/v2\/users\/1"}],"replies":[{"embeddable":true,"href":"https:\/\/www.enzo-und-ferdinand.de\/index.php\/wp-json\/wp\/v2\/comments?post=8492"}],"version-history":[{"count":9,"href":"https:\/\/www.enzo-und-ferdinand.de\/index.php\/wp-json\/wp\/v2\/posts\/8492\/revisions"}],"predecessor-version":[{"id":10042,"href":"https:\/\/www.enzo-und-ferdinand.de\/index.php\/wp-json\/wp\/v2\/posts\/8492\/revisions\/10042"}],"wp:featuredmedia":[{"embeddable":true,"href":"https:\/\/www.enzo-und-ferdinand.de\/index.php\/wp-json\/wp\/v2\/media\/8499"}],"wp:attachment":[{"href":"https:\/\/www.enzo-und-ferdinand.de\/index.php\/wp-json\/wp\/v2\/media?parent=8492"}],"wp:term":[{"taxonomy":"category","embeddable":true,"href":"https:\/\/www.enzo-und-ferdinand.de\/index.php\/wp-json\/wp\/v2\/categories?post=8492"},{"taxonomy":"post_tag","embeddable":true,"href":"https:\/\/www.enzo-und-ferdinand.de\/index.php\/wp-json\/wp\/v2\/tags?post=8492"}],"curies":[{"name":"wp","href":"https:\/\/api.w.org\/{rel}","templated":true}]}}