{"id":8589,"date":"2022-06-02T07:27:32","date_gmt":"2022-06-02T05:27:32","guid":{"rendered":"https:\/\/www.enzo-und-ferdinand.de\/?p=8589"},"modified":"2023-12-14T18:14:42","modified_gmt":"2023-12-14T17:14:42","slug":"mercedes-amg-one","status":"publish","type":"post","link":"https:\/\/www.enzo-und-ferdinand.de\/index.php\/2022\/06\/02\/mercedes-amg-one\/","title":{"rendered":"Mercedes-AMG ONE"},"content":{"rendered":"\n<figure class=\"wp-block-image size-large\"><img loading=\"lazy\" decoding=\"async\" width=\"810\" height=\"540\" src=\"https:\/\/www.enzo-und-ferdinand.de\/wp-content\/uploads\/2022\/06\/22C0211_028-810x540.jpg\" alt=\"\" class=\"wp-image-8595\" srcset=\"https:\/\/www.enzo-und-ferdinand.de\/wp-content\/uploads\/2022\/06\/22C0211_028-810x540.jpg 810w, https:\/\/www.enzo-und-ferdinand.de\/wp-content\/uploads\/2022\/06\/22C0211_028-300x200.jpg 300w, https:\/\/www.enzo-und-ferdinand.de\/wp-content\/uploads\/2022\/06\/22C0211_028-768x512.jpg 768w, https:\/\/www.enzo-und-ferdinand.de\/wp-content\/uploads\/2022\/06\/22C0211_028-120x80.jpg 120w, https:\/\/www.enzo-und-ferdinand.de\/wp-content\/uploads\/2022\/06\/22C0211_028.jpg 875w\" sizes=\"auto, (max-width: 810px) 100vw, 810px\" \/><\/figure>\n\n\n\n<p class=\"wp-block-paragraph\">Am 1. Juni 1967 wurde der Grundstein von AMG gelegt. Zum 55. Geburtstag der Performance- und Sportwagen-Marke feiert die Serienversion des Mercedes-AMG ONE ihre Weltpremiere. Der bringt weltweit erstmals Formel-1-Hybrid-Antriebstechnologie von der Rennstrecke auf die Stra\u00dfe.&nbsp;<\/p>\n\n\n\n<p class=\"wp-block-paragraph\">Auch das Carbon-Monocoque und die Carbon-Karosserie und die mittragende Motor\/Getriebe-Einheit sowie der aktiven Aerodynamik bis hin zum Push-Rod-Fahrwerk sind von der Formel 1 inspiriert. Dar\u00fcber hinaus verf\u00fcgt er \u00fcber einen vollvariablen Allradantrieb mit hybrid-angetriebener Hinterachse und elektrisch angetriebener Vorderachse mit Torque Vectoring. Au\u00dferdem kann er auch rein elektrisch fahren.<\/p>\n\n\n\n<p class=\"wp-block-paragraph\">Der Hybridantrieb des Mercedes-AMG ONE stammt direkt aus der Formel 1 und wurde zusammen mit den Experten von Mercedes-AMG High Performance Powertrains in Brixworth realisiert. Er besteht aus einer hochintegrierten und intelligent miteinander vernetzten Einheit aus Hybrid\u2011Turbo-Verbrennungsmotor mit insgesamt vier Elektromaschinen: Eine ist im Turbolader integriert, eine befindet sich direkt am Verbrennungsmotor und ist mit der Kurbelwelle verbunden, zwei weitere treiben die Vorderr\u00e4der an.<\/p>\n\n\n\n<p class=\"wp-block-paragraph\">Der 1,6-Liter-V6-Hybrid-Benzinmotor mit elektrisch unterst\u00fctzter Single-Turboaufladung entspricht in seiner Technologie dem aktuellen Formel 1-Triebwerk. Die vier obenliegenden Nockenwellen werden \u00fcber Stirnr\u00e4der angetrieben. Um ein hohes Drehzahlniveau zu erreichen, sind die mechanischen Ventilfedern durch pneumatische Ventilfedern ersetzt. Das in Mittelmotor-Triebwerk dreht bis zu 11.000\/min. F\u00fcr l\u00e4ngere Haltbarkeit und die Verwendung von handels\u00fcblichem Super plus Benzin bleibt es jedoch bewusst unter dem F1-Drehzahllimit.<\/p>\n\n\n\n<figure class=\"wp-block-image size-large\"><img loading=\"lazy\" decoding=\"async\" width=\"810\" height=\"607\" src=\"https:\/\/www.enzo-und-ferdinand.de\/wp-content\/uploads\/2022\/06\/22C0182_002-810x607.jpg\" alt=\"\" class=\"wp-image-8596\" srcset=\"https:\/\/www.enzo-und-ferdinand.de\/wp-content\/uploads\/2022\/06\/22C0182_002-810x607.jpg 810w, https:\/\/www.enzo-und-ferdinand.de\/wp-content\/uploads\/2022\/06\/22C0182_002-300x225.jpg 300w, https:\/\/www.enzo-und-ferdinand.de\/wp-content\/uploads\/2022\/06\/22C0182_002-768x576.jpg 768w, https:\/\/www.enzo-und-ferdinand.de\/wp-content\/uploads\/2022\/06\/22C0182_002.jpg 875w\" sizes=\"auto, (max-width: 810px) 100vw, 810px\" \/><\/figure>\n\n\n\n<p class=\"wp-block-paragraph\">Das Hochdrehzahltriebwerk wird durch einen Hightech-Turbolader erg\u00e4nzt. Abgas- und Verdichterturbine sind voneinander entfernt positioniert und durch eine Welle miteinander verbunden. Damit ist eine tiefere Einbaulage des Turboladers m\u00f6glich. Auf der Welle befindet sich ein ca. 90 kW starker Elektromotor. Dieser treibt elektronisch gesteuert die Welle des Turboladers direkt an und beschleunigt damit das Verdichterrad auf bis zu 100.000\/min, bevor der Abgasstrom \u00fcbernimmt.&nbsp;<\/p>\n\n\n\n<p class=\"wp-block-paragraph\">Gr\u00f6\u00dfter Vorteil: Das Ansprechverhalten verbessert sich direkt ab Leerlaufdrehzahl (wenn der Abgasstrom noch schwach ist) \u00fcber den gesamten Drehzahlbereich hinweg deutlich. Der 1,6-Liter-V6-Motor reagiert noch spontaner. Au\u00dferdem erm\u00f6glicht die Elektrifizierung des Abgasturboladers ein h\u00f6heres Drehmoment bei niedrigen Drehzahlen. Dies steigert die Agilit\u00e4t ebenfalls und optimiert das Beschleunigungsverm\u00f6gen. Auch wenn der Fahrer vom Gas geht oder bremst, ist die Technologie in der Lage, den Ladedruck stets aufrecht zu erhalten. Damit ist ein kontinuierlich direktes Ansprechverhalten gew\u00e4hrleistet.<\/p>\n\n\n\n<p class=\"wp-block-paragraph\">Der elektrische Abgasturbolader nutzt zudem einen Teil der \u00fcbersch\u00fcssigen Energie aus dem Abgasstrom, um als Generator elektrische Energie zu erzeugen. Diese wird entweder in der Hochvolt Lithium-Ionen-Batterie gespeichert oder der elektrischen Vorderachse beziehungsweise der Elektromaschine (MGU-K = Motor Generator Unit Kinetic) am Verbrennungsmotor zugef\u00fchrt. Die MGU-K leistet 120 kW, ist direkt am Verbrennungsmotor positioniert und \u00fcber einen Stirnradantrieb mit der Kurbelwelle verbunden.<\/p>\n\n\n\n<p class=\"wp-block-paragraph\">Turboaufladung und Direkteinspritzung mit strahlgef\u00fchrtem Brennverfahren erm\u00f6glichen nicht nur eine hohe Leistungsausbeute, sondern erh\u00f6hen auch den thermodynamischen Wirkungsgrad. Der Hochleistungs-Sechszylinder verf\u00fcgt \u00fcber zwei Einspritzsysteme. Die Direkteinspritzung bef\u00f6rdert den Kraftstoff mit bis zu 270 bar Druck in die Brennr\u00e4ume. Dies geschieht zum Teil mehrfach und wird nach Bedarf durch die Motorsteuerung geregelt. Die zus\u00e4tzliche Kanaleinspritzung wird ben\u00f6tigt, um die hohe spezifische Leistung des Motors zu erreichen und gleichzeitig die Abgasgrenzwerte einzuhalten.<\/p>\n\n\n\n<figure class=\"wp-block-image size-large\"><img loading=\"lazy\" decoding=\"async\" width=\"810\" height=\"540\" src=\"https:\/\/www.enzo-und-ferdinand.de\/wp-content\/uploads\/2022\/06\/22C0211_024-810x540.jpg\" alt=\"\" class=\"wp-image-8594\" srcset=\"https:\/\/www.enzo-und-ferdinand.de\/wp-content\/uploads\/2022\/06\/22C0211_024-810x540.jpg 810w, https:\/\/www.enzo-und-ferdinand.de\/wp-content\/uploads\/2022\/06\/22C0211_024-300x200.jpg 300w, https:\/\/www.enzo-und-ferdinand.de\/wp-content\/uploads\/2022\/06\/22C0211_024-768x512.jpg 768w, https:\/\/www.enzo-und-ferdinand.de\/wp-content\/uploads\/2022\/06\/22C0211_024-120x80.jpg 120w, https:\/\/www.enzo-und-ferdinand.de\/wp-content\/uploads\/2022\/06\/22C0211_024.jpg 875w\" sizes=\"auto, (max-width: 810px) 100vw, 810px\" \/><\/figure>\n\n\n\n<p class=\"wp-block-paragraph\">Hinzu kommt die sehr aufw\u00e4ndige und effektive Abgasreinigung mit vier vorgeheizten Metall-Katalysatoren, zwei Keramik-Katalysatoren und zwei Ottopartikelfiltern. Die vier Heizelemente mit zusammen 16 kW Leistung erm\u00f6glichen es, die EU6 Abgasgrenzwerte unter realen Fahrbedingungen (RDE) einzuhalten. Die Abgasreinigung ist dar\u00fcber hinaus gegendruckoptimiert, um Leistungsverluste zu vermeiden. Das gilt auch f\u00fcr den gro\u00dfen Endschalld\u00e4mpfer aus leichtem Titan.<\/p>\n\n\n\n<p class=\"wp-block-paragraph\">Die beiden, je 120 kW starken Elektromotoren an der Vorderachse erreichen bis zu 50.000\/min Rotorumdrehungen. Sie sind \u00fcber je ein Untersetzungsgetriebe mit den Vorderr\u00e4dern verbunden. Die somit rein elektrisch angetriebene Vorderachse arbeitet jeweils radselektiv und erm\u00f6glicht damit eine individuelle Drehmomentverteilung f\u00fcr besonders hohe Fahrdynamik (\u201eTorque Vectoring\u201c). Au\u00dferdem l\u00e4sst sich mit den beiden E-Motoren auch die Bremsenergie optimal zur Rekuperation nutzen &#8211; unter Alltagsfahrbedingungen bis zu 80 Prozent. Diese Energie wird in der Batterie gespeichert und steht f\u00fcr eine l\u00e4ngere elektrische Reichweite oder f\u00fcr mehr Antriebsperformance zur Verf\u00fcgung. Jeder Elektromotor wird von einer eigenen Leistungselektronik gesteuert, die in r\u00e4umlicher N\u00e4he zu den E-Maschinen im Wagenboden platziert ist.<\/p>\n\n\n\n<p class=\"wp-block-paragraph\">Auch der Lithium-Ionen-Energiespeicher ist eine spezielle Entwicklung von Mercedes-AMG. Seine Technologie hat sich in den Formel 1 Hybrid-Rennwagen des Mercedes-AMG Petronas F1 Teams unter h\u00e4rtesten Bedingungen bereits bew\u00e4hrt. Die AMG High Performance Batterie verbindet hohe, h\u00e4ufig hintereinander abrufbare Leistung mit geringem Gewicht, um die Gesamtperformance zu erh\u00f6hen. Hinzu kommen die schnelle Energieaufnahme und die hohe Leistungsdichte. Das bedeutet: Bei einer z\u00fcgigen Fahrt beispielsweise in h\u00fcgeligem Gel\u00e4nde k\u00f6nnen Fahrer bergauf spontan das volle Leistungspotenzial abrufen, w\u00e4hrend bei Talfahrten stark rekuperiert wird.<\/p>\n\n\n\n<figure class=\"wp-block-image size-large\"><img loading=\"lazy\" decoding=\"async\" width=\"810\" height=\"540\" src=\"https:\/\/www.enzo-und-ferdinand.de\/wp-content\/uploads\/2022\/06\/22C0211_020-810x540.jpg\" alt=\"\" class=\"wp-image-8592\" srcset=\"https:\/\/www.enzo-und-ferdinand.de\/wp-content\/uploads\/2022\/06\/22C0211_020-810x540.jpg 810w, https:\/\/www.enzo-und-ferdinand.de\/wp-content\/uploads\/2022\/06\/22C0211_020-300x200.jpg 300w, https:\/\/www.enzo-und-ferdinand.de\/wp-content\/uploads\/2022\/06\/22C0211_020-768x512.jpg 768w, https:\/\/www.enzo-und-ferdinand.de\/wp-content\/uploads\/2022\/06\/22C0211_020-120x80.jpg 120w, https:\/\/www.enzo-und-ferdinand.de\/wp-content\/uploads\/2022\/06\/22C0211_020.jpg 875w\" sizes=\"auto, (max-width: 810px) 100vw, 810px\" \/><\/figure>\n\n\n\n<p class=\"has-text-align-right has-small-font-size wp-block-paragraph\">Fotos: Mercedes-AMG\/Text: Mercedes-AMG, rr<\/p>\n","protected":false},"excerpt":{"rendered":"<p>Am 1. Juni 1967 wurde der Grundstein von AMG gelegt. Zum 55. Geburtstag der Performance- und Sportwagen-Marke feiert die Serienversion des Mercedes-AMG ONE ihre Weltpremiere. Der bringt weltweit erstmals Formel-1-Hybrid-Antriebstechnologie von der Rennstrecke auf die Stra\u00dfe. Auch das Carbon-Monocoque und die Carbon-Karosserie und die mittragende Motor\/Getriebe-Einheit sowie der aktiven Aerodynamik bis hin zum Push-Rod-Fahrwerk sind von der Formel 1 inspiriert. Dar\u00fcber hinaus verf\u00fcgt er \u00fcber einen vollvariablen Allradantrieb mit hybrid-angetriebener Hinterachse und elektrisch angetriebener Vorderachse mit Torque Vectoring. Au\u00dferdem kann er auch rein elektrisch fahren. Der Hybridantrieb des Mercedes-AMG ONE stammt direkt aus der Formel 1 und wurde zusammen mit den Experten von Mercedes-AMG High Performance Powertrains in Brixworth realisiert. Er besteht aus einer hochintegrierten und intelligent miteinander vernetzten Einheit aus Hybrid\u2011Turbo-Verbrennungsmotor mit insgesamt vier Elektromaschinen.\u00a0<\/p>\n","protected":false},"author":1,"featured_media":8593,"comment_status":"closed","ping_status":"closed","sticky":false,"template":"","format":"standard","meta":{"_crdt_document":"","ngg_post_thumbnail":0,"footnotes":""},"categories":[703,23,5,586],"tags":[206,615,207],"class_list":["post-8589","post","type-post","status-publish","format-standard","has-post-thumbnail","hentry","category-hypercar","category-performance","category-rennsport","category-technologie","tag-amg","tag-mercedes-amg-one","tag-mercedes-benz"],"yoast_head":"<!-- This site is optimized with the Yoast SEO plugin v27.5 - https:\/\/yoast.com\/product\/yoast-seo-wordpress\/ -->\n<title>Mercedes-AMG ONE<\/title>\n<meta name=\"description\" content=\"Mercedes-AMG ONE Formel-1-Hybrid-Antriebstechnologie Carbon-Monocoque Carbon-Karosserie Push-Rod-Fahrwerk Allradantrieb Torque Vectoring Mercedes-AMG High Performance Powertrains Mittelmotor Turbolader MGU-K\u00a0 Direkteinspritzung Rekuperation Lithium-Ionen-Akku\" \/>\n<meta name=\"robots\" content=\"index, follow, max-snippet:-1, max-image-preview:large, max-video-preview:-1\" \/>\n<link rel=\"canonical\" href=\"https:\/\/www.enzo-und-ferdinand.de\/index.php\/2022\/06\/02\/mercedes-amg-one\/\" \/>\n<meta property=\"og:locale\" content=\"de_DE\" \/>\n<meta property=\"og:type\" content=\"article\" \/>\n<meta property=\"og:title\" content=\"Mercedes-AMG ONE\" \/>\n<meta property=\"og:description\" content=\"Mercedes-AMG ONE Formel-1-Hybrid-Antriebstechnologie Carbon-Monocoque Carbon-Karosserie Push-Rod-Fahrwerk Allradantrieb Torque Vectoring Mercedes-AMG High Performance Powertrains Mittelmotor Turbolader MGU-K\u00a0 Direkteinspritzung Rekuperation Lithium-Ionen-Akku\" \/>\n<meta property=\"og:url\" content=\"https:\/\/www.enzo-und-ferdinand.de\/index.php\/2022\/06\/02\/mercedes-amg-one\/\" \/>\n<meta property=\"og:site_name\" content=\"enzo &amp; Ferdinand\" \/>\n<meta property=\"article:published_time\" content=\"2022-06-02T05:27:32+00:00\" \/>\n<meta property=\"article:modified_time\" content=\"2023-12-14T17:14:42+00:00\" \/>\n<meta property=\"og:image\" content=\"https:\/\/www.enzo-und-ferdinand.de\/wp-content\/uploads\/2022\/06\/22C0211_009.jpg\" \/>\n\t<meta property=\"og:image:width\" content=\"875\" \/>\n\t<meta property=\"og:image:height\" content=\"583\" \/>\n\t<meta property=\"og:image:type\" content=\"image\/jpeg\" \/>\n<meta name=\"author\" content=\"Rainer Ro\u00dfbach\" \/>\n<meta name=\"twitter:card\" content=\"summary_large_image\" \/>\n<meta name=\"twitter:label1\" content=\"Verfasst von\" \/>\n\t<meta name=\"twitter:data1\" content=\"Rainer Ro\u00dfbach\" \/>\n\t<meta name=\"twitter:label2\" content=\"Gesch\u00e4tzte Lesezeit\" \/>\n\t<meta name=\"twitter:data2\" content=\"4\u00a0Minuten\" \/>\n<script type=\"application\/ld+json\" class=\"yoast-schema-graph\">{\"@context\":\"https:\\\/\\\/schema.org\",\"@graph\":[{\"@type\":\"Article\",\"@id\":\"https:\\\/\\\/www.enzo-und-ferdinand.de\\\/index.php\\\/2022\\\/06\\\/02\\\/mercedes-amg-one\\\/#article\",\"isPartOf\":{\"@id\":\"https:\\\/\\\/www.enzo-und-ferdinand.de\\\/index.php\\\/2022\\\/06\\\/02\\\/mercedes-amg-one\\\/\"},\"author\":{\"name\":\"Rainer Ro\u00dfbach\",\"@id\":\"https:\\\/\\\/www.enzo-und-ferdinand.de\\\/#\\\/schema\\\/person\\\/aff2eb9ff87705987c1b9d21fe10b095\"},\"headline\":\"Mercedes-AMG ONE\",\"datePublished\":\"2022-06-02T05:27:32+00:00\",\"dateModified\":\"2023-12-14T17:14:42+00:00\",\"mainEntityOfPage\":{\"@id\":\"https:\\\/\\\/www.enzo-und-ferdinand.de\\\/index.php\\\/2022\\\/06\\\/02\\\/mercedes-amg-one\\\/\"},\"wordCount\":777,\"publisher\":{\"@id\":\"https:\\\/\\\/www.enzo-und-ferdinand.de\\\/#organization\"},\"image\":{\"@id\":\"https:\\\/\\\/www.enzo-und-ferdinand.de\\\/index.php\\\/2022\\\/06\\\/02\\\/mercedes-amg-one\\\/#primaryimage\"},\"thumbnailUrl\":\"https:\\\/\\\/www.enzo-und-ferdinand.de\\\/wp-content\\\/uploads\\\/2022\\\/06\\\/22C0211_009.jpg\",\"keywords\":[\"AMG\",\"Mercedes-AMG One\",\"Mercedes-Benz\"],\"articleSection\":[\"Hypercar\",\"Performance\",\"Rennsport\",\"Technologie\"],\"inLanguage\":\"de\"},{\"@type\":\"WebPage\",\"@id\":\"https:\\\/\\\/www.enzo-und-ferdinand.de\\\/index.php\\\/2022\\\/06\\\/02\\\/mercedes-amg-one\\\/\",\"url\":\"https:\\\/\\\/www.enzo-und-ferdinand.de\\\/index.php\\\/2022\\\/06\\\/02\\\/mercedes-amg-one\\\/\",\"name\":\"Mercedes-AMG ONE\",\"isPartOf\":{\"@id\":\"https:\\\/\\\/www.enzo-und-ferdinand.de\\\/#website\"},\"primaryImageOfPage\":{\"@id\":\"https:\\\/\\\/www.enzo-und-ferdinand.de\\\/index.php\\\/2022\\\/06\\\/02\\\/mercedes-amg-one\\\/#primaryimage\"},\"image\":{\"@id\":\"https:\\\/\\\/www.enzo-und-ferdinand.de\\\/index.php\\\/2022\\\/06\\\/02\\\/mercedes-amg-one\\\/#primaryimage\"},\"thumbnailUrl\":\"https:\\\/\\\/www.enzo-und-ferdinand.de\\\/wp-content\\\/uploads\\\/2022\\\/06\\\/22C0211_009.jpg\",\"datePublished\":\"2022-06-02T05:27:32+00:00\",\"dateModified\":\"2023-12-14T17:14:42+00:00\",\"description\":\"Mercedes-AMG ONE Formel-1-Hybrid-Antriebstechnologie Carbon-Monocoque Carbon-Karosserie Push-Rod-Fahrwerk Allradantrieb Torque Vectoring Mercedes-AMG High Performance Powertrains Mittelmotor Turbolader MGU-K\u00a0 Direkteinspritzung Rekuperation Lithium-Ionen-Akku\",\"breadcrumb\":{\"@id\":\"https:\\\/\\\/www.enzo-und-ferdinand.de\\\/index.php\\\/2022\\\/06\\\/02\\\/mercedes-amg-one\\\/#breadcrumb\"},\"inLanguage\":\"de\",\"potentialAction\":[{\"@type\":\"ReadAction\",\"target\":[\"https:\\\/\\\/www.enzo-und-ferdinand.de\\\/index.php\\\/2022\\\/06\\\/02\\\/mercedes-amg-one\\\/\"]}]},{\"@type\":\"ImageObject\",\"inLanguage\":\"de\",\"@id\":\"https:\\\/\\\/www.enzo-und-ferdinand.de\\\/index.php\\\/2022\\\/06\\\/02\\\/mercedes-amg-one\\\/#primaryimage\",\"url\":\"https:\\\/\\\/www.enzo-und-ferdinand.de\\\/wp-content\\\/uploads\\\/2022\\\/06\\\/22C0211_009.jpg\",\"contentUrl\":\"https:\\\/\\\/www.enzo-und-ferdinand.de\\\/wp-content\\\/uploads\\\/2022\\\/06\\\/22C0211_009.jpg\",\"width\":875,\"height\":583,\"caption\":\"Mercedes-AMG ONE (Kraftstoffverbrauch gewichtet, kombiniert: 8,7 l\\\/100 km; CO2 Emissionen gewichtet, kombiniert: 198 g\\\/km; Stromverbrauch gewichtet, kombiniert: 32 kWh\\\/100 km) [Angaben zu Verbrauch und CO2-Emissionen sind vorl\u00e4ufig und wurden intern nach Ma\u00dfgabe der Zertifizierungsmethode \u201eWLTP-Pr\u00fcfverfahren\u201c ermittelt. Es liegen bislang weder best\u00e4tigte Werte vom Technischen Dienst noch eine EG-Typgenehmigung noch eine Konformit\u00e4tsbescheinigung mit amtlichen Werten vor. Abweichungen zwischen den Angaben und den amtlichen Werten sind m\u00f6glich.] Mercedes-AMG ONE (combined weighted fuel consumption: 8.7 l\\\/100 km; combined weighted CO2 emissions: 198 g\\\/km; combined weighted electrical consumption: 32 kWh\\\/100 km) [The figures for fuel consumption and CO2 emissions are provisional and were determined internally in accordance with the \\\"WLTP test procedure\\\" certification method. Confirmed values from the technical service or an EC type approval or certificate of conformity with official values are not yet available. Differences between the stated figures and the official figures are possible]\"},{\"@type\":\"BreadcrumbList\",\"@id\":\"https:\\\/\\\/www.enzo-und-ferdinand.de\\\/index.php\\\/2022\\\/06\\\/02\\\/mercedes-amg-one\\\/#breadcrumb\",\"itemListElement\":[{\"@type\":\"ListItem\",\"position\":1,\"name\":\"Startseite\",\"item\":\"https:\\\/\\\/www.enzo-und-ferdinand.de\\\/\"},{\"@type\":\"ListItem\",\"position\":2,\"name\":\"Mercedes-AMG ONE\"}]},{\"@type\":\"WebSite\",\"@id\":\"https:\\\/\\\/www.enzo-und-ferdinand.de\\\/#website\",\"url\":\"https:\\\/\\\/www.enzo-und-ferdinand.de\\\/\",\"name\":\"enzo & Ferdinand\",\"description\":\"\",\"publisher\":{\"@id\":\"https:\\\/\\\/www.enzo-und-ferdinand.de\\\/#organization\"},\"potentialAction\":[{\"@type\":\"SearchAction\",\"target\":{\"@type\":\"EntryPoint\",\"urlTemplate\":\"https:\\\/\\\/www.enzo-und-ferdinand.de\\\/?s={search_term_string}\"},\"query-input\":{\"@type\":\"PropertyValueSpecification\",\"valueRequired\":true,\"valueName\":\"search_term_string\"}}],\"inLanguage\":\"de\"},{\"@type\":\"Organization\",\"@id\":\"https:\\\/\\\/www.enzo-und-ferdinand.de\\\/#organization\",\"name\":\"enzo & Ferdinand\",\"url\":\"https:\\\/\\\/www.enzo-und-ferdinand.de\\\/\",\"logo\":{\"@type\":\"ImageObject\",\"inLanguage\":\"de\",\"@id\":\"https:\\\/\\\/www.enzo-und-ferdinand.de\\\/#\\\/schema\\\/logo\\\/image\\\/\",\"url\":\"https:\\\/\\\/www.enzo-und-ferdinand.de\\\/wp-content\\\/uploads\\\/2018\\\/12\\\/revvvs-icon.png\",\"contentUrl\":\"https:\\\/\\\/www.enzo-und-ferdinand.de\\\/wp-content\\\/uploads\\\/2018\\\/12\\\/revvvs-icon.png\",\"width\":512,\"height\":512,\"caption\":\"enzo & Ferdinand\"},\"image\":{\"@id\":\"https:\\\/\\\/www.enzo-und-ferdinand.de\\\/#\\\/schema\\\/logo\\\/image\\\/\"}},{\"@type\":\"Person\",\"@id\":\"https:\\\/\\\/www.enzo-und-ferdinand.de\\\/#\\\/schema\\\/person\\\/aff2eb9ff87705987c1b9d21fe10b095\",\"name\":\"Rainer Ro\u00dfbach\",\"image\":{\"@type\":\"ImageObject\",\"inLanguage\":\"de\",\"@id\":\"https:\\\/\\\/www.enzo-und-ferdinand.de\\\/wp-content\\\/uploads\\\/2026\\\/01\\\/Rainer-Rossbach-150x150.jpg\",\"url\":\"https:\\\/\\\/www.enzo-und-ferdinand.de\\\/wp-content\\\/uploads\\\/2026\\\/01\\\/Rainer-Rossbach-150x150.jpg\",\"contentUrl\":\"https:\\\/\\\/www.enzo-und-ferdinand.de\\\/wp-content\\\/uploads\\\/2026\\\/01\\\/Rainer-Rossbach-150x150.jpg\",\"caption\":\"Rainer Ro\u00dfbach\"},\"url\":\"https:\\\/\\\/www.enzo-und-ferdinand.de\\\/index.php\\\/author\\\/redaktion\\\/\"}]}<\/script>\n<!-- \/ Yoast SEO plugin. -->","yoast_head_json":{"title":"Mercedes-AMG ONE","description":"Mercedes-AMG ONE Formel-1-Hybrid-Antriebstechnologie Carbon-Monocoque Carbon-Karosserie Push-Rod-Fahrwerk Allradantrieb Torque Vectoring Mercedes-AMG High Performance Powertrains Mittelmotor Turbolader MGU-K\u00a0 Direkteinspritzung Rekuperation Lithium-Ionen-Akku","robots":{"index":"index","follow":"follow","max-snippet":"max-snippet:-1","max-image-preview":"max-image-preview:large","max-video-preview":"max-video-preview:-1"},"canonical":"https:\/\/www.enzo-und-ferdinand.de\/index.php\/2022\/06\/02\/mercedes-amg-one\/","og_locale":"de_DE","og_type":"article","og_title":"Mercedes-AMG ONE","og_description":"Mercedes-AMG ONE Formel-1-Hybrid-Antriebstechnologie Carbon-Monocoque Carbon-Karosserie Push-Rod-Fahrwerk Allradantrieb Torque Vectoring Mercedes-AMG High Performance Powertrains Mittelmotor Turbolader MGU-K\u00a0 Direkteinspritzung Rekuperation Lithium-Ionen-Akku","og_url":"https:\/\/www.enzo-und-ferdinand.de\/index.php\/2022\/06\/02\/mercedes-amg-one\/","og_site_name":"enzo &amp; Ferdinand","article_published_time":"2022-06-02T05:27:32+00:00","article_modified_time":"2023-12-14T17:14:42+00:00","og_image":[{"width":875,"height":583,"url":"https:\/\/www.enzo-und-ferdinand.de\/wp-content\/uploads\/2022\/06\/22C0211_009.jpg","type":"image\/jpeg"}],"author":"Rainer Ro\u00dfbach","twitter_card":"summary_large_image","twitter_misc":{"Verfasst von":"Rainer Ro\u00dfbach","Gesch\u00e4tzte Lesezeit":"4\u00a0Minuten"},"schema":{"@context":"https:\/\/schema.org","@graph":[{"@type":"Article","@id":"https:\/\/www.enzo-und-ferdinand.de\/index.php\/2022\/06\/02\/mercedes-amg-one\/#article","isPartOf":{"@id":"https:\/\/www.enzo-und-ferdinand.de\/index.php\/2022\/06\/02\/mercedes-amg-one\/"},"author":{"name":"Rainer Ro\u00dfbach","@id":"https:\/\/www.enzo-und-ferdinand.de\/#\/schema\/person\/aff2eb9ff87705987c1b9d21fe10b095"},"headline":"Mercedes-AMG ONE","datePublished":"2022-06-02T05:27:32+00:00","dateModified":"2023-12-14T17:14:42+00:00","mainEntityOfPage":{"@id":"https:\/\/www.enzo-und-ferdinand.de\/index.php\/2022\/06\/02\/mercedes-amg-one\/"},"wordCount":777,"publisher":{"@id":"https:\/\/www.enzo-und-ferdinand.de\/#organization"},"image":{"@id":"https:\/\/www.enzo-und-ferdinand.de\/index.php\/2022\/06\/02\/mercedes-amg-one\/#primaryimage"},"thumbnailUrl":"https:\/\/www.enzo-und-ferdinand.de\/wp-content\/uploads\/2022\/06\/22C0211_009.jpg","keywords":["AMG","Mercedes-AMG One","Mercedes-Benz"],"articleSection":["Hypercar","Performance","Rennsport","Technologie"],"inLanguage":"de"},{"@type":"WebPage","@id":"https:\/\/www.enzo-und-ferdinand.de\/index.php\/2022\/06\/02\/mercedes-amg-one\/","url":"https:\/\/www.enzo-und-ferdinand.de\/index.php\/2022\/06\/02\/mercedes-amg-one\/","name":"Mercedes-AMG ONE","isPartOf":{"@id":"https:\/\/www.enzo-und-ferdinand.de\/#website"},"primaryImageOfPage":{"@id":"https:\/\/www.enzo-und-ferdinand.de\/index.php\/2022\/06\/02\/mercedes-amg-one\/#primaryimage"},"image":{"@id":"https:\/\/www.enzo-und-ferdinand.de\/index.php\/2022\/06\/02\/mercedes-amg-one\/#primaryimage"},"thumbnailUrl":"https:\/\/www.enzo-und-ferdinand.de\/wp-content\/uploads\/2022\/06\/22C0211_009.jpg","datePublished":"2022-06-02T05:27:32+00:00","dateModified":"2023-12-14T17:14:42+00:00","description":"Mercedes-AMG ONE Formel-1-Hybrid-Antriebstechnologie Carbon-Monocoque Carbon-Karosserie Push-Rod-Fahrwerk Allradantrieb Torque Vectoring Mercedes-AMG High Performance Powertrains Mittelmotor Turbolader MGU-K\u00a0 Direkteinspritzung Rekuperation Lithium-Ionen-Akku","breadcrumb":{"@id":"https:\/\/www.enzo-und-ferdinand.de\/index.php\/2022\/06\/02\/mercedes-amg-one\/#breadcrumb"},"inLanguage":"de","potentialAction":[{"@type":"ReadAction","target":["https:\/\/www.enzo-und-ferdinand.de\/index.php\/2022\/06\/02\/mercedes-amg-one\/"]}]},{"@type":"ImageObject","inLanguage":"de","@id":"https:\/\/www.enzo-und-ferdinand.de\/index.php\/2022\/06\/02\/mercedes-amg-one\/#primaryimage","url":"https:\/\/www.enzo-und-ferdinand.de\/wp-content\/uploads\/2022\/06\/22C0211_009.jpg","contentUrl":"https:\/\/www.enzo-und-ferdinand.de\/wp-content\/uploads\/2022\/06\/22C0211_009.jpg","width":875,"height":583,"caption":"Mercedes-AMG ONE (Kraftstoffverbrauch gewichtet, kombiniert: 8,7 l\/100 km; CO2 Emissionen gewichtet, kombiniert: 198 g\/km; Stromverbrauch gewichtet, kombiniert: 32 kWh\/100 km) [Angaben zu Verbrauch und CO2-Emissionen sind vorl\u00e4ufig und wurden intern nach Ma\u00dfgabe der Zertifizierungsmethode \u201eWLTP-Pr\u00fcfverfahren\u201c ermittelt. Es liegen bislang weder best\u00e4tigte Werte vom Technischen Dienst noch eine EG-Typgenehmigung noch eine Konformit\u00e4tsbescheinigung mit amtlichen Werten vor. Abweichungen zwischen den Angaben und den amtlichen Werten sind m\u00f6glich.] Mercedes-AMG ONE (combined weighted fuel consumption: 8.7 l\/100 km; combined weighted CO2 emissions: 198 g\/km; combined weighted electrical consumption: 32 kWh\/100 km) [The figures for fuel consumption and CO2 emissions are provisional and were determined internally in accordance with the \"WLTP test procedure\" certification method. Confirmed values from the technical service or an EC type approval or certificate of conformity with official values are not yet available. Differences between the stated figures and the official figures are possible]"},{"@type":"BreadcrumbList","@id":"https:\/\/www.enzo-und-ferdinand.de\/index.php\/2022\/06\/02\/mercedes-amg-one\/#breadcrumb","itemListElement":[{"@type":"ListItem","position":1,"name":"Startseite","item":"https:\/\/www.enzo-und-ferdinand.de\/"},{"@type":"ListItem","position":2,"name":"Mercedes-AMG ONE"}]},{"@type":"WebSite","@id":"https:\/\/www.enzo-und-ferdinand.de\/#website","url":"https:\/\/www.enzo-und-ferdinand.de\/","name":"enzo & Ferdinand","description":"","publisher":{"@id":"https:\/\/www.enzo-und-ferdinand.de\/#organization"},"potentialAction":[{"@type":"SearchAction","target":{"@type":"EntryPoint","urlTemplate":"https:\/\/www.enzo-und-ferdinand.de\/?s={search_term_string}"},"query-input":{"@type":"PropertyValueSpecification","valueRequired":true,"valueName":"search_term_string"}}],"inLanguage":"de"},{"@type":"Organization","@id":"https:\/\/www.enzo-und-ferdinand.de\/#organization","name":"enzo & Ferdinand","url":"https:\/\/www.enzo-und-ferdinand.de\/","logo":{"@type":"ImageObject","inLanguage":"de","@id":"https:\/\/www.enzo-und-ferdinand.de\/#\/schema\/logo\/image\/","url":"https:\/\/www.enzo-und-ferdinand.de\/wp-content\/uploads\/2018\/12\/revvvs-icon.png","contentUrl":"https:\/\/www.enzo-und-ferdinand.de\/wp-content\/uploads\/2018\/12\/revvvs-icon.png","width":512,"height":512,"caption":"enzo & Ferdinand"},"image":{"@id":"https:\/\/www.enzo-und-ferdinand.de\/#\/schema\/logo\/image\/"}},{"@type":"Person","@id":"https:\/\/www.enzo-und-ferdinand.de\/#\/schema\/person\/aff2eb9ff87705987c1b9d21fe10b095","name":"Rainer Ro\u00dfbach","image":{"@type":"ImageObject","inLanguage":"de","@id":"https:\/\/www.enzo-und-ferdinand.de\/wp-content\/uploads\/2026\/01\/Rainer-Rossbach-150x150.jpg","url":"https:\/\/www.enzo-und-ferdinand.de\/wp-content\/uploads\/2026\/01\/Rainer-Rossbach-150x150.jpg","contentUrl":"https:\/\/www.enzo-und-ferdinand.de\/wp-content\/uploads\/2026\/01\/Rainer-Rossbach-150x150.jpg","caption":"Rainer Ro\u00dfbach"},"url":"https:\/\/www.enzo-und-ferdinand.de\/index.php\/author\/redaktion\/"}]}},"_links":{"self":[{"href":"https:\/\/www.enzo-und-ferdinand.de\/index.php\/wp-json\/wp\/v2\/posts\/8589","targetHints":{"allow":["GET"]}}],"collection":[{"href":"https:\/\/www.enzo-und-ferdinand.de\/index.php\/wp-json\/wp\/v2\/posts"}],"about":[{"href":"https:\/\/www.enzo-und-ferdinand.de\/index.php\/wp-json\/wp\/v2\/types\/post"}],"author":[{"embeddable":true,"href":"https:\/\/www.enzo-und-ferdinand.de\/index.php\/wp-json\/wp\/v2\/users\/1"}],"replies":[{"embeddable":true,"href":"https:\/\/www.enzo-und-ferdinand.de\/index.php\/wp-json\/wp\/v2\/comments?post=8589"}],"version-history":[{"count":5,"href":"https:\/\/www.enzo-und-ferdinand.de\/index.php\/wp-json\/wp\/v2\/posts\/8589\/revisions"}],"predecessor-version":[{"id":8599,"href":"https:\/\/www.enzo-und-ferdinand.de\/index.php\/wp-json\/wp\/v2\/posts\/8589\/revisions\/8599"}],"wp:featuredmedia":[{"embeddable":true,"href":"https:\/\/www.enzo-und-ferdinand.de\/index.php\/wp-json\/wp\/v2\/media\/8593"}],"wp:attachment":[{"href":"https:\/\/www.enzo-und-ferdinand.de\/index.php\/wp-json\/wp\/v2\/media?parent=8589"}],"wp:term":[{"taxonomy":"category","embeddable":true,"href":"https:\/\/www.enzo-und-ferdinand.de\/index.php\/wp-json\/wp\/v2\/categories?post=8589"},{"taxonomy":"post_tag","embeddable":true,"href":"https:\/\/www.enzo-und-ferdinand.de\/index.php\/wp-json\/wp\/v2\/tags?post=8589"}],"curies":[{"name":"wp","href":"https:\/\/api.w.org\/{rel}","templated":true}]}}