{"id":8600,"date":"2022-06-03T06:52:41","date_gmt":"2022-06-03T04:52:41","guid":{"rendered":"https:\/\/www.enzo-und-ferdinand.de\/?p=8600"},"modified":"2023-09-29T07:22:58","modified_gmt":"2023-09-29T05:22:58","slug":"porsche-911-gt3-manthey-performance-kit","status":"publish","type":"post","link":"https:\/\/www.enzo-und-ferdinand.de\/index.php\/2022\/06\/03\/porsche-911-gt3-manthey-performance-kit\/","title":{"rendered":"Porsche 911 GT3 \u201eManthey Performance-Kit\u201c"},"content":{"rendered":"\n<figure class=\"wp-block-image size-large\"><img loading=\"lazy\" decoding=\"async\" width=\"810\" height=\"607\" src=\"https:\/\/www.enzo-und-ferdinand.de\/wp-content\/uploads\/2022\/06\/S22_3160_a4_rgb-810x607.jpg\" alt=\"\" class=\"wp-image-8606\" srcset=\"https:\/\/www.enzo-und-ferdinand.de\/wp-content\/uploads\/2022\/06\/S22_3160_a4_rgb-810x607.jpg 810w, https:\/\/www.enzo-und-ferdinand.de\/wp-content\/uploads\/2022\/06\/S22_3160_a4_rgb-300x225.jpg 300w, https:\/\/www.enzo-und-ferdinand.de\/wp-content\/uploads\/2022\/06\/S22_3160_a4_rgb-768x576.jpg 768w, https:\/\/www.enzo-und-ferdinand.de\/wp-content\/uploads\/2022\/06\/S22_3160_a4_rgb.jpg 875w\" sizes=\"auto, (max-width: 810px) 100vw, 810px\" \/><\/figure>\n\n\n\n<p class=\"wp-block-paragraph\">Das neue Aerodynamik-Kit von Porsche Tequipment und Langstreckenspezialist Manthey ist speziell f\u00fcr die Leistungssteigerung des GT3 auf Rundstrecken gedacht. Die Nordschleife des N\u00fcrburgrings umrundet der 510 PS starke Porsche damit in 6:55,737 Minuten. Damit ist er auf dem Eifelkurs um 4,19 Sekunden schneller als das Serienfahrzeug.<\/p>\n\n\n\n<p class=\"wp-block-paragraph\">Die Manthey-Teile modifizieren die aerodynamisch wirksamen Komponenten deutlich. So gibt etwa an der Front eine gr\u00f6\u00dfere Buglippe und neue seitliche Flaps. Zusammen mit den modifizierten Luftleitelementen am Unterboden erh\u00f6hen sie den Abtrieb an der Vorderachse. Der Heckfl\u00fcgel des 911 GT3 mit Schwanenhalsaufh\u00e4ngung ist breiter und tr\u00e4gt nun eine Abrisskante. Die Endplatten wurden ebenso vergr\u00f6\u00dfert wie der Anstellwinkel des Fl\u00fcgels. Die Finnen des Heckdiffusors wurden verl\u00e4ngert und bestehen nun aus CfK. Ebenfalls aus CfK gefertigte Radabdeckungen an den Hinterr\u00e4dern verbessern die aerodynamische Effizienz weiter.<\/p>\n\n\n\n<figure class=\"wp-block-embed is-type-video is-provider-vimeo wp-block-embed-vimeo wp-embed-aspect-16-9 wp-has-aspect-ratio\"><div class=\"wp-block-embed__wrapper\">\n<iframe loading=\"lazy\" title=\"Porsche 911 GT3 &amp;bdquo;Manthey Performance-Kit&amp;ldquo;\" src=\"https:\/\/player.vimeo.com\/video\/716504937?h=9e1069a482&amp;dnt=1&amp;app_id=122963\" width=\"640\" height=\"360\" frameborder=\"0\" allow=\"autoplay; fullscreen; picture-in-picture\" allowfullscreen><\/iframe>\n<\/div><\/figure>\n\n\n\n<p class=\"wp-block-paragraph\">Zusammen mit<strong> <\/strong>Porsche hat Manthey f\u00fcr den 911 GT3 ein spezielles, f\u00fcr den Rundstreckeneinsatz adaptierbares Gewindefahrwerk entwickelt. Die Federbeine sind vierfach verstellbar, Zug- und Druckstufe lassen sich ohne Werkzeug justieren. Die moderat angepassten Federraten (plus zehn Prozent an der Vorderachse, minus sieben Prozent an der Hinterachse) tragen zu einem verbesserten Fahrverhalten im Grenzbereich bei, ohne Abstriche bei der Alltagstauglichkeit.<\/p>\n\n\n\n<p class=\"wp-block-paragraph\">Optional gibt es Leichtbau-Schmiederads\u00e4tze mit Felgen in 20 und 21 Zoll. Diese reduzieren die ungefederten Massen um 7,3 Kilogramm. Serienm\u00e4\u00dfiger Teil des Kits ist ein Bremsleitungssatz mit Stahlummantelungen. Dieser definiert einen sehr exakten Druckpunkt und sorgt damit f\u00fcr die optimale Dosierbarkeit der Bremse. Optional sind spezielle Rennbremsbel\u00e4ge im Angebot. Zur optischen Individualisierung tragen T\u00fcrprojektoren und beleuchtete Einstiegsleisten mit Manthey-Logo bei. Eine Abschleppschlaufe ist ebenfalls Teil des Kits.<\/p>\n\n\n\n<p class=\"wp-block-paragraph\">Das Manthey Performance-Kit von Porsche Tequipment kann ab sofort bestellt werden. Die Auslieferung beginnt im Herbst 2022. Die Werksgarantie des 911 GT3 bleibt in vollem Umfang erhalten.<\/p>\n\n\n\n<figure class=\"wp-block-image size-large\"><img loading=\"lazy\" decoding=\"async\" width=\"810\" height=\"540\" src=\"https:\/\/www.enzo-und-ferdinand.de\/wp-content\/uploads\/2022\/06\/S22_3172_a4_rgb-810x540.jpg\" alt=\"\" class=\"wp-image-8609\" srcset=\"https:\/\/www.enzo-und-ferdinand.de\/wp-content\/uploads\/2022\/06\/S22_3172_a4_rgb-810x540.jpg 810w, https:\/\/www.enzo-und-ferdinand.de\/wp-content\/uploads\/2022\/06\/S22_3172_a4_rgb-300x200.jpg 300w, https:\/\/www.enzo-und-ferdinand.de\/wp-content\/uploads\/2022\/06\/S22_3172_a4_rgb-768x512.jpg 768w, https:\/\/www.enzo-und-ferdinand.de\/wp-content\/uploads\/2022\/06\/S22_3172_a4_rgb-120x80.jpg 120w, https:\/\/www.enzo-und-ferdinand.de\/wp-content\/uploads\/2022\/06\/S22_3172_a4_rgb.jpg 875w\" sizes=\"auto, (max-width: 810px) 100vw, 810px\" \/><\/figure>\n\n\n\n<p class=\"has-text-align-right has-small-font-size wp-block-paragraph\">Video: Porsche\/Fotos: Porsche\/Text: rr, Porsche<\/p>\n","protected":false},"excerpt":{"rendered":"<p>Das neue Aerodynamik-Kit von Porsche Tequipment und Langstreckenspezialist Manthey ist speziell f\u00fcr die Leistungssteigerung des GT3 auf Rundstrecken gedacht. Die Nordschleife des N\u00fcrburgrings umrundet der 510 PS starke Porsche damit in 6:55,737 Minuten. Damit ist er auf dem Eifelkurs um 4,19 Sekunden schneller als das Serienfahrzeug. Die Manthey-Teile modifizieren die aerodynamisch wirksamen Komponenten deutlich. So gibt etwa an der Front eine gr\u00f6\u00dfere Buglippe und neue seitliche Flaps.<\/p>\n","protected":false},"author":1,"featured_media":8608,"comment_status":"closed","ping_status":"closed","sticky":false,"template":"","format":"standard","meta":{"_crdt_document":"","ngg_post_thumbnail":0,"footnotes":""},"categories":[23,5,29],"tags":[201,356],"class_list":["post-8600","post","type-post","status-publish","format-standard","has-post-thumbnail","hentry","category-performance","category-rennsport","category-video","tag-porsche","tag-porsche-911-gt3"],"yoast_head":"<!-- This site is optimized with the Yoast SEO plugin v27.5 - https:\/\/yoast.com\/product\/yoast-seo-wordpress\/ -->\n<title>Porsche 911 GT3 \u201eManthey Performance-Kit\u201c<\/title>\n<meta name=\"description\" content=\"Porsche 911 GT3 \u201eManthey Performance-Kit\u201c Porsche Tequipment Nordschleife N\u00fcrburgring Schwanenhalsaufh\u00e4ngung Heckdiffusor Gewindefahrwerk\" \/>\n<meta name=\"robots\" content=\"index, follow, max-snippet:-1, max-image-preview:large, max-video-preview:-1\" \/>\n<link rel=\"canonical\" href=\"https:\/\/www.enzo-und-ferdinand.de\/index.php\/2022\/06\/03\/porsche-911-gt3-manthey-performance-kit\/\" \/>\n<meta property=\"og:locale\" content=\"de_DE\" \/>\n<meta property=\"og:type\" content=\"article\" \/>\n<meta property=\"og:title\" content=\"Porsche 911 GT3 \u201eManthey Performance-Kit\u201c\" \/>\n<meta property=\"og:description\" content=\"Porsche 911 GT3 \u201eManthey Performance-Kit\u201c Porsche Tequipment Nordschleife N\u00fcrburgring Schwanenhalsaufh\u00e4ngung Heckdiffusor Gewindefahrwerk\" \/>\n<meta property=\"og:url\" content=\"https:\/\/www.enzo-und-ferdinand.de\/index.php\/2022\/06\/03\/porsche-911-gt3-manthey-performance-kit\/\" \/>\n<meta property=\"og:site_name\" content=\"enzo &amp; Ferdinand\" \/>\n<meta property=\"article:published_time\" content=\"2022-06-03T04:52:41+00:00\" \/>\n<meta property=\"article:modified_time\" content=\"2023-09-29T05:22:58+00:00\" \/>\n<meta property=\"og:image\" content=\"https:\/\/www.enzo-und-ferdinand.de\/wp-content\/uploads\/2022\/06\/S22_3180_a4_rgb.jpg\" \/>\n\t<meta property=\"og:image:width\" content=\"875\" \/>\n\t<meta property=\"og:image:height\" content=\"584\" \/>\n\t<meta property=\"og:image:type\" content=\"image\/jpeg\" \/>\n<meta name=\"author\" content=\"Rainer Ro\u00dfbach\" \/>\n<meta name=\"twitter:card\" content=\"summary_large_image\" \/>\n<meta name=\"twitter:label1\" content=\"Verfasst von\" \/>\n\t<meta name=\"twitter:data1\" content=\"Rainer Ro\u00dfbach\" \/>\n\t<meta name=\"twitter:label2\" content=\"Gesch\u00e4tzte Lesezeit\" \/>\n\t<meta name=\"twitter:data2\" content=\"2\u00a0Minuten\" \/>\n<script type=\"application\/ld+json\" class=\"yoast-schema-graph\">{\"@context\":\"https:\\\/\\\/schema.org\",\"@graph\":[{\"@type\":\"Article\",\"@id\":\"https:\\\/\\\/www.enzo-und-ferdinand.de\\\/index.php\\\/2022\\\/06\\\/03\\\/porsche-911-gt3-manthey-performance-kit\\\/#article\",\"isPartOf\":{\"@id\":\"https:\\\/\\\/www.enzo-und-ferdinand.de\\\/index.php\\\/2022\\\/06\\\/03\\\/porsche-911-gt3-manthey-performance-kit\\\/\"},\"author\":{\"name\":\"Rainer Ro\u00dfbach\",\"@id\":\"https:\\\/\\\/www.enzo-und-ferdinand.de\\\/#\\\/schema\\\/person\\\/aff2eb9ff87705987c1b9d21fe10b095\"},\"headline\":\"Porsche 911 GT3 \u201eManthey Performance-Kit\u201c\",\"datePublished\":\"2022-06-03T04:52:41+00:00\",\"dateModified\":\"2023-09-29T05:22:58+00:00\",\"mainEntityOfPage\":{\"@id\":\"https:\\\/\\\/www.enzo-und-ferdinand.de\\\/index.php\\\/2022\\\/06\\\/03\\\/porsche-911-gt3-manthey-performance-kit\\\/\"},\"wordCount\":304,\"publisher\":{\"@id\":\"https:\\\/\\\/www.enzo-und-ferdinand.de\\\/#organization\"},\"image\":{\"@id\":\"https:\\\/\\\/www.enzo-und-ferdinand.de\\\/index.php\\\/2022\\\/06\\\/03\\\/porsche-911-gt3-manthey-performance-kit\\\/#primaryimage\"},\"thumbnailUrl\":\"https:\\\/\\\/www.enzo-und-ferdinand.de\\\/wp-content\\\/uploads\\\/2022\\\/06\\\/S22_3180_a4_rgb.jpg\",\"keywords\":[\"Porsche\",\"Porsche 911 GT3\"],\"articleSection\":[\"Performance\",\"Rennsport\",\"Video\"],\"inLanguage\":\"de\"},{\"@type\":\"WebPage\",\"@id\":\"https:\\\/\\\/www.enzo-und-ferdinand.de\\\/index.php\\\/2022\\\/06\\\/03\\\/porsche-911-gt3-manthey-performance-kit\\\/\",\"url\":\"https:\\\/\\\/www.enzo-und-ferdinand.de\\\/index.php\\\/2022\\\/06\\\/03\\\/porsche-911-gt3-manthey-performance-kit\\\/\",\"name\":\"Porsche 911 GT3 \u201eManthey Performance-Kit\u201c\",\"isPartOf\":{\"@id\":\"https:\\\/\\\/www.enzo-und-ferdinand.de\\\/#website\"},\"primaryImageOfPage\":{\"@id\":\"https:\\\/\\\/www.enzo-und-ferdinand.de\\\/index.php\\\/2022\\\/06\\\/03\\\/porsche-911-gt3-manthey-performance-kit\\\/#primaryimage\"},\"image\":{\"@id\":\"https:\\\/\\\/www.enzo-und-ferdinand.de\\\/index.php\\\/2022\\\/06\\\/03\\\/porsche-911-gt3-manthey-performance-kit\\\/#primaryimage\"},\"thumbnailUrl\":\"https:\\\/\\\/www.enzo-und-ferdinand.de\\\/wp-content\\\/uploads\\\/2022\\\/06\\\/S22_3180_a4_rgb.jpg\",\"datePublished\":\"2022-06-03T04:52:41+00:00\",\"dateModified\":\"2023-09-29T05:22:58+00:00\",\"description\":\"Porsche 911 GT3 \u201eManthey Performance-Kit\u201c Porsche Tequipment Nordschleife N\u00fcrburgring Schwanenhalsaufh\u00e4ngung Heckdiffusor Gewindefahrwerk\",\"breadcrumb\":{\"@id\":\"https:\\\/\\\/www.enzo-und-ferdinand.de\\\/index.php\\\/2022\\\/06\\\/03\\\/porsche-911-gt3-manthey-performance-kit\\\/#breadcrumb\"},\"inLanguage\":\"de\",\"potentialAction\":[{\"@type\":\"ReadAction\",\"target\":[\"https:\\\/\\\/www.enzo-und-ferdinand.de\\\/index.php\\\/2022\\\/06\\\/03\\\/porsche-911-gt3-manthey-performance-kit\\\/\"]}]},{\"@type\":\"ImageObject\",\"inLanguage\":\"de\",\"@id\":\"https:\\\/\\\/www.enzo-und-ferdinand.de\\\/index.php\\\/2022\\\/06\\\/03\\\/porsche-911-gt3-manthey-performance-kit\\\/#primaryimage\",\"url\":\"https:\\\/\\\/www.enzo-und-ferdinand.de\\\/wp-content\\\/uploads\\\/2022\\\/06\\\/S22_3180_a4_rgb.jpg\",\"contentUrl\":\"https:\\\/\\\/www.enzo-und-ferdinand.de\\\/wp-content\\\/uploads\\\/2022\\\/06\\\/S22_3180_a4_rgb.jpg\",\"width\":875,\"height\":584},{\"@type\":\"BreadcrumbList\",\"@id\":\"https:\\\/\\\/www.enzo-und-ferdinand.de\\\/index.php\\\/2022\\\/06\\\/03\\\/porsche-911-gt3-manthey-performance-kit\\\/#breadcrumb\",\"itemListElement\":[{\"@type\":\"ListItem\",\"position\":1,\"name\":\"Startseite\",\"item\":\"https:\\\/\\\/www.enzo-und-ferdinand.de\\\/\"},{\"@type\":\"ListItem\",\"position\":2,\"name\":\"Porsche 911 GT3 \u201eManthey Performance-Kit\u201c\"}]},{\"@type\":\"WebSite\",\"@id\":\"https:\\\/\\\/www.enzo-und-ferdinand.de\\\/#website\",\"url\":\"https:\\\/\\\/www.enzo-und-ferdinand.de\\\/\",\"name\":\"enzo & Ferdinand\",\"description\":\"\",\"publisher\":{\"@id\":\"https:\\\/\\\/www.enzo-und-ferdinand.de\\\/#organization\"},\"potentialAction\":[{\"@type\":\"SearchAction\",\"target\":{\"@type\":\"EntryPoint\",\"urlTemplate\":\"https:\\\/\\\/www.enzo-und-ferdinand.de\\\/?s={search_term_string}\"},\"query-input\":{\"@type\":\"PropertyValueSpecification\",\"valueRequired\":true,\"valueName\":\"search_term_string\"}}],\"inLanguage\":\"de\"},{\"@type\":\"Organization\",\"@id\":\"https:\\\/\\\/www.enzo-und-ferdinand.de\\\/#organization\",\"name\":\"enzo & Ferdinand\",\"url\":\"https:\\\/\\\/www.enzo-und-ferdinand.de\\\/\",\"logo\":{\"@type\":\"ImageObject\",\"inLanguage\":\"de\",\"@id\":\"https:\\\/\\\/www.enzo-und-ferdinand.de\\\/#\\\/schema\\\/logo\\\/image\\\/\",\"url\":\"https:\\\/\\\/www.enzo-und-ferdinand.de\\\/wp-content\\\/uploads\\\/2018\\\/12\\\/revvvs-icon.png\",\"contentUrl\":\"https:\\\/\\\/www.enzo-und-ferdinand.de\\\/wp-content\\\/uploads\\\/2018\\\/12\\\/revvvs-icon.png\",\"width\":512,\"height\":512,\"caption\":\"enzo & Ferdinand\"},\"image\":{\"@id\":\"https:\\\/\\\/www.enzo-und-ferdinand.de\\\/#\\\/schema\\\/logo\\\/image\\\/\"}},{\"@type\":\"Person\",\"@id\":\"https:\\\/\\\/www.enzo-und-ferdinand.de\\\/#\\\/schema\\\/person\\\/aff2eb9ff87705987c1b9d21fe10b095\",\"name\":\"Rainer Ro\u00dfbach\",\"image\":{\"@type\":\"ImageObject\",\"inLanguage\":\"de\",\"@id\":\"https:\\\/\\\/www.enzo-und-ferdinand.de\\\/wp-content\\\/uploads\\\/2026\\\/01\\\/Rainer-Rossbach-150x150.jpg\",\"url\":\"https:\\\/\\\/www.enzo-und-ferdinand.de\\\/wp-content\\\/uploads\\\/2026\\\/01\\\/Rainer-Rossbach-150x150.jpg\",\"contentUrl\":\"https:\\\/\\\/www.enzo-und-ferdinand.de\\\/wp-content\\\/uploads\\\/2026\\\/01\\\/Rainer-Rossbach-150x150.jpg\",\"caption\":\"Rainer Ro\u00dfbach\"},\"url\":\"https:\\\/\\\/www.enzo-und-ferdinand.de\\\/index.php\\\/author\\\/redaktion\\\/\"}]}<\/script>\n<!-- \/ Yoast SEO plugin. -->","yoast_head_json":{"title":"Porsche 911 GT3 \u201eManthey Performance-Kit\u201c","description":"Porsche 911 GT3 \u201eManthey Performance-Kit\u201c Porsche Tequipment Nordschleife N\u00fcrburgring Schwanenhalsaufh\u00e4ngung Heckdiffusor Gewindefahrwerk","robots":{"index":"index","follow":"follow","max-snippet":"max-snippet:-1","max-image-preview":"max-image-preview:large","max-video-preview":"max-video-preview:-1"},"canonical":"https:\/\/www.enzo-und-ferdinand.de\/index.php\/2022\/06\/03\/porsche-911-gt3-manthey-performance-kit\/","og_locale":"de_DE","og_type":"article","og_title":"Porsche 911 GT3 \u201eManthey Performance-Kit\u201c","og_description":"Porsche 911 GT3 \u201eManthey Performance-Kit\u201c Porsche Tequipment Nordschleife N\u00fcrburgring Schwanenhalsaufh\u00e4ngung Heckdiffusor Gewindefahrwerk","og_url":"https:\/\/www.enzo-und-ferdinand.de\/index.php\/2022\/06\/03\/porsche-911-gt3-manthey-performance-kit\/","og_site_name":"enzo &amp; Ferdinand","article_published_time":"2022-06-03T04:52:41+00:00","article_modified_time":"2023-09-29T05:22:58+00:00","og_image":[{"width":875,"height":584,"url":"https:\/\/www.enzo-und-ferdinand.de\/wp-content\/uploads\/2022\/06\/S22_3180_a4_rgb.jpg","type":"image\/jpeg"}],"author":"Rainer Ro\u00dfbach","twitter_card":"summary_large_image","twitter_misc":{"Verfasst von":"Rainer Ro\u00dfbach","Gesch\u00e4tzte Lesezeit":"2\u00a0Minuten"},"schema":{"@context":"https:\/\/schema.org","@graph":[{"@type":"Article","@id":"https:\/\/www.enzo-und-ferdinand.de\/index.php\/2022\/06\/03\/porsche-911-gt3-manthey-performance-kit\/#article","isPartOf":{"@id":"https:\/\/www.enzo-und-ferdinand.de\/index.php\/2022\/06\/03\/porsche-911-gt3-manthey-performance-kit\/"},"author":{"name":"Rainer Ro\u00dfbach","@id":"https:\/\/www.enzo-und-ferdinand.de\/#\/schema\/person\/aff2eb9ff87705987c1b9d21fe10b095"},"headline":"Porsche 911 GT3 \u201eManthey Performance-Kit\u201c","datePublished":"2022-06-03T04:52:41+00:00","dateModified":"2023-09-29T05:22:58+00:00","mainEntityOfPage":{"@id":"https:\/\/www.enzo-und-ferdinand.de\/index.php\/2022\/06\/03\/porsche-911-gt3-manthey-performance-kit\/"},"wordCount":304,"publisher":{"@id":"https:\/\/www.enzo-und-ferdinand.de\/#organization"},"image":{"@id":"https:\/\/www.enzo-und-ferdinand.de\/index.php\/2022\/06\/03\/porsche-911-gt3-manthey-performance-kit\/#primaryimage"},"thumbnailUrl":"https:\/\/www.enzo-und-ferdinand.de\/wp-content\/uploads\/2022\/06\/S22_3180_a4_rgb.jpg","keywords":["Porsche","Porsche 911 GT3"],"articleSection":["Performance","Rennsport","Video"],"inLanguage":"de"},{"@type":"WebPage","@id":"https:\/\/www.enzo-und-ferdinand.de\/index.php\/2022\/06\/03\/porsche-911-gt3-manthey-performance-kit\/","url":"https:\/\/www.enzo-und-ferdinand.de\/index.php\/2022\/06\/03\/porsche-911-gt3-manthey-performance-kit\/","name":"Porsche 911 GT3 \u201eManthey Performance-Kit\u201c","isPartOf":{"@id":"https:\/\/www.enzo-und-ferdinand.de\/#website"},"primaryImageOfPage":{"@id":"https:\/\/www.enzo-und-ferdinand.de\/index.php\/2022\/06\/03\/porsche-911-gt3-manthey-performance-kit\/#primaryimage"},"image":{"@id":"https:\/\/www.enzo-und-ferdinand.de\/index.php\/2022\/06\/03\/porsche-911-gt3-manthey-performance-kit\/#primaryimage"},"thumbnailUrl":"https:\/\/www.enzo-und-ferdinand.de\/wp-content\/uploads\/2022\/06\/S22_3180_a4_rgb.jpg","datePublished":"2022-06-03T04:52:41+00:00","dateModified":"2023-09-29T05:22:58+00:00","description":"Porsche 911 GT3 \u201eManthey Performance-Kit\u201c Porsche Tequipment Nordschleife N\u00fcrburgring Schwanenhalsaufh\u00e4ngung Heckdiffusor Gewindefahrwerk","breadcrumb":{"@id":"https:\/\/www.enzo-und-ferdinand.de\/index.php\/2022\/06\/03\/porsche-911-gt3-manthey-performance-kit\/#breadcrumb"},"inLanguage":"de","potentialAction":[{"@type":"ReadAction","target":["https:\/\/www.enzo-und-ferdinand.de\/index.php\/2022\/06\/03\/porsche-911-gt3-manthey-performance-kit\/"]}]},{"@type":"ImageObject","inLanguage":"de","@id":"https:\/\/www.enzo-und-ferdinand.de\/index.php\/2022\/06\/03\/porsche-911-gt3-manthey-performance-kit\/#primaryimage","url":"https:\/\/www.enzo-und-ferdinand.de\/wp-content\/uploads\/2022\/06\/S22_3180_a4_rgb.jpg","contentUrl":"https:\/\/www.enzo-und-ferdinand.de\/wp-content\/uploads\/2022\/06\/S22_3180_a4_rgb.jpg","width":875,"height":584},{"@type":"BreadcrumbList","@id":"https:\/\/www.enzo-und-ferdinand.de\/index.php\/2022\/06\/03\/porsche-911-gt3-manthey-performance-kit\/#breadcrumb","itemListElement":[{"@type":"ListItem","position":1,"name":"Startseite","item":"https:\/\/www.enzo-und-ferdinand.de\/"},{"@type":"ListItem","position":2,"name":"Porsche 911 GT3 \u201eManthey Performance-Kit\u201c"}]},{"@type":"WebSite","@id":"https:\/\/www.enzo-und-ferdinand.de\/#website","url":"https:\/\/www.enzo-und-ferdinand.de\/","name":"enzo & Ferdinand","description":"","publisher":{"@id":"https:\/\/www.enzo-und-ferdinand.de\/#organization"},"potentialAction":[{"@type":"SearchAction","target":{"@type":"EntryPoint","urlTemplate":"https:\/\/www.enzo-und-ferdinand.de\/?s={search_term_string}"},"query-input":{"@type":"PropertyValueSpecification","valueRequired":true,"valueName":"search_term_string"}}],"inLanguage":"de"},{"@type":"Organization","@id":"https:\/\/www.enzo-und-ferdinand.de\/#organization","name":"enzo & Ferdinand","url":"https:\/\/www.enzo-und-ferdinand.de\/","logo":{"@type":"ImageObject","inLanguage":"de","@id":"https:\/\/www.enzo-und-ferdinand.de\/#\/schema\/logo\/image\/","url":"https:\/\/www.enzo-und-ferdinand.de\/wp-content\/uploads\/2018\/12\/revvvs-icon.png","contentUrl":"https:\/\/www.enzo-und-ferdinand.de\/wp-content\/uploads\/2018\/12\/revvvs-icon.png","width":512,"height":512,"caption":"enzo & Ferdinand"},"image":{"@id":"https:\/\/www.enzo-und-ferdinand.de\/#\/schema\/logo\/image\/"}},{"@type":"Person","@id":"https:\/\/www.enzo-und-ferdinand.de\/#\/schema\/person\/aff2eb9ff87705987c1b9d21fe10b095","name":"Rainer Ro\u00dfbach","image":{"@type":"ImageObject","inLanguage":"de","@id":"https:\/\/www.enzo-und-ferdinand.de\/wp-content\/uploads\/2026\/01\/Rainer-Rossbach-150x150.jpg","url":"https:\/\/www.enzo-und-ferdinand.de\/wp-content\/uploads\/2026\/01\/Rainer-Rossbach-150x150.jpg","contentUrl":"https:\/\/www.enzo-und-ferdinand.de\/wp-content\/uploads\/2026\/01\/Rainer-Rossbach-150x150.jpg","caption":"Rainer Ro\u00dfbach"},"url":"https:\/\/www.enzo-und-ferdinand.de\/index.php\/author\/redaktion\/"}]}},"_links":{"self":[{"href":"https:\/\/www.enzo-und-ferdinand.de\/index.php\/wp-json\/wp\/v2\/posts\/8600","targetHints":{"allow":["GET"]}}],"collection":[{"href":"https:\/\/www.enzo-und-ferdinand.de\/index.php\/wp-json\/wp\/v2\/posts"}],"about":[{"href":"https:\/\/www.enzo-und-ferdinand.de\/index.php\/wp-json\/wp\/v2\/types\/post"}],"author":[{"embeddable":true,"href":"https:\/\/www.enzo-und-ferdinand.de\/index.php\/wp-json\/wp\/v2\/users\/1"}],"replies":[{"embeddable":true,"href":"https:\/\/www.enzo-und-ferdinand.de\/index.php\/wp-json\/wp\/v2\/comments?post=8600"}],"version-history":[{"count":16,"href":"https:\/\/www.enzo-und-ferdinand.de\/index.php\/wp-json\/wp\/v2\/posts\/8600\/revisions"}],"predecessor-version":[{"id":8626,"href":"https:\/\/www.enzo-und-ferdinand.de\/index.php\/wp-json\/wp\/v2\/posts\/8600\/revisions\/8626"}],"wp:featuredmedia":[{"embeddable":true,"href":"https:\/\/www.enzo-und-ferdinand.de\/index.php\/wp-json\/wp\/v2\/media\/8608"}],"wp:attachment":[{"href":"https:\/\/www.enzo-und-ferdinand.de\/index.php\/wp-json\/wp\/v2\/media?parent=8600"}],"wp:term":[{"taxonomy":"category","embeddable":true,"href":"https:\/\/www.enzo-und-ferdinand.de\/index.php\/wp-json\/wp\/v2\/categories?post=8600"},{"taxonomy":"post_tag","embeddable":true,"href":"https:\/\/www.enzo-und-ferdinand.de\/index.php\/wp-json\/wp\/v2\/tags?post=8600"}],"curies":[{"name":"wp","href":"https:\/\/api.w.org\/{rel}","templated":true}]}}