{"id":8636,"date":"2022-06-07T07:54:57","date_gmt":"2022-06-07T05:54:57","guid":{"rendered":"https:\/\/www.enzo-und-ferdinand.de\/?p=8636"},"modified":"2023-02-24T19:11:04","modified_gmt":"2023-02-24T18:11:04","slug":"bmw-m-lmdh-hybrid-v8","status":"publish","type":"post","link":"https:\/\/www.enzo-und-ferdinand.de\/index.php\/2022\/06\/07\/bmw-m-lmdh-hybrid-v8\/","title":{"rendered":"BMW M LMDh Hybrid V8"},"content":{"rendered":"\n<figure class=\"wp-block-image size-large\"><img loading=\"lazy\" decoding=\"async\" width=\"810\" height=\"540\" src=\"https:\/\/www.enzo-und-ferdinand.de\/wp-content\/uploads\/2022\/06\/P90467312_highRes_munich-ger-6-june-20-810x540.jpg\" alt=\"\" class=\"wp-image-8642\" srcset=\"https:\/\/www.enzo-und-ferdinand.de\/wp-content\/uploads\/2022\/06\/P90467312_highRes_munich-ger-6-june-20-810x540.jpg 810w, https:\/\/www.enzo-und-ferdinand.de\/wp-content\/uploads\/2022\/06\/P90467312_highRes_munich-ger-6-june-20-300x200.jpg 300w, https:\/\/www.enzo-und-ferdinand.de\/wp-content\/uploads\/2022\/06\/P90467312_highRes_munich-ger-6-june-20-768x512.jpg 768w, https:\/\/www.enzo-und-ferdinand.de\/wp-content\/uploads\/2022\/06\/P90467312_highRes_munich-ger-6-june-20-120x80.jpg 120w, https:\/\/www.enzo-und-ferdinand.de\/wp-content\/uploads\/2022\/06\/P90467312_highRes_munich-ger-6-june-20.jpg 875w\" sizes=\"auto, (max-width: 810px) 100vw, 810px\" \/><\/figure>\n\n\n\n<p class=\"wp-block-paragraph\">Vor Beginn der Tests des LMDh-Prototypen f\u00fcr die Saison 2023 der IMSA SportsCar Championship zeigen BMW M Motorsport Chassishersteller<strong> <\/strong>und Dallara das Design des BMW M Hybrid V8.<\/p>\n\n\n\n<p class=\"wp-block-paragraph\">Neben der breiten Niere gibt es Designelemente wie das 50-Jahre-Jubil\u00e4ums-Logo an der Front, den Hofmeister-Knick und viele Zitate aus f\u00fcnf Jahrzehnten Rennsportgeschichte in Nordamerika. Die Silhouetten historischer Rennfahrzeuge wie etwa des 1975er 3.0 CSL, des 1981er M1\/C, des 1978er 320i Turbo, des 1986er GTP, des M3 E36 GTS-2, BMW Z4 GTLM sowie des M8 GTE bilden ein Muster, das die exakte Form des BMW M Hybrid V8 zun\u00e4chst noch noch nicht preisgibt.<\/p>\n\n\n\n<figure class=\"wp-block-gallery has-nested-images columns-2 is-cropped wp-block-gallery-1 is-layout-flex wp-block-gallery-is-layout-flex\">\n<figure class=\"wp-block-image size-large\"><img loading=\"lazy\" decoding=\"async\" width=\"810\" height=\"541\" data-id=\"8641\" src=\"https:\/\/www.enzo-und-ferdinand.de\/wp-content\/uploads\/2022\/06\/P90467308_highRes_munich-ger-6-june-20-810x541.jpg\" alt=\"\" class=\"wp-image-8641\" srcset=\"https:\/\/www.enzo-und-ferdinand.de\/wp-content\/uploads\/2022\/06\/P90467308_highRes_munich-ger-6-june-20-810x541.jpg 810w, https:\/\/www.enzo-und-ferdinand.de\/wp-content\/uploads\/2022\/06\/P90467308_highRes_munich-ger-6-june-20-300x200.jpg 300w, https:\/\/www.enzo-und-ferdinand.de\/wp-content\/uploads\/2022\/06\/P90467308_highRes_munich-ger-6-june-20-768x513.jpg 768w, https:\/\/www.enzo-und-ferdinand.de\/wp-content\/uploads\/2022\/06\/P90467308_highRes_munich-ger-6-june-20-120x80.jpg 120w, https:\/\/www.enzo-und-ferdinand.de\/wp-content\/uploads\/2022\/06\/P90467308_highRes_munich-ger-6-june-20.jpg 875w\" sizes=\"auto, (max-width: 810px) 100vw, 810px\" \/><\/figure>\n\n\n\n<figure class=\"wp-block-image size-large\"><img loading=\"lazy\" decoding=\"async\" width=\"810\" height=\"541\" data-id=\"8640\" src=\"https:\/\/www.enzo-und-ferdinand.de\/wp-content\/uploads\/2022\/06\/P90467313_highRes_munich-ger-6-june-20-810x541.jpg\" alt=\"\" class=\"wp-image-8640\" srcset=\"https:\/\/www.enzo-und-ferdinand.de\/wp-content\/uploads\/2022\/06\/P90467313_highRes_munich-ger-6-june-20-810x541.jpg 810w, https:\/\/www.enzo-und-ferdinand.de\/wp-content\/uploads\/2022\/06\/P90467313_highRes_munich-ger-6-june-20-300x200.jpg 300w, https:\/\/www.enzo-und-ferdinand.de\/wp-content\/uploads\/2022\/06\/P90467313_highRes_munich-ger-6-june-20-768x513.jpg 768w, https:\/\/www.enzo-und-ferdinand.de\/wp-content\/uploads\/2022\/06\/P90467313_highRes_munich-ger-6-june-20-120x80.jpg 120w, https:\/\/www.enzo-und-ferdinand.de\/wp-content\/uploads\/2022\/06\/P90467313_highRes_munich-ger-6-june-20.jpg 875w\" sizes=\"auto, (max-width: 810px) 100vw, 810px\" \/><\/figure>\n\n\n\n<figure class=\"wp-block-image size-large\"><img loading=\"lazy\" decoding=\"async\" width=\"810\" height=\"541\" data-id=\"8639\" src=\"https:\/\/www.enzo-und-ferdinand.de\/wp-content\/uploads\/2022\/06\/P90467314_highRes_munich-ger-6-june-20-810x541.jpg\" alt=\"\" class=\"wp-image-8639\" srcset=\"https:\/\/www.enzo-und-ferdinand.de\/wp-content\/uploads\/2022\/06\/P90467314_highRes_munich-ger-6-june-20-810x541.jpg 810w, https:\/\/www.enzo-und-ferdinand.de\/wp-content\/uploads\/2022\/06\/P90467314_highRes_munich-ger-6-june-20-300x200.jpg 300w, https:\/\/www.enzo-und-ferdinand.de\/wp-content\/uploads\/2022\/06\/P90467314_highRes_munich-ger-6-june-20-768x513.jpg 768w, https:\/\/www.enzo-und-ferdinand.de\/wp-content\/uploads\/2022\/06\/P90467314_highRes_munich-ger-6-june-20-120x80.jpg 120w, https:\/\/www.enzo-und-ferdinand.de\/wp-content\/uploads\/2022\/06\/P90467314_highRes_munich-ger-6-june-20.jpg 875w\" sizes=\"auto, (max-width: 810px) 100vw, 810px\" \/><\/figure>\n\n\n\n<figure class=\"wp-block-image size-large\"><img loading=\"lazy\" decoding=\"async\" width=\"810\" height=\"541\" data-id=\"8638\" src=\"https:\/\/www.enzo-und-ferdinand.de\/wp-content\/uploads\/2022\/06\/P90467309_highRes_munich-ger-6-june-20-810x541.jpg\" alt=\"\" class=\"wp-image-8638\" srcset=\"https:\/\/www.enzo-und-ferdinand.de\/wp-content\/uploads\/2022\/06\/P90467309_highRes_munich-ger-6-june-20-810x541.jpg 810w, https:\/\/www.enzo-und-ferdinand.de\/wp-content\/uploads\/2022\/06\/P90467309_highRes_munich-ger-6-june-20-300x200.jpg 300w, https:\/\/www.enzo-und-ferdinand.de\/wp-content\/uploads\/2022\/06\/P90467309_highRes_munich-ger-6-june-20-768x513.jpg 768w, https:\/\/www.enzo-und-ferdinand.de\/wp-content\/uploads\/2022\/06\/P90467309_highRes_munich-ger-6-june-20-120x80.jpg 120w, https:\/\/www.enzo-und-ferdinand.de\/wp-content\/uploads\/2022\/06\/P90467309_highRes_munich-ger-6-june-20.jpg 875w\" sizes=\"auto, (max-width: 810px) 100vw, 810px\" \/><\/figure>\n<\/figure>\n\n\n\n<p class=\"has-text-align-right has-small-font-size wp-block-paragraph\">Fotos: BMW\/Text: Rainer Ro\u00dfbach<\/p>\n","protected":false},"excerpt":{"rendered":"<p>Vor Beginn der Tests des LMDh-Prototypen f\u00fcr die Saison 2023 der IMSA SportsCar Championship zeigen BMW M Motorsport Chassishersteller und Dallara das Design des BMW M Hybrid V8. Neben der breiten Niere gibt es Designelemente wie das 50-Jahre-Jubil\u00e4ums-Logo an der Front, den Hofmeister-Knick und viele Zitate aus f\u00fcnf Jahrzehnten Rennsportgeschichte in Nordamerika.<\/p>\n","protected":false},"author":1,"featured_media":8643,"comment_status":"closed","ping_status":"closed","sticky":false,"template":"","format":"standard","meta":{"_crdt_document":"","ngg_post_thumbnail":0,"footnotes":""},"categories":[23,5,586],"tags":[202,590,611,635],"class_list":["post-8636","post","type-post","status-publish","format-standard","has-post-thumbnail","hentry","category-performance","category-rennsport","category-technologie","tag-bmw","tag-bmw-m-hybrid-v8-lmdh","tag-lmdh","tag-wec"],"yoast_head":"<!-- This site is optimized with the Yoast SEO plugin v27.5 - https:\/\/yoast.com\/product\/yoast-seo-wordpress\/ -->\n<title>BMW M LMDh Hybrid V8<\/title>\n<meta name=\"description\" content=\"LMDh-Prototyp BMW M Motorsport Dallara 3.0 CSL M1\/C 320i Turbo M3 E36 GTS-2 BMW Z4 GTLM M8 GTE\" \/>\n<meta name=\"robots\" content=\"index, follow, max-snippet:-1, max-image-preview:large, max-video-preview:-1\" \/>\n<link rel=\"canonical\" href=\"https:\/\/www.enzo-und-ferdinand.de\/index.php\/2022\/06\/07\/bmw-m-lmdh-hybrid-v8\/\" \/>\n<meta property=\"og:locale\" content=\"de_DE\" \/>\n<meta property=\"og:type\" content=\"article\" \/>\n<meta property=\"og:title\" content=\"BMW M LMDh Hybrid V8\" \/>\n<meta property=\"og:description\" content=\"LMDh-Prototyp BMW M Motorsport Dallara 3.0 CSL M1\/C 320i Turbo M3 E36 GTS-2 BMW Z4 GTLM M8 GTE\" \/>\n<meta property=\"og:url\" content=\"https:\/\/www.enzo-und-ferdinand.de\/index.php\/2022\/06\/07\/bmw-m-lmdh-hybrid-v8\/\" \/>\n<meta property=\"og:site_name\" content=\"enzo &amp; Ferdinand\" \/>\n<meta property=\"article:published_time\" content=\"2022-06-07T05:54:57+00:00\" \/>\n<meta property=\"article:modified_time\" content=\"2023-02-24T18:11:04+00:00\" \/>\n<meta property=\"og:image\" content=\"https:\/\/www.enzo-und-ferdinand.de\/wp-content\/uploads\/2022\/06\/P90467307_highRes_munich-ger-6-june-20.jpg\" \/>\n\t<meta property=\"og:image:width\" content=\"875\" \/>\n\t<meta property=\"og:image:height\" content=\"584\" \/>\n\t<meta property=\"og:image:type\" content=\"image\/jpeg\" \/>\n<meta name=\"author\" content=\"Rainer Ro\u00dfbach\" \/>\n<meta name=\"twitter:card\" content=\"summary_large_image\" \/>\n<meta name=\"twitter:label1\" content=\"Verfasst von\" \/>\n\t<meta name=\"twitter:data1\" content=\"Rainer Ro\u00dfbach\" \/>\n\t<meta name=\"twitter:label2\" content=\"Gesch\u00e4tzte Lesezeit\" \/>\n\t<meta name=\"twitter:data2\" content=\"1\u00a0Minute\" \/>\n<script type=\"application\/ld+json\" class=\"yoast-schema-graph\">{\"@context\":\"https:\\\/\\\/schema.org\",\"@graph\":[{\"@type\":\"Article\",\"@id\":\"https:\\\/\\\/www.enzo-und-ferdinand.de\\\/index.php\\\/2022\\\/06\\\/07\\\/bmw-m-lmdh-hybrid-v8\\\/#article\",\"isPartOf\":{\"@id\":\"https:\\\/\\\/www.enzo-und-ferdinand.de\\\/index.php\\\/2022\\\/06\\\/07\\\/bmw-m-lmdh-hybrid-v8\\\/\"},\"author\":{\"name\":\"Rainer Ro\u00dfbach\",\"@id\":\"https:\\\/\\\/www.enzo-und-ferdinand.de\\\/#\\\/schema\\\/person\\\/aff2eb9ff87705987c1b9d21fe10b095\"},\"headline\":\"BMW M LMDh Hybrid V8\",\"datePublished\":\"2022-06-07T05:54:57+00:00\",\"dateModified\":\"2023-02-24T18:11:04+00:00\",\"mainEntityOfPage\":{\"@id\":\"https:\\\/\\\/www.enzo-und-ferdinand.de\\\/index.php\\\/2022\\\/06\\\/07\\\/bmw-m-lmdh-hybrid-v8\\\/\"},\"wordCount\":114,\"publisher\":{\"@id\":\"https:\\\/\\\/www.enzo-und-ferdinand.de\\\/#organization\"},\"image\":{\"@id\":\"https:\\\/\\\/www.enzo-und-ferdinand.de\\\/index.php\\\/2022\\\/06\\\/07\\\/bmw-m-lmdh-hybrid-v8\\\/#primaryimage\"},\"thumbnailUrl\":\"https:\\\/\\\/www.enzo-und-ferdinand.de\\\/wp-content\\\/uploads\\\/2022\\\/06\\\/P90467307_highRes_munich-ger-6-june-20.jpg\",\"keywords\":[\"BMW\",\"BMW M Hybrid V8 LMDh\",\"LMDh\",\"WEC\"],\"articleSection\":[\"Performance\",\"Rennsport\",\"Technologie\"],\"inLanguage\":\"de\"},{\"@type\":\"WebPage\",\"@id\":\"https:\\\/\\\/www.enzo-und-ferdinand.de\\\/index.php\\\/2022\\\/06\\\/07\\\/bmw-m-lmdh-hybrid-v8\\\/\",\"url\":\"https:\\\/\\\/www.enzo-und-ferdinand.de\\\/index.php\\\/2022\\\/06\\\/07\\\/bmw-m-lmdh-hybrid-v8\\\/\",\"name\":\"BMW M LMDh Hybrid V8\",\"isPartOf\":{\"@id\":\"https:\\\/\\\/www.enzo-und-ferdinand.de\\\/#website\"},\"primaryImageOfPage\":{\"@id\":\"https:\\\/\\\/www.enzo-und-ferdinand.de\\\/index.php\\\/2022\\\/06\\\/07\\\/bmw-m-lmdh-hybrid-v8\\\/#primaryimage\"},\"image\":{\"@id\":\"https:\\\/\\\/www.enzo-und-ferdinand.de\\\/index.php\\\/2022\\\/06\\\/07\\\/bmw-m-lmdh-hybrid-v8\\\/#primaryimage\"},\"thumbnailUrl\":\"https:\\\/\\\/www.enzo-und-ferdinand.de\\\/wp-content\\\/uploads\\\/2022\\\/06\\\/P90467307_highRes_munich-ger-6-june-20.jpg\",\"datePublished\":\"2022-06-07T05:54:57+00:00\",\"dateModified\":\"2023-02-24T18:11:04+00:00\",\"description\":\"LMDh-Prototyp BMW M Motorsport Dallara 3.0 CSL M1\\\/C 320i Turbo M3 E36 GTS-2 BMW Z4 GTLM M8 GTE\",\"breadcrumb\":{\"@id\":\"https:\\\/\\\/www.enzo-und-ferdinand.de\\\/index.php\\\/2022\\\/06\\\/07\\\/bmw-m-lmdh-hybrid-v8\\\/#breadcrumb\"},\"inLanguage\":\"de\",\"potentialAction\":[{\"@type\":\"ReadAction\",\"target\":[\"https:\\\/\\\/www.enzo-und-ferdinand.de\\\/index.php\\\/2022\\\/06\\\/07\\\/bmw-m-lmdh-hybrid-v8\\\/\"]}]},{\"@type\":\"ImageObject\",\"inLanguage\":\"de\",\"@id\":\"https:\\\/\\\/www.enzo-und-ferdinand.de\\\/index.php\\\/2022\\\/06\\\/07\\\/bmw-m-lmdh-hybrid-v8\\\/#primaryimage\",\"url\":\"https:\\\/\\\/www.enzo-und-ferdinand.de\\\/wp-content\\\/uploads\\\/2022\\\/06\\\/P90467307_highRes_munich-ger-6-june-20.jpg\",\"contentUrl\":\"https:\\\/\\\/www.enzo-und-ferdinand.de\\\/wp-content\\\/uploads\\\/2022\\\/06\\\/P90467307_highRes_munich-ger-6-june-20.jpg\",\"width\":875,\"height\":584},{\"@type\":\"BreadcrumbList\",\"@id\":\"https:\\\/\\\/www.enzo-und-ferdinand.de\\\/index.php\\\/2022\\\/06\\\/07\\\/bmw-m-lmdh-hybrid-v8\\\/#breadcrumb\",\"itemListElement\":[{\"@type\":\"ListItem\",\"position\":1,\"name\":\"Startseite\",\"item\":\"https:\\\/\\\/www.enzo-und-ferdinand.de\\\/\"},{\"@type\":\"ListItem\",\"position\":2,\"name\":\"BMW M LMDh Hybrid V8\"}]},{\"@type\":\"WebSite\",\"@id\":\"https:\\\/\\\/www.enzo-und-ferdinand.de\\\/#website\",\"url\":\"https:\\\/\\\/www.enzo-und-ferdinand.de\\\/\",\"name\":\"enzo & Ferdinand\",\"description\":\"\",\"publisher\":{\"@id\":\"https:\\\/\\\/www.enzo-und-ferdinand.de\\\/#organization\"},\"potentialAction\":[{\"@type\":\"SearchAction\",\"target\":{\"@type\":\"EntryPoint\",\"urlTemplate\":\"https:\\\/\\\/www.enzo-und-ferdinand.de\\\/?s={search_term_string}\"},\"query-input\":{\"@type\":\"PropertyValueSpecification\",\"valueRequired\":true,\"valueName\":\"search_term_string\"}}],\"inLanguage\":\"de\"},{\"@type\":\"Organization\",\"@id\":\"https:\\\/\\\/www.enzo-und-ferdinand.de\\\/#organization\",\"name\":\"enzo & Ferdinand\",\"url\":\"https:\\\/\\\/www.enzo-und-ferdinand.de\\\/\",\"logo\":{\"@type\":\"ImageObject\",\"inLanguage\":\"de\",\"@id\":\"https:\\\/\\\/www.enzo-und-ferdinand.de\\\/#\\\/schema\\\/logo\\\/image\\\/\",\"url\":\"https:\\\/\\\/www.enzo-und-ferdinand.de\\\/wp-content\\\/uploads\\\/2018\\\/12\\\/revvvs-icon.png\",\"contentUrl\":\"https:\\\/\\\/www.enzo-und-ferdinand.de\\\/wp-content\\\/uploads\\\/2018\\\/12\\\/revvvs-icon.png\",\"width\":512,\"height\":512,\"caption\":\"enzo & Ferdinand\"},\"image\":{\"@id\":\"https:\\\/\\\/www.enzo-und-ferdinand.de\\\/#\\\/schema\\\/logo\\\/image\\\/\"}},{\"@type\":\"Person\",\"@id\":\"https:\\\/\\\/www.enzo-und-ferdinand.de\\\/#\\\/schema\\\/person\\\/aff2eb9ff87705987c1b9d21fe10b095\",\"name\":\"Rainer Ro\u00dfbach\",\"image\":{\"@type\":\"ImageObject\",\"inLanguage\":\"de\",\"@id\":\"https:\\\/\\\/www.enzo-und-ferdinand.de\\\/wp-content\\\/uploads\\\/2026\\\/01\\\/Rainer-Rossbach-150x150.jpg\",\"url\":\"https:\\\/\\\/www.enzo-und-ferdinand.de\\\/wp-content\\\/uploads\\\/2026\\\/01\\\/Rainer-Rossbach-150x150.jpg\",\"contentUrl\":\"https:\\\/\\\/www.enzo-und-ferdinand.de\\\/wp-content\\\/uploads\\\/2026\\\/01\\\/Rainer-Rossbach-150x150.jpg\",\"caption\":\"Rainer Ro\u00dfbach\"},\"url\":\"https:\\\/\\\/www.enzo-und-ferdinand.de\\\/index.php\\\/author\\\/redaktion\\\/\"}]}<\/script>\n<!-- \/ Yoast SEO plugin. -->","yoast_head_json":{"title":"BMW M LMDh Hybrid V8","description":"LMDh-Prototyp BMW M Motorsport Dallara 3.0 CSL M1\/C 320i Turbo M3 E36 GTS-2 BMW Z4 GTLM M8 GTE","robots":{"index":"index","follow":"follow","max-snippet":"max-snippet:-1","max-image-preview":"max-image-preview:large","max-video-preview":"max-video-preview:-1"},"canonical":"https:\/\/www.enzo-und-ferdinand.de\/index.php\/2022\/06\/07\/bmw-m-lmdh-hybrid-v8\/","og_locale":"de_DE","og_type":"article","og_title":"BMW M LMDh Hybrid V8","og_description":"LMDh-Prototyp BMW M Motorsport Dallara 3.0 CSL M1\/C 320i Turbo M3 E36 GTS-2 BMW Z4 GTLM M8 GTE","og_url":"https:\/\/www.enzo-und-ferdinand.de\/index.php\/2022\/06\/07\/bmw-m-lmdh-hybrid-v8\/","og_site_name":"enzo &amp; Ferdinand","article_published_time":"2022-06-07T05:54:57+00:00","article_modified_time":"2023-02-24T18:11:04+00:00","og_image":[{"width":875,"height":584,"url":"https:\/\/www.enzo-und-ferdinand.de\/wp-content\/uploads\/2022\/06\/P90467307_highRes_munich-ger-6-june-20.jpg","type":"image\/jpeg"}],"author":"Rainer Ro\u00dfbach","twitter_card":"summary_large_image","twitter_misc":{"Verfasst von":"Rainer Ro\u00dfbach","Gesch\u00e4tzte Lesezeit":"1\u00a0Minute"},"schema":{"@context":"https:\/\/schema.org","@graph":[{"@type":"Article","@id":"https:\/\/www.enzo-und-ferdinand.de\/index.php\/2022\/06\/07\/bmw-m-lmdh-hybrid-v8\/#article","isPartOf":{"@id":"https:\/\/www.enzo-und-ferdinand.de\/index.php\/2022\/06\/07\/bmw-m-lmdh-hybrid-v8\/"},"author":{"name":"Rainer Ro\u00dfbach","@id":"https:\/\/www.enzo-und-ferdinand.de\/#\/schema\/person\/aff2eb9ff87705987c1b9d21fe10b095"},"headline":"BMW M LMDh Hybrid V8","datePublished":"2022-06-07T05:54:57+00:00","dateModified":"2023-02-24T18:11:04+00:00","mainEntityOfPage":{"@id":"https:\/\/www.enzo-und-ferdinand.de\/index.php\/2022\/06\/07\/bmw-m-lmdh-hybrid-v8\/"},"wordCount":114,"publisher":{"@id":"https:\/\/www.enzo-und-ferdinand.de\/#organization"},"image":{"@id":"https:\/\/www.enzo-und-ferdinand.de\/index.php\/2022\/06\/07\/bmw-m-lmdh-hybrid-v8\/#primaryimage"},"thumbnailUrl":"https:\/\/www.enzo-und-ferdinand.de\/wp-content\/uploads\/2022\/06\/P90467307_highRes_munich-ger-6-june-20.jpg","keywords":["BMW","BMW M Hybrid V8 LMDh","LMDh","WEC"],"articleSection":["Performance","Rennsport","Technologie"],"inLanguage":"de"},{"@type":"WebPage","@id":"https:\/\/www.enzo-und-ferdinand.de\/index.php\/2022\/06\/07\/bmw-m-lmdh-hybrid-v8\/","url":"https:\/\/www.enzo-und-ferdinand.de\/index.php\/2022\/06\/07\/bmw-m-lmdh-hybrid-v8\/","name":"BMW M LMDh Hybrid V8","isPartOf":{"@id":"https:\/\/www.enzo-und-ferdinand.de\/#website"},"primaryImageOfPage":{"@id":"https:\/\/www.enzo-und-ferdinand.de\/index.php\/2022\/06\/07\/bmw-m-lmdh-hybrid-v8\/#primaryimage"},"image":{"@id":"https:\/\/www.enzo-und-ferdinand.de\/index.php\/2022\/06\/07\/bmw-m-lmdh-hybrid-v8\/#primaryimage"},"thumbnailUrl":"https:\/\/www.enzo-und-ferdinand.de\/wp-content\/uploads\/2022\/06\/P90467307_highRes_munich-ger-6-june-20.jpg","datePublished":"2022-06-07T05:54:57+00:00","dateModified":"2023-02-24T18:11:04+00:00","description":"LMDh-Prototyp BMW M Motorsport Dallara 3.0 CSL M1\/C 320i Turbo M3 E36 GTS-2 BMW Z4 GTLM M8 GTE","breadcrumb":{"@id":"https:\/\/www.enzo-und-ferdinand.de\/index.php\/2022\/06\/07\/bmw-m-lmdh-hybrid-v8\/#breadcrumb"},"inLanguage":"de","potentialAction":[{"@type":"ReadAction","target":["https:\/\/www.enzo-und-ferdinand.de\/index.php\/2022\/06\/07\/bmw-m-lmdh-hybrid-v8\/"]}]},{"@type":"ImageObject","inLanguage":"de","@id":"https:\/\/www.enzo-und-ferdinand.de\/index.php\/2022\/06\/07\/bmw-m-lmdh-hybrid-v8\/#primaryimage","url":"https:\/\/www.enzo-und-ferdinand.de\/wp-content\/uploads\/2022\/06\/P90467307_highRes_munich-ger-6-june-20.jpg","contentUrl":"https:\/\/www.enzo-und-ferdinand.de\/wp-content\/uploads\/2022\/06\/P90467307_highRes_munich-ger-6-june-20.jpg","width":875,"height":584},{"@type":"BreadcrumbList","@id":"https:\/\/www.enzo-und-ferdinand.de\/index.php\/2022\/06\/07\/bmw-m-lmdh-hybrid-v8\/#breadcrumb","itemListElement":[{"@type":"ListItem","position":1,"name":"Startseite","item":"https:\/\/www.enzo-und-ferdinand.de\/"},{"@type":"ListItem","position":2,"name":"BMW M LMDh Hybrid V8"}]},{"@type":"WebSite","@id":"https:\/\/www.enzo-und-ferdinand.de\/#website","url":"https:\/\/www.enzo-und-ferdinand.de\/","name":"enzo & Ferdinand","description":"","publisher":{"@id":"https:\/\/www.enzo-und-ferdinand.de\/#organization"},"potentialAction":[{"@type":"SearchAction","target":{"@type":"EntryPoint","urlTemplate":"https:\/\/www.enzo-und-ferdinand.de\/?s={search_term_string}"},"query-input":{"@type":"PropertyValueSpecification","valueRequired":true,"valueName":"search_term_string"}}],"inLanguage":"de"},{"@type":"Organization","@id":"https:\/\/www.enzo-und-ferdinand.de\/#organization","name":"enzo & Ferdinand","url":"https:\/\/www.enzo-und-ferdinand.de\/","logo":{"@type":"ImageObject","inLanguage":"de","@id":"https:\/\/www.enzo-und-ferdinand.de\/#\/schema\/logo\/image\/","url":"https:\/\/www.enzo-und-ferdinand.de\/wp-content\/uploads\/2018\/12\/revvvs-icon.png","contentUrl":"https:\/\/www.enzo-und-ferdinand.de\/wp-content\/uploads\/2018\/12\/revvvs-icon.png","width":512,"height":512,"caption":"enzo & Ferdinand"},"image":{"@id":"https:\/\/www.enzo-und-ferdinand.de\/#\/schema\/logo\/image\/"}},{"@type":"Person","@id":"https:\/\/www.enzo-und-ferdinand.de\/#\/schema\/person\/aff2eb9ff87705987c1b9d21fe10b095","name":"Rainer Ro\u00dfbach","image":{"@type":"ImageObject","inLanguage":"de","@id":"https:\/\/www.enzo-und-ferdinand.de\/wp-content\/uploads\/2026\/01\/Rainer-Rossbach-150x150.jpg","url":"https:\/\/www.enzo-und-ferdinand.de\/wp-content\/uploads\/2026\/01\/Rainer-Rossbach-150x150.jpg","contentUrl":"https:\/\/www.enzo-und-ferdinand.de\/wp-content\/uploads\/2026\/01\/Rainer-Rossbach-150x150.jpg","caption":"Rainer Ro\u00dfbach"},"url":"https:\/\/www.enzo-und-ferdinand.de\/index.php\/author\/redaktion\/"}]}},"_links":{"self":[{"href":"https:\/\/www.enzo-und-ferdinand.de\/index.php\/wp-json\/wp\/v2\/posts\/8636","targetHints":{"allow":["GET"]}}],"collection":[{"href":"https:\/\/www.enzo-und-ferdinand.de\/index.php\/wp-json\/wp\/v2\/posts"}],"about":[{"href":"https:\/\/www.enzo-und-ferdinand.de\/index.php\/wp-json\/wp\/v2\/types\/post"}],"author":[{"embeddable":true,"href":"https:\/\/www.enzo-und-ferdinand.de\/index.php\/wp-json\/wp\/v2\/users\/1"}],"replies":[{"embeddable":true,"href":"https:\/\/www.enzo-und-ferdinand.de\/index.php\/wp-json\/wp\/v2\/comments?post=8636"}],"version-history":[{"count":5,"href":"https:\/\/www.enzo-und-ferdinand.de\/index.php\/wp-json\/wp\/v2\/posts\/8636\/revisions"}],"predecessor-version":[{"id":8647,"href":"https:\/\/www.enzo-und-ferdinand.de\/index.php\/wp-json\/wp\/v2\/posts\/8636\/revisions\/8647"}],"wp:featuredmedia":[{"embeddable":true,"href":"https:\/\/www.enzo-und-ferdinand.de\/index.php\/wp-json\/wp\/v2\/media\/8643"}],"wp:attachment":[{"href":"https:\/\/www.enzo-und-ferdinand.de\/index.php\/wp-json\/wp\/v2\/media?parent=8636"}],"wp:term":[{"taxonomy":"category","embeddable":true,"href":"https:\/\/www.enzo-und-ferdinand.de\/index.php\/wp-json\/wp\/v2\/categories?post=8636"},{"taxonomy":"post_tag","embeddable":true,"href":"https:\/\/www.enzo-und-ferdinand.de\/index.php\/wp-json\/wp\/v2\/tags?post=8636"}],"curies":[{"name":"wp","href":"https:\/\/api.w.org\/{rel}","templated":true}]}}