{"id":8648,"date":"2022-06-08T06:25:02","date_gmt":"2022-06-08T04:25:02","guid":{"rendered":"https:\/\/www.enzo-und-ferdinand.de\/?p=8648"},"modified":"2023-12-07T06:53:15","modified_gmt":"2023-12-07T05:53:15","slug":"mini-recharged-by-paul-smith","status":"publish","type":"post","link":"https:\/\/www.enzo-und-ferdinand.de\/index.php\/2022\/06\/08\/mini-recharged-by-paul-smith\/","title":{"rendered":"\u201eMini Recharged\u201c by Paul Smith"},"content":{"rendered":"\n<figure class=\"wp-block-image size-large\"><img loading=\"lazy\" decoding=\"async\" width=\"810\" height=\"540\" src=\"https:\/\/www.enzo-und-ferdinand.de\/wp-content\/uploads\/2022\/06\/P90466671_highRes_mini-recharged-by-pa-810x540.jpg\" alt=\"\" class=\"wp-image-8652\" srcset=\"https:\/\/www.enzo-und-ferdinand.de\/wp-content\/uploads\/2022\/06\/P90466671_highRes_mini-recharged-by-pa-810x540.jpg 810w, https:\/\/www.enzo-und-ferdinand.de\/wp-content\/uploads\/2022\/06\/P90466671_highRes_mini-recharged-by-pa-300x200.jpg 300w, https:\/\/www.enzo-und-ferdinand.de\/wp-content\/uploads\/2022\/06\/P90466671_highRes_mini-recharged-by-pa-768x512.jpg 768w, https:\/\/www.enzo-und-ferdinand.de\/wp-content\/uploads\/2022\/06\/P90466671_highRes_mini-recharged-by-pa-120x80.jpg 120w, https:\/\/www.enzo-und-ferdinand.de\/wp-content\/uploads\/2022\/06\/P90466671_highRes_mini-recharged-by-pa.jpg 875w\" sizes=\"auto, (max-width: 810px) 100vw, 810px\" \/><\/figure>\n\n\n\n<p class=\"wp-block-paragraph\">Der britische Designer r\u00fcstet einen klassischen Mini aus der 1998er Paul Smith Edition von 1998 um. Im Rahmen des Projekts \u201eMINI Recharged\u201c soll der kleine Brite durch den Einbau eines Elektromotors Tradition mit neuer Technologie verbinden. 1998 hatte der Designer die auf 1800 Exemplare ausgelegte \u201eMini Paul Smith Edition\u201c aufgelegt. Der damalige Prototyp war im typischen Smiths-Blau lackiert und auch das neue Einzelst\u00fcck beh\u00e4lt diesen Farbton bei. Auch die limettengr\u00fcnen Batteriebox ist ein Zitat aus dem 90er-Jahre-Modell.<\/p>\n\n\n\n<p class=\"wp-block-paragraph\">Im Innenraum setzt Paul Smith nun auf ein radikal reduziertes Konzept. Dieses verzichtet auf Verkleidungsteile und zeigt das nackte Bodenblech das Interieur, die Fu\u00dfmatten bestehen aus recyceltem Gummi. Ganze Instrumente verschwinden aus dem Cockpit: Ein durch einen Magneten h\u00e4lt das Smartphone, welches, abgesehen vom Tacho fast s\u00e4mtliche Kn\u00f6pfe und Funktionen am Armaturenbrett ersetzt. Das Lenkrad l\u00e4sst sich komplett abnehmen und vereinfacht so den Einstieg.<\/p>\n\n\n\n<p class=\"wp-block-paragraph\">Technisch realisiert wurde der elektrische Mini von &#8222;Recharged Heritage Limited&#8220;. Durch den Einbau eines 72-Kilowatt-Elektromotors haben sie die kleine Limousine in ein emissionsfreies Fahrzeug verwandelt.&nbsp;<\/p>\n\n\n\n<p class=\"wp-block-paragraph\">Vorgestellt wird das Unikat in der Zeit von 7. bis zum 12. Juni im Rahmen der M\u00f6bel- und Design-Messe &#8222;Salone del Mobile 2022&#8220; in Mailand im Paul Smith Showroom.<\/p>\n\n\n\n<figure class=\"wp-block-gallery has-nested-images columns-2 is-cropped wp-block-gallery-1 is-layout-flex wp-block-gallery-is-layout-flex\">\n<figure class=\"wp-block-image size-large\"><img loading=\"lazy\" decoding=\"async\" width=\"810\" height=\"541\" data-id=\"8650\" src=\"https:\/\/www.enzo-und-ferdinand.de\/wp-content\/uploads\/2022\/06\/P90466647_highRes_mini-recharged-by-pa-810x541.jpg\" alt=\"\" class=\"wp-image-8650\" srcset=\"https:\/\/www.enzo-und-ferdinand.de\/wp-content\/uploads\/2022\/06\/P90466647_highRes_mini-recharged-by-pa-810x541.jpg 810w, https:\/\/www.enzo-und-ferdinand.de\/wp-content\/uploads\/2022\/06\/P90466647_highRes_mini-recharged-by-pa-300x200.jpg 300w, https:\/\/www.enzo-und-ferdinand.de\/wp-content\/uploads\/2022\/06\/P90466647_highRes_mini-recharged-by-pa-768x513.jpg 768w, https:\/\/www.enzo-und-ferdinand.de\/wp-content\/uploads\/2022\/06\/P90466647_highRes_mini-recharged-by-pa-120x80.jpg 120w, https:\/\/www.enzo-und-ferdinand.de\/wp-content\/uploads\/2022\/06\/P90466647_highRes_mini-recharged-by-pa.jpg 875w\" sizes=\"auto, (max-width: 810px) 100vw, 810px\" \/><\/figure>\n\n\n\n<figure class=\"wp-block-image size-large\"><img loading=\"lazy\" decoding=\"async\" width=\"810\" height=\"540\" data-id=\"8651\" src=\"https:\/\/www.enzo-und-ferdinand.de\/wp-content\/uploads\/2022\/06\/P90466672_highRes_mini-recharged-by-pa-810x540.jpg\" alt=\"\" class=\"wp-image-8651\" srcset=\"https:\/\/www.enzo-und-ferdinand.de\/wp-content\/uploads\/2022\/06\/P90466672_highRes_mini-recharged-by-pa-810x540.jpg 810w, https:\/\/www.enzo-und-ferdinand.de\/wp-content\/uploads\/2022\/06\/P90466672_highRes_mini-recharged-by-pa-300x200.jpg 300w, https:\/\/www.enzo-und-ferdinand.de\/wp-content\/uploads\/2022\/06\/P90466672_highRes_mini-recharged-by-pa-768x512.jpg 768w, https:\/\/www.enzo-und-ferdinand.de\/wp-content\/uploads\/2022\/06\/P90466672_highRes_mini-recharged-by-pa-120x80.jpg 120w, https:\/\/www.enzo-und-ferdinand.de\/wp-content\/uploads\/2022\/06\/P90466672_highRes_mini-recharged-by-pa.jpg 875w\" sizes=\"auto, (max-width: 810px) 100vw, 810px\" \/><\/figure>\n\n\n\n<figure class=\"wp-block-image size-large\"><img loading=\"lazy\" decoding=\"async\" width=\"810\" height=\"540\" data-id=\"8654\" src=\"https:\/\/www.enzo-und-ferdinand.de\/wp-content\/uploads\/2022\/06\/P90466665_highRes_mini-recharged-by-pa-810x540.jpg\" alt=\"\" class=\"wp-image-8654\" srcset=\"https:\/\/www.enzo-und-ferdinand.de\/wp-content\/uploads\/2022\/06\/P90466665_highRes_mini-recharged-by-pa-810x540.jpg 810w, https:\/\/www.enzo-und-ferdinand.de\/wp-content\/uploads\/2022\/06\/P90466665_highRes_mini-recharged-by-pa-300x200.jpg 300w, https:\/\/www.enzo-und-ferdinand.de\/wp-content\/uploads\/2022\/06\/P90466665_highRes_mini-recharged-by-pa-768x512.jpg 768w, https:\/\/www.enzo-und-ferdinand.de\/wp-content\/uploads\/2022\/06\/P90466665_highRes_mini-recharged-by-pa-120x80.jpg 120w, https:\/\/www.enzo-und-ferdinand.de\/wp-content\/uploads\/2022\/06\/P90466665_highRes_mini-recharged-by-pa.jpg 875w\" sizes=\"auto, (max-width: 810px) 100vw, 810px\" \/><\/figure>\n<\/figure>\n\n\n\n<p class=\"has-text-align-right has-small-font-size wp-block-paragraph\">Fotos: BMW Group, Paul Smith\/Text: Rainer Ro\u00dfbach<\/p>\n","protected":false},"excerpt":{"rendered":"<p>Der britische Designer r\u00fcstet einen klassischen Mini aus der 1998er Paul Smith Edition von 1998 um. Im Rahmen des Projekts \u201eMINI Recharged\u201c soll der kleine Brite durch den Einbau eines Elektromotors Tradition mit neuer Technologie verbinden. 1998 hatte der Designer die auf 1800 Exemplare ausgelegte \u201eMini Paul Smith Edition\u201c aufgelegt. Der damalige Prototyp war im typischen Smiths-Blau lackiert und auch das neue Einzelst\u00fcck beh\u00e4lt diesen Farbton bei. Auch die limettengr\u00fcnen Batteriebox ist ein Zitat aus dem 90er-Jahre-Modell.<\/p>\n","protected":false},"author":1,"featured_media":8653,"comment_status":"closed","ping_status":"closed","sticky":false,"template":"","format":"standard","meta":{"_crdt_document":"","ngg_post_thumbnail":0,"footnotes":""},"categories":[548,681,685,24],"tags":[510,495],"class_list":["post-8648","post","type-post","status-publish","format-standard","has-post-thumbnail","hentry","category-automobile-kunst-plastic-porsche","category-elektro","category-restomod","category-unikate","tag-elektro","tag-mini"],"yoast_head":"<!-- This site is optimized with the Yoast SEO plugin v27.5 - https:\/\/yoast.com\/product\/yoast-seo-wordpress\/ -->\n<title>\u201eMini Recharged\u201c by Paul Smith<\/title>\n<meta name=\"description\" content=\"Mini Recharged Paul Smith Edition Recharged Heritage Limited Salone del Mobile 2022 Mailand\" \/>\n<meta name=\"robots\" content=\"index, follow, max-snippet:-1, max-image-preview:large, max-video-preview:-1\" \/>\n<link rel=\"canonical\" href=\"https:\/\/www.enzo-und-ferdinand.de\/index.php\/2022\/06\/08\/mini-recharged-by-paul-smith\/\" \/>\n<meta property=\"og:locale\" content=\"de_DE\" \/>\n<meta property=\"og:type\" content=\"article\" \/>\n<meta property=\"og:title\" content=\"\u201eMini Recharged\u201c by Paul Smith\" \/>\n<meta property=\"og:description\" content=\"Mini Recharged Paul Smith Edition Recharged Heritage Limited Salone del Mobile 2022 Mailand\" \/>\n<meta property=\"og:url\" content=\"https:\/\/www.enzo-und-ferdinand.de\/index.php\/2022\/06\/08\/mini-recharged-by-paul-smith\/\" \/>\n<meta property=\"og:site_name\" content=\"enzo &amp; Ferdinand\" \/>\n<meta property=\"article:published_time\" content=\"2022-06-08T04:25:02+00:00\" \/>\n<meta property=\"article:modified_time\" content=\"2023-12-07T05:53:15+00:00\" \/>\n<meta property=\"og:image\" content=\"https:\/\/www.enzo-und-ferdinand.de\/wp-content\/uploads\/2022\/06\/P90466667_highRes_mini-recharged-by-pa.jpg\" \/>\n\t<meta property=\"og:image:width\" content=\"875\" \/>\n\t<meta property=\"og:image:height\" content=\"583\" \/>\n\t<meta property=\"og:image:type\" content=\"image\/jpeg\" \/>\n<meta name=\"author\" content=\"Rainer Ro\u00dfbach\" \/>\n<meta name=\"twitter:card\" content=\"summary_large_image\" \/>\n<meta name=\"twitter:label1\" content=\"Verfasst von\" \/>\n\t<meta name=\"twitter:data1\" content=\"Rainer Ro\u00dfbach\" \/>\n\t<meta name=\"twitter:label2\" content=\"Gesch\u00e4tzte Lesezeit\" \/>\n\t<meta name=\"twitter:data2\" content=\"1\u00a0Minute\" \/>\n<script type=\"application\/ld+json\" class=\"yoast-schema-graph\">{\"@context\":\"https:\\\/\\\/schema.org\",\"@graph\":[{\"@type\":\"Article\",\"@id\":\"https:\\\/\\\/www.enzo-und-ferdinand.de\\\/index.php\\\/2022\\\/06\\\/08\\\/mini-recharged-by-paul-smith\\\/#article\",\"isPartOf\":{\"@id\":\"https:\\\/\\\/www.enzo-und-ferdinand.de\\\/index.php\\\/2022\\\/06\\\/08\\\/mini-recharged-by-paul-smith\\\/\"},\"author\":{\"name\":\"Rainer Ro\u00dfbach\",\"@id\":\"https:\\\/\\\/www.enzo-und-ferdinand.de\\\/#\\\/schema\\\/person\\\/aff2eb9ff87705987c1b9d21fe10b095\"},\"headline\":\"\u201eMini Recharged\u201c by Paul Smith\",\"datePublished\":\"2022-06-08T04:25:02+00:00\",\"dateModified\":\"2023-12-07T05:53:15+00:00\",\"mainEntityOfPage\":{\"@id\":\"https:\\\/\\\/www.enzo-und-ferdinand.de\\\/index.php\\\/2022\\\/06\\\/08\\\/mini-recharged-by-paul-smith\\\/\"},\"wordCount\":214,\"publisher\":{\"@id\":\"https:\\\/\\\/www.enzo-und-ferdinand.de\\\/#organization\"},\"image\":{\"@id\":\"https:\\\/\\\/www.enzo-und-ferdinand.de\\\/index.php\\\/2022\\\/06\\\/08\\\/mini-recharged-by-paul-smith\\\/#primaryimage\"},\"thumbnailUrl\":\"https:\\\/\\\/www.enzo-und-ferdinand.de\\\/wp-content\\\/uploads\\\/2022\\\/06\\\/P90466667_highRes_mini-recharged-by-pa.jpg\",\"keywords\":[\"Elektro\",\"Mini\"],\"articleSection\":[\"Automobile Kunst\",\"Elektro\",\"Restomod\",\"Unikate\"],\"inLanguage\":\"de\"},{\"@type\":\"WebPage\",\"@id\":\"https:\\\/\\\/www.enzo-und-ferdinand.de\\\/index.php\\\/2022\\\/06\\\/08\\\/mini-recharged-by-paul-smith\\\/\",\"url\":\"https:\\\/\\\/www.enzo-und-ferdinand.de\\\/index.php\\\/2022\\\/06\\\/08\\\/mini-recharged-by-paul-smith\\\/\",\"name\":\"\u201eMini Recharged\u201c by Paul Smith\",\"isPartOf\":{\"@id\":\"https:\\\/\\\/www.enzo-und-ferdinand.de\\\/#website\"},\"primaryImageOfPage\":{\"@id\":\"https:\\\/\\\/www.enzo-und-ferdinand.de\\\/index.php\\\/2022\\\/06\\\/08\\\/mini-recharged-by-paul-smith\\\/#primaryimage\"},\"image\":{\"@id\":\"https:\\\/\\\/www.enzo-und-ferdinand.de\\\/index.php\\\/2022\\\/06\\\/08\\\/mini-recharged-by-paul-smith\\\/#primaryimage\"},\"thumbnailUrl\":\"https:\\\/\\\/www.enzo-und-ferdinand.de\\\/wp-content\\\/uploads\\\/2022\\\/06\\\/P90466667_highRes_mini-recharged-by-pa.jpg\",\"datePublished\":\"2022-06-08T04:25:02+00:00\",\"dateModified\":\"2023-12-07T05:53:15+00:00\",\"description\":\"Mini Recharged Paul Smith Edition Recharged Heritage Limited Salone del Mobile 2022 Mailand\",\"breadcrumb\":{\"@id\":\"https:\\\/\\\/www.enzo-und-ferdinand.de\\\/index.php\\\/2022\\\/06\\\/08\\\/mini-recharged-by-paul-smith\\\/#breadcrumb\"},\"inLanguage\":\"de\",\"potentialAction\":[{\"@type\":\"ReadAction\",\"target\":[\"https:\\\/\\\/www.enzo-und-ferdinand.de\\\/index.php\\\/2022\\\/06\\\/08\\\/mini-recharged-by-paul-smith\\\/\"]}]},{\"@type\":\"ImageObject\",\"inLanguage\":\"de\",\"@id\":\"https:\\\/\\\/www.enzo-und-ferdinand.de\\\/index.php\\\/2022\\\/06\\\/08\\\/mini-recharged-by-paul-smith\\\/#primaryimage\",\"url\":\"https:\\\/\\\/www.enzo-und-ferdinand.de\\\/wp-content\\\/uploads\\\/2022\\\/06\\\/P90466667_highRes_mini-recharged-by-pa.jpg\",\"contentUrl\":\"https:\\\/\\\/www.enzo-und-ferdinand.de\\\/wp-content\\\/uploads\\\/2022\\\/06\\\/P90466667_highRes_mini-recharged-by-pa.jpg\",\"width\":875,\"height\":583},{\"@type\":\"BreadcrumbList\",\"@id\":\"https:\\\/\\\/www.enzo-und-ferdinand.de\\\/index.php\\\/2022\\\/06\\\/08\\\/mini-recharged-by-paul-smith\\\/#breadcrumb\",\"itemListElement\":[{\"@type\":\"ListItem\",\"position\":1,\"name\":\"Startseite\",\"item\":\"https:\\\/\\\/www.enzo-und-ferdinand.de\\\/\"},{\"@type\":\"ListItem\",\"position\":2,\"name\":\"\u201eMini Recharged\u201c by Paul Smith\"}]},{\"@type\":\"WebSite\",\"@id\":\"https:\\\/\\\/www.enzo-und-ferdinand.de\\\/#website\",\"url\":\"https:\\\/\\\/www.enzo-und-ferdinand.de\\\/\",\"name\":\"enzo & Ferdinand\",\"description\":\"\",\"publisher\":{\"@id\":\"https:\\\/\\\/www.enzo-und-ferdinand.de\\\/#organization\"},\"potentialAction\":[{\"@type\":\"SearchAction\",\"target\":{\"@type\":\"EntryPoint\",\"urlTemplate\":\"https:\\\/\\\/www.enzo-und-ferdinand.de\\\/?s={search_term_string}\"},\"query-input\":{\"@type\":\"PropertyValueSpecification\",\"valueRequired\":true,\"valueName\":\"search_term_string\"}}],\"inLanguage\":\"de\"},{\"@type\":\"Organization\",\"@id\":\"https:\\\/\\\/www.enzo-und-ferdinand.de\\\/#organization\",\"name\":\"enzo & Ferdinand\",\"url\":\"https:\\\/\\\/www.enzo-und-ferdinand.de\\\/\",\"logo\":{\"@type\":\"ImageObject\",\"inLanguage\":\"de\",\"@id\":\"https:\\\/\\\/www.enzo-und-ferdinand.de\\\/#\\\/schema\\\/logo\\\/image\\\/\",\"url\":\"https:\\\/\\\/www.enzo-und-ferdinand.de\\\/wp-content\\\/uploads\\\/2018\\\/12\\\/revvvs-icon.png\",\"contentUrl\":\"https:\\\/\\\/www.enzo-und-ferdinand.de\\\/wp-content\\\/uploads\\\/2018\\\/12\\\/revvvs-icon.png\",\"width\":512,\"height\":512,\"caption\":\"enzo & Ferdinand\"},\"image\":{\"@id\":\"https:\\\/\\\/www.enzo-und-ferdinand.de\\\/#\\\/schema\\\/logo\\\/image\\\/\"}},{\"@type\":\"Person\",\"@id\":\"https:\\\/\\\/www.enzo-und-ferdinand.de\\\/#\\\/schema\\\/person\\\/aff2eb9ff87705987c1b9d21fe10b095\",\"name\":\"Rainer Ro\u00dfbach\",\"image\":{\"@type\":\"ImageObject\",\"inLanguage\":\"de\",\"@id\":\"https:\\\/\\\/www.enzo-und-ferdinand.de\\\/wp-content\\\/uploads\\\/2026\\\/01\\\/Rainer-Rossbach-150x150.jpg\",\"url\":\"https:\\\/\\\/www.enzo-und-ferdinand.de\\\/wp-content\\\/uploads\\\/2026\\\/01\\\/Rainer-Rossbach-150x150.jpg\",\"contentUrl\":\"https:\\\/\\\/www.enzo-und-ferdinand.de\\\/wp-content\\\/uploads\\\/2026\\\/01\\\/Rainer-Rossbach-150x150.jpg\",\"caption\":\"Rainer Ro\u00dfbach\"},\"url\":\"https:\\\/\\\/www.enzo-und-ferdinand.de\\\/index.php\\\/author\\\/redaktion\\\/\"}]}<\/script>\n<!-- \/ Yoast SEO plugin. -->","yoast_head_json":{"title":"\u201eMini Recharged\u201c by Paul Smith","description":"Mini Recharged Paul Smith Edition Recharged Heritage Limited Salone del Mobile 2022 Mailand","robots":{"index":"index","follow":"follow","max-snippet":"max-snippet:-1","max-image-preview":"max-image-preview:large","max-video-preview":"max-video-preview:-1"},"canonical":"https:\/\/www.enzo-und-ferdinand.de\/index.php\/2022\/06\/08\/mini-recharged-by-paul-smith\/","og_locale":"de_DE","og_type":"article","og_title":"\u201eMini Recharged\u201c by Paul Smith","og_description":"Mini Recharged Paul Smith Edition Recharged Heritage Limited Salone del Mobile 2022 Mailand","og_url":"https:\/\/www.enzo-und-ferdinand.de\/index.php\/2022\/06\/08\/mini-recharged-by-paul-smith\/","og_site_name":"enzo &amp; Ferdinand","article_published_time":"2022-06-08T04:25:02+00:00","article_modified_time":"2023-12-07T05:53:15+00:00","og_image":[{"width":875,"height":583,"url":"https:\/\/www.enzo-und-ferdinand.de\/wp-content\/uploads\/2022\/06\/P90466667_highRes_mini-recharged-by-pa.jpg","type":"image\/jpeg"}],"author":"Rainer Ro\u00dfbach","twitter_card":"summary_large_image","twitter_misc":{"Verfasst von":"Rainer Ro\u00dfbach","Gesch\u00e4tzte Lesezeit":"1\u00a0Minute"},"schema":{"@context":"https:\/\/schema.org","@graph":[{"@type":"Article","@id":"https:\/\/www.enzo-und-ferdinand.de\/index.php\/2022\/06\/08\/mini-recharged-by-paul-smith\/#article","isPartOf":{"@id":"https:\/\/www.enzo-und-ferdinand.de\/index.php\/2022\/06\/08\/mini-recharged-by-paul-smith\/"},"author":{"name":"Rainer Ro\u00dfbach","@id":"https:\/\/www.enzo-und-ferdinand.de\/#\/schema\/person\/aff2eb9ff87705987c1b9d21fe10b095"},"headline":"\u201eMini Recharged\u201c by Paul Smith","datePublished":"2022-06-08T04:25:02+00:00","dateModified":"2023-12-07T05:53:15+00:00","mainEntityOfPage":{"@id":"https:\/\/www.enzo-und-ferdinand.de\/index.php\/2022\/06\/08\/mini-recharged-by-paul-smith\/"},"wordCount":214,"publisher":{"@id":"https:\/\/www.enzo-und-ferdinand.de\/#organization"},"image":{"@id":"https:\/\/www.enzo-und-ferdinand.de\/index.php\/2022\/06\/08\/mini-recharged-by-paul-smith\/#primaryimage"},"thumbnailUrl":"https:\/\/www.enzo-und-ferdinand.de\/wp-content\/uploads\/2022\/06\/P90466667_highRes_mini-recharged-by-pa.jpg","keywords":["Elektro","Mini"],"articleSection":["Automobile Kunst","Elektro","Restomod","Unikate"],"inLanguage":"de"},{"@type":"WebPage","@id":"https:\/\/www.enzo-und-ferdinand.de\/index.php\/2022\/06\/08\/mini-recharged-by-paul-smith\/","url":"https:\/\/www.enzo-und-ferdinand.de\/index.php\/2022\/06\/08\/mini-recharged-by-paul-smith\/","name":"\u201eMini Recharged\u201c by Paul Smith","isPartOf":{"@id":"https:\/\/www.enzo-und-ferdinand.de\/#website"},"primaryImageOfPage":{"@id":"https:\/\/www.enzo-und-ferdinand.de\/index.php\/2022\/06\/08\/mini-recharged-by-paul-smith\/#primaryimage"},"image":{"@id":"https:\/\/www.enzo-und-ferdinand.de\/index.php\/2022\/06\/08\/mini-recharged-by-paul-smith\/#primaryimage"},"thumbnailUrl":"https:\/\/www.enzo-und-ferdinand.de\/wp-content\/uploads\/2022\/06\/P90466667_highRes_mini-recharged-by-pa.jpg","datePublished":"2022-06-08T04:25:02+00:00","dateModified":"2023-12-07T05:53:15+00:00","description":"Mini Recharged Paul Smith Edition Recharged Heritage Limited Salone del Mobile 2022 Mailand","breadcrumb":{"@id":"https:\/\/www.enzo-und-ferdinand.de\/index.php\/2022\/06\/08\/mini-recharged-by-paul-smith\/#breadcrumb"},"inLanguage":"de","potentialAction":[{"@type":"ReadAction","target":["https:\/\/www.enzo-und-ferdinand.de\/index.php\/2022\/06\/08\/mini-recharged-by-paul-smith\/"]}]},{"@type":"ImageObject","inLanguage":"de","@id":"https:\/\/www.enzo-und-ferdinand.de\/index.php\/2022\/06\/08\/mini-recharged-by-paul-smith\/#primaryimage","url":"https:\/\/www.enzo-und-ferdinand.de\/wp-content\/uploads\/2022\/06\/P90466667_highRes_mini-recharged-by-pa.jpg","contentUrl":"https:\/\/www.enzo-und-ferdinand.de\/wp-content\/uploads\/2022\/06\/P90466667_highRes_mini-recharged-by-pa.jpg","width":875,"height":583},{"@type":"BreadcrumbList","@id":"https:\/\/www.enzo-und-ferdinand.de\/index.php\/2022\/06\/08\/mini-recharged-by-paul-smith\/#breadcrumb","itemListElement":[{"@type":"ListItem","position":1,"name":"Startseite","item":"https:\/\/www.enzo-und-ferdinand.de\/"},{"@type":"ListItem","position":2,"name":"\u201eMini Recharged\u201c by Paul Smith"}]},{"@type":"WebSite","@id":"https:\/\/www.enzo-und-ferdinand.de\/#website","url":"https:\/\/www.enzo-und-ferdinand.de\/","name":"enzo & Ferdinand","description":"","publisher":{"@id":"https:\/\/www.enzo-und-ferdinand.de\/#organization"},"potentialAction":[{"@type":"SearchAction","target":{"@type":"EntryPoint","urlTemplate":"https:\/\/www.enzo-und-ferdinand.de\/?s={search_term_string}"},"query-input":{"@type":"PropertyValueSpecification","valueRequired":true,"valueName":"search_term_string"}}],"inLanguage":"de"},{"@type":"Organization","@id":"https:\/\/www.enzo-und-ferdinand.de\/#organization","name":"enzo & Ferdinand","url":"https:\/\/www.enzo-und-ferdinand.de\/","logo":{"@type":"ImageObject","inLanguage":"de","@id":"https:\/\/www.enzo-und-ferdinand.de\/#\/schema\/logo\/image\/","url":"https:\/\/www.enzo-und-ferdinand.de\/wp-content\/uploads\/2018\/12\/revvvs-icon.png","contentUrl":"https:\/\/www.enzo-und-ferdinand.de\/wp-content\/uploads\/2018\/12\/revvvs-icon.png","width":512,"height":512,"caption":"enzo & Ferdinand"},"image":{"@id":"https:\/\/www.enzo-und-ferdinand.de\/#\/schema\/logo\/image\/"}},{"@type":"Person","@id":"https:\/\/www.enzo-und-ferdinand.de\/#\/schema\/person\/aff2eb9ff87705987c1b9d21fe10b095","name":"Rainer Ro\u00dfbach","image":{"@type":"ImageObject","inLanguage":"de","@id":"https:\/\/www.enzo-und-ferdinand.de\/wp-content\/uploads\/2026\/01\/Rainer-Rossbach-150x150.jpg","url":"https:\/\/www.enzo-und-ferdinand.de\/wp-content\/uploads\/2026\/01\/Rainer-Rossbach-150x150.jpg","contentUrl":"https:\/\/www.enzo-und-ferdinand.de\/wp-content\/uploads\/2026\/01\/Rainer-Rossbach-150x150.jpg","caption":"Rainer Ro\u00dfbach"},"url":"https:\/\/www.enzo-und-ferdinand.de\/index.php\/author\/redaktion\/"}]}},"_links":{"self":[{"href":"https:\/\/www.enzo-und-ferdinand.de\/index.php\/wp-json\/wp\/v2\/posts\/8648","targetHints":{"allow":["GET"]}}],"collection":[{"href":"https:\/\/www.enzo-und-ferdinand.de\/index.php\/wp-json\/wp\/v2\/posts"}],"about":[{"href":"https:\/\/www.enzo-und-ferdinand.de\/index.php\/wp-json\/wp\/v2\/types\/post"}],"author":[{"embeddable":true,"href":"https:\/\/www.enzo-und-ferdinand.de\/index.php\/wp-json\/wp\/v2\/users\/1"}],"replies":[{"embeddable":true,"href":"https:\/\/www.enzo-und-ferdinand.de\/index.php\/wp-json\/wp\/v2\/comments?post=8648"}],"version-history":[{"count":4,"href":"https:\/\/www.enzo-und-ferdinand.de\/index.php\/wp-json\/wp\/v2\/posts\/8648\/revisions"}],"predecessor-version":[{"id":8657,"href":"https:\/\/www.enzo-und-ferdinand.de\/index.php\/wp-json\/wp\/v2\/posts\/8648\/revisions\/8657"}],"wp:featuredmedia":[{"embeddable":true,"href":"https:\/\/www.enzo-und-ferdinand.de\/index.php\/wp-json\/wp\/v2\/media\/8653"}],"wp:attachment":[{"href":"https:\/\/www.enzo-und-ferdinand.de\/index.php\/wp-json\/wp\/v2\/media?parent=8648"}],"wp:term":[{"taxonomy":"category","embeddable":true,"href":"https:\/\/www.enzo-und-ferdinand.de\/index.php\/wp-json\/wp\/v2\/categories?post=8648"},{"taxonomy":"post_tag","embeddable":true,"href":"https:\/\/www.enzo-und-ferdinand.de\/index.php\/wp-json\/wp\/v2\/tags?post=8648"}],"curies":[{"name":"wp","href":"https:\/\/api.w.org\/{rel}","templated":true}]}}