{"id":8699,"date":"2022-06-16T09:10:45","date_gmt":"2022-06-16T07:10:45","guid":{"rendered":"https:\/\/www.enzo-und-ferdinand.de\/?p=8699"},"modified":"2023-07-09T13:14:36","modified_gmt":"2023-07-09T11:14:36","slug":"elektro-moke","status":"publish","type":"post","link":"https:\/\/www.enzo-und-ferdinand.de\/index.php\/2022\/06\/16\/elektro-moke\/","title":{"rendered":"Elektro-Moke"},"content":{"rendered":"\n<figure class=\"wp-block-image size-large\"><img loading=\"lazy\" decoding=\"async\" width=\"810\" height=\"482\" src=\"https:\/\/www.enzo-und-ferdinand.de\/wp-content\/uploads\/2022\/06\/MOKEElectricPluggedIn@03x-810x482.jpg\" alt=\"\" class=\"wp-image-8704\" srcset=\"https:\/\/www.enzo-und-ferdinand.de\/wp-content\/uploads\/2022\/06\/MOKEElectricPluggedIn@03x-810x482.jpg 810w, https:\/\/www.enzo-und-ferdinand.de\/wp-content\/uploads\/2022\/06\/MOKEElectricPluggedIn@03x-300x179.jpg 300w, https:\/\/www.enzo-und-ferdinand.de\/wp-content\/uploads\/2022\/06\/MOKEElectricPluggedIn@03x-768x457.jpg 768w, https:\/\/www.enzo-und-ferdinand.de\/wp-content\/uploads\/2022\/06\/MOKEElectricPluggedIn@03x.jpg 875w\" sizes=\"auto, (max-width: 810px) 100vw, 810px\" \/><\/figure>\n\n\n\n<p class=\"wp-block-paragraph\">Moke International aus Gro\u00dfbritannien hat den urspr\u00fcnglichen Mini Moke, entworfen vom legend\u00e4ren Mini-Konstrukteur Alec Issigonis, in eine vollelektrische Version verwandelt. Drei Jahre hat es gebraucht, den nachhaltigen Nachfolger mit den neuen Technologien auf die R\u00e4der zustellen. Das nat\u00fcrliche Biotop des frugalen Briten ist naturgem\u00e4\u00df die C\u00f4te d&#8217;Azur, wo es ums Sehen und gesehen werden geht und der Verzicht auf Fenster und T\u00fcren  klimatechnisch leichter zu ertragen ist als in n\u00f6rdlicheren Gefilden. Epizentrum der Marke ist die \u201eCasa Moke&#8220; in Saint-Tropez, gegr\u00fcndet mit dem Ziel, die beliebteste Beach-Lifestyle-Marke der Welt zu werden.&nbsp;<\/p>\n\n\n\n<p class=\"wp-block-paragraph\">Kunden von Luxusimmobilienunternehmen genie\u00dfen Zugang zu einem exklusiven monatlichen E-Moke-Abopaket. Die Reichweite der Batterie betr\u00e4gt 120 km und soll f\u00fcr mindestens drei Hin- und R\u00fcckfahrten von Cap-Ferrat nach Monaco in einer beschaulichen Geschwindigkeit von 80 Stundenkilometer reichen. Auch eignet sich das Moke f\u00fcr Strandtage, Picknicks auf dem Land und andere sommerliche Aktivit\u00e4ten: Eine Ladezeit von vier Stunden \u00fcbers Standard-Netz sorgt f\u00fcreine ausk\u00f6mmliche Verf\u00fcgbarkeit. Als Farben f\u00fcr das Standardmodell werden Wave Blue, Sunlight Yellow, Sunset Orange, Scuba Blue und Granite Grey angeboten, im Laufe des Jahres werden die Kunden au\u00dferdem die M\u00f6glichkeit haben, ihr Fahrzeug ganz nach ihrem Geschmack zu gestalten.<\/p>\n\n\n\n<p class=\"wp-block-paragraph\">In Gro\u00dfbritannien werden die Fahrzeuge ab Juni verf\u00fcgbar sein. Etwa zur gleichen Zeit werden die ersten Elektro-Moke-Fahrzeuge offiziell an Kunden in Frankreich \u00fcbergeben. Reservierungen k\u00f6nnen ab sofort vorgenommen werden.<\/p>\n\n\n\n<figure class=\"wp-block-image size-large\"><img loading=\"lazy\" decoding=\"async\" width=\"810\" height=\"540\" src=\"https:\/\/www.enzo-und-ferdinand.de\/wp-content\/uploads\/2022\/06\/Moke-52-810x540.jpg\" alt=\"\" class=\"wp-image-8702\" srcset=\"https:\/\/www.enzo-und-ferdinand.de\/wp-content\/uploads\/2022\/06\/Moke-52-810x540.jpg 810w, https:\/\/www.enzo-und-ferdinand.de\/wp-content\/uploads\/2022\/06\/Moke-52-300x200.jpg 300w, https:\/\/www.enzo-und-ferdinand.de\/wp-content\/uploads\/2022\/06\/Moke-52-768x512.jpg 768w, https:\/\/www.enzo-und-ferdinand.de\/wp-content\/uploads\/2022\/06\/Moke-52-120x80.jpg 120w, https:\/\/www.enzo-und-ferdinand.de\/wp-content\/uploads\/2022\/06\/Moke-52.jpg 875w\" sizes=\"auto, (max-width: 810px) 100vw, 810px\" \/><\/figure>\n\n\n\n<p class=\"has-text-align-right has-small-font-size wp-block-paragraph\">Fotos: Moke International\/Text: Rainer Ro\u00dfbach<\/p>\n","protected":false},"excerpt":{"rendered":"<p>Moke International aus Gro\u00dfbritannien hat den urspr\u00fcnglichen Mini Moke, entworfen vom legend\u00e4ren Mini-Konstrukteur Alec Issigonis, in eine vollelektrische Version verwandelt. Drei Jahre hat es gebraucht, den nachhaltigen Nachfolger mit den neuen Technologien auf die R\u00e4der zustellen. Das nat\u00fcrliche Biotop des frugalen Briten ist naturgem\u00e4\u00df die C\u00f4te d&#8217;Azur, wo es ums Sehen und gesehen werden geht und der Verzicht auf Fenster und T\u00fcren  klimatechnisch leichter zu ertragen ist als in n\u00f6rdlicheren Gefilden. Epizentrum der Marke ist die \u201eCasa Moke&#8220; in Saint-Tropez, gegr\u00fcndet mit dem Ziel, die beliebteste Beach-Lifestyle-Marke der Welt zu werden.\u00a0<\/p>\n","protected":false},"author":1,"featured_media":8703,"comment_status":"closed","ping_status":"closed","sticky":false,"template":"","format":"standard","meta":{"_crdt_document":"","ngg_post_thumbnail":0,"footnotes":""},"categories":[13],"tags":[510],"class_list":["post-8699","post","type-post","status-publish","format-standard","has-post-thumbnail","hentry","category-ikonen","tag-elektro"],"yoast_head":"<!-- This site is optimized with the Yoast SEO plugin v27.5 - https:\/\/yoast.com\/product\/yoast-seo-wordpress\/ -->\n<title>Elektro-Moke<\/title>\n<meta name=\"description\" content=\"Elektro-Moke Moke International Mini Moke C\u00f4te d&#039;Azur Casa MOKE Saint-Tropez Cap-Ferrat Monaco Alec Issigonis\" \/>\n<meta name=\"robots\" content=\"index, follow, max-snippet:-1, max-image-preview:large, max-video-preview:-1\" \/>\n<link rel=\"canonical\" href=\"https:\/\/www.enzo-und-ferdinand.de\/index.php\/2022\/06\/16\/elektro-moke\/\" \/>\n<meta property=\"og:locale\" content=\"de_DE\" \/>\n<meta property=\"og:type\" content=\"article\" \/>\n<meta property=\"og:title\" content=\"Elektro-Moke\" \/>\n<meta property=\"og:description\" content=\"Elektro-Moke Moke International Mini Moke C\u00f4te d&#039;Azur Casa MOKE Saint-Tropez Cap-Ferrat Monaco Alec Issigonis\" \/>\n<meta property=\"og:url\" content=\"https:\/\/www.enzo-und-ferdinand.de\/index.php\/2022\/06\/16\/elektro-moke\/\" \/>\n<meta property=\"og:site_name\" content=\"enzo &amp; Ferdinand\" \/>\n<meta property=\"article:published_time\" content=\"2022-06-16T07:10:45+00:00\" \/>\n<meta property=\"article:modified_time\" content=\"2023-07-09T11:14:36+00:00\" \/>\n<meta property=\"og:image\" content=\"https:\/\/www.enzo-und-ferdinand.de\/wp-content\/uploads\/2022\/06\/Moke-68.jpg\" \/>\n\t<meta property=\"og:image:width\" content=\"875\" \/>\n\t<meta property=\"og:image:height\" content=\"583\" \/>\n\t<meta property=\"og:image:type\" content=\"image\/jpeg\" \/>\n<meta name=\"author\" content=\"Rainer Ro\u00dfbach\" \/>\n<meta name=\"twitter:card\" content=\"summary_large_image\" \/>\n<meta name=\"twitter:label1\" content=\"Verfasst von\" \/>\n\t<meta name=\"twitter:data1\" content=\"Rainer Ro\u00dfbach\" \/>\n\t<meta name=\"twitter:label2\" content=\"Gesch\u00e4tzte Lesezeit\" \/>\n\t<meta name=\"twitter:data2\" content=\"1\u00a0Minute\" \/>\n<script type=\"application\/ld+json\" class=\"yoast-schema-graph\">{\"@context\":\"https:\\\/\\\/schema.org\",\"@graph\":[{\"@type\":\"Article\",\"@id\":\"https:\\\/\\\/www.enzo-und-ferdinand.de\\\/index.php\\\/2022\\\/06\\\/16\\\/elektro-moke\\\/#article\",\"isPartOf\":{\"@id\":\"https:\\\/\\\/www.enzo-und-ferdinand.de\\\/index.php\\\/2022\\\/06\\\/16\\\/elektro-moke\\\/\"},\"author\":{\"name\":\"Rainer Ro\u00dfbach\",\"@id\":\"https:\\\/\\\/www.enzo-und-ferdinand.de\\\/#\\\/schema\\\/person\\\/aff2eb9ff87705987c1b9d21fe10b095\"},\"headline\":\"Elektro-Moke\",\"datePublished\":\"2022-06-16T07:10:45+00:00\",\"dateModified\":\"2023-07-09T11:14:36+00:00\",\"mainEntityOfPage\":{\"@id\":\"https:\\\/\\\/www.enzo-und-ferdinand.de\\\/index.php\\\/2022\\\/06\\\/16\\\/elektro-moke\\\/\"},\"wordCount\":252,\"publisher\":{\"@id\":\"https:\\\/\\\/www.enzo-und-ferdinand.de\\\/#organization\"},\"image\":{\"@id\":\"https:\\\/\\\/www.enzo-und-ferdinand.de\\\/index.php\\\/2022\\\/06\\\/16\\\/elektro-moke\\\/#primaryimage\"},\"thumbnailUrl\":\"https:\\\/\\\/www.enzo-und-ferdinand.de\\\/wp-content\\\/uploads\\\/2022\\\/06\\\/Moke-68.jpg\",\"keywords\":[\"Elektro\"],\"articleSection\":[\"Ikonen\"],\"inLanguage\":\"de\"},{\"@type\":\"WebPage\",\"@id\":\"https:\\\/\\\/www.enzo-und-ferdinand.de\\\/index.php\\\/2022\\\/06\\\/16\\\/elektro-moke\\\/\",\"url\":\"https:\\\/\\\/www.enzo-und-ferdinand.de\\\/index.php\\\/2022\\\/06\\\/16\\\/elektro-moke\\\/\",\"name\":\"Elektro-Moke\",\"isPartOf\":{\"@id\":\"https:\\\/\\\/www.enzo-und-ferdinand.de\\\/#website\"},\"primaryImageOfPage\":{\"@id\":\"https:\\\/\\\/www.enzo-und-ferdinand.de\\\/index.php\\\/2022\\\/06\\\/16\\\/elektro-moke\\\/#primaryimage\"},\"image\":{\"@id\":\"https:\\\/\\\/www.enzo-und-ferdinand.de\\\/index.php\\\/2022\\\/06\\\/16\\\/elektro-moke\\\/#primaryimage\"},\"thumbnailUrl\":\"https:\\\/\\\/www.enzo-und-ferdinand.de\\\/wp-content\\\/uploads\\\/2022\\\/06\\\/Moke-68.jpg\",\"datePublished\":\"2022-06-16T07:10:45+00:00\",\"dateModified\":\"2023-07-09T11:14:36+00:00\",\"description\":\"Elektro-Moke Moke International Mini Moke C\u00f4te d'Azur Casa MOKE Saint-Tropez Cap-Ferrat Monaco Alec Issigonis\",\"breadcrumb\":{\"@id\":\"https:\\\/\\\/www.enzo-und-ferdinand.de\\\/index.php\\\/2022\\\/06\\\/16\\\/elektro-moke\\\/#breadcrumb\"},\"inLanguage\":\"de\",\"potentialAction\":[{\"@type\":\"ReadAction\",\"target\":[\"https:\\\/\\\/www.enzo-und-ferdinand.de\\\/index.php\\\/2022\\\/06\\\/16\\\/elektro-moke\\\/\"]}]},{\"@type\":\"ImageObject\",\"inLanguage\":\"de\",\"@id\":\"https:\\\/\\\/www.enzo-und-ferdinand.de\\\/index.php\\\/2022\\\/06\\\/16\\\/elektro-moke\\\/#primaryimage\",\"url\":\"https:\\\/\\\/www.enzo-und-ferdinand.de\\\/wp-content\\\/uploads\\\/2022\\\/06\\\/Moke-68.jpg\",\"contentUrl\":\"https:\\\/\\\/www.enzo-und-ferdinand.de\\\/wp-content\\\/uploads\\\/2022\\\/06\\\/Moke-68.jpg\",\"width\":875,\"height\":583},{\"@type\":\"BreadcrumbList\",\"@id\":\"https:\\\/\\\/www.enzo-und-ferdinand.de\\\/index.php\\\/2022\\\/06\\\/16\\\/elektro-moke\\\/#breadcrumb\",\"itemListElement\":[{\"@type\":\"ListItem\",\"position\":1,\"name\":\"Startseite\",\"item\":\"https:\\\/\\\/www.enzo-und-ferdinand.de\\\/\"},{\"@type\":\"ListItem\",\"position\":2,\"name\":\"Elektro-Moke\"}]},{\"@type\":\"WebSite\",\"@id\":\"https:\\\/\\\/www.enzo-und-ferdinand.de\\\/#website\",\"url\":\"https:\\\/\\\/www.enzo-und-ferdinand.de\\\/\",\"name\":\"enzo & Ferdinand\",\"description\":\"\",\"publisher\":{\"@id\":\"https:\\\/\\\/www.enzo-und-ferdinand.de\\\/#organization\"},\"potentialAction\":[{\"@type\":\"SearchAction\",\"target\":{\"@type\":\"EntryPoint\",\"urlTemplate\":\"https:\\\/\\\/www.enzo-und-ferdinand.de\\\/?s={search_term_string}\"},\"query-input\":{\"@type\":\"PropertyValueSpecification\",\"valueRequired\":true,\"valueName\":\"search_term_string\"}}],\"inLanguage\":\"de\"},{\"@type\":\"Organization\",\"@id\":\"https:\\\/\\\/www.enzo-und-ferdinand.de\\\/#organization\",\"name\":\"enzo & Ferdinand\",\"url\":\"https:\\\/\\\/www.enzo-und-ferdinand.de\\\/\",\"logo\":{\"@type\":\"ImageObject\",\"inLanguage\":\"de\",\"@id\":\"https:\\\/\\\/www.enzo-und-ferdinand.de\\\/#\\\/schema\\\/logo\\\/image\\\/\",\"url\":\"https:\\\/\\\/www.enzo-und-ferdinand.de\\\/wp-content\\\/uploads\\\/2018\\\/12\\\/revvvs-icon.png\",\"contentUrl\":\"https:\\\/\\\/www.enzo-und-ferdinand.de\\\/wp-content\\\/uploads\\\/2018\\\/12\\\/revvvs-icon.png\",\"width\":512,\"height\":512,\"caption\":\"enzo & Ferdinand\"},\"image\":{\"@id\":\"https:\\\/\\\/www.enzo-und-ferdinand.de\\\/#\\\/schema\\\/logo\\\/image\\\/\"}},{\"@type\":\"Person\",\"@id\":\"https:\\\/\\\/www.enzo-und-ferdinand.de\\\/#\\\/schema\\\/person\\\/aff2eb9ff87705987c1b9d21fe10b095\",\"name\":\"Rainer Ro\u00dfbach\",\"image\":{\"@type\":\"ImageObject\",\"inLanguage\":\"de\",\"@id\":\"https:\\\/\\\/www.enzo-und-ferdinand.de\\\/wp-content\\\/uploads\\\/2026\\\/01\\\/Rainer-Rossbach-150x150.jpg\",\"url\":\"https:\\\/\\\/www.enzo-und-ferdinand.de\\\/wp-content\\\/uploads\\\/2026\\\/01\\\/Rainer-Rossbach-150x150.jpg\",\"contentUrl\":\"https:\\\/\\\/www.enzo-und-ferdinand.de\\\/wp-content\\\/uploads\\\/2026\\\/01\\\/Rainer-Rossbach-150x150.jpg\",\"caption\":\"Rainer Ro\u00dfbach\"},\"url\":\"https:\\\/\\\/www.enzo-und-ferdinand.de\\\/index.php\\\/author\\\/redaktion\\\/\"}]}<\/script>\n<!-- \/ Yoast SEO plugin. -->","yoast_head_json":{"title":"Elektro-Moke","description":"Elektro-Moke Moke International Mini Moke C\u00f4te d'Azur Casa MOKE Saint-Tropez Cap-Ferrat Monaco Alec Issigonis","robots":{"index":"index","follow":"follow","max-snippet":"max-snippet:-1","max-image-preview":"max-image-preview:large","max-video-preview":"max-video-preview:-1"},"canonical":"https:\/\/www.enzo-und-ferdinand.de\/index.php\/2022\/06\/16\/elektro-moke\/","og_locale":"de_DE","og_type":"article","og_title":"Elektro-Moke","og_description":"Elektro-Moke Moke International Mini Moke C\u00f4te d'Azur Casa MOKE Saint-Tropez Cap-Ferrat Monaco Alec Issigonis","og_url":"https:\/\/www.enzo-und-ferdinand.de\/index.php\/2022\/06\/16\/elektro-moke\/","og_site_name":"enzo &amp; Ferdinand","article_published_time":"2022-06-16T07:10:45+00:00","article_modified_time":"2023-07-09T11:14:36+00:00","og_image":[{"width":875,"height":583,"url":"https:\/\/www.enzo-und-ferdinand.de\/wp-content\/uploads\/2022\/06\/Moke-68.jpg","type":"image\/jpeg"}],"author":"Rainer Ro\u00dfbach","twitter_card":"summary_large_image","twitter_misc":{"Verfasst von":"Rainer Ro\u00dfbach","Gesch\u00e4tzte Lesezeit":"1\u00a0Minute"},"schema":{"@context":"https:\/\/schema.org","@graph":[{"@type":"Article","@id":"https:\/\/www.enzo-und-ferdinand.de\/index.php\/2022\/06\/16\/elektro-moke\/#article","isPartOf":{"@id":"https:\/\/www.enzo-und-ferdinand.de\/index.php\/2022\/06\/16\/elektro-moke\/"},"author":{"name":"Rainer Ro\u00dfbach","@id":"https:\/\/www.enzo-und-ferdinand.de\/#\/schema\/person\/aff2eb9ff87705987c1b9d21fe10b095"},"headline":"Elektro-Moke","datePublished":"2022-06-16T07:10:45+00:00","dateModified":"2023-07-09T11:14:36+00:00","mainEntityOfPage":{"@id":"https:\/\/www.enzo-und-ferdinand.de\/index.php\/2022\/06\/16\/elektro-moke\/"},"wordCount":252,"publisher":{"@id":"https:\/\/www.enzo-und-ferdinand.de\/#organization"},"image":{"@id":"https:\/\/www.enzo-und-ferdinand.de\/index.php\/2022\/06\/16\/elektro-moke\/#primaryimage"},"thumbnailUrl":"https:\/\/www.enzo-und-ferdinand.de\/wp-content\/uploads\/2022\/06\/Moke-68.jpg","keywords":["Elektro"],"articleSection":["Ikonen"],"inLanguage":"de"},{"@type":"WebPage","@id":"https:\/\/www.enzo-und-ferdinand.de\/index.php\/2022\/06\/16\/elektro-moke\/","url":"https:\/\/www.enzo-und-ferdinand.de\/index.php\/2022\/06\/16\/elektro-moke\/","name":"Elektro-Moke","isPartOf":{"@id":"https:\/\/www.enzo-und-ferdinand.de\/#website"},"primaryImageOfPage":{"@id":"https:\/\/www.enzo-und-ferdinand.de\/index.php\/2022\/06\/16\/elektro-moke\/#primaryimage"},"image":{"@id":"https:\/\/www.enzo-und-ferdinand.de\/index.php\/2022\/06\/16\/elektro-moke\/#primaryimage"},"thumbnailUrl":"https:\/\/www.enzo-und-ferdinand.de\/wp-content\/uploads\/2022\/06\/Moke-68.jpg","datePublished":"2022-06-16T07:10:45+00:00","dateModified":"2023-07-09T11:14:36+00:00","description":"Elektro-Moke Moke International Mini Moke C\u00f4te d'Azur Casa MOKE Saint-Tropez Cap-Ferrat Monaco Alec Issigonis","breadcrumb":{"@id":"https:\/\/www.enzo-und-ferdinand.de\/index.php\/2022\/06\/16\/elektro-moke\/#breadcrumb"},"inLanguage":"de","potentialAction":[{"@type":"ReadAction","target":["https:\/\/www.enzo-und-ferdinand.de\/index.php\/2022\/06\/16\/elektro-moke\/"]}]},{"@type":"ImageObject","inLanguage":"de","@id":"https:\/\/www.enzo-und-ferdinand.de\/index.php\/2022\/06\/16\/elektro-moke\/#primaryimage","url":"https:\/\/www.enzo-und-ferdinand.de\/wp-content\/uploads\/2022\/06\/Moke-68.jpg","contentUrl":"https:\/\/www.enzo-und-ferdinand.de\/wp-content\/uploads\/2022\/06\/Moke-68.jpg","width":875,"height":583},{"@type":"BreadcrumbList","@id":"https:\/\/www.enzo-und-ferdinand.de\/index.php\/2022\/06\/16\/elektro-moke\/#breadcrumb","itemListElement":[{"@type":"ListItem","position":1,"name":"Startseite","item":"https:\/\/www.enzo-und-ferdinand.de\/"},{"@type":"ListItem","position":2,"name":"Elektro-Moke"}]},{"@type":"WebSite","@id":"https:\/\/www.enzo-und-ferdinand.de\/#website","url":"https:\/\/www.enzo-und-ferdinand.de\/","name":"enzo & Ferdinand","description":"","publisher":{"@id":"https:\/\/www.enzo-und-ferdinand.de\/#organization"},"potentialAction":[{"@type":"SearchAction","target":{"@type":"EntryPoint","urlTemplate":"https:\/\/www.enzo-und-ferdinand.de\/?s={search_term_string}"},"query-input":{"@type":"PropertyValueSpecification","valueRequired":true,"valueName":"search_term_string"}}],"inLanguage":"de"},{"@type":"Organization","@id":"https:\/\/www.enzo-und-ferdinand.de\/#organization","name":"enzo & Ferdinand","url":"https:\/\/www.enzo-und-ferdinand.de\/","logo":{"@type":"ImageObject","inLanguage":"de","@id":"https:\/\/www.enzo-und-ferdinand.de\/#\/schema\/logo\/image\/","url":"https:\/\/www.enzo-und-ferdinand.de\/wp-content\/uploads\/2018\/12\/revvvs-icon.png","contentUrl":"https:\/\/www.enzo-und-ferdinand.de\/wp-content\/uploads\/2018\/12\/revvvs-icon.png","width":512,"height":512,"caption":"enzo & Ferdinand"},"image":{"@id":"https:\/\/www.enzo-und-ferdinand.de\/#\/schema\/logo\/image\/"}},{"@type":"Person","@id":"https:\/\/www.enzo-und-ferdinand.de\/#\/schema\/person\/aff2eb9ff87705987c1b9d21fe10b095","name":"Rainer Ro\u00dfbach","image":{"@type":"ImageObject","inLanguage":"de","@id":"https:\/\/www.enzo-und-ferdinand.de\/wp-content\/uploads\/2026\/01\/Rainer-Rossbach-150x150.jpg","url":"https:\/\/www.enzo-und-ferdinand.de\/wp-content\/uploads\/2026\/01\/Rainer-Rossbach-150x150.jpg","contentUrl":"https:\/\/www.enzo-und-ferdinand.de\/wp-content\/uploads\/2026\/01\/Rainer-Rossbach-150x150.jpg","caption":"Rainer Ro\u00dfbach"},"url":"https:\/\/www.enzo-und-ferdinand.de\/index.php\/author\/redaktion\/"}]}},"_links":{"self":[{"href":"https:\/\/www.enzo-und-ferdinand.de\/index.php\/wp-json\/wp\/v2\/posts\/8699","targetHints":{"allow":["GET"]}}],"collection":[{"href":"https:\/\/www.enzo-und-ferdinand.de\/index.php\/wp-json\/wp\/v2\/posts"}],"about":[{"href":"https:\/\/www.enzo-und-ferdinand.de\/index.php\/wp-json\/wp\/v2\/types\/post"}],"author":[{"embeddable":true,"href":"https:\/\/www.enzo-und-ferdinand.de\/index.php\/wp-json\/wp\/v2\/users\/1"}],"replies":[{"embeddable":true,"href":"https:\/\/www.enzo-und-ferdinand.de\/index.php\/wp-json\/wp\/v2\/comments?post=8699"}],"version-history":[{"count":7,"href":"https:\/\/www.enzo-und-ferdinand.de\/index.php\/wp-json\/wp\/v2\/posts\/8699\/revisions"}],"predecessor-version":[{"id":12981,"href":"https:\/\/www.enzo-und-ferdinand.de\/index.php\/wp-json\/wp\/v2\/posts\/8699\/revisions\/12981"}],"wp:featuredmedia":[{"embeddable":true,"href":"https:\/\/www.enzo-und-ferdinand.de\/index.php\/wp-json\/wp\/v2\/media\/8703"}],"wp:attachment":[{"href":"https:\/\/www.enzo-und-ferdinand.de\/index.php\/wp-json\/wp\/v2\/media?parent=8699"}],"wp:term":[{"taxonomy":"category","embeddable":true,"href":"https:\/\/www.enzo-und-ferdinand.de\/index.php\/wp-json\/wp\/v2\/categories?post=8699"},{"taxonomy":"post_tag","embeddable":true,"href":"https:\/\/www.enzo-und-ferdinand.de\/index.php\/wp-json\/wp\/v2\/tags?post=8699"}],"curies":[{"name":"wp","href":"https:\/\/api.w.org\/{rel}","templated":true}]}}