{"id":8882,"date":"2022-07-01T06:07:47","date_gmt":"2022-07-01T04:07:47","guid":{"rendered":"https:\/\/www.enzo-und-ferdinand.de\/?p=8882"},"modified":"2022-07-01T06:07:50","modified_gmt":"2022-07-01T04:07:50","slug":"festival-of-speed-2022","status":"publish","type":"post","link":"https:\/\/www.enzo-und-ferdinand.de\/index.php\/2022\/07\/01\/festival-of-speed-2022\/","title":{"rendered":"Festival of Speed 2022"},"content":{"rendered":"\n<figure class=\"wp-block-image size-large\"><img loading=\"lazy\" decoding=\"async\" width=\"810\" height=\"455\" src=\"https:\/\/www.enzo-und-ferdinand.de\/wp-content\/uploads\/2022\/06\/Bildschirmfoto-2022-06-25-um-13.05.03-810x455.png\" alt=\"\" class=\"wp-image-8885\" srcset=\"https:\/\/www.enzo-und-ferdinand.de\/wp-content\/uploads\/2022\/06\/Bildschirmfoto-2022-06-25-um-13.05.03-810x455.png 810w, https:\/\/www.enzo-und-ferdinand.de\/wp-content\/uploads\/2022\/06\/Bildschirmfoto-2022-06-25-um-13.05.03-300x169.png 300w, https:\/\/www.enzo-und-ferdinand.de\/wp-content\/uploads\/2022\/06\/Bildschirmfoto-2022-06-25-um-13.05.03-768x432.png 768w, https:\/\/www.enzo-und-ferdinand.de\/wp-content\/uploads\/2022\/06\/Bildschirmfoto-2022-06-25-um-13.05.03.png 875w\" sizes=\"auto, (max-width: 810px) 100vw, 810px\" \/><\/figure>\n\n\n\n<p class=\"wp-block-paragraph\">Beim 29. Festival in Goodwood trafen sich wiederum Legenden aus allen Bereichen des Motorsports. Aus deutscher Sicht war der H\u00f6hepunkt sicher die Enth\u00fcllung des Porsche 963 LMDh, mit dem die Zuffenhauser 2023 um den Sieg bei den 24 Stunden von Le Mans k\u00e4mpfen wollen. Zweites Highlight war die Publikumspremiere des AMG One. Der feinste Formel-1-Technik auf die Stra\u00dfe bringt. Sportlich hatte das Festival auch etwas zu bieten, denn der McMurty Sp\u00e9irling, der am Sonntag von Max Chilton gefahren wurde, brach in 39,08 Sekunden den offiziellen Bergrekord. Seit Nick Heidfeld im Jahr 1999 die Bestzeit setzte, kam 2019 nur der elektrische VW I.D. R mit einer Zeit von 39,9 Sekunden in die N\u00e4he. Der kompromi\u00dflose McMurtry mit 1000 PS, der von zwei Ventilatoren an die Stra\u00dfe gesaugt wird, ist nun der neue Rekordhalter.<\/p>\n\n\n\n<figure class=\"wp-block-image size-large\"><img loading=\"lazy\" decoding=\"async\" width=\"810\" height=\"457\" src=\"https:\/\/www.enzo-und-ferdinand.de\/wp-content\/uploads\/2022\/06\/Bildschirmfoto-2022-06-23-um-12.52.01-810x457.png\" alt=\"\" class=\"wp-image-8990\" srcset=\"https:\/\/www.enzo-und-ferdinand.de\/wp-content\/uploads\/2022\/06\/Bildschirmfoto-2022-06-23-um-12.52.01-810x457.png 810w, https:\/\/www.enzo-und-ferdinand.de\/wp-content\/uploads\/2022\/06\/Bildschirmfoto-2022-06-23-um-12.52.01-300x169.png 300w, https:\/\/www.enzo-und-ferdinand.de\/wp-content\/uploads\/2022\/06\/Bildschirmfoto-2022-06-23-um-12.52.01-768x434.png 768w, https:\/\/www.enzo-und-ferdinand.de\/wp-content\/uploads\/2022\/06\/Bildschirmfoto-2022-06-23-um-12.52.01.png 875w\" sizes=\"auto, (max-width: 810px) 100vw, 810px\" \/><\/figure>\n\n\n\n<p class=\"wp-block-paragraph\">Gefeiert wurde dieses Jahr der 50ste Geburtstag von BMWs Motorsport mit einer illustren Auswahl an Boliden, bei denen nat\u00fcrlich Nelson Piquets Weltmeister-Brabham-BMW BT52 von 1983 genauso wenig fehlen durfte wie der V12 LMR, mit dem Joachim Winkelhock, Pierluigi Martini und Yannick Dalmas 1999 die 14 Stunden von Le Mans gewannen.<\/p>\n\n\n\nngg_shortcode_0_placeholder\n\n\n\n<p class=\"wp-block-paragraph\">Traditionell nahmen mehrere aktuelle zu Besuch, darunter das McLaren F1 Team, das Mercedes-AMG Petronas Formula One Team, das Scuderia Ferrari Formula 1 Team und Williams Racing. In der F1 Pit Lane konnten die Besucher die beeindruckenden Autos sehen, die f\u00fcr die legend\u00e4re Bergrennstrecke vorbereitet wurden, und den Fahrern und Ingenieuren ganz nahe kommen. George Russell, Esteban Gutierrez und Zhou Guanyu standen f\u00fcr Fotos und Autogramme zur Verf\u00fcgung, bevor sie den Berg in Angriff nahmen. In der F1-Boxengasse waren auch das Gen3-Formel-E-Auto von Mahindra Racing sowie der wasserstoffbetriebene Langstreckenrennwagen LMPH2G von MissionH24 zu sehen.<\/p>\n\n\n\nngg_shortcode_1_placeholder\n\n\n\n<p class=\"wp-block-paragraph\">Der Weltmeister von 1992, Nigel Mansell, war w\u00e4hrend des gesamten Wochenendes in Goodwood zu Gast und feierte zum ersten Mal seit 30 Jahren ein Wiedersehen mit seinem siegreichen Williams FW14B vereint.<\/p>\n\n\n\n<p class=\"wp-block-paragraph\">Motorradweltmeister Wayne Rainey, der seine Karriere aufgeben musste, weil er nach einem Sturz querschnittgel\u00e4hmt war, kehrte zum ersten Mal seit 30 Jahren wieder in den Sattel zur\u00fcck. Seine Yamaha YZR500 war so modifiziert worden, dass die Hinterradbremse und der Schalthebel an den Lenker verlegt wurden, so dass Wayne den H\u00fcgel befahren und sogar mit einem Wheelie von der Linie fahren konnte. Der dreimalige Weltmeister freute sich \u00fcber das Wiedersehen mit seiner Maschine und wurde von Mick Doohan, Kevin Schwantz sowie Kenny Roberts auf den H\u00fcgel begleitet.<\/p>\n\n\n\nngg_shortcode_2_placeholder\n\n\n\n<p class=\"wp-block-paragraph\">Weitere Fahrer, die dieses Wochenende mitfeierten, waren Jenson Button, Tatiana Calderon, Karun Chandhok, Dario Franchitti, Sophia Fl\u00f6rsch, Mika H\u00e4kkinen, Damon Hill, Travis Pastrana, Bruno Senna, Sir Jackie Stewart, Mark Webber und Tessa Whittock.<\/p>\n\n\n\n<p class=\"wp-block-paragraph\">Beim Cartier Style et Luxe&#8220; ging die Auszeichnung &#8222;Best in Show&#8220; an den 1965er Ferrari 275 GTB\/4 aus einer Privatsammlung. Zudem wurden \u00fcber 60 Supersportwagen ausgestellt, darunter einige Weltpremieren wie etwa die Enth\u00fcllung des BMW M3 Touring, des Mercedes AMG Project ONE, des Range Rover Sport und des Pagani Huayra Codalunga.&nbsp;<\/p>\n\n\n\nngg_shortcode_3_placeholder\n\n\n\n<p class=\"has-text-align-right has-small-font-size wp-block-paragraph\">Fotos: FoS\/Text: Rainer Ro\u00dfbach<\/p>\n","protected":false},"excerpt":{"rendered":"<p>Beim 29. Festival in Goodwood trafen sich wiederum Legenden aus allen Bereichen des Motorsports. Aus deutscher Sicht war der H\u00f6hepunkt sicher die Enth\u00fcllung des Porsche 963 LMDh, mit dem die Zuffenhauser 2023 um den Sieg bei den 24 Stunden von Le Mans k\u00e4mpfen wollen. Zweites Highlight war die Publikumspremiere des AMG One. Der feinste Formel-1-Technik auf die Stra\u00dfe bringt. Sportlich hatte das Festival auch etwas zu bieten, denn der McMurty Sp\u00e9irling, der am Sonntag von Max Chilton gefahren wurde, brach in 39,08 Sekunden den offiziellen Bergrekord. Seit Nick Heidfeld im Jahr 1999 die Bestzeit setzte, kam 2019 nur der elektrische VW I.D. R mit einer Zeit von 39,9 Sekunden in die N\u00e4he. Der kompromi\u00dflose McMurtry mit 1000 PS, der von zwei Ventilatoren an die Stra\u00dfe gesaugt wird, ist nun der neue Rekordhalter.<\/p>\n","protected":false},"author":1,"featured_media":8884,"comment_status":"closed","ping_status":"closed","sticky":false,"template":"","format":"standard","meta":{"_crdt_document":"","ngg_post_thumbnail":0,"footnotes":""},"categories":[14,23,5,25],"tags":[26,327,324],"class_list":["post-8882","post","type-post","status-publish","format-standard","has-post-thumbnail","hentry","category-events","category-performance","category-rennsport","category-rennstrecken","tag-festival-of-speed","tag-fos","tag-goodwood"],"yoast_head":"<!-- This site is optimized with the Yoast SEO plugin v27.5 - https:\/\/yoast.com\/product\/yoast-seo-wordpress\/ -->\n<title>Festival of Speed 2022<\/title>\n<meta name=\"description\" content=\"Festival of Speed Goodwood Porsche 963 LMDh 24 Stunden von Le Mans AMG One McMurty Sp\u00e9irling Max Chilton VW I.D. R BMW Motorsport Nelson Piquet Brabham-BMW BT53 V12 LMR McLaren F1 Team Mercedes-AMG Petronas Formula One Team Scuderia Ferrari Williams Racing George Russell Esteban Gutierrez Nigel Mansell Jenson Button Tatiana Calderon Karun Chandhok Dario Franchitti Sophia Fl\u00f6rsch Mika H\u00e4kkinen Damon Hill Travis Pastrana Bruno Senna Sir Jackie Stewart Mark Webber\" \/>\n<meta name=\"robots\" content=\"index, follow, max-snippet:-1, max-image-preview:large, max-video-preview:-1\" \/>\n<link rel=\"canonical\" href=\"https:\/\/www.enzo-und-ferdinand.de\/index.php\/2022\/07\/01\/festival-of-speed-2022\/\" \/>\n<meta property=\"og:locale\" content=\"de_DE\" \/>\n<meta property=\"og:type\" content=\"article\" \/>\n<meta property=\"og:title\" content=\"Festival of Speed 2022\" \/>\n<meta property=\"og:description\" content=\"Festival of Speed Goodwood Porsche 963 LMDh 24 Stunden von Le Mans AMG One McMurty Sp\u00e9irling Max Chilton VW I.D. R BMW Motorsport Nelson Piquet Brabham-BMW BT53 V12 LMR McLaren F1 Team Mercedes-AMG Petronas Formula One Team Scuderia Ferrari Williams Racing George Russell Esteban Gutierrez Nigel Mansell Jenson Button Tatiana Calderon Karun Chandhok Dario Franchitti Sophia Fl\u00f6rsch Mika H\u00e4kkinen Damon Hill Travis Pastrana Bruno Senna Sir Jackie Stewart Mark Webber\" \/>\n<meta property=\"og:url\" content=\"https:\/\/www.enzo-und-ferdinand.de\/index.php\/2022\/07\/01\/festival-of-speed-2022\/\" \/>\n<meta property=\"og:site_name\" content=\"enzo &amp; Ferdinand\" \/>\n<meta property=\"article:published_time\" content=\"2022-07-01T04:07:47+00:00\" \/>\n<meta property=\"article:modified_time\" content=\"2022-07-01T04:07:50+00:00\" \/>\n<meta property=\"og:image\" content=\"https:\/\/www.enzo-und-ferdinand.de\/wp-content\/uploads\/2022\/06\/Bildschirmfoto-2022-06-25-um-12.20.44.png\" \/>\n\t<meta property=\"og:image:width\" content=\"875\" \/>\n\t<meta property=\"og:image:height\" content=\"492\" \/>\n\t<meta property=\"og:image:type\" content=\"image\/png\" \/>\n<meta name=\"author\" content=\"Rainer Ro\u00dfbach\" \/>\n<meta name=\"twitter:card\" content=\"summary_large_image\" \/>\n<meta name=\"twitter:label1\" content=\"Verfasst von\" \/>\n\t<meta name=\"twitter:data1\" content=\"Rainer Ro\u00dfbach\" \/>\n\t<meta name=\"twitter:label2\" content=\"Gesch\u00e4tzte Lesezeit\" \/>\n\t<meta name=\"twitter:data2\" content=\"3\u00a0Minuten\" \/>\n<script type=\"application\/ld+json\" class=\"yoast-schema-graph\">{\"@context\":\"https:\\\/\\\/schema.org\",\"@graph\":[{\"@type\":\"Article\",\"@id\":\"https:\\\/\\\/www.enzo-und-ferdinand.de\\\/index.php\\\/2022\\\/07\\\/01\\\/festival-of-speed-2022\\\/#article\",\"isPartOf\":{\"@id\":\"https:\\\/\\\/www.enzo-und-ferdinand.de\\\/index.php\\\/2022\\\/07\\\/01\\\/festival-of-speed-2022\\\/\"},\"author\":{\"name\":\"Rainer Ro\u00dfbach\",\"@id\":\"https:\\\/\\\/www.enzo-und-ferdinand.de\\\/#\\\/schema\\\/person\\\/aff2eb9ff87705987c1b9d21fe10b095\"},\"headline\":\"Festival of Speed 2022\",\"datePublished\":\"2022-07-01T04:07:47+00:00\",\"dateModified\":\"2022-07-01T04:07:50+00:00\",\"mainEntityOfPage\":{\"@id\":\"https:\\\/\\\/www.enzo-und-ferdinand.de\\\/index.php\\\/2022\\\/07\\\/01\\\/festival-of-speed-2022\\\/\"},\"wordCount\":531,\"publisher\":{\"@id\":\"https:\\\/\\\/www.enzo-und-ferdinand.de\\\/#organization\"},\"image\":{\"@id\":\"https:\\\/\\\/www.enzo-und-ferdinand.de\\\/index.php\\\/2022\\\/07\\\/01\\\/festival-of-speed-2022\\\/#primaryimage\"},\"thumbnailUrl\":\"https:\\\/\\\/www.enzo-und-ferdinand.de\\\/wp-content\\\/uploads\\\/2022\\\/06\\\/Bildschirmfoto-2022-06-25-um-12.20.44.png\",\"keywords\":[\"Festival of Speed\",\"FOS\",\"Goodwood\"],\"articleSection\":[\"Events\",\"Performance\",\"Rennsport\",\"Rennstrecken\"],\"inLanguage\":\"de\"},{\"@type\":\"WebPage\",\"@id\":\"https:\\\/\\\/www.enzo-und-ferdinand.de\\\/index.php\\\/2022\\\/07\\\/01\\\/festival-of-speed-2022\\\/\",\"url\":\"https:\\\/\\\/www.enzo-und-ferdinand.de\\\/index.php\\\/2022\\\/07\\\/01\\\/festival-of-speed-2022\\\/\",\"name\":\"Festival of Speed 2022\",\"isPartOf\":{\"@id\":\"https:\\\/\\\/www.enzo-und-ferdinand.de\\\/#website\"},\"primaryImageOfPage\":{\"@id\":\"https:\\\/\\\/www.enzo-und-ferdinand.de\\\/index.php\\\/2022\\\/07\\\/01\\\/festival-of-speed-2022\\\/#primaryimage\"},\"image\":{\"@id\":\"https:\\\/\\\/www.enzo-und-ferdinand.de\\\/index.php\\\/2022\\\/07\\\/01\\\/festival-of-speed-2022\\\/#primaryimage\"},\"thumbnailUrl\":\"https:\\\/\\\/www.enzo-und-ferdinand.de\\\/wp-content\\\/uploads\\\/2022\\\/06\\\/Bildschirmfoto-2022-06-25-um-12.20.44.png\",\"datePublished\":\"2022-07-01T04:07:47+00:00\",\"dateModified\":\"2022-07-01T04:07:50+00:00\",\"description\":\"Festival of Speed Goodwood Porsche 963 LMDh 24 Stunden von Le Mans AMG One McMurty Sp\u00e9irling Max Chilton VW I.D. R BMW Motorsport Nelson Piquet Brabham-BMW BT53 V12 LMR McLaren F1 Team Mercedes-AMG Petronas Formula One Team Scuderia Ferrari Williams Racing George Russell Esteban Gutierrez Nigel Mansell Jenson Button Tatiana Calderon Karun Chandhok Dario Franchitti Sophia Fl\u00f6rsch Mika H\u00e4kkinen Damon Hill Travis Pastrana Bruno Senna Sir Jackie Stewart Mark Webber\",\"breadcrumb\":{\"@id\":\"https:\\\/\\\/www.enzo-und-ferdinand.de\\\/index.php\\\/2022\\\/07\\\/01\\\/festival-of-speed-2022\\\/#breadcrumb\"},\"inLanguage\":\"de\",\"potentialAction\":[{\"@type\":\"ReadAction\",\"target\":[\"https:\\\/\\\/www.enzo-und-ferdinand.de\\\/index.php\\\/2022\\\/07\\\/01\\\/festival-of-speed-2022\\\/\"]}]},{\"@type\":\"ImageObject\",\"inLanguage\":\"de\",\"@id\":\"https:\\\/\\\/www.enzo-und-ferdinand.de\\\/index.php\\\/2022\\\/07\\\/01\\\/festival-of-speed-2022\\\/#primaryimage\",\"url\":\"https:\\\/\\\/www.enzo-und-ferdinand.de\\\/wp-content\\\/uploads\\\/2022\\\/06\\\/Bildschirmfoto-2022-06-25-um-12.20.44.png\",\"contentUrl\":\"https:\\\/\\\/www.enzo-und-ferdinand.de\\\/wp-content\\\/uploads\\\/2022\\\/06\\\/Bildschirmfoto-2022-06-25-um-12.20.44.png\",\"width\":875,\"height\":492},{\"@type\":\"BreadcrumbList\",\"@id\":\"https:\\\/\\\/www.enzo-und-ferdinand.de\\\/index.php\\\/2022\\\/07\\\/01\\\/festival-of-speed-2022\\\/#breadcrumb\",\"itemListElement\":[{\"@type\":\"ListItem\",\"position\":1,\"name\":\"Startseite\",\"item\":\"https:\\\/\\\/www.enzo-und-ferdinand.de\\\/\"},{\"@type\":\"ListItem\",\"position\":2,\"name\":\"Festival of Speed 2022\"}]},{\"@type\":\"WebSite\",\"@id\":\"https:\\\/\\\/www.enzo-und-ferdinand.de\\\/#website\",\"url\":\"https:\\\/\\\/www.enzo-und-ferdinand.de\\\/\",\"name\":\"enzo & Ferdinand\",\"description\":\"\",\"publisher\":{\"@id\":\"https:\\\/\\\/www.enzo-und-ferdinand.de\\\/#organization\"},\"potentialAction\":[{\"@type\":\"SearchAction\",\"target\":{\"@type\":\"EntryPoint\",\"urlTemplate\":\"https:\\\/\\\/www.enzo-und-ferdinand.de\\\/?s={search_term_string}\"},\"query-input\":{\"@type\":\"PropertyValueSpecification\",\"valueRequired\":true,\"valueName\":\"search_term_string\"}}],\"inLanguage\":\"de\"},{\"@type\":\"Organization\",\"@id\":\"https:\\\/\\\/www.enzo-und-ferdinand.de\\\/#organization\",\"name\":\"enzo & Ferdinand\",\"url\":\"https:\\\/\\\/www.enzo-und-ferdinand.de\\\/\",\"logo\":{\"@type\":\"ImageObject\",\"inLanguage\":\"de\",\"@id\":\"https:\\\/\\\/www.enzo-und-ferdinand.de\\\/#\\\/schema\\\/logo\\\/image\\\/\",\"url\":\"https:\\\/\\\/www.enzo-und-ferdinand.de\\\/wp-content\\\/uploads\\\/2018\\\/12\\\/revvvs-icon.png\",\"contentUrl\":\"https:\\\/\\\/www.enzo-und-ferdinand.de\\\/wp-content\\\/uploads\\\/2018\\\/12\\\/revvvs-icon.png\",\"width\":512,\"height\":512,\"caption\":\"enzo & Ferdinand\"},\"image\":{\"@id\":\"https:\\\/\\\/www.enzo-und-ferdinand.de\\\/#\\\/schema\\\/logo\\\/image\\\/\"}},{\"@type\":\"Person\",\"@id\":\"https:\\\/\\\/www.enzo-und-ferdinand.de\\\/#\\\/schema\\\/person\\\/aff2eb9ff87705987c1b9d21fe10b095\",\"name\":\"Rainer Ro\u00dfbach\",\"image\":{\"@type\":\"ImageObject\",\"inLanguage\":\"de\",\"@id\":\"https:\\\/\\\/www.enzo-und-ferdinand.de\\\/wp-content\\\/uploads\\\/2026\\\/01\\\/Rainer-Rossbach-150x150.jpg\",\"url\":\"https:\\\/\\\/www.enzo-und-ferdinand.de\\\/wp-content\\\/uploads\\\/2026\\\/01\\\/Rainer-Rossbach-150x150.jpg\",\"contentUrl\":\"https:\\\/\\\/www.enzo-und-ferdinand.de\\\/wp-content\\\/uploads\\\/2026\\\/01\\\/Rainer-Rossbach-150x150.jpg\",\"caption\":\"Rainer Ro\u00dfbach\"},\"url\":\"https:\\\/\\\/www.enzo-und-ferdinand.de\\\/index.php\\\/author\\\/redaktion\\\/\"}]}<\/script>\n<!-- \/ Yoast SEO plugin. -->","yoast_head_json":{"title":"Festival of Speed 2022","description":"Festival of Speed Goodwood Porsche 963 LMDh 24 Stunden von Le Mans AMG One McMurty Sp\u00e9irling Max Chilton VW I.D. R BMW Motorsport Nelson Piquet Brabham-BMW BT53 V12 LMR McLaren F1 Team Mercedes-AMG Petronas Formula One Team Scuderia Ferrari Williams Racing George Russell Esteban Gutierrez Nigel Mansell Jenson Button Tatiana Calderon Karun Chandhok Dario Franchitti Sophia Fl\u00f6rsch Mika H\u00e4kkinen Damon Hill Travis Pastrana Bruno Senna Sir Jackie Stewart Mark Webber","robots":{"index":"index","follow":"follow","max-snippet":"max-snippet:-1","max-image-preview":"max-image-preview:large","max-video-preview":"max-video-preview:-1"},"canonical":"https:\/\/www.enzo-und-ferdinand.de\/index.php\/2022\/07\/01\/festival-of-speed-2022\/","og_locale":"de_DE","og_type":"article","og_title":"Festival of Speed 2022","og_description":"Festival of Speed Goodwood Porsche 963 LMDh 24 Stunden von Le Mans AMG One McMurty Sp\u00e9irling Max Chilton VW I.D. R BMW Motorsport Nelson Piquet Brabham-BMW BT53 V12 LMR McLaren F1 Team Mercedes-AMG Petronas Formula One Team Scuderia Ferrari Williams Racing George Russell Esteban Gutierrez Nigel Mansell Jenson Button Tatiana Calderon Karun Chandhok Dario Franchitti Sophia Fl\u00f6rsch Mika H\u00e4kkinen Damon Hill Travis Pastrana Bruno Senna Sir Jackie Stewart Mark Webber","og_url":"https:\/\/www.enzo-und-ferdinand.de\/index.php\/2022\/07\/01\/festival-of-speed-2022\/","og_site_name":"enzo &amp; Ferdinand","article_published_time":"2022-07-01T04:07:47+00:00","article_modified_time":"2022-07-01T04:07:50+00:00","og_image":[{"width":875,"height":492,"url":"https:\/\/www.enzo-und-ferdinand.de\/wp-content\/uploads\/2022\/06\/Bildschirmfoto-2022-06-25-um-12.20.44.png","type":"image\/png"}],"author":"Rainer Ro\u00dfbach","twitter_card":"summary_large_image","twitter_misc":{"Verfasst von":"Rainer Ro\u00dfbach","Gesch\u00e4tzte Lesezeit":"3\u00a0Minuten"},"schema":{"@context":"https:\/\/schema.org","@graph":[{"@type":"Article","@id":"https:\/\/www.enzo-und-ferdinand.de\/index.php\/2022\/07\/01\/festival-of-speed-2022\/#article","isPartOf":{"@id":"https:\/\/www.enzo-und-ferdinand.de\/index.php\/2022\/07\/01\/festival-of-speed-2022\/"},"author":{"name":"Rainer Ro\u00dfbach","@id":"https:\/\/www.enzo-und-ferdinand.de\/#\/schema\/person\/aff2eb9ff87705987c1b9d21fe10b095"},"headline":"Festival of Speed 2022","datePublished":"2022-07-01T04:07:47+00:00","dateModified":"2022-07-01T04:07:50+00:00","mainEntityOfPage":{"@id":"https:\/\/www.enzo-und-ferdinand.de\/index.php\/2022\/07\/01\/festival-of-speed-2022\/"},"wordCount":531,"publisher":{"@id":"https:\/\/www.enzo-und-ferdinand.de\/#organization"},"image":{"@id":"https:\/\/www.enzo-und-ferdinand.de\/index.php\/2022\/07\/01\/festival-of-speed-2022\/#primaryimage"},"thumbnailUrl":"https:\/\/www.enzo-und-ferdinand.de\/wp-content\/uploads\/2022\/06\/Bildschirmfoto-2022-06-25-um-12.20.44.png","keywords":["Festival of Speed","FOS","Goodwood"],"articleSection":["Events","Performance","Rennsport","Rennstrecken"],"inLanguage":"de"},{"@type":"WebPage","@id":"https:\/\/www.enzo-und-ferdinand.de\/index.php\/2022\/07\/01\/festival-of-speed-2022\/","url":"https:\/\/www.enzo-und-ferdinand.de\/index.php\/2022\/07\/01\/festival-of-speed-2022\/","name":"Festival of Speed 2022","isPartOf":{"@id":"https:\/\/www.enzo-und-ferdinand.de\/#website"},"primaryImageOfPage":{"@id":"https:\/\/www.enzo-und-ferdinand.de\/index.php\/2022\/07\/01\/festival-of-speed-2022\/#primaryimage"},"image":{"@id":"https:\/\/www.enzo-und-ferdinand.de\/index.php\/2022\/07\/01\/festival-of-speed-2022\/#primaryimage"},"thumbnailUrl":"https:\/\/www.enzo-und-ferdinand.de\/wp-content\/uploads\/2022\/06\/Bildschirmfoto-2022-06-25-um-12.20.44.png","datePublished":"2022-07-01T04:07:47+00:00","dateModified":"2022-07-01T04:07:50+00:00","description":"Festival of Speed Goodwood Porsche 963 LMDh 24 Stunden von Le Mans AMG One McMurty Sp\u00e9irling Max Chilton VW I.D. R BMW Motorsport Nelson Piquet Brabham-BMW BT53 V12 LMR McLaren F1 Team Mercedes-AMG Petronas Formula One Team Scuderia Ferrari Williams Racing George Russell Esteban Gutierrez Nigel Mansell Jenson Button Tatiana Calderon Karun Chandhok Dario Franchitti Sophia Fl\u00f6rsch Mika H\u00e4kkinen Damon Hill Travis Pastrana Bruno Senna Sir Jackie Stewart Mark Webber","breadcrumb":{"@id":"https:\/\/www.enzo-und-ferdinand.de\/index.php\/2022\/07\/01\/festival-of-speed-2022\/#breadcrumb"},"inLanguage":"de","potentialAction":[{"@type":"ReadAction","target":["https:\/\/www.enzo-und-ferdinand.de\/index.php\/2022\/07\/01\/festival-of-speed-2022\/"]}]},{"@type":"ImageObject","inLanguage":"de","@id":"https:\/\/www.enzo-und-ferdinand.de\/index.php\/2022\/07\/01\/festival-of-speed-2022\/#primaryimage","url":"https:\/\/www.enzo-und-ferdinand.de\/wp-content\/uploads\/2022\/06\/Bildschirmfoto-2022-06-25-um-12.20.44.png","contentUrl":"https:\/\/www.enzo-und-ferdinand.de\/wp-content\/uploads\/2022\/06\/Bildschirmfoto-2022-06-25-um-12.20.44.png","width":875,"height":492},{"@type":"BreadcrumbList","@id":"https:\/\/www.enzo-und-ferdinand.de\/index.php\/2022\/07\/01\/festival-of-speed-2022\/#breadcrumb","itemListElement":[{"@type":"ListItem","position":1,"name":"Startseite","item":"https:\/\/www.enzo-und-ferdinand.de\/"},{"@type":"ListItem","position":2,"name":"Festival of Speed 2022"}]},{"@type":"WebSite","@id":"https:\/\/www.enzo-und-ferdinand.de\/#website","url":"https:\/\/www.enzo-und-ferdinand.de\/","name":"enzo & Ferdinand","description":"","publisher":{"@id":"https:\/\/www.enzo-und-ferdinand.de\/#organization"},"potentialAction":[{"@type":"SearchAction","target":{"@type":"EntryPoint","urlTemplate":"https:\/\/www.enzo-und-ferdinand.de\/?s={search_term_string}"},"query-input":{"@type":"PropertyValueSpecification","valueRequired":true,"valueName":"search_term_string"}}],"inLanguage":"de"},{"@type":"Organization","@id":"https:\/\/www.enzo-und-ferdinand.de\/#organization","name":"enzo & Ferdinand","url":"https:\/\/www.enzo-und-ferdinand.de\/","logo":{"@type":"ImageObject","inLanguage":"de","@id":"https:\/\/www.enzo-und-ferdinand.de\/#\/schema\/logo\/image\/","url":"https:\/\/www.enzo-und-ferdinand.de\/wp-content\/uploads\/2018\/12\/revvvs-icon.png","contentUrl":"https:\/\/www.enzo-und-ferdinand.de\/wp-content\/uploads\/2018\/12\/revvvs-icon.png","width":512,"height":512,"caption":"enzo & Ferdinand"},"image":{"@id":"https:\/\/www.enzo-und-ferdinand.de\/#\/schema\/logo\/image\/"}},{"@type":"Person","@id":"https:\/\/www.enzo-und-ferdinand.de\/#\/schema\/person\/aff2eb9ff87705987c1b9d21fe10b095","name":"Rainer Ro\u00dfbach","image":{"@type":"ImageObject","inLanguage":"de","@id":"https:\/\/www.enzo-und-ferdinand.de\/wp-content\/uploads\/2026\/01\/Rainer-Rossbach-150x150.jpg","url":"https:\/\/www.enzo-und-ferdinand.de\/wp-content\/uploads\/2026\/01\/Rainer-Rossbach-150x150.jpg","contentUrl":"https:\/\/www.enzo-und-ferdinand.de\/wp-content\/uploads\/2026\/01\/Rainer-Rossbach-150x150.jpg","caption":"Rainer Ro\u00dfbach"},"url":"https:\/\/www.enzo-und-ferdinand.de\/index.php\/author\/redaktion\/"}]}},"_links":{"self":[{"href":"https:\/\/www.enzo-und-ferdinand.de\/index.php\/wp-json\/wp\/v2\/posts\/8882","targetHints":{"allow":["GET"]}}],"collection":[{"href":"https:\/\/www.enzo-und-ferdinand.de\/index.php\/wp-json\/wp\/v2\/posts"}],"about":[{"href":"https:\/\/www.enzo-und-ferdinand.de\/index.php\/wp-json\/wp\/v2\/types\/post"}],"author":[{"embeddable":true,"href":"https:\/\/www.enzo-und-ferdinand.de\/index.php\/wp-json\/wp\/v2\/users\/1"}],"replies":[{"embeddable":true,"href":"https:\/\/www.enzo-und-ferdinand.de\/index.php\/wp-json\/wp\/v2\/comments?post=8882"}],"version-history":[{"count":16,"href":"https:\/\/www.enzo-und-ferdinand.de\/index.php\/wp-json\/wp\/v2\/posts\/8882\/revisions"}],"predecessor-version":[{"id":8991,"href":"https:\/\/www.enzo-und-ferdinand.de\/index.php\/wp-json\/wp\/v2\/posts\/8882\/revisions\/8991"}],"wp:featuredmedia":[{"embeddable":true,"href":"https:\/\/www.enzo-und-ferdinand.de\/index.php\/wp-json\/wp\/v2\/media\/8884"}],"wp:attachment":[{"href":"https:\/\/www.enzo-und-ferdinand.de\/index.php\/wp-json\/wp\/v2\/media?parent=8882"}],"wp:term":[{"taxonomy":"category","embeddable":true,"href":"https:\/\/www.enzo-und-ferdinand.de\/index.php\/wp-json\/wp\/v2\/categories?post=8882"},{"taxonomy":"post_tag","embeddable":true,"href":"https:\/\/www.enzo-und-ferdinand.de\/index.php\/wp-json\/wp\/v2\/tags?post=8882"}],"curies":[{"name":"wp","href":"https:\/\/api.w.org\/{rel}","templated":true}]}}