{"id":9068,"date":"2022-07-05T06:50:08","date_gmt":"2022-07-05T04:50:08","guid":{"rendered":"https:\/\/www.enzo-und-ferdinand.de\/?p=9068"},"modified":"2022-07-05T06:50:10","modified_gmt":"2022-07-05T04:50:10","slug":"skoda-afriq","status":"publish","type":"post","link":"https:\/\/www.enzo-und-ferdinand.de\/index.php\/2022\/07\/05\/skoda-afriq\/","title":{"rendered":"\u0160koda Afriq"},"content":{"rendered":"\n<figure class=\"wp-block-image size-large\"><img loading=\"lazy\" decoding=\"async\" width=\"810\" height=\"541\" src=\"https:\/\/www.enzo-und-ferdinand.de\/wp-content\/uploads\/2022\/07\/2022-Skoda-Afriq-Concept-15-810x541.jpg\" alt=\"\" class=\"wp-image-9080\" srcset=\"https:\/\/www.enzo-und-ferdinand.de\/wp-content\/uploads\/2022\/07\/2022-Skoda-Afriq-Concept-15-810x541.jpg 810w, https:\/\/www.enzo-und-ferdinand.de\/wp-content\/uploads\/2022\/07\/2022-Skoda-Afriq-Concept-15-300x200.jpg 300w, https:\/\/www.enzo-und-ferdinand.de\/wp-content\/uploads\/2022\/07\/2022-Skoda-Afriq-Concept-15-768x513.jpg 768w, https:\/\/www.enzo-und-ferdinand.de\/wp-content\/uploads\/2022\/07\/2022-Skoda-Afriq-Concept-15-120x80.jpg 120w, https:\/\/www.enzo-und-ferdinand.de\/wp-content\/uploads\/2022\/07\/2022-Skoda-Afriq-Concept-15.jpg 875w\" sizes=\"auto, (max-width: 810px) 100vw, 810px\" \/><\/figure>\n\n\n\n<p class=\"wp-block-paragraph\">Der tschechische VW-Ableger pflegt die Tradition der \u201eStudent Dream Cars\u201c. Die Studenten w\u00e4hlten als Basis das Kamiq-Serienmodells, um ein Rallye-inspiriertes Konzept auf die R\u00e4der zu stellen. Vier Monate und rund zweitausend Stunden brauchte es, um die umfangreichen Modifikationen an der Karosserie des Basisfahrzeugs auszuf\u00fchren: Die hinteren T\u00fcren wurden auf den speziell entwickelten Sicherheitsk\u00e4fig des Innenraums geschwei\u00dft, Kotfl\u00fcgel, Radk\u00e4sten und Sto\u00dff\u00e4nger deutlich vergr\u00f6\u00dfert. Die Aufh\u00e4ngung ist verst\u00e4rkt und die Bodenfreiheit des Fahrzeugs deutlich erh\u00f6ht. Zudem wurde ein Allradantrieb eingebaut.<\/p>\n\n\n\n<p class=\"wp-block-paragraph\">Optisch zeigt sich die Studie vom \u0160koda Fabia Rally2 evo inspiriert.&nbsp; Auf dem Dach befindet sich eine Lufthutze, und auch der hintere Dachspoiler stammt vom Wettbewerbsfahrzeug. Die Zusatzscheinwerfer an der Front und die spezielle Schnellverschl\u00fcsse an Motorhaube und Kofferraum sind Rallye-Standard.<\/p>\n\n\n\n<p class=\"wp-block-paragraph\">Der Antriebsstrang stammt inklusive Motor und Getriebe aus dem \u0160koda Octavia 4\u00d74. Der Vierzylinder-2,0-TSI-Motor leistet 140 kW (190 PS) und \u00fcbertr\u00e4gt sein maximales Drehmoment von 320 Nm \u00fcber ein Siebengang-DSG-Getriebe auf alle vier R\u00e4der. Auch die Abgasanlage wurde an den neuen Motor und das \u00fcberarbeitete Fahrwerk angepasst.<\/p>\n\n\n\n<figure class=\"wp-block-image size-large\"><img loading=\"lazy\" decoding=\"async\" width=\"810\" height=\"540\" src=\"https:\/\/www.enzo-und-ferdinand.de\/wp-content\/uploads\/2022\/07\/2022-Skoda-Afriq-Concept-14-810x540.jpg\" alt=\"\" class=\"wp-image-9079\" srcset=\"https:\/\/www.enzo-und-ferdinand.de\/wp-content\/uploads\/2022\/07\/2022-Skoda-Afriq-Concept-14-810x540.jpg 810w, https:\/\/www.enzo-und-ferdinand.de\/wp-content\/uploads\/2022\/07\/2022-Skoda-Afriq-Concept-14-300x200.jpg 300w, https:\/\/www.enzo-und-ferdinand.de\/wp-content\/uploads\/2022\/07\/2022-Skoda-Afriq-Concept-14-768x512.jpg 768w, https:\/\/www.enzo-und-ferdinand.de\/wp-content\/uploads\/2022\/07\/2022-Skoda-Afriq-Concept-14-120x80.jpg 120w, https:\/\/www.enzo-und-ferdinand.de\/wp-content\/uploads\/2022\/07\/2022-Skoda-Afriq-Concept-14.jpg 875w\" sizes=\"auto, (max-width: 810px) 100vw, 810px\" \/><\/figure>\n\n\n\n<p class=\"wp-block-paragraph\">Ein technologische Gag ist eine Vorrichtung zur Gewinnung von Trinkwasser aus der Umgebungsluft. Das von der israelischen Firma Watergen hergestellte Ger\u00e4t saugt Luft aus der Atmosph\u00e4re an und filtert Staub und Verunreinigungen heraus. Diese gereinigte Luft durchl\u00e4uft dann den GENius-W\u00e4rmeaustausch- und K\u00fchlprozess, wo sie zu Wasser kondensiert. In der dritten Stufe durchl\u00e4uft das zur\u00fcckgewonnene Wasser einen Kaskadenfilter, der es erneut reinigt und mineralisiert. Dabei werden durch UV-Licht Mikroorganismen abget\u00f6tet und sch\u00e4dliche Chemikalien abgebaut. Das aufbereitete Wasser wird in einem Tank bei 5\u00b0C gelagert und weiter mit UV-Licht bestrahlt, um Viren und Bakterien abzut\u00f6ten.<\/p>\n\n\n\n<p class=\"wp-block-paragraph\">Die Ausstattung des Innenraums ist wie bei allen Rallyeautos sehr reduziert. Es gibt spezielle Rennschalensitze und Sechs-Punkt-Gurte, Lenkrad und Armaturenbrett stammen vom Fabia Rally2 evo. Zudem ist eine Feuerl\u00f6schanlage aun Bord. Weiterhin gibt es ein Outdoor-Navigationssystem mit Kilometerz\u00e4hler und zur Aufzeichnung der Fahrt sind zwei Kameras mit Mikrofonen installiert, die das Material auf Speicherkarten speichern. Eine Kamera befindet sich an der Decke zwischen den Sitzen, die andere an der linken A-S\u00e4ule oberhalb des Armaturenbretts.<\/p>\n\n\n\n<figure class=\"wp-block-gallery has-nested-images columns-2 is-cropped wp-block-gallery-1 is-layout-flex wp-block-gallery-is-layout-flex\">\n<figure class=\"wp-block-image size-large\"><img loading=\"lazy\" decoding=\"async\" width=\"810\" height=\"541\" data-id=\"9075\" src=\"https:\/\/www.enzo-und-ferdinand.de\/wp-content\/uploads\/2022\/07\/2022-Skoda-Afriq-Concept-38-810x541.jpg\" alt=\"\" class=\"wp-image-9075\" srcset=\"https:\/\/www.enzo-und-ferdinand.de\/wp-content\/uploads\/2022\/07\/2022-Skoda-Afriq-Concept-38-810x541.jpg 810w, https:\/\/www.enzo-und-ferdinand.de\/wp-content\/uploads\/2022\/07\/2022-Skoda-Afriq-Concept-38-300x200.jpg 300w, https:\/\/www.enzo-und-ferdinand.de\/wp-content\/uploads\/2022\/07\/2022-Skoda-Afriq-Concept-38-768x513.jpg 768w, https:\/\/www.enzo-und-ferdinand.de\/wp-content\/uploads\/2022\/07\/2022-Skoda-Afriq-Concept-38-120x80.jpg 120w, https:\/\/www.enzo-und-ferdinand.de\/wp-content\/uploads\/2022\/07\/2022-Skoda-Afriq-Concept-38.jpg 875w\" sizes=\"auto, (max-width: 810px) 100vw, 810px\" \/><\/figure>\n\n\n\n<figure class=\"wp-block-image size-large\"><img loading=\"lazy\" decoding=\"async\" width=\"810\" height=\"541\" data-id=\"9074\" src=\"https:\/\/www.enzo-und-ferdinand.de\/wp-content\/uploads\/2022\/07\/2022-Skoda-Afriq-Concept-39-810x541.jpg\" alt=\"\" class=\"wp-image-9074\" srcset=\"https:\/\/www.enzo-und-ferdinand.de\/wp-content\/uploads\/2022\/07\/2022-Skoda-Afriq-Concept-39-810x541.jpg 810w, https:\/\/www.enzo-und-ferdinand.de\/wp-content\/uploads\/2022\/07\/2022-Skoda-Afriq-Concept-39-300x200.jpg 300w, https:\/\/www.enzo-und-ferdinand.de\/wp-content\/uploads\/2022\/07\/2022-Skoda-Afriq-Concept-39-768x513.jpg 768w, https:\/\/www.enzo-und-ferdinand.de\/wp-content\/uploads\/2022\/07\/2022-Skoda-Afriq-Concept-39-120x80.jpg 120w, https:\/\/www.enzo-und-ferdinand.de\/wp-content\/uploads\/2022\/07\/2022-Skoda-Afriq-Concept-39.jpg 875w\" sizes=\"auto, (max-width: 810px) 100vw, 810px\" \/><\/figure>\n\n\n\n<figure class=\"wp-block-image size-large\"><img loading=\"lazy\" decoding=\"async\" width=\"810\" height=\"541\" data-id=\"9078\" src=\"https:\/\/www.enzo-und-ferdinand.de\/wp-content\/uploads\/2022\/07\/2022-Skoda-Afriq-Concept-13-810x541.jpg\" alt=\"\" class=\"wp-image-9078\" srcset=\"https:\/\/www.enzo-und-ferdinand.de\/wp-content\/uploads\/2022\/07\/2022-Skoda-Afriq-Concept-13-810x541.jpg 810w, https:\/\/www.enzo-und-ferdinand.de\/wp-content\/uploads\/2022\/07\/2022-Skoda-Afriq-Concept-13-300x200.jpg 300w, https:\/\/www.enzo-und-ferdinand.de\/wp-content\/uploads\/2022\/07\/2022-Skoda-Afriq-Concept-13-768x513.jpg 768w, https:\/\/www.enzo-und-ferdinand.de\/wp-content\/uploads\/2022\/07\/2022-Skoda-Afriq-Concept-13-120x80.jpg 120w, https:\/\/www.enzo-und-ferdinand.de\/wp-content\/uploads\/2022\/07\/2022-Skoda-Afriq-Concept-13.jpg 875w\" sizes=\"auto, (max-width: 810px) 100vw, 810px\" \/><\/figure>\n\n\n\n<figure class=\"wp-block-image size-large\"><img loading=\"lazy\" decoding=\"async\" width=\"810\" height=\"541\" data-id=\"9077\" src=\"https:\/\/www.enzo-und-ferdinand.de\/wp-content\/uploads\/2022\/07\/2022-Skoda-Afriq-Concept-11-810x541.jpg\" alt=\"\" class=\"wp-image-9077\" srcset=\"https:\/\/www.enzo-und-ferdinand.de\/wp-content\/uploads\/2022\/07\/2022-Skoda-Afriq-Concept-11-810x541.jpg 810w, https:\/\/www.enzo-und-ferdinand.de\/wp-content\/uploads\/2022\/07\/2022-Skoda-Afriq-Concept-11-300x200.jpg 300w, https:\/\/www.enzo-und-ferdinand.de\/wp-content\/uploads\/2022\/07\/2022-Skoda-Afriq-Concept-11-768x513.jpg 768w, https:\/\/www.enzo-und-ferdinand.de\/wp-content\/uploads\/2022\/07\/2022-Skoda-Afriq-Concept-11-120x80.jpg 120w, https:\/\/www.enzo-und-ferdinand.de\/wp-content\/uploads\/2022\/07\/2022-Skoda-Afriq-Concept-11.jpg 875w\" sizes=\"auto, (max-width: 810px) 100vw, 810px\" \/><\/figure>\n\n\n\n<figure class=\"wp-block-image size-large\"><img loading=\"lazy\" decoding=\"async\" width=\"810\" height=\"541\" data-id=\"9076\" src=\"https:\/\/www.enzo-und-ferdinand.de\/wp-content\/uploads\/2022\/07\/2022-Skoda-Afriq-Concept-09-810x541.jpg\" alt=\"\" class=\"wp-image-9076\" srcset=\"https:\/\/www.enzo-und-ferdinand.de\/wp-content\/uploads\/2022\/07\/2022-Skoda-Afriq-Concept-09-810x541.jpg 810w, https:\/\/www.enzo-und-ferdinand.de\/wp-content\/uploads\/2022\/07\/2022-Skoda-Afriq-Concept-09-300x200.jpg 300w, https:\/\/www.enzo-und-ferdinand.de\/wp-content\/uploads\/2022\/07\/2022-Skoda-Afriq-Concept-09-768x513.jpg 768w, https:\/\/www.enzo-und-ferdinand.de\/wp-content\/uploads\/2022\/07\/2022-Skoda-Afriq-Concept-09-120x80.jpg 120w, https:\/\/www.enzo-und-ferdinand.de\/wp-content\/uploads\/2022\/07\/2022-Skoda-Afriq-Concept-09.jpg 875w\" sizes=\"auto, (max-width: 810px) 100vw, 810px\" \/><\/figure>\n\n\n\n<figure class=\"wp-block-image size-large\"><img loading=\"lazy\" decoding=\"async\" width=\"810\" height=\"541\" data-id=\"9073\" src=\"https:\/\/www.enzo-und-ferdinand.de\/wp-content\/uploads\/2022\/07\/2022-Skoda-Afriq-Concept-41-810x541.jpg\" alt=\"\" class=\"wp-image-9073\" srcset=\"https:\/\/www.enzo-und-ferdinand.de\/wp-content\/uploads\/2022\/07\/2022-Skoda-Afriq-Concept-41-810x541.jpg 810w, https:\/\/www.enzo-und-ferdinand.de\/wp-content\/uploads\/2022\/07\/2022-Skoda-Afriq-Concept-41-300x200.jpg 300w, https:\/\/www.enzo-und-ferdinand.de\/wp-content\/uploads\/2022\/07\/2022-Skoda-Afriq-Concept-41-768x513.jpg 768w, https:\/\/www.enzo-und-ferdinand.de\/wp-content\/uploads\/2022\/07\/2022-Skoda-Afriq-Concept-41-120x80.jpg 120w, https:\/\/www.enzo-und-ferdinand.de\/wp-content\/uploads\/2022\/07\/2022-Skoda-Afriq-Concept-41.jpg 875w\" sizes=\"auto, (max-width: 810px) 100vw, 810px\" \/><\/figure>\n<\/figure>\n\n\n\n<p class=\"has-text-align-right has-small-font-size wp-block-paragraph\">Fotos: \u0160koda\/Text: Rainer Ro\u00dfbach<\/p>\n","protected":false},"excerpt":{"rendered":"<p>Der tschechische VW-Ableger pflegt die Tradition der \u201eStudent Dream Cars\u201c. Die Studenten w\u00e4hlten als Basis das Kamiq-Serienmodells, um ein Rallye-inspiriertes Konzept auf die R\u00e4der zu stellen. Vier Monate und rund zweitausend Stunden brauchte es, um die umfangreichen Modifikationen an der Karosserie des Basisfahrzeugs auszuf\u00fchren: Die hinteren T\u00fcren wurden auf den speziell entwickelten Sicherheitsk\u00e4fig des Innenraums geschwei\u00dft, Kotfl\u00fcgel, Radk\u00e4sten und Sto\u00dff\u00e4nger deutlich vergr\u00f6\u00dfert. Die Aufh\u00e4ngung ist verst\u00e4rkt und die Bodenfreiheit des Fahrzeugs deutlich erh\u00f6ht. Zudem wurde ein Allradantrieb eingebaut.<\/p>\n","protected":false},"author":1,"featured_media":9081,"comment_status":"closed","ping_status":"closed","sticky":false,"template":"","format":"standard","meta":{"_crdt_document":"","ngg_post_thumbnail":0,"footnotes":""},"categories":[23,4],"tags":[187,571],"class_list":["post-9068","post","type-post","status-publish","format-standard","has-post-thumbnail","hentry","category-performance","category-studien","tag-skoda","tag-skoda-2"],"yoast_head":"<!-- This site is optimized with the Yoast SEO plugin v27.5 - https:\/\/yoast.com\/product\/yoast-seo-wordpress\/ -->\n<title>\u0160koda Afriq<\/title>\n<meta name=\"description\" content=\"\u0160koda Afriq VW Kamiq Sicherheitsk\u00e4fig Allradantrieb \u0160koda Fabia Rally2 evo Octavia 4\u00d74 Rallyeauto Outdoor-Navigationssystem Skoda\" \/>\n<meta name=\"robots\" content=\"index, follow, max-snippet:-1, max-image-preview:large, max-video-preview:-1\" \/>\n<link rel=\"canonical\" href=\"https:\/\/www.enzo-und-ferdinand.de\/index.php\/2022\/07\/05\/skoda-afriq\/\" \/>\n<meta property=\"og:locale\" content=\"de_DE\" \/>\n<meta property=\"og:type\" content=\"article\" \/>\n<meta property=\"og:title\" content=\"\u0160koda Afriq\" \/>\n<meta property=\"og:description\" content=\"\u0160koda Afriq VW Kamiq Sicherheitsk\u00e4fig Allradantrieb \u0160koda Fabia Rally2 evo Octavia 4\u00d74 Rallyeauto Outdoor-Navigationssystem Skoda\" \/>\n<meta property=\"og:url\" content=\"https:\/\/www.enzo-und-ferdinand.de\/index.php\/2022\/07\/05\/skoda-afriq\/\" \/>\n<meta property=\"og:site_name\" content=\"enzo &amp; Ferdinand\" \/>\n<meta property=\"article:published_time\" content=\"2022-07-05T04:50:08+00:00\" \/>\n<meta property=\"article:modified_time\" content=\"2022-07-05T04:50:10+00:00\" \/>\n<meta property=\"og:image\" content=\"https:\/\/www.enzo-und-ferdinand.de\/wp-content\/uploads\/2022\/07\/2022-Skoda-Afriq-Concept-16.jpg\" \/>\n\t<meta property=\"og:image:width\" content=\"875\" \/>\n\t<meta property=\"og:image:height\" content=\"584\" \/>\n\t<meta property=\"og:image:type\" content=\"image\/jpeg\" \/>\n<meta name=\"author\" content=\"Rainer Ro\u00dfbach\" \/>\n<meta name=\"twitter:card\" content=\"summary_large_image\" \/>\n<meta name=\"twitter:label1\" content=\"Verfasst von\" \/>\n\t<meta name=\"twitter:data1\" content=\"Rainer Ro\u00dfbach\" \/>\n\t<meta name=\"twitter:label2\" content=\"Gesch\u00e4tzte Lesezeit\" \/>\n\t<meta name=\"twitter:data2\" content=\"2\u00a0Minuten\" \/>\n<script type=\"application\/ld+json\" class=\"yoast-schema-graph\">{\"@context\":\"https:\\\/\\\/schema.org\",\"@graph\":[{\"@type\":\"Article\",\"@id\":\"https:\\\/\\\/www.enzo-und-ferdinand.de\\\/index.php\\\/2022\\\/07\\\/05\\\/skoda-afriq\\\/#article\",\"isPartOf\":{\"@id\":\"https:\\\/\\\/www.enzo-und-ferdinand.de\\\/index.php\\\/2022\\\/07\\\/05\\\/skoda-afriq\\\/\"},\"author\":{\"name\":\"Rainer Ro\u00dfbach\",\"@id\":\"https:\\\/\\\/www.enzo-und-ferdinand.de\\\/#\\\/schema\\\/person\\\/aff2eb9ff87705987c1b9d21fe10b095\"},\"headline\":\"\u0160koda Afriq\",\"datePublished\":\"2022-07-05T04:50:08+00:00\",\"dateModified\":\"2022-07-05T04:50:10+00:00\",\"mainEntityOfPage\":{\"@id\":\"https:\\\/\\\/www.enzo-und-ferdinand.de\\\/index.php\\\/2022\\\/07\\\/05\\\/skoda-afriq\\\/\"},\"wordCount\":369,\"publisher\":{\"@id\":\"https:\\\/\\\/www.enzo-und-ferdinand.de\\\/#organization\"},\"image\":{\"@id\":\"https:\\\/\\\/www.enzo-und-ferdinand.de\\\/index.php\\\/2022\\\/07\\\/05\\\/skoda-afriq\\\/#primaryimage\"},\"thumbnailUrl\":\"https:\\\/\\\/www.enzo-und-ferdinand.de\\\/wp-content\\\/uploads\\\/2022\\\/07\\\/2022-Skoda-Afriq-Concept-16.jpg\",\"keywords\":[\"Skoda\",\"\u0160koda\"],\"articleSection\":[\"Performance\",\"Studien\"],\"inLanguage\":\"de\"},{\"@type\":\"WebPage\",\"@id\":\"https:\\\/\\\/www.enzo-und-ferdinand.de\\\/index.php\\\/2022\\\/07\\\/05\\\/skoda-afriq\\\/\",\"url\":\"https:\\\/\\\/www.enzo-und-ferdinand.de\\\/index.php\\\/2022\\\/07\\\/05\\\/skoda-afriq\\\/\",\"name\":\"\u0160koda Afriq\",\"isPartOf\":{\"@id\":\"https:\\\/\\\/www.enzo-und-ferdinand.de\\\/#website\"},\"primaryImageOfPage\":{\"@id\":\"https:\\\/\\\/www.enzo-und-ferdinand.de\\\/index.php\\\/2022\\\/07\\\/05\\\/skoda-afriq\\\/#primaryimage\"},\"image\":{\"@id\":\"https:\\\/\\\/www.enzo-und-ferdinand.de\\\/index.php\\\/2022\\\/07\\\/05\\\/skoda-afriq\\\/#primaryimage\"},\"thumbnailUrl\":\"https:\\\/\\\/www.enzo-und-ferdinand.de\\\/wp-content\\\/uploads\\\/2022\\\/07\\\/2022-Skoda-Afriq-Concept-16.jpg\",\"datePublished\":\"2022-07-05T04:50:08+00:00\",\"dateModified\":\"2022-07-05T04:50:10+00:00\",\"description\":\"\u0160koda Afriq VW Kamiq Sicherheitsk\u00e4fig Allradantrieb \u0160koda Fabia Rally2 evo Octavia 4\u00d74 Rallyeauto Outdoor-Navigationssystem Skoda\",\"breadcrumb\":{\"@id\":\"https:\\\/\\\/www.enzo-und-ferdinand.de\\\/index.php\\\/2022\\\/07\\\/05\\\/skoda-afriq\\\/#breadcrumb\"},\"inLanguage\":\"de\",\"potentialAction\":[{\"@type\":\"ReadAction\",\"target\":[\"https:\\\/\\\/www.enzo-und-ferdinand.de\\\/index.php\\\/2022\\\/07\\\/05\\\/skoda-afriq\\\/\"]}]},{\"@type\":\"ImageObject\",\"inLanguage\":\"de\",\"@id\":\"https:\\\/\\\/www.enzo-und-ferdinand.de\\\/index.php\\\/2022\\\/07\\\/05\\\/skoda-afriq\\\/#primaryimage\",\"url\":\"https:\\\/\\\/www.enzo-und-ferdinand.de\\\/wp-content\\\/uploads\\\/2022\\\/07\\\/2022-Skoda-Afriq-Concept-16.jpg\",\"contentUrl\":\"https:\\\/\\\/www.enzo-und-ferdinand.de\\\/wp-content\\\/uploads\\\/2022\\\/07\\\/2022-Skoda-Afriq-Concept-16.jpg\",\"width\":875,\"height\":584},{\"@type\":\"BreadcrumbList\",\"@id\":\"https:\\\/\\\/www.enzo-und-ferdinand.de\\\/index.php\\\/2022\\\/07\\\/05\\\/skoda-afriq\\\/#breadcrumb\",\"itemListElement\":[{\"@type\":\"ListItem\",\"position\":1,\"name\":\"Startseite\",\"item\":\"https:\\\/\\\/www.enzo-und-ferdinand.de\\\/\"},{\"@type\":\"ListItem\",\"position\":2,\"name\":\"\u0160koda Afriq\"}]},{\"@type\":\"WebSite\",\"@id\":\"https:\\\/\\\/www.enzo-und-ferdinand.de\\\/#website\",\"url\":\"https:\\\/\\\/www.enzo-und-ferdinand.de\\\/\",\"name\":\"enzo & Ferdinand\",\"description\":\"\",\"publisher\":{\"@id\":\"https:\\\/\\\/www.enzo-und-ferdinand.de\\\/#organization\"},\"potentialAction\":[{\"@type\":\"SearchAction\",\"target\":{\"@type\":\"EntryPoint\",\"urlTemplate\":\"https:\\\/\\\/www.enzo-und-ferdinand.de\\\/?s={search_term_string}\"},\"query-input\":{\"@type\":\"PropertyValueSpecification\",\"valueRequired\":true,\"valueName\":\"search_term_string\"}}],\"inLanguage\":\"de\"},{\"@type\":\"Organization\",\"@id\":\"https:\\\/\\\/www.enzo-und-ferdinand.de\\\/#organization\",\"name\":\"enzo & Ferdinand\",\"url\":\"https:\\\/\\\/www.enzo-und-ferdinand.de\\\/\",\"logo\":{\"@type\":\"ImageObject\",\"inLanguage\":\"de\",\"@id\":\"https:\\\/\\\/www.enzo-und-ferdinand.de\\\/#\\\/schema\\\/logo\\\/image\\\/\",\"url\":\"https:\\\/\\\/www.enzo-und-ferdinand.de\\\/wp-content\\\/uploads\\\/2018\\\/12\\\/revvvs-icon.png\",\"contentUrl\":\"https:\\\/\\\/www.enzo-und-ferdinand.de\\\/wp-content\\\/uploads\\\/2018\\\/12\\\/revvvs-icon.png\",\"width\":512,\"height\":512,\"caption\":\"enzo & Ferdinand\"},\"image\":{\"@id\":\"https:\\\/\\\/www.enzo-und-ferdinand.de\\\/#\\\/schema\\\/logo\\\/image\\\/\"}},{\"@type\":\"Person\",\"@id\":\"https:\\\/\\\/www.enzo-und-ferdinand.de\\\/#\\\/schema\\\/person\\\/aff2eb9ff87705987c1b9d21fe10b095\",\"name\":\"Rainer Ro\u00dfbach\",\"image\":{\"@type\":\"ImageObject\",\"inLanguage\":\"de\",\"@id\":\"https:\\\/\\\/www.enzo-und-ferdinand.de\\\/wp-content\\\/uploads\\\/2026\\\/01\\\/Rainer-Rossbach-150x150.jpg\",\"url\":\"https:\\\/\\\/www.enzo-und-ferdinand.de\\\/wp-content\\\/uploads\\\/2026\\\/01\\\/Rainer-Rossbach-150x150.jpg\",\"contentUrl\":\"https:\\\/\\\/www.enzo-und-ferdinand.de\\\/wp-content\\\/uploads\\\/2026\\\/01\\\/Rainer-Rossbach-150x150.jpg\",\"caption\":\"Rainer Ro\u00dfbach\"},\"url\":\"https:\\\/\\\/www.enzo-und-ferdinand.de\\\/index.php\\\/author\\\/redaktion\\\/\"}]}<\/script>\n<!-- \/ Yoast SEO plugin. -->","yoast_head_json":{"title":"\u0160koda Afriq","description":"\u0160koda Afriq VW Kamiq Sicherheitsk\u00e4fig Allradantrieb \u0160koda Fabia Rally2 evo Octavia 4\u00d74 Rallyeauto Outdoor-Navigationssystem Skoda","robots":{"index":"index","follow":"follow","max-snippet":"max-snippet:-1","max-image-preview":"max-image-preview:large","max-video-preview":"max-video-preview:-1"},"canonical":"https:\/\/www.enzo-und-ferdinand.de\/index.php\/2022\/07\/05\/skoda-afriq\/","og_locale":"de_DE","og_type":"article","og_title":"\u0160koda Afriq","og_description":"\u0160koda Afriq VW Kamiq Sicherheitsk\u00e4fig Allradantrieb \u0160koda Fabia Rally2 evo Octavia 4\u00d74 Rallyeauto Outdoor-Navigationssystem Skoda","og_url":"https:\/\/www.enzo-und-ferdinand.de\/index.php\/2022\/07\/05\/skoda-afriq\/","og_site_name":"enzo &amp; Ferdinand","article_published_time":"2022-07-05T04:50:08+00:00","article_modified_time":"2022-07-05T04:50:10+00:00","og_image":[{"width":875,"height":584,"url":"https:\/\/www.enzo-und-ferdinand.de\/wp-content\/uploads\/2022\/07\/2022-Skoda-Afriq-Concept-16.jpg","type":"image\/jpeg"}],"author":"Rainer Ro\u00dfbach","twitter_card":"summary_large_image","twitter_misc":{"Verfasst von":"Rainer Ro\u00dfbach","Gesch\u00e4tzte Lesezeit":"2\u00a0Minuten"},"schema":{"@context":"https:\/\/schema.org","@graph":[{"@type":"Article","@id":"https:\/\/www.enzo-und-ferdinand.de\/index.php\/2022\/07\/05\/skoda-afriq\/#article","isPartOf":{"@id":"https:\/\/www.enzo-und-ferdinand.de\/index.php\/2022\/07\/05\/skoda-afriq\/"},"author":{"name":"Rainer Ro\u00dfbach","@id":"https:\/\/www.enzo-und-ferdinand.de\/#\/schema\/person\/aff2eb9ff87705987c1b9d21fe10b095"},"headline":"\u0160koda Afriq","datePublished":"2022-07-05T04:50:08+00:00","dateModified":"2022-07-05T04:50:10+00:00","mainEntityOfPage":{"@id":"https:\/\/www.enzo-und-ferdinand.de\/index.php\/2022\/07\/05\/skoda-afriq\/"},"wordCount":369,"publisher":{"@id":"https:\/\/www.enzo-und-ferdinand.de\/#organization"},"image":{"@id":"https:\/\/www.enzo-und-ferdinand.de\/index.php\/2022\/07\/05\/skoda-afriq\/#primaryimage"},"thumbnailUrl":"https:\/\/www.enzo-und-ferdinand.de\/wp-content\/uploads\/2022\/07\/2022-Skoda-Afriq-Concept-16.jpg","keywords":["Skoda","\u0160koda"],"articleSection":["Performance","Studien"],"inLanguage":"de"},{"@type":"WebPage","@id":"https:\/\/www.enzo-und-ferdinand.de\/index.php\/2022\/07\/05\/skoda-afriq\/","url":"https:\/\/www.enzo-und-ferdinand.de\/index.php\/2022\/07\/05\/skoda-afriq\/","name":"\u0160koda Afriq","isPartOf":{"@id":"https:\/\/www.enzo-und-ferdinand.de\/#website"},"primaryImageOfPage":{"@id":"https:\/\/www.enzo-und-ferdinand.de\/index.php\/2022\/07\/05\/skoda-afriq\/#primaryimage"},"image":{"@id":"https:\/\/www.enzo-und-ferdinand.de\/index.php\/2022\/07\/05\/skoda-afriq\/#primaryimage"},"thumbnailUrl":"https:\/\/www.enzo-und-ferdinand.de\/wp-content\/uploads\/2022\/07\/2022-Skoda-Afriq-Concept-16.jpg","datePublished":"2022-07-05T04:50:08+00:00","dateModified":"2022-07-05T04:50:10+00:00","description":"\u0160koda Afriq VW Kamiq Sicherheitsk\u00e4fig Allradantrieb \u0160koda Fabia Rally2 evo Octavia 4\u00d74 Rallyeauto Outdoor-Navigationssystem Skoda","breadcrumb":{"@id":"https:\/\/www.enzo-und-ferdinand.de\/index.php\/2022\/07\/05\/skoda-afriq\/#breadcrumb"},"inLanguage":"de","potentialAction":[{"@type":"ReadAction","target":["https:\/\/www.enzo-und-ferdinand.de\/index.php\/2022\/07\/05\/skoda-afriq\/"]}]},{"@type":"ImageObject","inLanguage":"de","@id":"https:\/\/www.enzo-und-ferdinand.de\/index.php\/2022\/07\/05\/skoda-afriq\/#primaryimage","url":"https:\/\/www.enzo-und-ferdinand.de\/wp-content\/uploads\/2022\/07\/2022-Skoda-Afriq-Concept-16.jpg","contentUrl":"https:\/\/www.enzo-und-ferdinand.de\/wp-content\/uploads\/2022\/07\/2022-Skoda-Afriq-Concept-16.jpg","width":875,"height":584},{"@type":"BreadcrumbList","@id":"https:\/\/www.enzo-und-ferdinand.de\/index.php\/2022\/07\/05\/skoda-afriq\/#breadcrumb","itemListElement":[{"@type":"ListItem","position":1,"name":"Startseite","item":"https:\/\/www.enzo-und-ferdinand.de\/"},{"@type":"ListItem","position":2,"name":"\u0160koda Afriq"}]},{"@type":"WebSite","@id":"https:\/\/www.enzo-und-ferdinand.de\/#website","url":"https:\/\/www.enzo-und-ferdinand.de\/","name":"enzo & Ferdinand","description":"","publisher":{"@id":"https:\/\/www.enzo-und-ferdinand.de\/#organization"},"potentialAction":[{"@type":"SearchAction","target":{"@type":"EntryPoint","urlTemplate":"https:\/\/www.enzo-und-ferdinand.de\/?s={search_term_string}"},"query-input":{"@type":"PropertyValueSpecification","valueRequired":true,"valueName":"search_term_string"}}],"inLanguage":"de"},{"@type":"Organization","@id":"https:\/\/www.enzo-und-ferdinand.de\/#organization","name":"enzo & Ferdinand","url":"https:\/\/www.enzo-und-ferdinand.de\/","logo":{"@type":"ImageObject","inLanguage":"de","@id":"https:\/\/www.enzo-und-ferdinand.de\/#\/schema\/logo\/image\/","url":"https:\/\/www.enzo-und-ferdinand.de\/wp-content\/uploads\/2018\/12\/revvvs-icon.png","contentUrl":"https:\/\/www.enzo-und-ferdinand.de\/wp-content\/uploads\/2018\/12\/revvvs-icon.png","width":512,"height":512,"caption":"enzo & Ferdinand"},"image":{"@id":"https:\/\/www.enzo-und-ferdinand.de\/#\/schema\/logo\/image\/"}},{"@type":"Person","@id":"https:\/\/www.enzo-und-ferdinand.de\/#\/schema\/person\/aff2eb9ff87705987c1b9d21fe10b095","name":"Rainer Ro\u00dfbach","image":{"@type":"ImageObject","inLanguage":"de","@id":"https:\/\/www.enzo-und-ferdinand.de\/wp-content\/uploads\/2026\/01\/Rainer-Rossbach-150x150.jpg","url":"https:\/\/www.enzo-und-ferdinand.de\/wp-content\/uploads\/2026\/01\/Rainer-Rossbach-150x150.jpg","contentUrl":"https:\/\/www.enzo-und-ferdinand.de\/wp-content\/uploads\/2026\/01\/Rainer-Rossbach-150x150.jpg","caption":"Rainer Ro\u00dfbach"},"url":"https:\/\/www.enzo-und-ferdinand.de\/index.php\/author\/redaktion\/"}]}},"_links":{"self":[{"href":"https:\/\/www.enzo-und-ferdinand.de\/index.php\/wp-json\/wp\/v2\/posts\/9068","targetHints":{"allow":["GET"]}}],"collection":[{"href":"https:\/\/www.enzo-und-ferdinand.de\/index.php\/wp-json\/wp\/v2\/posts"}],"about":[{"href":"https:\/\/www.enzo-und-ferdinand.de\/index.php\/wp-json\/wp\/v2\/types\/post"}],"author":[{"embeddable":true,"href":"https:\/\/www.enzo-und-ferdinand.de\/index.php\/wp-json\/wp\/v2\/users\/1"}],"replies":[{"embeddable":true,"href":"https:\/\/www.enzo-und-ferdinand.de\/index.php\/wp-json\/wp\/v2\/comments?post=9068"}],"version-history":[{"count":6,"href":"https:\/\/www.enzo-und-ferdinand.de\/index.php\/wp-json\/wp\/v2\/posts\/9068\/revisions"}],"predecessor-version":[{"id":9095,"href":"https:\/\/www.enzo-und-ferdinand.de\/index.php\/wp-json\/wp\/v2\/posts\/9068\/revisions\/9095"}],"wp:featuredmedia":[{"embeddable":true,"href":"https:\/\/www.enzo-und-ferdinand.de\/index.php\/wp-json\/wp\/v2\/media\/9081"}],"wp:attachment":[{"href":"https:\/\/www.enzo-und-ferdinand.de\/index.php\/wp-json\/wp\/v2\/media?parent=9068"}],"wp:term":[{"taxonomy":"category","embeddable":true,"href":"https:\/\/www.enzo-und-ferdinand.de\/index.php\/wp-json\/wp\/v2\/categories?post=9068"},{"taxonomy":"post_tag","embeddable":true,"href":"https:\/\/www.enzo-und-ferdinand.de\/index.php\/wp-json\/wp\/v2\/tags?post=9068"}],"curies":[{"name":"wp","href":"https:\/\/api.w.org\/{rel}","templated":true}]}}