{"id":9678,"date":"2022-08-27T08:25:07","date_gmt":"2022-08-27T06:25:07","guid":{"rendered":"https:\/\/www.enzo-und-ferdinand.de\/?p=9678"},"modified":"2025-02-12T12:14:19","modified_gmt":"2025-02-12T11:14:19","slug":"60-jahre-formel-vau","status":"publish","type":"post","link":"https:\/\/www.enzo-und-ferdinand.de\/index.php\/2022\/08\/27\/60-jahre-formel-vau\/","title":{"rendered":"60 Jahre Formel Vau"},"content":{"rendered":"\n<figure class=\"wp-block-image size-large\"><img loading=\"lazy\" decoding=\"async\" width=\"810\" height=\"564\" src=\"https:\/\/www.enzo-und-ferdinand.de\/wp-content\/uploads\/2022\/08\/FV-Nassau-64-c-Porsche-AG-historisches-Archiv-810x564.jpeg\" alt=\"\" class=\"wp-image-9683\" srcset=\"https:\/\/www.enzo-und-ferdinand.de\/wp-content\/uploads\/2022\/08\/FV-Nassau-64-c-Porsche-AG-historisches-Archiv-810x564.jpeg 810w, https:\/\/www.enzo-und-ferdinand.de\/wp-content\/uploads\/2022\/08\/FV-Nassau-64-c-Porsche-AG-historisches-Archiv-300x209.jpeg 300w, https:\/\/www.enzo-und-ferdinand.de\/wp-content\/uploads\/2022\/08\/FV-Nassau-64-c-Porsche-AG-historisches-Archiv-768x535.jpeg 768w, https:\/\/www.enzo-und-ferdinand.de\/wp-content\/uploads\/2022\/08\/FV-Nassau-64-c-Porsche-AG-historisches-Archiv.jpeg 875w\" sizes=\"auto, (max-width: 810px) 100vw, 810px\" \/><figcaption class=\"wp-element-caption\">Nassau, Bahamas<\/figcaption><\/figure>\n\n\n\n<p class=\"wp-block-paragraph\">Die popul\u00e4re Nachwuchsrennserie wird im November 2022 60 Jahre alt. Die Solitude GmbH und die Motorworld Region Stuttgart nehmen dieses Jubil\u00e4um zum Anlass, vom 28. August 2022 an in den R\u00e4umlichkeiten der Motorworld mit einer Sonderausstellung an die international erfolgreiche Rennserie zu erinnern. Mehrere Exponate der kleinen Rennwagen, die urspr\u00fcnglich auf dem VW K\u00e4fer basierten, werden in der Handelshalle f\u00fcr f\u00fcnf Wochen zu sehen sein. Die Monoposti stammen von verschiedenen Sammlern, darunter auch der \u00e4lteste in Europa existierende Formel-Vau-Rennwagen aus dem Jahr 1962.&nbsp;<\/p>\n\n\n\n<figure class=\"wp-block-image size-large\"><img loading=\"lazy\" decoding=\"async\" width=\"810\" height=\"577\" src=\"https:\/\/www.enzo-und-ferdinand.de\/wp-content\/uploads\/2022\/08\/Formel-V-in-Eberbach-1965-c-Porsche-AG-historisches-Archiv-810x577.jpg\" alt=\"\" class=\"wp-image-9680\" srcset=\"https:\/\/www.enzo-und-ferdinand.de\/wp-content\/uploads\/2022\/08\/Formel-V-in-Eberbach-1965-c-Porsche-AG-historisches-Archiv-810x577.jpg 810w, https:\/\/www.enzo-und-ferdinand.de\/wp-content\/uploads\/2022\/08\/Formel-V-in-Eberbach-1965-c-Porsche-AG-historisches-Archiv-300x214.jpg 300w, https:\/\/www.enzo-und-ferdinand.de\/wp-content\/uploads\/2022\/08\/Formel-V-in-Eberbach-1965-c-Porsche-AG-historisches-Archiv-768x547.jpg 768w, https:\/\/www.enzo-und-ferdinand.de\/wp-content\/uploads\/2022\/08\/Formel-V-in-Eberbach-1965-c-Porsche-AG-historisches-Archiv.jpg 875w\" sizes=\"auto, (max-width: 810px) 100vw, 810px\" \/><figcaption class=\"wp-element-caption\">Formel V in Eberbach 1965<\/figcaption><\/figure>\n\n\n\n<p class=\"wp-block-paragraph\">Entwickelt wurden die Prototypen der \u201eVolksrennwagen\u201c Anfang der 60er Jahre in den USA. Die ersten waren 1962 solche vom Typ Formcar mit 34 PS. Mit echten Formel Vau-Rennen ging es dann in den USA 1964 los.&nbsp;<\/p>\n\n\n\n<p class=\"wp-block-paragraph\">Porsche-Rennleiter Huschke von Hanstein holte im gleichen Jahr das erste Formcar nach Deutschland und testete es unter anderem auf dem Hockenheim- und N\u00fcrburgring. Mit Erfolg: Porsche importierte weitere zehn Fahrzeuge aus den USA. In der Folge eroberte die Formel Vau in Windeseile die bekannten Rennstrecken in Europa und der Welt und wurde bis in die&nbsp;80er-Jahre gefahren. Einige Formel-1-Fahrer, darunter Niki Lauda, legten mit der Formel Vau den Grundstein f\u00fcr ihre Karriere. Heute sind die kleinen Rennwagen im historischen Motorsport im Einsatz. &nbsp; &nbsp;<\/p>\n\n\n\n<figure class=\"wp-block-gallery has-nested-images columns-2 is-cropped wp-block-gallery-1 is-layout-flex wp-block-gallery-is-layout-flex\">\n<figure class=\"wp-block-image size-large\"><img loading=\"lazy\" decoding=\"async\" width=\"810\" height=\"541\" data-id=\"9685\" src=\"https:\/\/www.enzo-und-ferdinand.de\/wp-content\/uploads\/2022\/08\/Innsbruck-1965-4-c-Porsche-AG-historisches-Archiv-810x541.jpg\" alt=\"\" class=\"wp-image-9685\" srcset=\"https:\/\/www.enzo-und-ferdinand.de\/wp-content\/uploads\/2022\/08\/Innsbruck-1965-4-c-Porsche-AG-historisches-Archiv-810x541.jpg 810w, https:\/\/www.enzo-und-ferdinand.de\/wp-content\/uploads\/2022\/08\/Innsbruck-1965-4-c-Porsche-AG-historisches-Archiv-300x200.jpg 300w, https:\/\/www.enzo-und-ferdinand.de\/wp-content\/uploads\/2022\/08\/Innsbruck-1965-4-c-Porsche-AG-historisches-Archiv-768x513.jpg 768w, https:\/\/www.enzo-und-ferdinand.de\/wp-content\/uploads\/2022\/08\/Innsbruck-1965-4-c-Porsche-AG-historisches-Archiv-120x80.jpg 120w, https:\/\/www.enzo-und-ferdinand.de\/wp-content\/uploads\/2022\/08\/Innsbruck-1965-4-c-Porsche-AG-historisches-Archiv.jpg 875w\" sizes=\"auto, (max-width: 810px) 100vw, 810px\" \/><figcaption class=\"wp-element-caption\">Innsbruck 1965<\/figcaption><\/figure>\n\n\n\n<figure class=\"wp-block-image size-large\"><img loading=\"lazy\" decoding=\"async\" width=\"810\" height=\"538\" data-id=\"9684\" src=\"https:\/\/www.enzo-und-ferdinand.de\/wp-content\/uploads\/2022\/08\/Grosser-Preis-der-Solitude-1965-Rennen-der-Formel-V_3-c-Porsche-AG-historisches-Archiv-810x538.jpg\" alt=\"\" class=\"wp-image-9684\" srcset=\"https:\/\/www.enzo-und-ferdinand.de\/wp-content\/uploads\/2022\/08\/Grosser-Preis-der-Solitude-1965-Rennen-der-Formel-V_3-c-Porsche-AG-historisches-Archiv-810x538.jpg 810w, https:\/\/www.enzo-und-ferdinand.de\/wp-content\/uploads\/2022\/08\/Grosser-Preis-der-Solitude-1965-Rennen-der-Formel-V_3-c-Porsche-AG-historisches-Archiv-300x199.jpg 300w, https:\/\/www.enzo-und-ferdinand.de\/wp-content\/uploads\/2022\/08\/Grosser-Preis-der-Solitude-1965-Rennen-der-Formel-V_3-c-Porsche-AG-historisches-Archiv-768x510.jpg 768w, https:\/\/www.enzo-und-ferdinand.de\/wp-content\/uploads\/2022\/08\/Grosser-Preis-der-Solitude-1965-Rennen-der-Formel-V_3-c-Porsche-AG-historisches-Archiv-120x80.jpg 120w, https:\/\/www.enzo-und-ferdinand.de\/wp-content\/uploads\/2022\/08\/Grosser-Preis-der-Solitude-1965-Rennen-der-Formel-V_3-c-Porsche-AG-historisches-Archiv.jpg 875w\" sizes=\"auto, (max-width: 810px) 100vw, 810px\" \/><figcaption class=\"wp-element-caption\">Gro\u00dfer Preis der Solitude 1965 <\/figcaption><\/figure>\n\n\n\n<figure class=\"wp-block-image size-large\"><img loading=\"lazy\" decoding=\"async\" width=\"810\" height=\"591\" data-id=\"9681\" src=\"https:\/\/www.enzo-und-ferdinand.de\/wp-content\/uploads\/2022\/08\/Formel-V-Rennwagen-im-Hof-von-Werk-1-1965-Raeder_1-c-Porsche-AG-historisches-Archiv-810x591.jpg\" alt=\"\" class=\"wp-image-9681\" srcset=\"https:\/\/www.enzo-und-ferdinand.de\/wp-content\/uploads\/2022\/08\/Formel-V-Rennwagen-im-Hof-von-Werk-1-1965-Raeder_1-c-Porsche-AG-historisches-Archiv-810x591.jpg 810w, https:\/\/www.enzo-und-ferdinand.de\/wp-content\/uploads\/2022\/08\/Formel-V-Rennwagen-im-Hof-von-Werk-1-1965-Raeder_1-c-Porsche-AG-historisches-Archiv-300x219.jpg 300w, https:\/\/www.enzo-und-ferdinand.de\/wp-content\/uploads\/2022\/08\/Formel-V-Rennwagen-im-Hof-von-Werk-1-1965-Raeder_1-c-Porsche-AG-historisches-Archiv-768x560.jpg 768w, https:\/\/www.enzo-und-ferdinand.de\/wp-content\/uploads\/2022\/08\/Formel-V-Rennwagen-im-Hof-von-Werk-1-1965-Raeder_1-c-Porsche-AG-historisches-Archiv.jpg 875w\" sizes=\"auto, (max-width: 810px) 100vw, 810px\" \/><figcaption class=\"wp-element-caption\">Formel Vau Rennwagen im Hof von Porsche-Werk 1 1965<\/figcaption><\/figure>\n\n\n\n<figure class=\"wp-block-image size-large\"><img loading=\"lazy\" decoding=\"async\" width=\"810\" height=\"540\" data-id=\"9682\" src=\"https:\/\/www.enzo-und-ferdinand.de\/wp-content\/uploads\/2022\/08\/Formel-Vau_2-c-Solitude-GmbH-810x540.jpg\" alt=\"\" class=\"wp-image-9682\" srcset=\"https:\/\/www.enzo-und-ferdinand.de\/wp-content\/uploads\/2022\/08\/Formel-Vau_2-c-Solitude-GmbH-810x540.jpg 810w, https:\/\/www.enzo-und-ferdinand.de\/wp-content\/uploads\/2022\/08\/Formel-Vau_2-c-Solitude-GmbH-300x200.jpg 300w, https:\/\/www.enzo-und-ferdinand.de\/wp-content\/uploads\/2022\/08\/Formel-Vau_2-c-Solitude-GmbH-768x512.jpg 768w, https:\/\/www.enzo-und-ferdinand.de\/wp-content\/uploads\/2022\/08\/Formel-Vau_2-c-Solitude-GmbH-120x80.jpg 120w, https:\/\/www.enzo-und-ferdinand.de\/wp-content\/uploads\/2022\/08\/Formel-Vau_2-c-Solitude-GmbH.jpg 875w\" sizes=\"auto, (max-width: 810px) 100vw, 810px\" \/><figcaption class=\"wp-element-caption\">Formel Super Vau, Formel Vau<\/figcaption><\/figure>\n<\/figure>\n\n\n\n<p class=\"wp-block-paragraph\"><strong>MOTORWORLD Region Stuttgart<\/strong><br>Graf-Zeppelin-Platz 1<br>71034 B\u00f6blingen&nbsp;<br>Telefon +49 7031 30694 73<br><a title=\"www.motorworld.de\" href=\"https:\/\/event.motorworld.de\/event\/motortreff-h-kennzeichen-region-stuttgart\/\" target=\"_blank\" rel=\"noreferrer noopener\">www.motorworld.de<\/a><\/p>\n\n\n\n<p class=\"has-text-align-right has-small-font-size wp-block-paragraph\">Fotos: Porsche Historisches Archiv (6), Solitude GmbH (1)\/Text: Motorworld\/rr<\/p>\n","protected":false},"excerpt":{"rendered":"<p>Die popul\u00e4re Nachwuchsrennserie wird im November 2022 60 Jahre alt. Die Solitude GmbH und die Motorworld Region Stuttgart nehmen dieses Jubil\u00e4um zum Anlass, vom 28. August 2022 an in den R\u00e4umlichkeiten der Motorworld mit einer Sonderausstellung an die international erfolgreiche Rennserie zu erinnern. Mehrere Exponate der kleinen Rennwagen, die urspr\u00fcnglich auf dem VW K\u00e4fer basierten, werden in der Handelshalle f\u00fcr f\u00fcnf Wochen zu sehen sein.<\/p>\n","protected":false},"author":1,"featured_media":9686,"comment_status":"closed","ping_status":"closed","sticky":false,"template":"","format":"standard","meta":{"_crdt_document":"","ngg_post_thumbnail":0,"footnotes":""},"categories":[14,13,5],"tags":[627,201,241],"class_list":["post-9678","post","type-post","status-publish","format-standard","has-post-thumbnail","hentry","category-events","category-ikonen","category-rennsport","tag-formel-vau","tag-porsche","tag-vw"],"yoast_head":"<!-- This site is optimized with the Yoast SEO plugin v27.5 - https:\/\/yoast.com\/product\/yoast-seo-wordpress\/ -->\n<title>60 Jahre Formel Vau<\/title>\n<meta name=\"description\" content=\"Formel Vau Motorworld Region Stuttgart Solitude VW K\u00e4fer Monoposto Volksrennwagen Formcar Huschke von Hanstein Porsche\" \/>\n<meta name=\"robots\" content=\"index, follow, max-snippet:-1, max-image-preview:large, max-video-preview:-1\" \/>\n<link rel=\"canonical\" href=\"https:\/\/www.enzo-und-ferdinand.de\/index.php\/2022\/08\/27\/60-jahre-formel-vau\/\" \/>\n<meta property=\"og:locale\" content=\"de_DE\" \/>\n<meta property=\"og:type\" content=\"article\" \/>\n<meta property=\"og:title\" content=\"60 Jahre Formel Vau\" \/>\n<meta property=\"og:description\" content=\"Formel Vau Motorworld Region Stuttgart Solitude VW K\u00e4fer Monoposto Volksrennwagen Formcar Huschke von Hanstein Porsche\" \/>\n<meta property=\"og:url\" content=\"https:\/\/www.enzo-und-ferdinand.de\/index.php\/2022\/08\/27\/60-jahre-formel-vau\/\" \/>\n<meta property=\"og:site_name\" content=\"enzo &amp; Ferdinand\" \/>\n<meta property=\"article:published_time\" content=\"2022-08-27T06:25:07+00:00\" \/>\n<meta property=\"article:modified_time\" content=\"2025-02-12T11:14:19+00:00\" \/>\n<meta property=\"og:image\" content=\"https:\/\/www.enzo-und-ferdinand.de\/wp-content\/uploads\/2022\/08\/nassau-c-Porsche-AG-historisches-Archiv.jpg\" \/>\n\t<meta property=\"og:image:width\" content=\"875\" \/>\n\t<meta property=\"og:image:height\" content=\"583\" \/>\n\t<meta property=\"og:image:type\" content=\"image\/jpeg\" \/>\n<meta name=\"author\" content=\"Rainer Ro\u00dfbach\" \/>\n<meta name=\"twitter:card\" content=\"summary_large_image\" \/>\n<meta name=\"twitter:label1\" content=\"Verfasst von\" \/>\n\t<meta name=\"twitter:data1\" content=\"Rainer Ro\u00dfbach\" \/>\n\t<meta name=\"twitter:label2\" content=\"Gesch\u00e4tzte Lesezeit\" \/>\n\t<meta name=\"twitter:data2\" content=\"1\u00a0Minute\" \/>\n<script type=\"application\/ld+json\" class=\"yoast-schema-graph\">{\"@context\":\"https:\\\/\\\/schema.org\",\"@graph\":[{\"@type\":\"Article\",\"@id\":\"https:\\\/\\\/www.enzo-und-ferdinand.de\\\/index.php\\\/2022\\\/08\\\/27\\\/60-jahre-formel-vau\\\/#article\",\"isPartOf\":{\"@id\":\"https:\\\/\\\/www.enzo-und-ferdinand.de\\\/index.php\\\/2022\\\/08\\\/27\\\/60-jahre-formel-vau\\\/\"},\"author\":{\"name\":\"Rainer Ro\u00dfbach\",\"@id\":\"https:\\\/\\\/www.enzo-und-ferdinand.de\\\/#\\\/schema\\\/person\\\/aff2eb9ff87705987c1b9d21fe10b095\"},\"headline\":\"60 Jahre Formel Vau\",\"datePublished\":\"2022-08-27T06:25:07+00:00\",\"dateModified\":\"2025-02-12T11:14:19+00:00\",\"mainEntityOfPage\":{\"@id\":\"https:\\\/\\\/www.enzo-und-ferdinand.de\\\/index.php\\\/2022\\\/08\\\/27\\\/60-jahre-formel-vau\\\/\"},\"wordCount\":255,\"publisher\":{\"@id\":\"https:\\\/\\\/www.enzo-und-ferdinand.de\\\/#organization\"},\"image\":{\"@id\":\"https:\\\/\\\/www.enzo-und-ferdinand.de\\\/index.php\\\/2022\\\/08\\\/27\\\/60-jahre-formel-vau\\\/#primaryimage\"},\"thumbnailUrl\":\"https:\\\/\\\/www.enzo-und-ferdinand.de\\\/wp-content\\\/uploads\\\/2022\\\/08\\\/nassau-c-Porsche-AG-historisches-Archiv.jpg\",\"keywords\":[\"Formel Vau\",\"Porsche\",\"VW\"],\"articleSection\":[\"Events\",\"Ikonen\",\"Rennsport\"],\"inLanguage\":\"de\"},{\"@type\":\"WebPage\",\"@id\":\"https:\\\/\\\/www.enzo-und-ferdinand.de\\\/index.php\\\/2022\\\/08\\\/27\\\/60-jahre-formel-vau\\\/\",\"url\":\"https:\\\/\\\/www.enzo-und-ferdinand.de\\\/index.php\\\/2022\\\/08\\\/27\\\/60-jahre-formel-vau\\\/\",\"name\":\"60 Jahre Formel Vau\",\"isPartOf\":{\"@id\":\"https:\\\/\\\/www.enzo-und-ferdinand.de\\\/#website\"},\"primaryImageOfPage\":{\"@id\":\"https:\\\/\\\/www.enzo-und-ferdinand.de\\\/index.php\\\/2022\\\/08\\\/27\\\/60-jahre-formel-vau\\\/#primaryimage\"},\"image\":{\"@id\":\"https:\\\/\\\/www.enzo-und-ferdinand.de\\\/index.php\\\/2022\\\/08\\\/27\\\/60-jahre-formel-vau\\\/#primaryimage\"},\"thumbnailUrl\":\"https:\\\/\\\/www.enzo-und-ferdinand.de\\\/wp-content\\\/uploads\\\/2022\\\/08\\\/nassau-c-Porsche-AG-historisches-Archiv.jpg\",\"datePublished\":\"2022-08-27T06:25:07+00:00\",\"dateModified\":\"2025-02-12T11:14:19+00:00\",\"description\":\"Formel Vau Motorworld Region Stuttgart Solitude VW K\u00e4fer Monoposto Volksrennwagen Formcar Huschke von Hanstein Porsche\",\"breadcrumb\":{\"@id\":\"https:\\\/\\\/www.enzo-und-ferdinand.de\\\/index.php\\\/2022\\\/08\\\/27\\\/60-jahre-formel-vau\\\/#breadcrumb\"},\"inLanguage\":\"de\",\"potentialAction\":[{\"@type\":\"ReadAction\",\"target\":[\"https:\\\/\\\/www.enzo-und-ferdinand.de\\\/index.php\\\/2022\\\/08\\\/27\\\/60-jahre-formel-vau\\\/\"]}]},{\"@type\":\"ImageObject\",\"inLanguage\":\"de\",\"@id\":\"https:\\\/\\\/www.enzo-und-ferdinand.de\\\/index.php\\\/2022\\\/08\\\/27\\\/60-jahre-formel-vau\\\/#primaryimage\",\"url\":\"https:\\\/\\\/www.enzo-und-ferdinand.de\\\/wp-content\\\/uploads\\\/2022\\\/08\\\/nassau-c-Porsche-AG-historisches-Archiv.jpg\",\"contentUrl\":\"https:\\\/\\\/www.enzo-und-ferdinand.de\\\/wp-content\\\/uploads\\\/2022\\\/08\\\/nassau-c-Porsche-AG-historisches-Archiv.jpg\",\"width\":875,\"height\":583},{\"@type\":\"BreadcrumbList\",\"@id\":\"https:\\\/\\\/www.enzo-und-ferdinand.de\\\/index.php\\\/2022\\\/08\\\/27\\\/60-jahre-formel-vau\\\/#breadcrumb\",\"itemListElement\":[{\"@type\":\"ListItem\",\"position\":1,\"name\":\"Startseite\",\"item\":\"https:\\\/\\\/www.enzo-und-ferdinand.de\\\/\"},{\"@type\":\"ListItem\",\"position\":2,\"name\":\"60 Jahre Formel Vau\"}]},{\"@type\":\"WebSite\",\"@id\":\"https:\\\/\\\/www.enzo-und-ferdinand.de\\\/#website\",\"url\":\"https:\\\/\\\/www.enzo-und-ferdinand.de\\\/\",\"name\":\"enzo & Ferdinand\",\"description\":\"\",\"publisher\":{\"@id\":\"https:\\\/\\\/www.enzo-und-ferdinand.de\\\/#organization\"},\"potentialAction\":[{\"@type\":\"SearchAction\",\"target\":{\"@type\":\"EntryPoint\",\"urlTemplate\":\"https:\\\/\\\/www.enzo-und-ferdinand.de\\\/?s={search_term_string}\"},\"query-input\":{\"@type\":\"PropertyValueSpecification\",\"valueRequired\":true,\"valueName\":\"search_term_string\"}}],\"inLanguage\":\"de\"},{\"@type\":\"Organization\",\"@id\":\"https:\\\/\\\/www.enzo-und-ferdinand.de\\\/#organization\",\"name\":\"enzo & Ferdinand\",\"url\":\"https:\\\/\\\/www.enzo-und-ferdinand.de\\\/\",\"logo\":{\"@type\":\"ImageObject\",\"inLanguage\":\"de\",\"@id\":\"https:\\\/\\\/www.enzo-und-ferdinand.de\\\/#\\\/schema\\\/logo\\\/image\\\/\",\"url\":\"https:\\\/\\\/www.enzo-und-ferdinand.de\\\/wp-content\\\/uploads\\\/2018\\\/12\\\/revvvs-icon.png\",\"contentUrl\":\"https:\\\/\\\/www.enzo-und-ferdinand.de\\\/wp-content\\\/uploads\\\/2018\\\/12\\\/revvvs-icon.png\",\"width\":512,\"height\":512,\"caption\":\"enzo & Ferdinand\"},\"image\":{\"@id\":\"https:\\\/\\\/www.enzo-und-ferdinand.de\\\/#\\\/schema\\\/logo\\\/image\\\/\"}},{\"@type\":\"Person\",\"@id\":\"https:\\\/\\\/www.enzo-und-ferdinand.de\\\/#\\\/schema\\\/person\\\/aff2eb9ff87705987c1b9d21fe10b095\",\"name\":\"Rainer Ro\u00dfbach\",\"image\":{\"@type\":\"ImageObject\",\"inLanguage\":\"de\",\"@id\":\"https:\\\/\\\/www.enzo-und-ferdinand.de\\\/wp-content\\\/uploads\\\/2026\\\/01\\\/Rainer-Rossbach-150x150.jpg\",\"url\":\"https:\\\/\\\/www.enzo-und-ferdinand.de\\\/wp-content\\\/uploads\\\/2026\\\/01\\\/Rainer-Rossbach-150x150.jpg\",\"contentUrl\":\"https:\\\/\\\/www.enzo-und-ferdinand.de\\\/wp-content\\\/uploads\\\/2026\\\/01\\\/Rainer-Rossbach-150x150.jpg\",\"caption\":\"Rainer Ro\u00dfbach\"},\"url\":\"https:\\\/\\\/www.enzo-und-ferdinand.de\\\/index.php\\\/author\\\/redaktion\\\/\"}]}<\/script>\n<!-- \/ Yoast SEO plugin. -->","yoast_head_json":{"title":"60 Jahre Formel Vau","description":"Formel Vau Motorworld Region Stuttgart Solitude VW K\u00e4fer Monoposto Volksrennwagen Formcar Huschke von Hanstein Porsche","robots":{"index":"index","follow":"follow","max-snippet":"max-snippet:-1","max-image-preview":"max-image-preview:large","max-video-preview":"max-video-preview:-1"},"canonical":"https:\/\/www.enzo-und-ferdinand.de\/index.php\/2022\/08\/27\/60-jahre-formel-vau\/","og_locale":"de_DE","og_type":"article","og_title":"60 Jahre Formel Vau","og_description":"Formel Vau Motorworld Region Stuttgart Solitude VW K\u00e4fer Monoposto Volksrennwagen Formcar Huschke von Hanstein Porsche","og_url":"https:\/\/www.enzo-und-ferdinand.de\/index.php\/2022\/08\/27\/60-jahre-formel-vau\/","og_site_name":"enzo &amp; Ferdinand","article_published_time":"2022-08-27T06:25:07+00:00","article_modified_time":"2025-02-12T11:14:19+00:00","og_image":[{"width":875,"height":583,"url":"https:\/\/www.enzo-und-ferdinand.de\/wp-content\/uploads\/2022\/08\/nassau-c-Porsche-AG-historisches-Archiv.jpg","type":"image\/jpeg"}],"author":"Rainer Ro\u00dfbach","twitter_card":"summary_large_image","twitter_misc":{"Verfasst von":"Rainer Ro\u00dfbach","Gesch\u00e4tzte Lesezeit":"1\u00a0Minute"},"schema":{"@context":"https:\/\/schema.org","@graph":[{"@type":"Article","@id":"https:\/\/www.enzo-und-ferdinand.de\/index.php\/2022\/08\/27\/60-jahre-formel-vau\/#article","isPartOf":{"@id":"https:\/\/www.enzo-und-ferdinand.de\/index.php\/2022\/08\/27\/60-jahre-formel-vau\/"},"author":{"name":"Rainer Ro\u00dfbach","@id":"https:\/\/www.enzo-und-ferdinand.de\/#\/schema\/person\/aff2eb9ff87705987c1b9d21fe10b095"},"headline":"60 Jahre Formel Vau","datePublished":"2022-08-27T06:25:07+00:00","dateModified":"2025-02-12T11:14:19+00:00","mainEntityOfPage":{"@id":"https:\/\/www.enzo-und-ferdinand.de\/index.php\/2022\/08\/27\/60-jahre-formel-vau\/"},"wordCount":255,"publisher":{"@id":"https:\/\/www.enzo-und-ferdinand.de\/#organization"},"image":{"@id":"https:\/\/www.enzo-und-ferdinand.de\/index.php\/2022\/08\/27\/60-jahre-formel-vau\/#primaryimage"},"thumbnailUrl":"https:\/\/www.enzo-und-ferdinand.de\/wp-content\/uploads\/2022\/08\/nassau-c-Porsche-AG-historisches-Archiv.jpg","keywords":["Formel Vau","Porsche","VW"],"articleSection":["Events","Ikonen","Rennsport"],"inLanguage":"de"},{"@type":"WebPage","@id":"https:\/\/www.enzo-und-ferdinand.de\/index.php\/2022\/08\/27\/60-jahre-formel-vau\/","url":"https:\/\/www.enzo-und-ferdinand.de\/index.php\/2022\/08\/27\/60-jahre-formel-vau\/","name":"60 Jahre Formel Vau","isPartOf":{"@id":"https:\/\/www.enzo-und-ferdinand.de\/#website"},"primaryImageOfPage":{"@id":"https:\/\/www.enzo-und-ferdinand.de\/index.php\/2022\/08\/27\/60-jahre-formel-vau\/#primaryimage"},"image":{"@id":"https:\/\/www.enzo-und-ferdinand.de\/index.php\/2022\/08\/27\/60-jahre-formel-vau\/#primaryimage"},"thumbnailUrl":"https:\/\/www.enzo-und-ferdinand.de\/wp-content\/uploads\/2022\/08\/nassau-c-Porsche-AG-historisches-Archiv.jpg","datePublished":"2022-08-27T06:25:07+00:00","dateModified":"2025-02-12T11:14:19+00:00","description":"Formel Vau Motorworld Region Stuttgart Solitude VW K\u00e4fer Monoposto Volksrennwagen Formcar Huschke von Hanstein Porsche","breadcrumb":{"@id":"https:\/\/www.enzo-und-ferdinand.de\/index.php\/2022\/08\/27\/60-jahre-formel-vau\/#breadcrumb"},"inLanguage":"de","potentialAction":[{"@type":"ReadAction","target":["https:\/\/www.enzo-und-ferdinand.de\/index.php\/2022\/08\/27\/60-jahre-formel-vau\/"]}]},{"@type":"ImageObject","inLanguage":"de","@id":"https:\/\/www.enzo-und-ferdinand.de\/index.php\/2022\/08\/27\/60-jahre-formel-vau\/#primaryimage","url":"https:\/\/www.enzo-und-ferdinand.de\/wp-content\/uploads\/2022\/08\/nassau-c-Porsche-AG-historisches-Archiv.jpg","contentUrl":"https:\/\/www.enzo-und-ferdinand.de\/wp-content\/uploads\/2022\/08\/nassau-c-Porsche-AG-historisches-Archiv.jpg","width":875,"height":583},{"@type":"BreadcrumbList","@id":"https:\/\/www.enzo-und-ferdinand.de\/index.php\/2022\/08\/27\/60-jahre-formel-vau\/#breadcrumb","itemListElement":[{"@type":"ListItem","position":1,"name":"Startseite","item":"https:\/\/www.enzo-und-ferdinand.de\/"},{"@type":"ListItem","position":2,"name":"60 Jahre Formel Vau"}]},{"@type":"WebSite","@id":"https:\/\/www.enzo-und-ferdinand.de\/#website","url":"https:\/\/www.enzo-und-ferdinand.de\/","name":"enzo & Ferdinand","description":"","publisher":{"@id":"https:\/\/www.enzo-und-ferdinand.de\/#organization"},"potentialAction":[{"@type":"SearchAction","target":{"@type":"EntryPoint","urlTemplate":"https:\/\/www.enzo-und-ferdinand.de\/?s={search_term_string}"},"query-input":{"@type":"PropertyValueSpecification","valueRequired":true,"valueName":"search_term_string"}}],"inLanguage":"de"},{"@type":"Organization","@id":"https:\/\/www.enzo-und-ferdinand.de\/#organization","name":"enzo & Ferdinand","url":"https:\/\/www.enzo-und-ferdinand.de\/","logo":{"@type":"ImageObject","inLanguage":"de","@id":"https:\/\/www.enzo-und-ferdinand.de\/#\/schema\/logo\/image\/","url":"https:\/\/www.enzo-und-ferdinand.de\/wp-content\/uploads\/2018\/12\/revvvs-icon.png","contentUrl":"https:\/\/www.enzo-und-ferdinand.de\/wp-content\/uploads\/2018\/12\/revvvs-icon.png","width":512,"height":512,"caption":"enzo & Ferdinand"},"image":{"@id":"https:\/\/www.enzo-und-ferdinand.de\/#\/schema\/logo\/image\/"}},{"@type":"Person","@id":"https:\/\/www.enzo-und-ferdinand.de\/#\/schema\/person\/aff2eb9ff87705987c1b9d21fe10b095","name":"Rainer Ro\u00dfbach","image":{"@type":"ImageObject","inLanguage":"de","@id":"https:\/\/www.enzo-und-ferdinand.de\/wp-content\/uploads\/2026\/01\/Rainer-Rossbach-150x150.jpg","url":"https:\/\/www.enzo-und-ferdinand.de\/wp-content\/uploads\/2026\/01\/Rainer-Rossbach-150x150.jpg","contentUrl":"https:\/\/www.enzo-und-ferdinand.de\/wp-content\/uploads\/2026\/01\/Rainer-Rossbach-150x150.jpg","caption":"Rainer Ro\u00dfbach"},"url":"https:\/\/www.enzo-und-ferdinand.de\/index.php\/author\/redaktion\/"}]}},"_links":{"self":[{"href":"https:\/\/www.enzo-und-ferdinand.de\/index.php\/wp-json\/wp\/v2\/posts\/9678","targetHints":{"allow":["GET"]}}],"collection":[{"href":"https:\/\/www.enzo-und-ferdinand.de\/index.php\/wp-json\/wp\/v2\/posts"}],"about":[{"href":"https:\/\/www.enzo-und-ferdinand.de\/index.php\/wp-json\/wp\/v2\/types\/post"}],"author":[{"embeddable":true,"href":"https:\/\/www.enzo-und-ferdinand.de\/index.php\/wp-json\/wp\/v2\/users\/1"}],"replies":[{"embeddable":true,"href":"https:\/\/www.enzo-und-ferdinand.de\/index.php\/wp-json\/wp\/v2\/comments?post=9678"}],"version-history":[{"count":8,"href":"https:\/\/www.enzo-und-ferdinand.de\/index.php\/wp-json\/wp\/v2\/posts\/9678\/revisions"}],"predecessor-version":[{"id":19375,"href":"https:\/\/www.enzo-und-ferdinand.de\/index.php\/wp-json\/wp\/v2\/posts\/9678\/revisions\/19375"}],"wp:featuredmedia":[{"embeddable":true,"href":"https:\/\/www.enzo-und-ferdinand.de\/index.php\/wp-json\/wp\/v2\/media\/9686"}],"wp:attachment":[{"href":"https:\/\/www.enzo-und-ferdinand.de\/index.php\/wp-json\/wp\/v2\/media?parent=9678"}],"wp:term":[{"taxonomy":"category","embeddable":true,"href":"https:\/\/www.enzo-und-ferdinand.de\/index.php\/wp-json\/wp\/v2\/categories?post=9678"},{"taxonomy":"post_tag","embeddable":true,"href":"https:\/\/www.enzo-und-ferdinand.de\/index.php\/wp-json\/wp\/v2\/tags?post=9678"}],"curies":[{"name":"wp","href":"https:\/\/api.w.org\/{rel}","templated":true}]}}