{"id":9691,"date":"2022-08-29T10:37:24","date_gmt":"2022-08-29T08:37:24","guid":{"rendered":"https:\/\/www.enzo-und-ferdinand.de\/?p=9691"},"modified":"2022-09-01T21:30:07","modified_gmt":"2022-09-01T19:30:07","slug":"dodge-charger-daytona-srt","status":"publish","type":"post","link":"https:\/\/www.enzo-und-ferdinand.de\/index.php\/2022\/08\/29\/dodge-charger-daytona-srt\/","title":{"rendered":"Dodge Charger Daytona SRT"},"content":{"rendered":"\n<figure class=\"wp-block-image size-large\"><img loading=\"lazy\" decoding=\"async\" width=\"810\" height=\"514\" src=\"https:\/\/www.enzo-und-ferdinand.de\/wp-content\/uploads\/2022\/08\/DG023_119CLp0v3m2mg5f83i3jrusn303b4kj-810x514.jpg\" alt=\"\" class=\"wp-image-9694\" srcset=\"https:\/\/www.enzo-und-ferdinand.de\/wp-content\/uploads\/2022\/08\/DG023_119CLp0v3m2mg5f83i3jrusn303b4kj-810x514.jpg 810w, https:\/\/www.enzo-und-ferdinand.de\/wp-content\/uploads\/2022\/08\/DG023_119CLp0v3m2mg5f83i3jrusn303b4kj-300x190.jpg 300w, https:\/\/www.enzo-und-ferdinand.de\/wp-content\/uploads\/2022\/08\/DG023_119CLp0v3m2mg5f83i3jrusn303b4kj-768x487.jpg 768w, https:\/\/www.enzo-und-ferdinand.de\/wp-content\/uploads\/2022\/08\/DG023_119CLp0v3m2mg5f83i3jrusn303b4kj-600x380.jpg 600w, https:\/\/www.enzo-und-ferdinand.de\/wp-content\/uploads\/2022\/08\/DG023_119CLp0v3m2mg5f83i3jrusn303b4kj.jpg 875w\" sizes=\"auto, (max-width: 810px) 100vw, 810px\" \/><\/figure>\n\n\n\n<p class=\"wp-block-paragraph\">Die Elektrostudie feiert den Stil der klassischen Muscel-Cars. Das Au\u00dfendesign thematisiert das Erbe von Dodge, ist aber aerodynamisch optimiert. Der \u201eFratzonic Chambered Auspuff\u201c macht sich mit 126 dB bemerkbar und ist damit so laut wie ein Dodge mit Hellcat-Motor. Sein 800V Antriebssystem tr\u00e4gt den Namen \u201eBanshee\u201c und hat soviel Leistung, dass sich die SRT-Hellcats, die von einen 6.2-Liter-Kompressor-V8-Hemi mit \u00fcber 700 PS nach vorne getrieben werden, hinten anstellen m\u00fcssen. Ein serienm\u00e4\u00dfiger Allradantrieb \u00fcbertr\u00e4gt die Leistung auf die Stra\u00dfe.<\/p>\n\n\n\n<p class=\"wp-block-paragraph\">Das \u201eeRupt\u201c-Getriebe mit elektromechanischer Schaltung bietet definierte Schaltpunkte \u2013 ein \u201ePowerShot\u201c wird per Knopfdruck am Lenkrad aktiviert und sorgt f\u00fcr zus\u00e4tzliche Beschleunigung. Das Design zeigt das charakteristische Dodge-Profil und der \u201eR-Wing\u201c, eine Hommage an den legend\u00e4ren Charger Daytona, sorgt f\u00fcr eine intensive Luftdurchstr\u00f6mung der Front und erh\u00f6ht so den Abtrieb. Karbonfaser-Einl\u00e4sse an den unteren Sch\u00fcrzen verst\u00e4rken die aerodynamische Leistung zus\u00e4tzlich.<\/p>\n\n\n\n<p class=\"wp-block-paragraph\">Den K\u00fchlergrill pr\u00e4gt ein wei\u00df beleuchteter \u201eFratzog\u201c-Schriftzug, dessen dreizackige Form auf Dodge Muscle Cars der Jahre 1962 bis 1976 zur\u00fcckgeht. Einfache, vertikale Details am K\u00fchlergrill erinnern an den legend\u00e4ren Dodge Charger von 1968. Die Scheinwerfer verschwinden fast und sind nahtlos in die aerodynamische Form integriert. Sowohl Front- als auch die Heckbeleuchtung erstrecken sich \u00fcber die gesamte Breite und b\u00fcndige T\u00fcrgriffe unterstreichen das minimalistische Design. Das Flie\u00dfheckdesign ist besonders funktional&nbsp; \u2013 umklappbare R\u00fccksitze bieten Alltagsqualit\u00e4ten und reichlich Stauraum.<\/p>\n\n\n\n<figure class=\"wp-block-image size-large\"><img loading=\"lazy\" decoding=\"async\" width=\"810\" height=\"455\" src=\"https:\/\/www.enzo-und-ferdinand.de\/wp-content\/uploads\/2022\/08\/DG023_123CLug9eff54t78b0m2ol7rce2klfu-810x455.jpg\" alt=\"\" class=\"wp-image-9696\" srcset=\"https:\/\/www.enzo-und-ferdinand.de\/wp-content\/uploads\/2022\/08\/DG023_123CLug9eff54t78b0m2ol7rce2klfu-810x455.jpg 810w, https:\/\/www.enzo-und-ferdinand.de\/wp-content\/uploads\/2022\/08\/DG023_123CLug9eff54t78b0m2ol7rce2klfu-300x169.jpg 300w, https:\/\/www.enzo-und-ferdinand.de\/wp-content\/uploads\/2022\/08\/DG023_123CLug9eff54t78b0m2ol7rce2klfu-768x432.jpg 768w, https:\/\/www.enzo-und-ferdinand.de\/wp-content\/uploads\/2022\/08\/DG023_123CLug9eff54t78b0m2ol7rce2klfu.jpg 875w\" sizes=\"auto, (max-width: 810px) 100vw, 810px\" \/><\/figure>\n\n\n\n<p class=\"wp-block-paragraph\">Das Cockpit ist fahrerzentriert, mit einem12,3-Zoll-Mittelbildschirm sowie einem 16-Zoll-Instrumentenfeld, das sich um den Fahrer legt. Das Lenkrad hat eine flache Ober- und Unterseite, wobei die mittlere Speiche nicht mit dem Lenkradkranz verbunden ist, was dem Lenkrad einen schwebenden Charakter verleiht. Am Volant befinden sich sowohl Schaltwippen wie auch die PowerShot-Taste auf der rechten und die Fahrmodus-Bedienelemente auf der linken Seite.&nbsp;<\/p>\n\n\n\n<p class=\"wp-block-paragraph\">Die rennsportinspirierten Sitze sind leicht, die oberen R\u00fcckenlehnen mit \u00d6ffnungen und Sitzwangen versehen, die ein luftiges Gef\u00fchl vermitteln und den Insassen gleichzeitig Halt geben.<\/p>\n\n\n\n<p class=\"wp-block-paragraph\">Ein Panorama-Glasdach \u00f6ffnet den Innenraum optisch und der Fahrer kann mit einem einfachen Tastendruck am Lenkrad zwischen den Modi Auto, Sport, Track und Drag w\u00e4hlen und so die Fahrdynamik, die Informationen im Kombiinstrument, den Sound und die Innenbeleuchtung des Fahrzeugs intuitiv \u00e4ndern.<\/p>\n\n\n\n<p class=\"has-text-align-right has-small-font-size wp-block-paragraph\">Fotos: Dodge\/Text: Rainer Ro\u00dfbach<\/p>\n","protected":false},"excerpt":{"rendered":"<p>Die Elektrostudie feiert den Stil der klassischen Muscel-Cars. Das Au\u00dfendesign thematisiert das Erbe von Dodge, ist aber aerodynamisch optimiert. Der \u201eFratzonic Chambered Auspuff\u201c macht sich mit 126 dB bemerkbar und ist damit so laut wie ein Dodge mit Hellcat-Motor. Sein 800V Antriebssystem tr\u00e4gt den Namen \u201eBanshee\u201c und hat soviel Leistung, dass sich die SRT-Hellcats, die von einen 6.2-Liter-Kompressor-V8-Hemi mit \u00fcber 700 PS nach vorne getrieben werden, hinten anstellen m\u00fcssen. Ein serienm\u00e4\u00dfiger Allradantrieb \u00fcbertr\u00e4gt die Leistung auf die Stra\u00dfe.<\/p>\n","protected":false},"author":1,"featured_media":9695,"comment_status":"closed","ping_status":"closed","sticky":false,"template":"","format":"standard","meta":{"_crdt_document":"","ngg_post_thumbnail":0,"footnotes":""},"categories":[282,4,24],"tags":[585],"class_list":["post-9691","post","type-post","status-publish","format-standard","has-post-thumbnail","hentry","category-americana","category-studien","category-unikate","tag-dodge"],"yoast_head":"<!-- This site is optimized with the Yoast SEO plugin v27.5 - https:\/\/yoast.com\/product\/yoast-seo-wordpress\/ -->\n<title>Dodge Charger Daytona SRT<\/title>\n<meta name=\"description\" content=\"Dodge Charger Daytona SRT Muscel-Cars Fratzonic Chambered Exhaust Hellcat Banshee Hellcat SRT HEMI eRupt Fratzog\" \/>\n<meta name=\"robots\" content=\"index, follow, max-snippet:-1, max-image-preview:large, max-video-preview:-1\" \/>\n<link rel=\"canonical\" href=\"https:\/\/www.enzo-und-ferdinand.de\/index.php\/2022\/08\/29\/dodge-charger-daytona-srt\/\" \/>\n<meta property=\"og:locale\" content=\"de_DE\" \/>\n<meta property=\"og:type\" content=\"article\" \/>\n<meta property=\"og:title\" content=\"Dodge Charger Daytona SRT\" \/>\n<meta property=\"og:description\" content=\"Dodge Charger Daytona SRT Muscel-Cars Fratzonic Chambered Exhaust Hellcat Banshee Hellcat SRT HEMI eRupt Fratzog\" \/>\n<meta property=\"og:url\" content=\"https:\/\/www.enzo-und-ferdinand.de\/index.php\/2022\/08\/29\/dodge-charger-daytona-srt\/\" \/>\n<meta property=\"og:site_name\" content=\"enzo &amp; Ferdinand\" \/>\n<meta property=\"article:published_time\" content=\"2022-08-29T08:37:24+00:00\" \/>\n<meta property=\"article:modified_time\" content=\"2022-09-01T19:30:07+00:00\" \/>\n<meta property=\"og:image\" content=\"https:\/\/www.enzo-und-ferdinand.de\/wp-content\/uploads\/2022\/08\/DG023_120CLaldvblpbgiq9os6k44acqgdmf2.jpg\" \/>\n\t<meta property=\"og:image:width\" content=\"875\" \/>\n\t<meta property=\"og:image:height\" content=\"528\" \/>\n\t<meta property=\"og:image:type\" content=\"image\/jpeg\" \/>\n<meta name=\"author\" content=\"Rainer Ro\u00dfbach\" \/>\n<meta name=\"twitter:card\" content=\"summary_large_image\" \/>\n<meta name=\"twitter:label1\" content=\"Verfasst von\" \/>\n\t<meta name=\"twitter:data1\" content=\"Rainer Ro\u00dfbach\" \/>\n\t<meta name=\"twitter:label2\" content=\"Gesch\u00e4tzte Lesezeit\" \/>\n\t<meta name=\"twitter:data2\" content=\"2\u00a0Minuten\" \/>\n<script type=\"application\/ld+json\" class=\"yoast-schema-graph\">{\"@context\":\"https:\\\/\\\/schema.org\",\"@graph\":[{\"@type\":\"Article\",\"@id\":\"https:\\\/\\\/www.enzo-und-ferdinand.de\\\/index.php\\\/2022\\\/08\\\/29\\\/dodge-charger-daytona-srt\\\/#article\",\"isPartOf\":{\"@id\":\"https:\\\/\\\/www.enzo-und-ferdinand.de\\\/index.php\\\/2022\\\/08\\\/29\\\/dodge-charger-daytona-srt\\\/\"},\"author\":{\"name\":\"Rainer Ro\u00dfbach\",\"@id\":\"https:\\\/\\\/www.enzo-und-ferdinand.de\\\/#\\\/schema\\\/person\\\/aff2eb9ff87705987c1b9d21fe10b095\"},\"headline\":\"Dodge Charger Daytona SRT\",\"datePublished\":\"2022-08-29T08:37:24+00:00\",\"dateModified\":\"2022-09-01T19:30:07+00:00\",\"mainEntityOfPage\":{\"@id\":\"https:\\\/\\\/www.enzo-und-ferdinand.de\\\/index.php\\\/2022\\\/08\\\/29\\\/dodge-charger-daytona-srt\\\/\"},\"wordCount\":379,\"publisher\":{\"@id\":\"https:\\\/\\\/www.enzo-und-ferdinand.de\\\/#organization\"},\"image\":{\"@id\":\"https:\\\/\\\/www.enzo-und-ferdinand.de\\\/index.php\\\/2022\\\/08\\\/29\\\/dodge-charger-daytona-srt\\\/#primaryimage\"},\"thumbnailUrl\":\"https:\\\/\\\/www.enzo-und-ferdinand.de\\\/wp-content\\\/uploads\\\/2022\\\/08\\\/DG023_120CLaldvblpbgiq9os6k44acqgdmf2.jpg\",\"keywords\":[\"Dodge\"],\"articleSection\":[\"Americana\",\"Studien\",\"Unikate\"],\"inLanguage\":\"de\"},{\"@type\":\"WebPage\",\"@id\":\"https:\\\/\\\/www.enzo-und-ferdinand.de\\\/index.php\\\/2022\\\/08\\\/29\\\/dodge-charger-daytona-srt\\\/\",\"url\":\"https:\\\/\\\/www.enzo-und-ferdinand.de\\\/index.php\\\/2022\\\/08\\\/29\\\/dodge-charger-daytona-srt\\\/\",\"name\":\"Dodge Charger Daytona SRT\",\"isPartOf\":{\"@id\":\"https:\\\/\\\/www.enzo-und-ferdinand.de\\\/#website\"},\"primaryImageOfPage\":{\"@id\":\"https:\\\/\\\/www.enzo-und-ferdinand.de\\\/index.php\\\/2022\\\/08\\\/29\\\/dodge-charger-daytona-srt\\\/#primaryimage\"},\"image\":{\"@id\":\"https:\\\/\\\/www.enzo-und-ferdinand.de\\\/index.php\\\/2022\\\/08\\\/29\\\/dodge-charger-daytona-srt\\\/#primaryimage\"},\"thumbnailUrl\":\"https:\\\/\\\/www.enzo-und-ferdinand.de\\\/wp-content\\\/uploads\\\/2022\\\/08\\\/DG023_120CLaldvblpbgiq9os6k44acqgdmf2.jpg\",\"datePublished\":\"2022-08-29T08:37:24+00:00\",\"dateModified\":\"2022-09-01T19:30:07+00:00\",\"description\":\"Dodge Charger Daytona SRT Muscel-Cars Fratzonic Chambered Exhaust Hellcat Banshee Hellcat SRT HEMI eRupt Fratzog\",\"breadcrumb\":{\"@id\":\"https:\\\/\\\/www.enzo-und-ferdinand.de\\\/index.php\\\/2022\\\/08\\\/29\\\/dodge-charger-daytona-srt\\\/#breadcrumb\"},\"inLanguage\":\"de\",\"potentialAction\":[{\"@type\":\"ReadAction\",\"target\":[\"https:\\\/\\\/www.enzo-und-ferdinand.de\\\/index.php\\\/2022\\\/08\\\/29\\\/dodge-charger-daytona-srt\\\/\"]}]},{\"@type\":\"ImageObject\",\"inLanguage\":\"de\",\"@id\":\"https:\\\/\\\/www.enzo-und-ferdinand.de\\\/index.php\\\/2022\\\/08\\\/29\\\/dodge-charger-daytona-srt\\\/#primaryimage\",\"url\":\"https:\\\/\\\/www.enzo-und-ferdinand.de\\\/wp-content\\\/uploads\\\/2022\\\/08\\\/DG023_120CLaldvblpbgiq9os6k44acqgdmf2.jpg\",\"contentUrl\":\"https:\\\/\\\/www.enzo-und-ferdinand.de\\\/wp-content\\\/uploads\\\/2022\\\/08\\\/DG023_120CLaldvblpbgiq9os6k44acqgdmf2.jpg\",\"width\":875,\"height\":528,\"caption\":\"The 2023 Dodge Challenger Shakedown pays tribute the original Dodge Shakedown Challenger concept, unveiled at the 2016 Specialty Equipment Market Association (SEMA) Show in Las Vegas. The special-edition 2023 Dodge Challenger Shakedown follows the original\u2019s theme of a black-and-red interior and exterior that fuses a modern and vintage feel.\"},{\"@type\":\"BreadcrumbList\",\"@id\":\"https:\\\/\\\/www.enzo-und-ferdinand.de\\\/index.php\\\/2022\\\/08\\\/29\\\/dodge-charger-daytona-srt\\\/#breadcrumb\",\"itemListElement\":[{\"@type\":\"ListItem\",\"position\":1,\"name\":\"Startseite\",\"item\":\"https:\\\/\\\/www.enzo-und-ferdinand.de\\\/\"},{\"@type\":\"ListItem\",\"position\":2,\"name\":\"Dodge Charger Daytona SRT\"}]},{\"@type\":\"WebSite\",\"@id\":\"https:\\\/\\\/www.enzo-und-ferdinand.de\\\/#website\",\"url\":\"https:\\\/\\\/www.enzo-und-ferdinand.de\\\/\",\"name\":\"enzo & Ferdinand\",\"description\":\"\",\"publisher\":{\"@id\":\"https:\\\/\\\/www.enzo-und-ferdinand.de\\\/#organization\"},\"potentialAction\":[{\"@type\":\"SearchAction\",\"target\":{\"@type\":\"EntryPoint\",\"urlTemplate\":\"https:\\\/\\\/www.enzo-und-ferdinand.de\\\/?s={search_term_string}\"},\"query-input\":{\"@type\":\"PropertyValueSpecification\",\"valueRequired\":true,\"valueName\":\"search_term_string\"}}],\"inLanguage\":\"de\"},{\"@type\":\"Organization\",\"@id\":\"https:\\\/\\\/www.enzo-und-ferdinand.de\\\/#organization\",\"name\":\"enzo & Ferdinand\",\"url\":\"https:\\\/\\\/www.enzo-und-ferdinand.de\\\/\",\"logo\":{\"@type\":\"ImageObject\",\"inLanguage\":\"de\",\"@id\":\"https:\\\/\\\/www.enzo-und-ferdinand.de\\\/#\\\/schema\\\/logo\\\/image\\\/\",\"url\":\"https:\\\/\\\/www.enzo-und-ferdinand.de\\\/wp-content\\\/uploads\\\/2018\\\/12\\\/revvvs-icon.png\",\"contentUrl\":\"https:\\\/\\\/www.enzo-und-ferdinand.de\\\/wp-content\\\/uploads\\\/2018\\\/12\\\/revvvs-icon.png\",\"width\":512,\"height\":512,\"caption\":\"enzo & Ferdinand\"},\"image\":{\"@id\":\"https:\\\/\\\/www.enzo-und-ferdinand.de\\\/#\\\/schema\\\/logo\\\/image\\\/\"}},{\"@type\":\"Person\",\"@id\":\"https:\\\/\\\/www.enzo-und-ferdinand.de\\\/#\\\/schema\\\/person\\\/aff2eb9ff87705987c1b9d21fe10b095\",\"name\":\"Rainer Ro\u00dfbach\",\"image\":{\"@type\":\"ImageObject\",\"inLanguage\":\"de\",\"@id\":\"https:\\\/\\\/www.enzo-und-ferdinand.de\\\/wp-content\\\/uploads\\\/2026\\\/01\\\/Rainer-Rossbach-150x150.jpg\",\"url\":\"https:\\\/\\\/www.enzo-und-ferdinand.de\\\/wp-content\\\/uploads\\\/2026\\\/01\\\/Rainer-Rossbach-150x150.jpg\",\"contentUrl\":\"https:\\\/\\\/www.enzo-und-ferdinand.de\\\/wp-content\\\/uploads\\\/2026\\\/01\\\/Rainer-Rossbach-150x150.jpg\",\"caption\":\"Rainer Ro\u00dfbach\"},\"url\":\"https:\\\/\\\/www.enzo-und-ferdinand.de\\\/index.php\\\/author\\\/redaktion\\\/\"}]}<\/script>\n<!-- \/ Yoast SEO plugin. -->","yoast_head_json":{"title":"Dodge Charger Daytona SRT","description":"Dodge Charger Daytona SRT Muscel-Cars Fratzonic Chambered Exhaust Hellcat Banshee Hellcat SRT HEMI eRupt Fratzog","robots":{"index":"index","follow":"follow","max-snippet":"max-snippet:-1","max-image-preview":"max-image-preview:large","max-video-preview":"max-video-preview:-1"},"canonical":"https:\/\/www.enzo-und-ferdinand.de\/index.php\/2022\/08\/29\/dodge-charger-daytona-srt\/","og_locale":"de_DE","og_type":"article","og_title":"Dodge Charger Daytona SRT","og_description":"Dodge Charger Daytona SRT Muscel-Cars Fratzonic Chambered Exhaust Hellcat Banshee Hellcat SRT HEMI eRupt Fratzog","og_url":"https:\/\/www.enzo-und-ferdinand.de\/index.php\/2022\/08\/29\/dodge-charger-daytona-srt\/","og_site_name":"enzo &amp; Ferdinand","article_published_time":"2022-08-29T08:37:24+00:00","article_modified_time":"2022-09-01T19:30:07+00:00","og_image":[{"width":875,"height":528,"url":"https:\/\/www.enzo-und-ferdinand.de\/wp-content\/uploads\/2022\/08\/DG023_120CLaldvblpbgiq9os6k44acqgdmf2.jpg","type":"image\/jpeg"}],"author":"Rainer Ro\u00dfbach","twitter_card":"summary_large_image","twitter_misc":{"Verfasst von":"Rainer Ro\u00dfbach","Gesch\u00e4tzte Lesezeit":"2\u00a0Minuten"},"schema":{"@context":"https:\/\/schema.org","@graph":[{"@type":"Article","@id":"https:\/\/www.enzo-und-ferdinand.de\/index.php\/2022\/08\/29\/dodge-charger-daytona-srt\/#article","isPartOf":{"@id":"https:\/\/www.enzo-und-ferdinand.de\/index.php\/2022\/08\/29\/dodge-charger-daytona-srt\/"},"author":{"name":"Rainer Ro\u00dfbach","@id":"https:\/\/www.enzo-und-ferdinand.de\/#\/schema\/person\/aff2eb9ff87705987c1b9d21fe10b095"},"headline":"Dodge Charger Daytona SRT","datePublished":"2022-08-29T08:37:24+00:00","dateModified":"2022-09-01T19:30:07+00:00","mainEntityOfPage":{"@id":"https:\/\/www.enzo-und-ferdinand.de\/index.php\/2022\/08\/29\/dodge-charger-daytona-srt\/"},"wordCount":379,"publisher":{"@id":"https:\/\/www.enzo-und-ferdinand.de\/#organization"},"image":{"@id":"https:\/\/www.enzo-und-ferdinand.de\/index.php\/2022\/08\/29\/dodge-charger-daytona-srt\/#primaryimage"},"thumbnailUrl":"https:\/\/www.enzo-und-ferdinand.de\/wp-content\/uploads\/2022\/08\/DG023_120CLaldvblpbgiq9os6k44acqgdmf2.jpg","keywords":["Dodge"],"articleSection":["Americana","Studien","Unikate"],"inLanguage":"de"},{"@type":"WebPage","@id":"https:\/\/www.enzo-und-ferdinand.de\/index.php\/2022\/08\/29\/dodge-charger-daytona-srt\/","url":"https:\/\/www.enzo-und-ferdinand.de\/index.php\/2022\/08\/29\/dodge-charger-daytona-srt\/","name":"Dodge Charger Daytona SRT","isPartOf":{"@id":"https:\/\/www.enzo-und-ferdinand.de\/#website"},"primaryImageOfPage":{"@id":"https:\/\/www.enzo-und-ferdinand.de\/index.php\/2022\/08\/29\/dodge-charger-daytona-srt\/#primaryimage"},"image":{"@id":"https:\/\/www.enzo-und-ferdinand.de\/index.php\/2022\/08\/29\/dodge-charger-daytona-srt\/#primaryimage"},"thumbnailUrl":"https:\/\/www.enzo-und-ferdinand.de\/wp-content\/uploads\/2022\/08\/DG023_120CLaldvblpbgiq9os6k44acqgdmf2.jpg","datePublished":"2022-08-29T08:37:24+00:00","dateModified":"2022-09-01T19:30:07+00:00","description":"Dodge Charger Daytona SRT Muscel-Cars Fratzonic Chambered Exhaust Hellcat Banshee Hellcat SRT HEMI eRupt Fratzog","breadcrumb":{"@id":"https:\/\/www.enzo-und-ferdinand.de\/index.php\/2022\/08\/29\/dodge-charger-daytona-srt\/#breadcrumb"},"inLanguage":"de","potentialAction":[{"@type":"ReadAction","target":["https:\/\/www.enzo-und-ferdinand.de\/index.php\/2022\/08\/29\/dodge-charger-daytona-srt\/"]}]},{"@type":"ImageObject","inLanguage":"de","@id":"https:\/\/www.enzo-und-ferdinand.de\/index.php\/2022\/08\/29\/dodge-charger-daytona-srt\/#primaryimage","url":"https:\/\/www.enzo-und-ferdinand.de\/wp-content\/uploads\/2022\/08\/DG023_120CLaldvblpbgiq9os6k44acqgdmf2.jpg","contentUrl":"https:\/\/www.enzo-und-ferdinand.de\/wp-content\/uploads\/2022\/08\/DG023_120CLaldvblpbgiq9os6k44acqgdmf2.jpg","width":875,"height":528,"caption":"The 2023 Dodge Challenger Shakedown pays tribute the original Dodge Shakedown Challenger concept, unveiled at the 2016 Specialty Equipment Market Association (SEMA) Show in Las Vegas. The special-edition 2023 Dodge Challenger Shakedown follows the original\u2019s theme of a black-and-red interior and exterior that fuses a modern and vintage feel."},{"@type":"BreadcrumbList","@id":"https:\/\/www.enzo-und-ferdinand.de\/index.php\/2022\/08\/29\/dodge-charger-daytona-srt\/#breadcrumb","itemListElement":[{"@type":"ListItem","position":1,"name":"Startseite","item":"https:\/\/www.enzo-und-ferdinand.de\/"},{"@type":"ListItem","position":2,"name":"Dodge Charger Daytona SRT"}]},{"@type":"WebSite","@id":"https:\/\/www.enzo-und-ferdinand.de\/#website","url":"https:\/\/www.enzo-und-ferdinand.de\/","name":"enzo & Ferdinand","description":"","publisher":{"@id":"https:\/\/www.enzo-und-ferdinand.de\/#organization"},"potentialAction":[{"@type":"SearchAction","target":{"@type":"EntryPoint","urlTemplate":"https:\/\/www.enzo-und-ferdinand.de\/?s={search_term_string}"},"query-input":{"@type":"PropertyValueSpecification","valueRequired":true,"valueName":"search_term_string"}}],"inLanguage":"de"},{"@type":"Organization","@id":"https:\/\/www.enzo-und-ferdinand.de\/#organization","name":"enzo & Ferdinand","url":"https:\/\/www.enzo-und-ferdinand.de\/","logo":{"@type":"ImageObject","inLanguage":"de","@id":"https:\/\/www.enzo-und-ferdinand.de\/#\/schema\/logo\/image\/","url":"https:\/\/www.enzo-und-ferdinand.de\/wp-content\/uploads\/2018\/12\/revvvs-icon.png","contentUrl":"https:\/\/www.enzo-und-ferdinand.de\/wp-content\/uploads\/2018\/12\/revvvs-icon.png","width":512,"height":512,"caption":"enzo & Ferdinand"},"image":{"@id":"https:\/\/www.enzo-und-ferdinand.de\/#\/schema\/logo\/image\/"}},{"@type":"Person","@id":"https:\/\/www.enzo-und-ferdinand.de\/#\/schema\/person\/aff2eb9ff87705987c1b9d21fe10b095","name":"Rainer Ro\u00dfbach","image":{"@type":"ImageObject","inLanguage":"de","@id":"https:\/\/www.enzo-und-ferdinand.de\/wp-content\/uploads\/2026\/01\/Rainer-Rossbach-150x150.jpg","url":"https:\/\/www.enzo-und-ferdinand.de\/wp-content\/uploads\/2026\/01\/Rainer-Rossbach-150x150.jpg","contentUrl":"https:\/\/www.enzo-und-ferdinand.de\/wp-content\/uploads\/2026\/01\/Rainer-Rossbach-150x150.jpg","caption":"Rainer Ro\u00dfbach"},"url":"https:\/\/www.enzo-und-ferdinand.de\/index.php\/author\/redaktion\/"}]}},"_links":{"self":[{"href":"https:\/\/www.enzo-und-ferdinand.de\/index.php\/wp-json\/wp\/v2\/posts\/9691","targetHints":{"allow":["GET"]}}],"collection":[{"href":"https:\/\/www.enzo-und-ferdinand.de\/index.php\/wp-json\/wp\/v2\/posts"}],"about":[{"href":"https:\/\/www.enzo-und-ferdinand.de\/index.php\/wp-json\/wp\/v2\/types\/post"}],"author":[{"embeddable":true,"href":"https:\/\/www.enzo-und-ferdinand.de\/index.php\/wp-json\/wp\/v2\/users\/1"}],"replies":[{"embeddable":true,"href":"https:\/\/www.enzo-und-ferdinand.de\/index.php\/wp-json\/wp\/v2\/comments?post=9691"}],"version-history":[{"count":5,"href":"https:\/\/www.enzo-und-ferdinand.de\/index.php\/wp-json\/wp\/v2\/posts\/9691\/revisions"}],"predecessor-version":[{"id":9777,"href":"https:\/\/www.enzo-und-ferdinand.de\/index.php\/wp-json\/wp\/v2\/posts\/9691\/revisions\/9777"}],"wp:featuredmedia":[{"embeddable":true,"href":"https:\/\/www.enzo-und-ferdinand.de\/index.php\/wp-json\/wp\/v2\/media\/9695"}],"wp:attachment":[{"href":"https:\/\/www.enzo-und-ferdinand.de\/index.php\/wp-json\/wp\/v2\/media?parent=9691"}],"wp:term":[{"taxonomy":"category","embeddable":true,"href":"https:\/\/www.enzo-und-ferdinand.de\/index.php\/wp-json\/wp\/v2\/categories?post=9691"},{"taxonomy":"post_tag","embeddable":true,"href":"https:\/\/www.enzo-und-ferdinand.de\/index.php\/wp-json\/wp\/v2\/tags?post=9691"}],"curies":[{"name":"wp","href":"https:\/\/api.w.org\/{rel}","templated":true}]}}