{"id":9781,"date":"2022-09-03T07:34:55","date_gmt":"2022-09-03T05:34:55","guid":{"rendered":"https:\/\/www.enzo-und-ferdinand.de\/?p=9781"},"modified":"2025-02-12T12:17:58","modified_gmt":"2025-02-12T11:17:58","slug":"ruf-bergmeister","status":"publish","type":"post","link":"https:\/\/www.enzo-und-ferdinand.de\/index.php\/2022\/09\/03\/ruf-bergmeister\/","title":{"rendered":"RUF Bergmeister"},"content":{"rendered":"\n<figure class=\"wp-block-image size-large\"><img loading=\"lazy\" decoding=\"async\" width=\"810\" height=\"493\" src=\"https:\/\/www.enzo-und-ferdinand.de\/wp-content\/uploads\/2022\/09\/2022-Ruf-Bergmeister-6-810x493.jpg\" alt=\"\" class=\"wp-image-9788\" srcset=\"https:\/\/www.enzo-und-ferdinand.de\/wp-content\/uploads\/2022\/09\/2022-Ruf-Bergmeister-6-810x493.jpg 810w, https:\/\/www.enzo-und-ferdinand.de\/wp-content\/uploads\/2022\/09\/2022-Ruf-Bergmeister-6-300x183.jpg 300w, https:\/\/www.enzo-und-ferdinand.de\/wp-content\/uploads\/2022\/09\/2022-Ruf-Bergmeister-6-768x468.jpg 768w, https:\/\/www.enzo-und-ferdinand.de\/wp-content\/uploads\/2022\/09\/2022-Ruf-Bergmeister-6.jpg 875w\" sizes=\"auto, (max-width: 810px) 100vw, 810px\" \/><\/figure>\n\n\n\n<p class=\"wp-block-paragraph\">Das Konzept ist inspiriert von den legend\u00e4ren Porsche-Berg-Rennwagen wie etwa dem radikalen 1968er Porsche 909 oder dem 910\/8 der ab 1967 die Europa-Bergmeisterschaft dominiert. Tony Hatter, Gestalter des letzten luftgek\u00fchlten Elfers, zeichnet f\u00fcr die Form des Bergmeister verantwortlich und interpretiert die zweckorientierte Designsprache der klassischen Boliden ganz zeitgem\u00e4\u00df. Abgerundete Scheinwerfer und die dynamisch nach hinten verlaufenden Falze \u00fcber den Kotfl\u00fcgeln treffen auf ein Heck, das die Skulptur des Carrera GT von 2003 eigenwillig neu interpretiert und radikal verdichtet. Der Verzicht auf eine Hecksto\u00dfstange \u00f6ffnet den freien Blick auf den potenten Motor.<\/p>\n\n\n\n<figure class=\"wp-block-image size-large\"><img loading=\"lazy\" decoding=\"async\" width=\"810\" height=\"455\" src=\"https:\/\/www.enzo-und-ferdinand.de\/wp-content\/uploads\/2022\/09\/2022-Ruf-Bergmeister-3-810x455.jpg\" alt=\"\" class=\"wp-image-9789\" srcset=\"https:\/\/www.enzo-und-ferdinand.de\/wp-content\/uploads\/2022\/09\/2022-Ruf-Bergmeister-3-810x455.jpg 810w, https:\/\/www.enzo-und-ferdinand.de\/wp-content\/uploads\/2022\/09\/2022-Ruf-Bergmeister-3-300x169.jpg 300w, https:\/\/www.enzo-und-ferdinand.de\/wp-content\/uploads\/2022\/09\/2022-Ruf-Bergmeister-3-768x432.jpg 768w, https:\/\/www.enzo-und-ferdinand.de\/wp-content\/uploads\/2022\/09\/2022-Ruf-Bergmeister-3.jpg 875w\" sizes=\"auto, (max-width: 810px) 100vw, 810px\" \/><\/figure>\n\n\n\n<p class=\"wp-block-paragraph\">Wie es sich f\u00fcr ein Fahrzeug in der Tradition der ultraleichten Bergsprinter geh\u00f6rt, verzichtet der Bergmeister auf ein Dach und begn\u00fcgt sich mit einer flachen, gew\u00f6lbten Scheibe als rudiment\u00e4rem Windschutz. Deren Philosophie des geringstm\u00f6gliche Gewichts zeichnet auch die gr\u00f6\u00dftenteils aus Kohlefaser gefertigte Karosserie aus. Die aggressiven Lufteinl\u00e4sse der Front und der hinter den Sitzen angebrachte Heckfl\u00fcgel. Als Teil des hinteren Spaceframes und des integrierten \u00dcberrollk\u00e4figs entsprechen dagegen zeitgen\u00f6ssischen Designauffassungen.<\/p>\n\n\n\n<p class=\"wp-block-paragraph\">Elegant puristisch ist die klassische und sparsame Instrumentierung, die sich perfekt in den mit schwarzem Alcantara-Leder ausgekleideten Innenraum einf\u00fcgt. Auch die zwei Schalensitze sind mit dem gleichen Velours bezogen und&nbsp; haben, ganz traditionell, Pepita-Sitzfl\u00e4chen.&nbsp;<\/p>\n\n\n\n<p class=\"wp-block-paragraph\">Der Motor ist ein klassischer luftgek\u00fchlter 3,6-Liter-Sechszylinder-Boxer mit Turbolader. Dieser verf\u00fcgt \u00fcber eine Trockensumpfschmierung und ist mit einem Sechsgang-Schaltgetriebe verbunden. Die maximale Leistung von 450 PS und das maximale Drehmoment von 599 Newtonmeter leitet der Motor \u00fcber das Getriebe und ein Sperrdifferenzial an die Hinterr\u00e4der. Erw\u00e4hnt werden muss, dass der Bergmeister mit einem Leergewicht von 1.100 Kilogramm der leichteste je produzierte Ruf ist und damit auch die legend\u00e4ren Vorbilder aus den 1960er-Jahren feiert.<\/p>\n\n\n\n<figure class=\"wp-block-image size-large\"><img loading=\"lazy\" decoding=\"async\" width=\"810\" height=\"455\" src=\"https:\/\/www.enzo-und-ferdinand.de\/wp-content\/uploads\/2022\/09\/Bergmeister-Motor-810x455.jpg\" alt=\"\" class=\"wp-image-9786\" srcset=\"https:\/\/www.enzo-und-ferdinand.de\/wp-content\/uploads\/2022\/09\/Bergmeister-Motor-810x455.jpg 810w, https:\/\/www.enzo-und-ferdinand.de\/wp-content\/uploads\/2022\/09\/Bergmeister-Motor-300x169.jpg 300w, https:\/\/www.enzo-und-ferdinand.de\/wp-content\/uploads\/2022\/09\/Bergmeister-Motor-768x432.jpg 768w, https:\/\/www.enzo-und-ferdinand.de\/wp-content\/uploads\/2022\/09\/Bergmeister-Motor.jpg 875w\" sizes=\"auto, (max-width: 810px) 100vw, 810px\" \/><\/figure>\n\n\n\n<p class=\"wp-block-paragraph\"><strong>Literatur zum Thema:<\/strong><br>Rainer Ro\u00dfbach, J\u00f6rg-Thomas F\u00f6disch, Michael Behrndt, Jost Ne\u00dfh\u00f6ver<br><strong><a title=\"Porsche Bergsport: Europa-Bergmeisterschaft 1957\u20131969\" rel=\"noreferrer noopener\" href=\"https:\/\/www.amazon.de\/Porsche-Bergsport-Europa-Bergmeisterschaft-1957-1969\/dp\/3768833615\/ref=pd_rhf_se_p_img_6?_encoding=UTF8&amp;psc=1&amp;refRID=QDPM9WHQFCAD4DY1K5WB?rel=outbound\" target=\"_blank\">Porsche Bergsport: Europa-Bergmeisterschaft 1957\u20131969<\/a><\/strong><br>Delius Klasing<\/p>\n\n\n\n<p class=\"has-text-align-right has-small-font-size wp-block-paragraph\">Fotos: RUF\/Text: Rainer Ro\u00dfbach<\/p>\n","protected":false},"excerpt":{"rendered":"<p>Das Konzept ist inspiriert von den legend\u00e4ren Porsche-Berg-Rennwagen wie etwa dem radikalen 1968er Porsche 909 oder dem 910\/8 der ab 1967 die Europa-Bergmeisterschaft dominiert. Tony Hatter, Gestalter des letzten luftgek\u00fchlten Elfers, zeichnet f\u00fcr die Form des Bergmeister verantwortlich und interpretiert die zweckorientierte Designsprache der klassischen Boliden ganz zeitgem\u00e4\u00df. Abgerundete Scheinwerfer und die dynamisch nach hinten verlaufenden Falze \u00fcber den Kotfl\u00fcgeln treffen auf ein Heck, das die Skulptur des Carrera GT von 2003 eigenwillig neu interpretiert und radikal verdichtet.<\/p>\n","protected":false},"author":1,"featured_media":9787,"comment_status":"closed","ping_status":"closed","sticky":false,"template":"","format":"standard","meta":{"_crdt_document":"","ngg_post_thumbnail":0,"footnotes":""},"categories":[13,23],"tags":[588,301,714,713],"class_list":["post-9781","post","type-post","status-publish","format-standard","has-post-thumbnail","hentry","category-ikonen","category-performance","tag-porsche-909","tag-porsche-boxster-bergspyder","tag-ruf","tag-ruf-bergmeister"],"yoast_head":"<!-- This site is optimized with the Yoast SEO plugin v27.5 - https:\/\/yoast.com\/product\/yoast-seo-wordpress\/ -->\n<title>RUF Bergmeister<\/title>\n<meta name=\"description\" content=\"RUF Bergmeister Porsche 909 Porsche 910\/8 Europa-Bergmeisterschaft Tony Hatter Carrera GT Kohlefaser Spaceframe Pepita Sechszylinder-Boxer\" \/>\n<meta name=\"robots\" content=\"index, follow, max-snippet:-1, max-image-preview:large, max-video-preview:-1\" \/>\n<link rel=\"canonical\" href=\"https:\/\/www.enzo-und-ferdinand.de\/index.php\/2022\/09\/03\/ruf-bergmeister\/\" \/>\n<meta property=\"og:locale\" content=\"de_DE\" \/>\n<meta property=\"og:type\" content=\"article\" \/>\n<meta property=\"og:title\" content=\"RUF Bergmeister\" \/>\n<meta property=\"og:description\" content=\"RUF Bergmeister Porsche 909 Porsche 910\/8 Europa-Bergmeisterschaft Tony Hatter Carrera GT Kohlefaser Spaceframe Pepita Sechszylinder-Boxer\" \/>\n<meta property=\"og:url\" content=\"https:\/\/www.enzo-und-ferdinand.de\/index.php\/2022\/09\/03\/ruf-bergmeister\/\" \/>\n<meta property=\"og:site_name\" content=\"enzo &amp; Ferdinand\" \/>\n<meta property=\"article:published_time\" content=\"2022-09-03T05:34:55+00:00\" \/>\n<meta property=\"article:modified_time\" content=\"2025-02-12T11:17:58+00:00\" \/>\n<meta property=\"og:image\" content=\"https:\/\/www.enzo-und-ferdinand.de\/wp-content\/uploads\/2022\/09\/2022-Ruf-Bergmeister-7.jpg\" \/>\n\t<meta property=\"og:image:width\" content=\"875\" \/>\n\t<meta property=\"og:image:height\" content=\"528\" \/>\n\t<meta property=\"og:image:type\" content=\"image\/jpeg\" \/>\n<meta name=\"author\" content=\"Rainer Ro\u00dfbach\" \/>\n<meta name=\"twitter:card\" content=\"summary_large_image\" \/>\n<meta name=\"twitter:label1\" content=\"Verfasst von\" \/>\n\t<meta name=\"twitter:data1\" content=\"Rainer Ro\u00dfbach\" \/>\n\t<meta name=\"twitter:label2\" content=\"Gesch\u00e4tzte Lesezeit\" \/>\n\t<meta name=\"twitter:data2\" content=\"2\u00a0Minuten\" \/>\n<script type=\"application\/ld+json\" class=\"yoast-schema-graph\">{\"@context\":\"https:\\\/\\\/schema.org\",\"@graph\":[{\"@type\":\"Article\",\"@id\":\"https:\\\/\\\/www.enzo-und-ferdinand.de\\\/index.php\\\/2022\\\/09\\\/03\\\/ruf-bergmeister\\\/#article\",\"isPartOf\":{\"@id\":\"https:\\\/\\\/www.enzo-und-ferdinand.de\\\/index.php\\\/2022\\\/09\\\/03\\\/ruf-bergmeister\\\/\"},\"author\":{\"name\":\"Rainer Ro\u00dfbach\",\"@id\":\"https:\\\/\\\/www.enzo-und-ferdinand.de\\\/#\\\/schema\\\/person\\\/aff2eb9ff87705987c1b9d21fe10b095\"},\"headline\":\"RUF Bergmeister\",\"datePublished\":\"2022-09-03T05:34:55+00:00\",\"dateModified\":\"2025-02-12T11:17:58+00:00\",\"mainEntityOfPage\":{\"@id\":\"https:\\\/\\\/www.enzo-und-ferdinand.de\\\/index.php\\\/2022\\\/09\\\/03\\\/ruf-bergmeister\\\/\"},\"wordCount\":314,\"publisher\":{\"@id\":\"https:\\\/\\\/www.enzo-und-ferdinand.de\\\/#organization\"},\"image\":{\"@id\":\"https:\\\/\\\/www.enzo-und-ferdinand.de\\\/index.php\\\/2022\\\/09\\\/03\\\/ruf-bergmeister\\\/#primaryimage\"},\"thumbnailUrl\":\"https:\\\/\\\/www.enzo-und-ferdinand.de\\\/wp-content\\\/uploads\\\/2022\\\/09\\\/2022-Ruf-Bergmeister-7.jpg\",\"keywords\":[\"Porsche 909\",\"Porsche Boxster Bergspyder\",\"Ruf\",\"Ruf Bergmeister\"],\"articleSection\":[\"Ikonen\",\"Performance\"],\"inLanguage\":\"de\"},{\"@type\":\"WebPage\",\"@id\":\"https:\\\/\\\/www.enzo-und-ferdinand.de\\\/index.php\\\/2022\\\/09\\\/03\\\/ruf-bergmeister\\\/\",\"url\":\"https:\\\/\\\/www.enzo-und-ferdinand.de\\\/index.php\\\/2022\\\/09\\\/03\\\/ruf-bergmeister\\\/\",\"name\":\"RUF Bergmeister\",\"isPartOf\":{\"@id\":\"https:\\\/\\\/www.enzo-und-ferdinand.de\\\/#website\"},\"primaryImageOfPage\":{\"@id\":\"https:\\\/\\\/www.enzo-und-ferdinand.de\\\/index.php\\\/2022\\\/09\\\/03\\\/ruf-bergmeister\\\/#primaryimage\"},\"image\":{\"@id\":\"https:\\\/\\\/www.enzo-und-ferdinand.de\\\/index.php\\\/2022\\\/09\\\/03\\\/ruf-bergmeister\\\/#primaryimage\"},\"thumbnailUrl\":\"https:\\\/\\\/www.enzo-und-ferdinand.de\\\/wp-content\\\/uploads\\\/2022\\\/09\\\/2022-Ruf-Bergmeister-7.jpg\",\"datePublished\":\"2022-09-03T05:34:55+00:00\",\"dateModified\":\"2025-02-12T11:17:58+00:00\",\"description\":\"RUF Bergmeister Porsche 909 Porsche 910\\\/8 Europa-Bergmeisterschaft Tony Hatter Carrera GT Kohlefaser Spaceframe Pepita Sechszylinder-Boxer\",\"breadcrumb\":{\"@id\":\"https:\\\/\\\/www.enzo-und-ferdinand.de\\\/index.php\\\/2022\\\/09\\\/03\\\/ruf-bergmeister\\\/#breadcrumb\"},\"inLanguage\":\"de\",\"potentialAction\":[{\"@type\":\"ReadAction\",\"target\":[\"https:\\\/\\\/www.enzo-und-ferdinand.de\\\/index.php\\\/2022\\\/09\\\/03\\\/ruf-bergmeister\\\/\"]}]},{\"@type\":\"ImageObject\",\"inLanguage\":\"de\",\"@id\":\"https:\\\/\\\/www.enzo-und-ferdinand.de\\\/index.php\\\/2022\\\/09\\\/03\\\/ruf-bergmeister\\\/#primaryimage\",\"url\":\"https:\\\/\\\/www.enzo-und-ferdinand.de\\\/wp-content\\\/uploads\\\/2022\\\/09\\\/2022-Ruf-Bergmeister-7.jpg\",\"contentUrl\":\"https:\\\/\\\/www.enzo-und-ferdinand.de\\\/wp-content\\\/uploads\\\/2022\\\/09\\\/2022-Ruf-Bergmeister-7.jpg\",\"width\":875,\"height\":528},{\"@type\":\"BreadcrumbList\",\"@id\":\"https:\\\/\\\/www.enzo-und-ferdinand.de\\\/index.php\\\/2022\\\/09\\\/03\\\/ruf-bergmeister\\\/#breadcrumb\",\"itemListElement\":[{\"@type\":\"ListItem\",\"position\":1,\"name\":\"Startseite\",\"item\":\"https:\\\/\\\/www.enzo-und-ferdinand.de\\\/\"},{\"@type\":\"ListItem\",\"position\":2,\"name\":\"RUF Bergmeister\"}]},{\"@type\":\"WebSite\",\"@id\":\"https:\\\/\\\/www.enzo-und-ferdinand.de\\\/#website\",\"url\":\"https:\\\/\\\/www.enzo-und-ferdinand.de\\\/\",\"name\":\"enzo & Ferdinand\",\"description\":\"\",\"publisher\":{\"@id\":\"https:\\\/\\\/www.enzo-und-ferdinand.de\\\/#organization\"},\"potentialAction\":[{\"@type\":\"SearchAction\",\"target\":{\"@type\":\"EntryPoint\",\"urlTemplate\":\"https:\\\/\\\/www.enzo-und-ferdinand.de\\\/?s={search_term_string}\"},\"query-input\":{\"@type\":\"PropertyValueSpecification\",\"valueRequired\":true,\"valueName\":\"search_term_string\"}}],\"inLanguage\":\"de\"},{\"@type\":\"Organization\",\"@id\":\"https:\\\/\\\/www.enzo-und-ferdinand.de\\\/#organization\",\"name\":\"enzo & Ferdinand\",\"url\":\"https:\\\/\\\/www.enzo-und-ferdinand.de\\\/\",\"logo\":{\"@type\":\"ImageObject\",\"inLanguage\":\"de\",\"@id\":\"https:\\\/\\\/www.enzo-und-ferdinand.de\\\/#\\\/schema\\\/logo\\\/image\\\/\",\"url\":\"https:\\\/\\\/www.enzo-und-ferdinand.de\\\/wp-content\\\/uploads\\\/2018\\\/12\\\/revvvs-icon.png\",\"contentUrl\":\"https:\\\/\\\/www.enzo-und-ferdinand.de\\\/wp-content\\\/uploads\\\/2018\\\/12\\\/revvvs-icon.png\",\"width\":512,\"height\":512,\"caption\":\"enzo & Ferdinand\"},\"image\":{\"@id\":\"https:\\\/\\\/www.enzo-und-ferdinand.de\\\/#\\\/schema\\\/logo\\\/image\\\/\"}},{\"@type\":\"Person\",\"@id\":\"https:\\\/\\\/www.enzo-und-ferdinand.de\\\/#\\\/schema\\\/person\\\/aff2eb9ff87705987c1b9d21fe10b095\",\"name\":\"Rainer Ro\u00dfbach\",\"image\":{\"@type\":\"ImageObject\",\"inLanguage\":\"de\",\"@id\":\"https:\\\/\\\/www.enzo-und-ferdinand.de\\\/wp-content\\\/uploads\\\/2026\\\/01\\\/Rainer-Rossbach-150x150.jpg\",\"url\":\"https:\\\/\\\/www.enzo-und-ferdinand.de\\\/wp-content\\\/uploads\\\/2026\\\/01\\\/Rainer-Rossbach-150x150.jpg\",\"contentUrl\":\"https:\\\/\\\/www.enzo-und-ferdinand.de\\\/wp-content\\\/uploads\\\/2026\\\/01\\\/Rainer-Rossbach-150x150.jpg\",\"caption\":\"Rainer Ro\u00dfbach\"},\"url\":\"https:\\\/\\\/www.enzo-und-ferdinand.de\\\/index.php\\\/author\\\/redaktion\\\/\"}]}<\/script>\n<!-- \/ Yoast SEO plugin. -->","yoast_head_json":{"title":"RUF Bergmeister","description":"RUF Bergmeister Porsche 909 Porsche 910\/8 Europa-Bergmeisterschaft Tony Hatter Carrera GT Kohlefaser Spaceframe Pepita Sechszylinder-Boxer","robots":{"index":"index","follow":"follow","max-snippet":"max-snippet:-1","max-image-preview":"max-image-preview:large","max-video-preview":"max-video-preview:-1"},"canonical":"https:\/\/www.enzo-und-ferdinand.de\/index.php\/2022\/09\/03\/ruf-bergmeister\/","og_locale":"de_DE","og_type":"article","og_title":"RUF Bergmeister","og_description":"RUF Bergmeister Porsche 909 Porsche 910\/8 Europa-Bergmeisterschaft Tony Hatter Carrera GT Kohlefaser Spaceframe Pepita Sechszylinder-Boxer","og_url":"https:\/\/www.enzo-und-ferdinand.de\/index.php\/2022\/09\/03\/ruf-bergmeister\/","og_site_name":"enzo &amp; Ferdinand","article_published_time":"2022-09-03T05:34:55+00:00","article_modified_time":"2025-02-12T11:17:58+00:00","og_image":[{"width":875,"height":528,"url":"https:\/\/www.enzo-und-ferdinand.de\/wp-content\/uploads\/2022\/09\/2022-Ruf-Bergmeister-7.jpg","type":"image\/jpeg"}],"author":"Rainer Ro\u00dfbach","twitter_card":"summary_large_image","twitter_misc":{"Verfasst von":"Rainer Ro\u00dfbach","Gesch\u00e4tzte Lesezeit":"2\u00a0Minuten"},"schema":{"@context":"https:\/\/schema.org","@graph":[{"@type":"Article","@id":"https:\/\/www.enzo-und-ferdinand.de\/index.php\/2022\/09\/03\/ruf-bergmeister\/#article","isPartOf":{"@id":"https:\/\/www.enzo-und-ferdinand.de\/index.php\/2022\/09\/03\/ruf-bergmeister\/"},"author":{"name":"Rainer Ro\u00dfbach","@id":"https:\/\/www.enzo-und-ferdinand.de\/#\/schema\/person\/aff2eb9ff87705987c1b9d21fe10b095"},"headline":"RUF Bergmeister","datePublished":"2022-09-03T05:34:55+00:00","dateModified":"2025-02-12T11:17:58+00:00","mainEntityOfPage":{"@id":"https:\/\/www.enzo-und-ferdinand.de\/index.php\/2022\/09\/03\/ruf-bergmeister\/"},"wordCount":314,"publisher":{"@id":"https:\/\/www.enzo-und-ferdinand.de\/#organization"},"image":{"@id":"https:\/\/www.enzo-und-ferdinand.de\/index.php\/2022\/09\/03\/ruf-bergmeister\/#primaryimage"},"thumbnailUrl":"https:\/\/www.enzo-und-ferdinand.de\/wp-content\/uploads\/2022\/09\/2022-Ruf-Bergmeister-7.jpg","keywords":["Porsche 909","Porsche Boxster Bergspyder","Ruf","Ruf Bergmeister"],"articleSection":["Ikonen","Performance"],"inLanguage":"de"},{"@type":"WebPage","@id":"https:\/\/www.enzo-und-ferdinand.de\/index.php\/2022\/09\/03\/ruf-bergmeister\/","url":"https:\/\/www.enzo-und-ferdinand.de\/index.php\/2022\/09\/03\/ruf-bergmeister\/","name":"RUF Bergmeister","isPartOf":{"@id":"https:\/\/www.enzo-und-ferdinand.de\/#website"},"primaryImageOfPage":{"@id":"https:\/\/www.enzo-und-ferdinand.de\/index.php\/2022\/09\/03\/ruf-bergmeister\/#primaryimage"},"image":{"@id":"https:\/\/www.enzo-und-ferdinand.de\/index.php\/2022\/09\/03\/ruf-bergmeister\/#primaryimage"},"thumbnailUrl":"https:\/\/www.enzo-und-ferdinand.de\/wp-content\/uploads\/2022\/09\/2022-Ruf-Bergmeister-7.jpg","datePublished":"2022-09-03T05:34:55+00:00","dateModified":"2025-02-12T11:17:58+00:00","description":"RUF Bergmeister Porsche 909 Porsche 910\/8 Europa-Bergmeisterschaft Tony Hatter Carrera GT Kohlefaser Spaceframe Pepita Sechszylinder-Boxer","breadcrumb":{"@id":"https:\/\/www.enzo-und-ferdinand.de\/index.php\/2022\/09\/03\/ruf-bergmeister\/#breadcrumb"},"inLanguage":"de","potentialAction":[{"@type":"ReadAction","target":["https:\/\/www.enzo-und-ferdinand.de\/index.php\/2022\/09\/03\/ruf-bergmeister\/"]}]},{"@type":"ImageObject","inLanguage":"de","@id":"https:\/\/www.enzo-und-ferdinand.de\/index.php\/2022\/09\/03\/ruf-bergmeister\/#primaryimage","url":"https:\/\/www.enzo-und-ferdinand.de\/wp-content\/uploads\/2022\/09\/2022-Ruf-Bergmeister-7.jpg","contentUrl":"https:\/\/www.enzo-und-ferdinand.de\/wp-content\/uploads\/2022\/09\/2022-Ruf-Bergmeister-7.jpg","width":875,"height":528},{"@type":"BreadcrumbList","@id":"https:\/\/www.enzo-und-ferdinand.de\/index.php\/2022\/09\/03\/ruf-bergmeister\/#breadcrumb","itemListElement":[{"@type":"ListItem","position":1,"name":"Startseite","item":"https:\/\/www.enzo-und-ferdinand.de\/"},{"@type":"ListItem","position":2,"name":"RUF Bergmeister"}]},{"@type":"WebSite","@id":"https:\/\/www.enzo-und-ferdinand.de\/#website","url":"https:\/\/www.enzo-und-ferdinand.de\/","name":"enzo & Ferdinand","description":"","publisher":{"@id":"https:\/\/www.enzo-und-ferdinand.de\/#organization"},"potentialAction":[{"@type":"SearchAction","target":{"@type":"EntryPoint","urlTemplate":"https:\/\/www.enzo-und-ferdinand.de\/?s={search_term_string}"},"query-input":{"@type":"PropertyValueSpecification","valueRequired":true,"valueName":"search_term_string"}}],"inLanguage":"de"},{"@type":"Organization","@id":"https:\/\/www.enzo-und-ferdinand.de\/#organization","name":"enzo & Ferdinand","url":"https:\/\/www.enzo-und-ferdinand.de\/","logo":{"@type":"ImageObject","inLanguage":"de","@id":"https:\/\/www.enzo-und-ferdinand.de\/#\/schema\/logo\/image\/","url":"https:\/\/www.enzo-und-ferdinand.de\/wp-content\/uploads\/2018\/12\/revvvs-icon.png","contentUrl":"https:\/\/www.enzo-und-ferdinand.de\/wp-content\/uploads\/2018\/12\/revvvs-icon.png","width":512,"height":512,"caption":"enzo & Ferdinand"},"image":{"@id":"https:\/\/www.enzo-und-ferdinand.de\/#\/schema\/logo\/image\/"}},{"@type":"Person","@id":"https:\/\/www.enzo-und-ferdinand.de\/#\/schema\/person\/aff2eb9ff87705987c1b9d21fe10b095","name":"Rainer Ro\u00dfbach","image":{"@type":"ImageObject","inLanguage":"de","@id":"https:\/\/www.enzo-und-ferdinand.de\/wp-content\/uploads\/2026\/01\/Rainer-Rossbach-150x150.jpg","url":"https:\/\/www.enzo-und-ferdinand.de\/wp-content\/uploads\/2026\/01\/Rainer-Rossbach-150x150.jpg","contentUrl":"https:\/\/www.enzo-und-ferdinand.de\/wp-content\/uploads\/2026\/01\/Rainer-Rossbach-150x150.jpg","caption":"Rainer Ro\u00dfbach"},"url":"https:\/\/www.enzo-und-ferdinand.de\/index.php\/author\/redaktion\/"}]}},"_links":{"self":[{"href":"https:\/\/www.enzo-und-ferdinand.de\/index.php\/wp-json\/wp\/v2\/posts\/9781","targetHints":{"allow":["GET"]}}],"collection":[{"href":"https:\/\/www.enzo-und-ferdinand.de\/index.php\/wp-json\/wp\/v2\/posts"}],"about":[{"href":"https:\/\/www.enzo-und-ferdinand.de\/index.php\/wp-json\/wp\/v2\/types\/post"}],"author":[{"embeddable":true,"href":"https:\/\/www.enzo-und-ferdinand.de\/index.php\/wp-json\/wp\/v2\/users\/1"}],"replies":[{"embeddable":true,"href":"https:\/\/www.enzo-und-ferdinand.de\/index.php\/wp-json\/wp\/v2\/comments?post=9781"}],"version-history":[{"count":10,"href":"https:\/\/www.enzo-und-ferdinand.de\/index.php\/wp-json\/wp\/v2\/posts\/9781\/revisions"}],"predecessor-version":[{"id":19402,"href":"https:\/\/www.enzo-und-ferdinand.de\/index.php\/wp-json\/wp\/v2\/posts\/9781\/revisions\/19402"}],"wp:featuredmedia":[{"embeddable":true,"href":"https:\/\/www.enzo-und-ferdinand.de\/index.php\/wp-json\/wp\/v2\/media\/9787"}],"wp:attachment":[{"href":"https:\/\/www.enzo-und-ferdinand.de\/index.php\/wp-json\/wp\/v2\/media?parent=9781"}],"wp:term":[{"taxonomy":"category","embeddable":true,"href":"https:\/\/www.enzo-und-ferdinand.de\/index.php\/wp-json\/wp\/v2\/categories?post=9781"},{"taxonomy":"post_tag","embeddable":true,"href":"https:\/\/www.enzo-und-ferdinand.de\/index.php\/wp-json\/wp\/v2\/tags?post=9781"}],"curies":[{"name":"wp","href":"https:\/\/api.w.org\/{rel}","templated":true}]}}