{"id":9853,"date":"2022-09-11T08:03:59","date_gmt":"2022-09-11T06:03:59","guid":{"rendered":"https:\/\/www.enzo-und-ferdinand.de\/?p=9853"},"modified":"2022-12-20T15:49:23","modified_gmt":"2022-12-20T14:49:23","slug":"bertone-blitz-1992","status":"publish","type":"post","link":"https:\/\/www.enzo-und-ferdinand.de\/index.php\/2022\/09\/11\/bertone-blitz-1992\/","title":{"rendered":"Bertone Blitz (1992)"},"content":{"rendered":"\n<p class=\"wp-block-paragraph\">Bereits der Internationale Automobilsalon von Turin 1992 stand unter dem Motto \u201eDer Mensch und die Umwelt\u201c. Das Designstudio Bertone war gebeten worden, ein Elektrofahrzeug f\u00fcr die Show zu entwickeln. So entstand der \u201eBlitz\u201c, der dann die gew\u00fcnschte Aufmerksamkeit von Experten und Publikum finden sollte.&nbsp;Dieser offene zweisitzige Prototyp ist ein Experiment sowohl mit seinem emissionsfreien Antrieb wie auch mit neuen Materialien f\u00fcr Chassis und Karosserie.<\/p>\n\n\n\n<p class=\"wp-block-paragraph\">Als  Design w\u00e4hlten die Turiner die Form eines sportlichen offenen Zweisitzer, der mit den nach vorne ge\u00f6ffneten Radh\u00e4usern der Vorderachse sowie den asymmetrisch angeordneten Sitzen recht avantgardistisch gezeichnet ist. \u00dcber dem verdecklosen Innenraum w\u00f6lbt sich eine lang nach hinten gezogene Scheibe. Aerodynamische Hutzen hinter den Sitzen leiten die Luft \u00fcber die K\u00f6pfe der Insassen und m\u00fcnden in ein breites, horizontal geteiltes Heck. Die T\u00fcren sind vorne angeschlagen und \u00f6ffnen sich vertikal \u2013 ein Konzept, das vom 1968er Alfa Romeo Carabo \u00fcbernommen wurde. W\u00e4hren das Cockpit erste Ankl\u00e4nge an k\u00fcnftige Digitaldisplay zeigt, ist das Lenkrad im typischen Stil der 1990er gehalten<\/p>\n\n\n\n<p class=\"wp-block-paragraph\">Um auf ein geringes Gewicht zu kommen, wurde das Chassis aus leichten Stahlrohren gefertigt und mit Glasfaserplatten beplankt. Die Karosserie besteht aus einem Verbundwerkstoff aus Epoxidglas und im Autoklaven hergestelltem Nomex, der Innenraum ist aus Karbon gefertigt.&nbsp;<\/p>\n\n\n\n<p class=\"has-text-align-right has-small-font-size wp-block-paragraph\">Foto\/Text: Rainer Ro\u00dfbach<\/p>\n","protected":false},"excerpt":{"rendered":"<p>Bereits der Internationale Automobilsalon von Turin 1992 stand unter dem Motto \u201eDer Mensch und die Umwelt\u201c. Das Designstudio Bertone war gebeten worden, ein Elektrofahrzeug f\u00fcr die Show zu entwickeln. So entstand der \u201eBlitz\u201c, der dann die gew\u00fcnschte Aufmerksamkeit von Experten und Publikum finden sollte.\u00a0Dieser offene zweisitzige Prototyp ist ein Experiment sowohl mit seinem emissionsfreien Antrieb wie auch mit neuen Materialien f\u00fcr Chassis und Karosserie.<\/p>\n","protected":false},"author":1,"featured_media":10912,"comment_status":"closed","ping_status":"closed","sticky":false,"template":"","format":"standard","meta":{"_crdt_document":"","ngg_post_thumbnail":0,"footnotes":""},"categories":[4,24],"tags":[260],"class_list":["post-9853","post","type-post","status-publish","format-standard","has-post-thumbnail","hentry","category-studien","category-unikate","tag-bertone"],"yoast_head":"<!-- This site is optimized with the Yoast SEO plugin v27.5 - https:\/\/yoast.com\/product\/yoast-seo-wordpress\/ -->\n<title>Bertone Blitz (1992)<\/title>\n<meta name=\"description\" content=\"Bertone Blitz Elektrofahrzeug Zweisitzer Alfa Romeo Carabo Glasfaser Epoxidglas Nomex Karbon\" \/>\n<meta name=\"robots\" content=\"index, follow, max-snippet:-1, max-image-preview:large, max-video-preview:-1\" \/>\n<link rel=\"canonical\" href=\"https:\/\/www.enzo-und-ferdinand.de\/index.php\/2022\/09\/11\/bertone-blitz-1992\/\" \/>\n<meta property=\"og:locale\" content=\"de_DE\" \/>\n<meta property=\"og:type\" content=\"article\" \/>\n<meta property=\"og:title\" content=\"Bertone Blitz (1992)\" \/>\n<meta property=\"og:description\" content=\"Bertone Blitz Elektrofahrzeug Zweisitzer Alfa Romeo Carabo Glasfaser Epoxidglas Nomex Karbon\" \/>\n<meta property=\"og:url\" content=\"https:\/\/www.enzo-und-ferdinand.de\/index.php\/2022\/09\/11\/bertone-blitz-1992\/\" \/>\n<meta property=\"og:site_name\" content=\"enzo &amp; Ferdinand\" \/>\n<meta property=\"article:published_time\" content=\"2022-09-11T06:03:59+00:00\" \/>\n<meta property=\"article:modified_time\" content=\"2022-12-20T14:49:23+00:00\" \/>\n<meta property=\"og:image\" content=\"https:\/\/www.enzo-und-ferdinand.de\/wp-content\/uploads\/2022\/12\/BertoneBlitz1.jpg\" \/>\n\t<meta property=\"og:image:width\" content=\"875\" \/>\n\t<meta property=\"og:image:height\" content=\"556\" \/>\n\t<meta property=\"og:image:type\" content=\"image\/jpeg\" \/>\n<meta name=\"author\" content=\"Rainer Ro\u00dfbach\" \/>\n<meta name=\"twitter:card\" content=\"summary_large_image\" \/>\n<meta name=\"twitter:label1\" content=\"Verfasst von\" \/>\n\t<meta name=\"twitter:data1\" content=\"Rainer Ro\u00dfbach\" \/>\n\t<meta name=\"twitter:label2\" content=\"Gesch\u00e4tzte Lesezeit\" \/>\n\t<meta name=\"twitter:data2\" content=\"1\u00a0Minute\" \/>\n<script type=\"application\/ld+json\" class=\"yoast-schema-graph\">{\"@context\":\"https:\\\/\\\/schema.org\",\"@graph\":[{\"@type\":\"Article\",\"@id\":\"https:\\\/\\\/www.enzo-und-ferdinand.de\\\/index.php\\\/2022\\\/09\\\/11\\\/bertone-blitz-1992\\\/#article\",\"isPartOf\":{\"@id\":\"https:\\\/\\\/www.enzo-und-ferdinand.de\\\/index.php\\\/2022\\\/09\\\/11\\\/bertone-blitz-1992\\\/\"},\"author\":{\"name\":\"Rainer Ro\u00dfbach\",\"@id\":\"https:\\\/\\\/www.enzo-und-ferdinand.de\\\/#\\\/schema\\\/person\\\/aff2eb9ff87705987c1b9d21fe10b095\"},\"headline\":\"Bertone Blitz (1992)\",\"datePublished\":\"2022-09-11T06:03:59+00:00\",\"dateModified\":\"2022-12-20T14:49:23+00:00\",\"mainEntityOfPage\":{\"@id\":\"https:\\\/\\\/www.enzo-und-ferdinand.de\\\/index.php\\\/2022\\\/09\\\/11\\\/bertone-blitz-1992\\\/\"},\"wordCount\":222,\"publisher\":{\"@id\":\"https:\\\/\\\/www.enzo-und-ferdinand.de\\\/#organization\"},\"image\":{\"@id\":\"https:\\\/\\\/www.enzo-und-ferdinand.de\\\/index.php\\\/2022\\\/09\\\/11\\\/bertone-blitz-1992\\\/#primaryimage\"},\"thumbnailUrl\":\"https:\\\/\\\/www.enzo-und-ferdinand.de\\\/wp-content\\\/uploads\\\/2022\\\/12\\\/BertoneBlitz1.jpg\",\"keywords\":[\"Bertone\"],\"articleSection\":[\"Studien\",\"Unikate\"],\"inLanguage\":\"de\"},{\"@type\":\"WebPage\",\"@id\":\"https:\\\/\\\/www.enzo-und-ferdinand.de\\\/index.php\\\/2022\\\/09\\\/11\\\/bertone-blitz-1992\\\/\",\"url\":\"https:\\\/\\\/www.enzo-und-ferdinand.de\\\/index.php\\\/2022\\\/09\\\/11\\\/bertone-blitz-1992\\\/\",\"name\":\"Bertone Blitz (1992)\",\"isPartOf\":{\"@id\":\"https:\\\/\\\/www.enzo-und-ferdinand.de\\\/#website\"},\"primaryImageOfPage\":{\"@id\":\"https:\\\/\\\/www.enzo-und-ferdinand.de\\\/index.php\\\/2022\\\/09\\\/11\\\/bertone-blitz-1992\\\/#primaryimage\"},\"image\":{\"@id\":\"https:\\\/\\\/www.enzo-und-ferdinand.de\\\/index.php\\\/2022\\\/09\\\/11\\\/bertone-blitz-1992\\\/#primaryimage\"},\"thumbnailUrl\":\"https:\\\/\\\/www.enzo-und-ferdinand.de\\\/wp-content\\\/uploads\\\/2022\\\/12\\\/BertoneBlitz1.jpg\",\"datePublished\":\"2022-09-11T06:03:59+00:00\",\"dateModified\":\"2022-12-20T14:49:23+00:00\",\"description\":\"Bertone Blitz Elektrofahrzeug Zweisitzer Alfa Romeo Carabo Glasfaser Epoxidglas Nomex Karbon\",\"breadcrumb\":{\"@id\":\"https:\\\/\\\/www.enzo-und-ferdinand.de\\\/index.php\\\/2022\\\/09\\\/11\\\/bertone-blitz-1992\\\/#breadcrumb\"},\"inLanguage\":\"de\",\"potentialAction\":[{\"@type\":\"ReadAction\",\"target\":[\"https:\\\/\\\/www.enzo-und-ferdinand.de\\\/index.php\\\/2022\\\/09\\\/11\\\/bertone-blitz-1992\\\/\"]}]},{\"@type\":\"ImageObject\",\"inLanguage\":\"de\",\"@id\":\"https:\\\/\\\/www.enzo-und-ferdinand.de\\\/index.php\\\/2022\\\/09\\\/11\\\/bertone-blitz-1992\\\/#primaryimage\",\"url\":\"https:\\\/\\\/www.enzo-und-ferdinand.de\\\/wp-content\\\/uploads\\\/2022\\\/12\\\/BertoneBlitz1.jpg\",\"contentUrl\":\"https:\\\/\\\/www.enzo-und-ferdinand.de\\\/wp-content\\\/uploads\\\/2022\\\/12\\\/BertoneBlitz1.jpg\",\"width\":875,\"height\":556},{\"@type\":\"BreadcrumbList\",\"@id\":\"https:\\\/\\\/www.enzo-und-ferdinand.de\\\/index.php\\\/2022\\\/09\\\/11\\\/bertone-blitz-1992\\\/#breadcrumb\",\"itemListElement\":[{\"@type\":\"ListItem\",\"position\":1,\"name\":\"Startseite\",\"item\":\"https:\\\/\\\/www.enzo-und-ferdinand.de\\\/\"},{\"@type\":\"ListItem\",\"position\":2,\"name\":\"Bertone Blitz (1992)\"}]},{\"@type\":\"WebSite\",\"@id\":\"https:\\\/\\\/www.enzo-und-ferdinand.de\\\/#website\",\"url\":\"https:\\\/\\\/www.enzo-und-ferdinand.de\\\/\",\"name\":\"enzo & Ferdinand\",\"description\":\"\",\"publisher\":{\"@id\":\"https:\\\/\\\/www.enzo-und-ferdinand.de\\\/#organization\"},\"potentialAction\":[{\"@type\":\"SearchAction\",\"target\":{\"@type\":\"EntryPoint\",\"urlTemplate\":\"https:\\\/\\\/www.enzo-und-ferdinand.de\\\/?s={search_term_string}\"},\"query-input\":{\"@type\":\"PropertyValueSpecification\",\"valueRequired\":true,\"valueName\":\"search_term_string\"}}],\"inLanguage\":\"de\"},{\"@type\":\"Organization\",\"@id\":\"https:\\\/\\\/www.enzo-und-ferdinand.de\\\/#organization\",\"name\":\"enzo & Ferdinand\",\"url\":\"https:\\\/\\\/www.enzo-und-ferdinand.de\\\/\",\"logo\":{\"@type\":\"ImageObject\",\"inLanguage\":\"de\",\"@id\":\"https:\\\/\\\/www.enzo-und-ferdinand.de\\\/#\\\/schema\\\/logo\\\/image\\\/\",\"url\":\"https:\\\/\\\/www.enzo-und-ferdinand.de\\\/wp-content\\\/uploads\\\/2018\\\/12\\\/revvvs-icon.png\",\"contentUrl\":\"https:\\\/\\\/www.enzo-und-ferdinand.de\\\/wp-content\\\/uploads\\\/2018\\\/12\\\/revvvs-icon.png\",\"width\":512,\"height\":512,\"caption\":\"enzo & Ferdinand\"},\"image\":{\"@id\":\"https:\\\/\\\/www.enzo-und-ferdinand.de\\\/#\\\/schema\\\/logo\\\/image\\\/\"}},{\"@type\":\"Person\",\"@id\":\"https:\\\/\\\/www.enzo-und-ferdinand.de\\\/#\\\/schema\\\/person\\\/aff2eb9ff87705987c1b9d21fe10b095\",\"name\":\"Rainer Ro\u00dfbach\",\"image\":{\"@type\":\"ImageObject\",\"inLanguage\":\"de\",\"@id\":\"https:\\\/\\\/www.enzo-und-ferdinand.de\\\/wp-content\\\/uploads\\\/2026\\\/01\\\/Rainer-Rossbach-150x150.jpg\",\"url\":\"https:\\\/\\\/www.enzo-und-ferdinand.de\\\/wp-content\\\/uploads\\\/2026\\\/01\\\/Rainer-Rossbach-150x150.jpg\",\"contentUrl\":\"https:\\\/\\\/www.enzo-und-ferdinand.de\\\/wp-content\\\/uploads\\\/2026\\\/01\\\/Rainer-Rossbach-150x150.jpg\",\"caption\":\"Rainer Ro\u00dfbach\"},\"url\":\"https:\\\/\\\/www.enzo-und-ferdinand.de\\\/index.php\\\/author\\\/redaktion\\\/\"}]}<\/script>\n<!-- \/ Yoast SEO plugin. -->","yoast_head_json":{"title":"Bertone Blitz (1992)","description":"Bertone Blitz Elektrofahrzeug Zweisitzer Alfa Romeo Carabo Glasfaser Epoxidglas Nomex Karbon","robots":{"index":"index","follow":"follow","max-snippet":"max-snippet:-1","max-image-preview":"max-image-preview:large","max-video-preview":"max-video-preview:-1"},"canonical":"https:\/\/www.enzo-und-ferdinand.de\/index.php\/2022\/09\/11\/bertone-blitz-1992\/","og_locale":"de_DE","og_type":"article","og_title":"Bertone Blitz (1992)","og_description":"Bertone Blitz Elektrofahrzeug Zweisitzer Alfa Romeo Carabo Glasfaser Epoxidglas Nomex Karbon","og_url":"https:\/\/www.enzo-und-ferdinand.de\/index.php\/2022\/09\/11\/bertone-blitz-1992\/","og_site_name":"enzo &amp; Ferdinand","article_published_time":"2022-09-11T06:03:59+00:00","article_modified_time":"2022-12-20T14:49:23+00:00","og_image":[{"width":875,"height":556,"url":"https:\/\/www.enzo-und-ferdinand.de\/wp-content\/uploads\/2022\/12\/BertoneBlitz1.jpg","type":"image\/jpeg"}],"author":"Rainer Ro\u00dfbach","twitter_card":"summary_large_image","twitter_misc":{"Verfasst von":"Rainer Ro\u00dfbach","Gesch\u00e4tzte Lesezeit":"1\u00a0Minute"},"schema":{"@context":"https:\/\/schema.org","@graph":[{"@type":"Article","@id":"https:\/\/www.enzo-und-ferdinand.de\/index.php\/2022\/09\/11\/bertone-blitz-1992\/#article","isPartOf":{"@id":"https:\/\/www.enzo-und-ferdinand.de\/index.php\/2022\/09\/11\/bertone-blitz-1992\/"},"author":{"name":"Rainer Ro\u00dfbach","@id":"https:\/\/www.enzo-und-ferdinand.de\/#\/schema\/person\/aff2eb9ff87705987c1b9d21fe10b095"},"headline":"Bertone Blitz (1992)","datePublished":"2022-09-11T06:03:59+00:00","dateModified":"2022-12-20T14:49:23+00:00","mainEntityOfPage":{"@id":"https:\/\/www.enzo-und-ferdinand.de\/index.php\/2022\/09\/11\/bertone-blitz-1992\/"},"wordCount":222,"publisher":{"@id":"https:\/\/www.enzo-und-ferdinand.de\/#organization"},"image":{"@id":"https:\/\/www.enzo-und-ferdinand.de\/index.php\/2022\/09\/11\/bertone-blitz-1992\/#primaryimage"},"thumbnailUrl":"https:\/\/www.enzo-und-ferdinand.de\/wp-content\/uploads\/2022\/12\/BertoneBlitz1.jpg","keywords":["Bertone"],"articleSection":["Studien","Unikate"],"inLanguage":"de"},{"@type":"WebPage","@id":"https:\/\/www.enzo-und-ferdinand.de\/index.php\/2022\/09\/11\/bertone-blitz-1992\/","url":"https:\/\/www.enzo-und-ferdinand.de\/index.php\/2022\/09\/11\/bertone-blitz-1992\/","name":"Bertone Blitz (1992)","isPartOf":{"@id":"https:\/\/www.enzo-und-ferdinand.de\/#website"},"primaryImageOfPage":{"@id":"https:\/\/www.enzo-und-ferdinand.de\/index.php\/2022\/09\/11\/bertone-blitz-1992\/#primaryimage"},"image":{"@id":"https:\/\/www.enzo-und-ferdinand.de\/index.php\/2022\/09\/11\/bertone-blitz-1992\/#primaryimage"},"thumbnailUrl":"https:\/\/www.enzo-und-ferdinand.de\/wp-content\/uploads\/2022\/12\/BertoneBlitz1.jpg","datePublished":"2022-09-11T06:03:59+00:00","dateModified":"2022-12-20T14:49:23+00:00","description":"Bertone Blitz Elektrofahrzeug Zweisitzer Alfa Romeo Carabo Glasfaser Epoxidglas Nomex Karbon","breadcrumb":{"@id":"https:\/\/www.enzo-und-ferdinand.de\/index.php\/2022\/09\/11\/bertone-blitz-1992\/#breadcrumb"},"inLanguage":"de","potentialAction":[{"@type":"ReadAction","target":["https:\/\/www.enzo-und-ferdinand.de\/index.php\/2022\/09\/11\/bertone-blitz-1992\/"]}]},{"@type":"ImageObject","inLanguage":"de","@id":"https:\/\/www.enzo-und-ferdinand.de\/index.php\/2022\/09\/11\/bertone-blitz-1992\/#primaryimage","url":"https:\/\/www.enzo-und-ferdinand.de\/wp-content\/uploads\/2022\/12\/BertoneBlitz1.jpg","contentUrl":"https:\/\/www.enzo-und-ferdinand.de\/wp-content\/uploads\/2022\/12\/BertoneBlitz1.jpg","width":875,"height":556},{"@type":"BreadcrumbList","@id":"https:\/\/www.enzo-und-ferdinand.de\/index.php\/2022\/09\/11\/bertone-blitz-1992\/#breadcrumb","itemListElement":[{"@type":"ListItem","position":1,"name":"Startseite","item":"https:\/\/www.enzo-und-ferdinand.de\/"},{"@type":"ListItem","position":2,"name":"Bertone Blitz (1992)"}]},{"@type":"WebSite","@id":"https:\/\/www.enzo-und-ferdinand.de\/#website","url":"https:\/\/www.enzo-und-ferdinand.de\/","name":"enzo & Ferdinand","description":"","publisher":{"@id":"https:\/\/www.enzo-und-ferdinand.de\/#organization"},"potentialAction":[{"@type":"SearchAction","target":{"@type":"EntryPoint","urlTemplate":"https:\/\/www.enzo-und-ferdinand.de\/?s={search_term_string}"},"query-input":{"@type":"PropertyValueSpecification","valueRequired":true,"valueName":"search_term_string"}}],"inLanguage":"de"},{"@type":"Organization","@id":"https:\/\/www.enzo-und-ferdinand.de\/#organization","name":"enzo & Ferdinand","url":"https:\/\/www.enzo-und-ferdinand.de\/","logo":{"@type":"ImageObject","inLanguage":"de","@id":"https:\/\/www.enzo-und-ferdinand.de\/#\/schema\/logo\/image\/","url":"https:\/\/www.enzo-und-ferdinand.de\/wp-content\/uploads\/2018\/12\/revvvs-icon.png","contentUrl":"https:\/\/www.enzo-und-ferdinand.de\/wp-content\/uploads\/2018\/12\/revvvs-icon.png","width":512,"height":512,"caption":"enzo & Ferdinand"},"image":{"@id":"https:\/\/www.enzo-und-ferdinand.de\/#\/schema\/logo\/image\/"}},{"@type":"Person","@id":"https:\/\/www.enzo-und-ferdinand.de\/#\/schema\/person\/aff2eb9ff87705987c1b9d21fe10b095","name":"Rainer Ro\u00dfbach","image":{"@type":"ImageObject","inLanguage":"de","@id":"https:\/\/www.enzo-und-ferdinand.de\/wp-content\/uploads\/2026\/01\/Rainer-Rossbach-150x150.jpg","url":"https:\/\/www.enzo-und-ferdinand.de\/wp-content\/uploads\/2026\/01\/Rainer-Rossbach-150x150.jpg","contentUrl":"https:\/\/www.enzo-und-ferdinand.de\/wp-content\/uploads\/2026\/01\/Rainer-Rossbach-150x150.jpg","caption":"Rainer Ro\u00dfbach"},"url":"https:\/\/www.enzo-und-ferdinand.de\/index.php\/author\/redaktion\/"}]}},"_links":{"self":[{"href":"https:\/\/www.enzo-und-ferdinand.de\/index.php\/wp-json\/wp\/v2\/posts\/9853","targetHints":{"allow":["GET"]}}],"collection":[{"href":"https:\/\/www.enzo-und-ferdinand.de\/index.php\/wp-json\/wp\/v2\/posts"}],"about":[{"href":"https:\/\/www.enzo-und-ferdinand.de\/index.php\/wp-json\/wp\/v2\/types\/post"}],"author":[{"embeddable":true,"href":"https:\/\/www.enzo-und-ferdinand.de\/index.php\/wp-json\/wp\/v2\/users\/1"}],"replies":[{"embeddable":true,"href":"https:\/\/www.enzo-und-ferdinand.de\/index.php\/wp-json\/wp\/v2\/comments?post=9853"}],"version-history":[{"count":9,"href":"https:\/\/www.enzo-und-ferdinand.de\/index.php\/wp-json\/wp\/v2\/posts\/9853\/revisions"}],"predecessor-version":[{"id":10913,"href":"https:\/\/www.enzo-und-ferdinand.de\/index.php\/wp-json\/wp\/v2\/posts\/9853\/revisions\/10913"}],"wp:featuredmedia":[{"embeddable":true,"href":"https:\/\/www.enzo-und-ferdinand.de\/index.php\/wp-json\/wp\/v2\/media\/10912"}],"wp:attachment":[{"href":"https:\/\/www.enzo-und-ferdinand.de\/index.php\/wp-json\/wp\/v2\/media?parent=9853"}],"wp:term":[{"taxonomy":"category","embeddable":true,"href":"https:\/\/www.enzo-und-ferdinand.de\/index.php\/wp-json\/wp\/v2\/categories?post=9853"},{"taxonomy":"post_tag","embeddable":true,"href":"https:\/\/www.enzo-und-ferdinand.de\/index.php\/wp-json\/wp\/v2\/tags?post=9853"}],"curies":[{"name":"wp","href":"https:\/\/api.w.org\/{rel}","templated":true}]}}