{"id":9870,"date":"2022-09-12T10:32:47","date_gmt":"2022-09-12T08:32:47","guid":{"rendered":"https:\/\/www.enzo-und-ferdinand.de\/?p=9870"},"modified":"2023-07-09T13:25:48","modified_gmt":"2023-07-09T11:25:48","slug":"volkswagen-id-extreme","status":"publish","type":"post","link":"https:\/\/www.enzo-und-ferdinand.de\/index.php\/2022\/09\/12\/volkswagen-id-extreme\/","title":{"rendered":"Volkswagen ID.EXTREME"},"content":{"rendered":"\n<figure class=\"wp-block-image size-large\"><img loading=\"lazy\" decoding=\"async\" width=\"810\" height=\"540\" src=\"https:\/\/www.enzo-und-ferdinand.de\/wp-content\/uploads\/2022\/09\/DB2022AU00830_large-810x540.jpg\" alt=\"\" class=\"wp-image-9875\" srcset=\"https:\/\/www.enzo-und-ferdinand.de\/wp-content\/uploads\/2022\/09\/DB2022AU00830_large-810x540.jpg 810w, https:\/\/www.enzo-und-ferdinand.de\/wp-content\/uploads\/2022\/09\/DB2022AU00830_large-300x200.jpg 300w, https:\/\/www.enzo-und-ferdinand.de\/wp-content\/uploads\/2022\/09\/DB2022AU00830_large-768x512.jpg 768w, https:\/\/www.enzo-und-ferdinand.de\/wp-content\/uploads\/2022\/09\/DB2022AU00830_large-120x80.jpg 120w, https:\/\/www.enzo-und-ferdinand.de\/wp-content\/uploads\/2022\/09\/DB2022AU00830_large.jpg 875w\" sizes=\"auto, (max-width: 810px) 100vw, 810px\" \/><\/figure>\n\n\n\n<p class=\"wp-block-paragraph\">Um die vielf\u00e4ltigen M\u00f6glichkeiten des konzerneigenen Modularen E-Antriebsbaukasten (MEB) zu belegen hat die Technischen Entwicklung des Wolfsburger Konzerns das vollelektrische Konzeptfahrzeug mit Allradantrieb als robusten Offroader auf der Basis des ID.4 GTX entwickelt<strong>.<\/strong> Ein st\u00e4rkerer Antrieb an der Hinterachse sowie Softwareanpassungen am Antriebssteuerger\u00e4t erh\u00f6hen die Systemleistung gegen\u00fcber der Serienbasis um 65 kW auf 285 kW \u2013 also um knapp 30 Prozent.&nbsp;<\/p>\n\n\n\n<p class=\"wp-block-paragraph\">Ein h\u00f6hergelegtes Rallye-Fahrwerk, 18-Zoll-Offroadr\u00e4der, ein ge\u00e4nderter Frontsto\u00dff\u00e4nger und um 50 Millimeter verbreiterte Kotfl\u00fcgel, die im 3D-Druck gefertigt wurden, bieten Offroad-Optik. Das unterstreichen auch der Dachtr\u00e4ger mit Zusatzbeleuchtung und ein komplett geschlossener Aluminium-Unterboden. Dem Mangel an attraktiver Akustik begegnet man mit einem Soundgenerator im Radhaus.&nbsp;Im Interieur finden sich zahlreiche Alcantara-Applikationen sowie modifizierte Sitze und orangefarebene Applikationen.&nbsp;<\/p>\n\n\n\n<p class=\"wp-block-paragraph\">An Nachhaltigkeit wurde auch gedacht: Als Basis f\u00fcr den ID.EXTREME wurde ein ausgedienter Testtr\u00e4ger und eine gebrauchte 82-kWh-Batterie verwendet.<\/p>\n\n\n\n<figure class=\"wp-block-image size-large\"><img loading=\"lazy\" decoding=\"async\" width=\"810\" height=\"585\" src=\"https:\/\/www.enzo-und-ferdinand.de\/wp-content\/uploads\/2022\/09\/DB2022AU00836_large-810x585.jpg\" alt=\"\" class=\"wp-image-9876\" srcset=\"https:\/\/www.enzo-und-ferdinand.de\/wp-content\/uploads\/2022\/09\/DB2022AU00836_large-810x585.jpg 810w, https:\/\/www.enzo-und-ferdinand.de\/wp-content\/uploads\/2022\/09\/DB2022AU00836_large-300x217.jpg 300w, https:\/\/www.enzo-und-ferdinand.de\/wp-content\/uploads\/2022\/09\/DB2022AU00836_large-768x555.jpg 768w, https:\/\/www.enzo-und-ferdinand.de\/wp-content\/uploads\/2022\/09\/DB2022AU00836_large.jpg 875w\" sizes=\"auto, (max-width: 810px) 100vw, 810px\" \/><\/figure>\n\n\n\n<p class=\"has-text-align-right has-small-font-size wp-block-paragraph\">Fotos: Volkswagen\/Text: Rainer Ro\u00dfbach<\/p>\n","protected":false},"excerpt":{"rendered":"<p>Um die vielf\u00e4ltigen M\u00f6glichkeiten des konzerneigenen Modularen E-Antriebsbaukasten (MEB) zu belegen hat die Technischen Entwicklung des Wolfsburger Konzerns das vollelektrische Konzeptfahrzeug mit Allradantrieb als robusten Offroader auf der Basis des ID.4 GTX entwickelt. Ein st\u00e4rkerer Antrieb an der Hinterachse sowie Softwareanpassungen am Antriebssteuerger\u00e4t erh\u00f6hen die Systemleistung gegen\u00fcber der Serienbasis um 65 kW auf 285 kW \u2013 also um knapp 30 Prozent.\u00a0<\/p>\n","protected":false},"author":1,"featured_media":9874,"comment_status":"closed","ping_status":"closed","sticky":false,"template":"","format":"standard","meta":{"_crdt_document":"","ngg_post_thumbnail":0,"footnotes":""},"categories":[4],"tags":[510,242,241],"class_list":["post-9870","post","type-post","status-publish","format-standard","has-post-thumbnail","hentry","category-studien","tag-elektro","tag-volkswagen","tag-vw"],"yoast_head":"<!-- This site is optimized with the Yoast SEO plugin v27.5 - https:\/\/yoast.com\/product\/yoast-seo-wordpress\/ -->\n<title>Volkswagen ID.EXTREME<\/title>\n<meta name=\"description\" content=\"Volkswagen Volkswagen ID.XTREME ID.4 GTX Modularer E-Antriebsbaukasten (MEB) Allradantrieb Rallye-Fahrwerk Soundgenerator Testtr\u00e4ger\" \/>\n<meta name=\"robots\" content=\"index, follow, max-snippet:-1, max-image-preview:large, max-video-preview:-1\" \/>\n<link rel=\"canonical\" href=\"https:\/\/www.enzo-und-ferdinand.de\/index.php\/2022\/09\/12\/volkswagen-id-extreme\/\" \/>\n<meta property=\"og:locale\" content=\"de_DE\" \/>\n<meta property=\"og:type\" content=\"article\" \/>\n<meta property=\"og:title\" content=\"Volkswagen ID.EXTREME\" \/>\n<meta property=\"og:description\" content=\"Volkswagen Volkswagen ID.XTREME ID.4 GTX Modularer E-Antriebsbaukasten (MEB) Allradantrieb Rallye-Fahrwerk Soundgenerator Testtr\u00e4ger\" \/>\n<meta property=\"og:url\" content=\"https:\/\/www.enzo-und-ferdinand.de\/index.php\/2022\/09\/12\/volkswagen-id-extreme\/\" \/>\n<meta property=\"og:site_name\" content=\"enzo &amp; Ferdinand\" \/>\n<meta property=\"article:published_time\" content=\"2022-09-12T08:32:47+00:00\" \/>\n<meta property=\"article:modified_time\" content=\"2023-07-09T11:25:48+00:00\" \/>\n<meta property=\"og:image\" content=\"https:\/\/www.enzo-und-ferdinand.de\/wp-content\/uploads\/2022\/09\/DB2022AU00838_large.jpg\" \/>\n\t<meta property=\"og:image:width\" content=\"875\" \/>\n\t<meta property=\"og:image:height\" content=\"606\" \/>\n\t<meta property=\"og:image:type\" content=\"image\/jpeg\" \/>\n<meta name=\"author\" content=\"Rainer Ro\u00dfbach\" \/>\n<meta name=\"twitter:card\" content=\"summary_large_image\" \/>\n<meta name=\"twitter:label1\" content=\"Verfasst von\" \/>\n\t<meta name=\"twitter:data1\" content=\"Rainer Ro\u00dfbach\" \/>\n\t<meta name=\"twitter:label2\" content=\"Gesch\u00e4tzte Lesezeit\" \/>\n\t<meta name=\"twitter:data2\" content=\"1\u00a0Minute\" \/>\n<script type=\"application\/ld+json\" class=\"yoast-schema-graph\">{\"@context\":\"https:\\\/\\\/schema.org\",\"@graph\":[{\"@type\":\"Article\",\"@id\":\"https:\\\/\\\/www.enzo-und-ferdinand.de\\\/index.php\\\/2022\\\/09\\\/12\\\/volkswagen-id-extreme\\\/#article\",\"isPartOf\":{\"@id\":\"https:\\\/\\\/www.enzo-und-ferdinand.de\\\/index.php\\\/2022\\\/09\\\/12\\\/volkswagen-id-extreme\\\/\"},\"author\":{\"name\":\"Rainer Ro\u00dfbach\",\"@id\":\"https:\\\/\\\/www.enzo-und-ferdinand.de\\\/#\\\/schema\\\/person\\\/aff2eb9ff87705987c1b9d21fe10b095\"},\"headline\":\"Volkswagen ID.EXTREME\",\"datePublished\":\"2022-09-12T08:32:47+00:00\",\"dateModified\":\"2023-07-09T11:25:48+00:00\",\"mainEntityOfPage\":{\"@id\":\"https:\\\/\\\/www.enzo-und-ferdinand.de\\\/index.php\\\/2022\\\/09\\\/12\\\/volkswagen-id-extreme\\\/\"},\"wordCount\":159,\"publisher\":{\"@id\":\"https:\\\/\\\/www.enzo-und-ferdinand.de\\\/#organization\"},\"image\":{\"@id\":\"https:\\\/\\\/www.enzo-und-ferdinand.de\\\/index.php\\\/2022\\\/09\\\/12\\\/volkswagen-id-extreme\\\/#primaryimage\"},\"thumbnailUrl\":\"https:\\\/\\\/www.enzo-und-ferdinand.de\\\/wp-content\\\/uploads\\\/2022\\\/09\\\/DB2022AU00838_large.jpg\",\"keywords\":[\"Elektro\",\"Volkswagen\",\"VW\"],\"articleSection\":[\"Studien\"],\"inLanguage\":\"de\"},{\"@type\":\"WebPage\",\"@id\":\"https:\\\/\\\/www.enzo-und-ferdinand.de\\\/index.php\\\/2022\\\/09\\\/12\\\/volkswagen-id-extreme\\\/\",\"url\":\"https:\\\/\\\/www.enzo-und-ferdinand.de\\\/index.php\\\/2022\\\/09\\\/12\\\/volkswagen-id-extreme\\\/\",\"name\":\"Volkswagen ID.EXTREME\",\"isPartOf\":{\"@id\":\"https:\\\/\\\/www.enzo-und-ferdinand.de\\\/#website\"},\"primaryImageOfPage\":{\"@id\":\"https:\\\/\\\/www.enzo-und-ferdinand.de\\\/index.php\\\/2022\\\/09\\\/12\\\/volkswagen-id-extreme\\\/#primaryimage\"},\"image\":{\"@id\":\"https:\\\/\\\/www.enzo-und-ferdinand.de\\\/index.php\\\/2022\\\/09\\\/12\\\/volkswagen-id-extreme\\\/#primaryimage\"},\"thumbnailUrl\":\"https:\\\/\\\/www.enzo-und-ferdinand.de\\\/wp-content\\\/uploads\\\/2022\\\/09\\\/DB2022AU00838_large.jpg\",\"datePublished\":\"2022-09-12T08:32:47+00:00\",\"dateModified\":\"2023-07-09T11:25:48+00:00\",\"description\":\"Volkswagen Volkswagen ID.XTREME ID.4 GTX Modularer E-Antriebsbaukasten (MEB) Allradantrieb Rallye-Fahrwerk Soundgenerator Testtr\u00e4ger\",\"breadcrumb\":{\"@id\":\"https:\\\/\\\/www.enzo-und-ferdinand.de\\\/index.php\\\/2022\\\/09\\\/12\\\/volkswagen-id-extreme\\\/#breadcrumb\"},\"inLanguage\":\"de\",\"potentialAction\":[{\"@type\":\"ReadAction\",\"target\":[\"https:\\\/\\\/www.enzo-und-ferdinand.de\\\/index.php\\\/2022\\\/09\\\/12\\\/volkswagen-id-extreme\\\/\"]}]},{\"@type\":\"ImageObject\",\"inLanguage\":\"de\",\"@id\":\"https:\\\/\\\/www.enzo-und-ferdinand.de\\\/index.php\\\/2022\\\/09\\\/12\\\/volkswagen-id-extreme\\\/#primaryimage\",\"url\":\"https:\\\/\\\/www.enzo-und-ferdinand.de\\\/wp-content\\\/uploads\\\/2022\\\/09\\\/DB2022AU00838_large.jpg\",\"contentUrl\":\"https:\\\/\\\/www.enzo-und-ferdinand.de\\\/wp-content\\\/uploads\\\/2022\\\/09\\\/DB2022AU00838_large.jpg\",\"width\":875,\"height\":606},{\"@type\":\"BreadcrumbList\",\"@id\":\"https:\\\/\\\/www.enzo-und-ferdinand.de\\\/index.php\\\/2022\\\/09\\\/12\\\/volkswagen-id-extreme\\\/#breadcrumb\",\"itemListElement\":[{\"@type\":\"ListItem\",\"position\":1,\"name\":\"Startseite\",\"item\":\"https:\\\/\\\/www.enzo-und-ferdinand.de\\\/\"},{\"@type\":\"ListItem\",\"position\":2,\"name\":\"Volkswagen ID.EXTREME\"}]},{\"@type\":\"WebSite\",\"@id\":\"https:\\\/\\\/www.enzo-und-ferdinand.de\\\/#website\",\"url\":\"https:\\\/\\\/www.enzo-und-ferdinand.de\\\/\",\"name\":\"enzo & Ferdinand\",\"description\":\"\",\"publisher\":{\"@id\":\"https:\\\/\\\/www.enzo-und-ferdinand.de\\\/#organization\"},\"potentialAction\":[{\"@type\":\"SearchAction\",\"target\":{\"@type\":\"EntryPoint\",\"urlTemplate\":\"https:\\\/\\\/www.enzo-und-ferdinand.de\\\/?s={search_term_string}\"},\"query-input\":{\"@type\":\"PropertyValueSpecification\",\"valueRequired\":true,\"valueName\":\"search_term_string\"}}],\"inLanguage\":\"de\"},{\"@type\":\"Organization\",\"@id\":\"https:\\\/\\\/www.enzo-und-ferdinand.de\\\/#organization\",\"name\":\"enzo & Ferdinand\",\"url\":\"https:\\\/\\\/www.enzo-und-ferdinand.de\\\/\",\"logo\":{\"@type\":\"ImageObject\",\"inLanguage\":\"de\",\"@id\":\"https:\\\/\\\/www.enzo-und-ferdinand.de\\\/#\\\/schema\\\/logo\\\/image\\\/\",\"url\":\"https:\\\/\\\/www.enzo-und-ferdinand.de\\\/wp-content\\\/uploads\\\/2018\\\/12\\\/revvvs-icon.png\",\"contentUrl\":\"https:\\\/\\\/www.enzo-und-ferdinand.de\\\/wp-content\\\/uploads\\\/2018\\\/12\\\/revvvs-icon.png\",\"width\":512,\"height\":512,\"caption\":\"enzo & Ferdinand\"},\"image\":{\"@id\":\"https:\\\/\\\/www.enzo-und-ferdinand.de\\\/#\\\/schema\\\/logo\\\/image\\\/\"}},{\"@type\":\"Person\",\"@id\":\"https:\\\/\\\/www.enzo-und-ferdinand.de\\\/#\\\/schema\\\/person\\\/aff2eb9ff87705987c1b9d21fe10b095\",\"name\":\"Rainer Ro\u00dfbach\",\"image\":{\"@type\":\"ImageObject\",\"inLanguage\":\"de\",\"@id\":\"https:\\\/\\\/www.enzo-und-ferdinand.de\\\/wp-content\\\/uploads\\\/2026\\\/01\\\/Rainer-Rossbach-150x150.jpg\",\"url\":\"https:\\\/\\\/www.enzo-und-ferdinand.de\\\/wp-content\\\/uploads\\\/2026\\\/01\\\/Rainer-Rossbach-150x150.jpg\",\"contentUrl\":\"https:\\\/\\\/www.enzo-und-ferdinand.de\\\/wp-content\\\/uploads\\\/2026\\\/01\\\/Rainer-Rossbach-150x150.jpg\",\"caption\":\"Rainer Ro\u00dfbach\"},\"url\":\"https:\\\/\\\/www.enzo-und-ferdinand.de\\\/index.php\\\/author\\\/redaktion\\\/\"}]}<\/script>\n<!-- \/ Yoast SEO plugin. -->","yoast_head_json":{"title":"Volkswagen ID.EXTREME","description":"Volkswagen Volkswagen ID.XTREME ID.4 GTX Modularer E-Antriebsbaukasten (MEB) Allradantrieb Rallye-Fahrwerk Soundgenerator Testtr\u00e4ger","robots":{"index":"index","follow":"follow","max-snippet":"max-snippet:-1","max-image-preview":"max-image-preview:large","max-video-preview":"max-video-preview:-1"},"canonical":"https:\/\/www.enzo-und-ferdinand.de\/index.php\/2022\/09\/12\/volkswagen-id-extreme\/","og_locale":"de_DE","og_type":"article","og_title":"Volkswagen ID.EXTREME","og_description":"Volkswagen Volkswagen ID.XTREME ID.4 GTX Modularer E-Antriebsbaukasten (MEB) Allradantrieb Rallye-Fahrwerk Soundgenerator Testtr\u00e4ger","og_url":"https:\/\/www.enzo-und-ferdinand.de\/index.php\/2022\/09\/12\/volkswagen-id-extreme\/","og_site_name":"enzo &amp; Ferdinand","article_published_time":"2022-09-12T08:32:47+00:00","article_modified_time":"2023-07-09T11:25:48+00:00","og_image":[{"width":875,"height":606,"url":"https:\/\/www.enzo-und-ferdinand.de\/wp-content\/uploads\/2022\/09\/DB2022AU00838_large.jpg","type":"image\/jpeg"}],"author":"Rainer Ro\u00dfbach","twitter_card":"summary_large_image","twitter_misc":{"Verfasst von":"Rainer Ro\u00dfbach","Gesch\u00e4tzte Lesezeit":"1\u00a0Minute"},"schema":{"@context":"https:\/\/schema.org","@graph":[{"@type":"Article","@id":"https:\/\/www.enzo-und-ferdinand.de\/index.php\/2022\/09\/12\/volkswagen-id-extreme\/#article","isPartOf":{"@id":"https:\/\/www.enzo-und-ferdinand.de\/index.php\/2022\/09\/12\/volkswagen-id-extreme\/"},"author":{"name":"Rainer Ro\u00dfbach","@id":"https:\/\/www.enzo-und-ferdinand.de\/#\/schema\/person\/aff2eb9ff87705987c1b9d21fe10b095"},"headline":"Volkswagen ID.EXTREME","datePublished":"2022-09-12T08:32:47+00:00","dateModified":"2023-07-09T11:25:48+00:00","mainEntityOfPage":{"@id":"https:\/\/www.enzo-und-ferdinand.de\/index.php\/2022\/09\/12\/volkswagen-id-extreme\/"},"wordCount":159,"publisher":{"@id":"https:\/\/www.enzo-und-ferdinand.de\/#organization"},"image":{"@id":"https:\/\/www.enzo-und-ferdinand.de\/index.php\/2022\/09\/12\/volkswagen-id-extreme\/#primaryimage"},"thumbnailUrl":"https:\/\/www.enzo-und-ferdinand.de\/wp-content\/uploads\/2022\/09\/DB2022AU00838_large.jpg","keywords":["Elektro","Volkswagen","VW"],"articleSection":["Studien"],"inLanguage":"de"},{"@type":"WebPage","@id":"https:\/\/www.enzo-und-ferdinand.de\/index.php\/2022\/09\/12\/volkswagen-id-extreme\/","url":"https:\/\/www.enzo-und-ferdinand.de\/index.php\/2022\/09\/12\/volkswagen-id-extreme\/","name":"Volkswagen ID.EXTREME","isPartOf":{"@id":"https:\/\/www.enzo-und-ferdinand.de\/#website"},"primaryImageOfPage":{"@id":"https:\/\/www.enzo-und-ferdinand.de\/index.php\/2022\/09\/12\/volkswagen-id-extreme\/#primaryimage"},"image":{"@id":"https:\/\/www.enzo-und-ferdinand.de\/index.php\/2022\/09\/12\/volkswagen-id-extreme\/#primaryimage"},"thumbnailUrl":"https:\/\/www.enzo-und-ferdinand.de\/wp-content\/uploads\/2022\/09\/DB2022AU00838_large.jpg","datePublished":"2022-09-12T08:32:47+00:00","dateModified":"2023-07-09T11:25:48+00:00","description":"Volkswagen Volkswagen ID.XTREME ID.4 GTX Modularer E-Antriebsbaukasten (MEB) Allradantrieb Rallye-Fahrwerk Soundgenerator Testtr\u00e4ger","breadcrumb":{"@id":"https:\/\/www.enzo-und-ferdinand.de\/index.php\/2022\/09\/12\/volkswagen-id-extreme\/#breadcrumb"},"inLanguage":"de","potentialAction":[{"@type":"ReadAction","target":["https:\/\/www.enzo-und-ferdinand.de\/index.php\/2022\/09\/12\/volkswagen-id-extreme\/"]}]},{"@type":"ImageObject","inLanguage":"de","@id":"https:\/\/www.enzo-und-ferdinand.de\/index.php\/2022\/09\/12\/volkswagen-id-extreme\/#primaryimage","url":"https:\/\/www.enzo-und-ferdinand.de\/wp-content\/uploads\/2022\/09\/DB2022AU00838_large.jpg","contentUrl":"https:\/\/www.enzo-und-ferdinand.de\/wp-content\/uploads\/2022\/09\/DB2022AU00838_large.jpg","width":875,"height":606},{"@type":"BreadcrumbList","@id":"https:\/\/www.enzo-und-ferdinand.de\/index.php\/2022\/09\/12\/volkswagen-id-extreme\/#breadcrumb","itemListElement":[{"@type":"ListItem","position":1,"name":"Startseite","item":"https:\/\/www.enzo-und-ferdinand.de\/"},{"@type":"ListItem","position":2,"name":"Volkswagen ID.EXTREME"}]},{"@type":"WebSite","@id":"https:\/\/www.enzo-und-ferdinand.de\/#website","url":"https:\/\/www.enzo-und-ferdinand.de\/","name":"enzo & Ferdinand","description":"","publisher":{"@id":"https:\/\/www.enzo-und-ferdinand.de\/#organization"},"potentialAction":[{"@type":"SearchAction","target":{"@type":"EntryPoint","urlTemplate":"https:\/\/www.enzo-und-ferdinand.de\/?s={search_term_string}"},"query-input":{"@type":"PropertyValueSpecification","valueRequired":true,"valueName":"search_term_string"}}],"inLanguage":"de"},{"@type":"Organization","@id":"https:\/\/www.enzo-und-ferdinand.de\/#organization","name":"enzo & Ferdinand","url":"https:\/\/www.enzo-und-ferdinand.de\/","logo":{"@type":"ImageObject","inLanguage":"de","@id":"https:\/\/www.enzo-und-ferdinand.de\/#\/schema\/logo\/image\/","url":"https:\/\/www.enzo-und-ferdinand.de\/wp-content\/uploads\/2018\/12\/revvvs-icon.png","contentUrl":"https:\/\/www.enzo-und-ferdinand.de\/wp-content\/uploads\/2018\/12\/revvvs-icon.png","width":512,"height":512,"caption":"enzo & Ferdinand"},"image":{"@id":"https:\/\/www.enzo-und-ferdinand.de\/#\/schema\/logo\/image\/"}},{"@type":"Person","@id":"https:\/\/www.enzo-und-ferdinand.de\/#\/schema\/person\/aff2eb9ff87705987c1b9d21fe10b095","name":"Rainer Ro\u00dfbach","image":{"@type":"ImageObject","inLanguage":"de","@id":"https:\/\/www.enzo-und-ferdinand.de\/wp-content\/uploads\/2026\/01\/Rainer-Rossbach-150x150.jpg","url":"https:\/\/www.enzo-und-ferdinand.de\/wp-content\/uploads\/2026\/01\/Rainer-Rossbach-150x150.jpg","contentUrl":"https:\/\/www.enzo-und-ferdinand.de\/wp-content\/uploads\/2026\/01\/Rainer-Rossbach-150x150.jpg","caption":"Rainer Ro\u00dfbach"},"url":"https:\/\/www.enzo-und-ferdinand.de\/index.php\/author\/redaktion\/"}]}},"_links":{"self":[{"href":"https:\/\/www.enzo-und-ferdinand.de\/index.php\/wp-json\/wp\/v2\/posts\/9870","targetHints":{"allow":["GET"]}}],"collection":[{"href":"https:\/\/www.enzo-und-ferdinand.de\/index.php\/wp-json\/wp\/v2\/posts"}],"about":[{"href":"https:\/\/www.enzo-und-ferdinand.de\/index.php\/wp-json\/wp\/v2\/types\/post"}],"author":[{"embeddable":true,"href":"https:\/\/www.enzo-und-ferdinand.de\/index.php\/wp-json\/wp\/v2\/users\/1"}],"replies":[{"embeddable":true,"href":"https:\/\/www.enzo-und-ferdinand.de\/index.php\/wp-json\/wp\/v2\/comments?post=9870"}],"version-history":[{"count":7,"href":"https:\/\/www.enzo-und-ferdinand.de\/index.php\/wp-json\/wp\/v2\/posts\/9870\/revisions"}],"predecessor-version":[{"id":9880,"href":"https:\/\/www.enzo-und-ferdinand.de\/index.php\/wp-json\/wp\/v2\/posts\/9870\/revisions\/9880"}],"wp:featuredmedia":[{"embeddable":true,"href":"https:\/\/www.enzo-und-ferdinand.de\/index.php\/wp-json\/wp\/v2\/media\/9874"}],"wp:attachment":[{"href":"https:\/\/www.enzo-und-ferdinand.de\/index.php\/wp-json\/wp\/v2\/media?parent=9870"}],"wp:term":[{"taxonomy":"category","embeddable":true,"href":"https:\/\/www.enzo-und-ferdinand.de\/index.php\/wp-json\/wp\/v2\/categories?post=9870"},{"taxonomy":"post_tag","embeddable":true,"href":"https:\/\/www.enzo-und-ferdinand.de\/index.php\/wp-json\/wp\/v2\/tags?post=9870"}],"curies":[{"name":"wp","href":"https:\/\/api.w.org\/{rel}","templated":true}]}}