{"id":9882,"date":"2022-09-13T10:55:00","date_gmt":"2022-09-13T08:55:00","guid":{"rendered":"https:\/\/www.enzo-und-ferdinand.de\/?p=9882"},"modified":"2025-02-12T18:12:51","modified_gmt":"2025-02-12T17:12:51","slug":"renault-coupe-corbusier-2015","status":"publish","type":"post","link":"https:\/\/www.enzo-und-ferdinand.de\/index.php\/2022\/09\/13\/renault-coupe-corbusier-2015\/","title":{"rendered":"<strong>Renault Coup\u00e9 Corbusier (2015)<\/strong>"},"content":{"rendered":"\n<figure class=\"wp-block-image size-large\"><img loading=\"lazy\" decoding=\"async\" width=\"810\" height=\"607\" src=\"https:\/\/www.enzo-und-ferdinand.de\/wp-content\/uploads\/2022\/09\/r151066h-810x607.jpg\" alt=\"\" class=\"wp-image-9889\" srcset=\"https:\/\/www.enzo-und-ferdinand.de\/wp-content\/uploads\/2022\/09\/r151066h-810x607.jpg 810w, https:\/\/www.enzo-und-ferdinand.de\/wp-content\/uploads\/2022\/09\/r151066h-300x225.jpg 300w, https:\/\/www.enzo-und-ferdinand.de\/wp-content\/uploads\/2022\/09\/r151066h-768x576.jpg 768w, https:\/\/www.enzo-und-ferdinand.de\/wp-content\/uploads\/2022\/09\/r151066h.jpg 875w\" sizes=\"auto, (max-width: 810px) 100vw, 810px\" \/><\/figure>\n\n\n\n<p class=\"wp-block-paragraph\">Das Coup\u00e9, das auf jeden Bezug zur damals aktuellen Formensprache des franz\u00f6sischen Autobauers verzichtet, versteht sich als Hommage an die kulturell reiche \u00c4ra der 1930er Jahre, in denen Automobilbau und Architektur eine Bl\u00fcte erlebten. Der Einfluss der Epoche reichte bis weit nach nach dem Zweiten Weltkrieg und beeinflusste die Gesellschaft ganz Europas.<\/p>\n\n\n\n<p class=\"wp-block-paragraph\">Der am 6. Oktober 1887 in La Chaux-de-Fonds in der Schweiz geborene <a title=\"Renault Coup\u00e9 Le Corbusier\" href=\"https:\/\/www.lescouleurs.ch\/die-farben\/le-corbusier\" target=\"_blank\" rel=\"noreferrer noopener\">Le Corbusier<\/a> (Charles-\u00c9douard Jeanneret-Gris) war als Architekt, Architekturtheoretiker, Stadtplaner, Maler, Zeichner, Bildhauer und M\u00f6bel-Designer einer der einflussreichsten Architekten des 20.&nbsp;Jahrhunderts.<\/p>\n\n\n\n<figure class=\"wp-block-image size-large\"><img loading=\"lazy\" decoding=\"async\" width=\"810\" height=\"604\" src=\"https:\/\/www.enzo-und-ferdinand.de\/wp-content\/uploads\/2022\/09\/r151062h-810x604.jpg\" alt=\"\" class=\"wp-image-9887\" srcset=\"https:\/\/www.enzo-und-ferdinand.de\/wp-content\/uploads\/2022\/09\/r151062h-810x604.jpg 810w, https:\/\/www.enzo-und-ferdinand.de\/wp-content\/uploads\/2022\/09\/r151062h-300x224.jpg 300w, https:\/\/www.enzo-und-ferdinand.de\/wp-content\/uploads\/2022\/09\/r151062h-768x573.jpg 768w, https:\/\/www.enzo-und-ferdinand.de\/wp-content\/uploads\/2022\/09\/r151062h.jpg 875w\" sizes=\"auto, (max-width: 810px) 100vw, 810px\" \/><\/figure>\n\n\n\n<p class=\"wp-block-paragraph\">Die Konzeptstudie ist eine Hommage an den schweizerisch-franz\u00f6sischen Gestalter, entwickelt vom Renault Industrial Design Team. Die Form des Luxuscoup\u00e9 spiegelt die Prinzipien und Theorien zur Moderne Le Corbusiers wider und scheut auch nicht davor, sich auf die \u00fcppige Formensprache der damaligen Luxus-Karossiers zu beziehen. Bemerkenswert in dieser Sicht sind die grafisch expressiv geformten Radh\u00e4user mit stark betonten Konturen sowie der Grill in Edelsteinoptik.<\/p>\n\n\n\n<p class=\"wp-block-paragraph\">Die Initialz\u00fcndung f\u00fcr den Viersitzer lieferte die Idee, kulturelle Wegmarken Frankreichs aufzugreifen. Im Fokus standen alsbald die 1930er Jahres des Automobilbaus, die auch zu den aktivsten Schaffenss-Phasen des von Le Corbusier geh\u00f6rten. Zu den wichtigsten Werken des Architekten z\u00e4hlt die etwa die <a title=\"Villa Savoye\" rel=\"noreferrer noopener\" href=\"https:\/\/www.villa-savoye.fr\/en\/\" target=\"_blank\">Villa Savoye<\/a> im Nordwesten von Paris. Die Villa galt bereits nach Fertigstellung als eines der wichtigsten Bauwerke der Moderne, das heute als ebenso stilpr\u00e4gend wie die Wohnh\u00e4user von Mies van der Rohe und Lloyd Wright eingestuft wird.<\/p>\n\n\n\n<figure class=\"wp-block-image size-large\"><img loading=\"lazy\" decoding=\"async\" width=\"810\" height=\"607\" src=\"https:\/\/www.enzo-und-ferdinand.de\/wp-content\/uploads\/2022\/09\/r151064h-810x607.jpg\" alt=\"\" class=\"wp-image-9888\" srcset=\"https:\/\/www.enzo-und-ferdinand.de\/wp-content\/uploads\/2022\/09\/r151064h-810x607.jpg 810w, https:\/\/www.enzo-und-ferdinand.de\/wp-content\/uploads\/2022\/09\/r151064h-300x225.jpg 300w, https:\/\/www.enzo-und-ferdinand.de\/wp-content\/uploads\/2022\/09\/r151064h-768x576.jpg 768w, https:\/\/www.enzo-und-ferdinand.de\/wp-content\/uploads\/2022\/09\/r151064h.jpg 875w\" sizes=\"auto, (max-width: 810px) 100vw, 810px\" \/><\/figure>\n\n\n\n<p class=\"has-text-align-right has-small-font-size wp-block-paragraph\">Fotos: Renault\/Text: Rainer Ro\u00dfbach<\/p>\n","protected":false},"excerpt":{"rendered":"<p>Das Coup\u00e9, das auf jeden Bezug zur damals aktuellen Formensprache des franz\u00f6sischen Autobauers verzichtet, versteht sich als Hommage an die kulturell reiche \u00c4ra der 1930er Jahre, in denen Automobilbau und Architektur eine Bl\u00fcte erlebten. Der Einfluss der Epoche reichte bis weit nach nach dem Zweiten Weltkrieg und beeinflusste die Gesellschaft ganz Europas. Der am 6. Oktober 1887 in La Chaux-de-Fonds in der Schweiz geborene Le Corbusier (Charles-\u00c9douard Jeanneret-Gris) war einer der einflussreichsten Architekten des 20.\u00a0Jahrhunderts.<\/p>\n","protected":false},"author":1,"featured_media":9886,"comment_status":"closed","ping_status":"closed","sticky":false,"template":"","format":"standard","meta":{"_crdt_document":"","ngg_post_thumbnail":0,"footnotes":""},"categories":[24],"tags":[190],"class_list":["post-9882","post","type-post","status-publish","format-standard","has-post-thumbnail","hentry","category-unikate","tag-renault"],"yoast_head":"<!-- This site is optimized with the Yoast SEO plugin v27.5 - https:\/\/yoast.com\/product\/yoast-seo-wordpress\/ -->\n<title>Renault Coup\u00e9 Corbusier (2015)<\/title>\n<meta name=\"description\" content=\"Renault Coup\u00e9 Corbusier 1930er Jahre La Chaux-de-Fonds Le Corbusier Charles-\u00c9douard Jeanneret-Gris Architekt Stadtplaner Bildhauer Renault Industrial Design Team Villa Savoye Mies van der Rohe Frank Lloyd Wright\" \/>\n<meta name=\"robots\" content=\"index, follow, max-snippet:-1, max-image-preview:large, max-video-preview:-1\" \/>\n<link rel=\"canonical\" href=\"https:\/\/www.enzo-und-ferdinand.de\/index.php\/2022\/09\/13\/renault-coupe-corbusier-2015\/\" \/>\n<meta property=\"og:locale\" content=\"de_DE\" \/>\n<meta property=\"og:type\" content=\"article\" \/>\n<meta property=\"og:title\" content=\"Renault Coup\u00e9 Corbusier (2015)\" \/>\n<meta property=\"og:description\" content=\"Renault Coup\u00e9 Corbusier 1930er Jahre La Chaux-de-Fonds Le Corbusier Charles-\u00c9douard Jeanneret-Gris Architekt Stadtplaner Bildhauer Renault Industrial Design Team Villa Savoye Mies van der Rohe Frank Lloyd Wright\" \/>\n<meta property=\"og:url\" content=\"https:\/\/www.enzo-und-ferdinand.de\/index.php\/2022\/09\/13\/renault-coupe-corbusier-2015\/\" \/>\n<meta property=\"og:site_name\" content=\"enzo &amp; Ferdinand\" \/>\n<meta property=\"article:published_time\" content=\"2022-09-13T08:55:00+00:00\" \/>\n<meta property=\"article:modified_time\" content=\"2025-02-12T17:12:51+00:00\" \/>\n<meta property=\"og:image\" content=\"https:\/\/www.enzo-und-ferdinand.de\/wp-content\/uploads\/2022\/09\/r151058h.jpg\" \/>\n\t<meta property=\"og:image:width\" content=\"875\" \/>\n\t<meta property=\"og:image:height\" content=\"656\" \/>\n\t<meta property=\"og:image:type\" content=\"image\/jpeg\" \/>\n<meta name=\"author\" content=\"Rainer Ro\u00dfbach\" \/>\n<meta name=\"twitter:card\" content=\"summary_large_image\" \/>\n<meta name=\"twitter:label1\" content=\"Verfasst von\" \/>\n\t<meta name=\"twitter:data1\" content=\"Rainer Ro\u00dfbach\" \/>\n\t<meta name=\"twitter:label2\" content=\"Gesch\u00e4tzte Lesezeit\" \/>\n\t<meta name=\"twitter:data2\" content=\"1\u00a0Minute\" \/>\n<script type=\"application\/ld+json\" class=\"yoast-schema-graph\">{\"@context\":\"https:\\\/\\\/schema.org\",\"@graph\":[{\"@type\":\"Article\",\"@id\":\"https:\\\/\\\/www.enzo-und-ferdinand.de\\\/index.php\\\/2022\\\/09\\\/13\\\/renault-coupe-corbusier-2015\\\/#article\",\"isPartOf\":{\"@id\":\"https:\\\/\\\/www.enzo-und-ferdinand.de\\\/index.php\\\/2022\\\/09\\\/13\\\/renault-coupe-corbusier-2015\\\/\"},\"author\":{\"name\":\"Rainer Ro\u00dfbach\",\"@id\":\"https:\\\/\\\/www.enzo-und-ferdinand.de\\\/#\\\/schema\\\/person\\\/aff2eb9ff87705987c1b9d21fe10b095\"},\"headline\":\"Renault Coup\u00e9 Corbusier (2015)\",\"datePublished\":\"2022-09-13T08:55:00+00:00\",\"dateModified\":\"2025-02-12T17:12:51+00:00\",\"mainEntityOfPage\":{\"@id\":\"https:\\\/\\\/www.enzo-und-ferdinand.de\\\/index.php\\\/2022\\\/09\\\/13\\\/renault-coupe-corbusier-2015\\\/\"},\"wordCount\":246,\"publisher\":{\"@id\":\"https:\\\/\\\/www.enzo-und-ferdinand.de\\\/#organization\"},\"image\":{\"@id\":\"https:\\\/\\\/www.enzo-und-ferdinand.de\\\/index.php\\\/2022\\\/09\\\/13\\\/renault-coupe-corbusier-2015\\\/#primaryimage\"},\"thumbnailUrl\":\"https:\\\/\\\/www.enzo-und-ferdinand.de\\\/wp-content\\\/uploads\\\/2022\\\/09\\\/r151058h.jpg\",\"keywords\":[\"Renault\"],\"articleSection\":[\"Unikate\"],\"inLanguage\":\"de\"},{\"@type\":\"WebPage\",\"@id\":\"https:\\\/\\\/www.enzo-und-ferdinand.de\\\/index.php\\\/2022\\\/09\\\/13\\\/renault-coupe-corbusier-2015\\\/\",\"url\":\"https:\\\/\\\/www.enzo-und-ferdinand.de\\\/index.php\\\/2022\\\/09\\\/13\\\/renault-coupe-corbusier-2015\\\/\",\"name\":\"Renault Coup\u00e9 Corbusier (2015)\",\"isPartOf\":{\"@id\":\"https:\\\/\\\/www.enzo-und-ferdinand.de\\\/#website\"},\"primaryImageOfPage\":{\"@id\":\"https:\\\/\\\/www.enzo-und-ferdinand.de\\\/index.php\\\/2022\\\/09\\\/13\\\/renault-coupe-corbusier-2015\\\/#primaryimage\"},\"image\":{\"@id\":\"https:\\\/\\\/www.enzo-und-ferdinand.de\\\/index.php\\\/2022\\\/09\\\/13\\\/renault-coupe-corbusier-2015\\\/#primaryimage\"},\"thumbnailUrl\":\"https:\\\/\\\/www.enzo-und-ferdinand.de\\\/wp-content\\\/uploads\\\/2022\\\/09\\\/r151058h.jpg\",\"datePublished\":\"2022-09-13T08:55:00+00:00\",\"dateModified\":\"2025-02-12T17:12:51+00:00\",\"description\":\"Renault Coup\u00e9 Corbusier 1930er Jahre La Chaux-de-Fonds Le Corbusier Charles-\u00c9douard Jeanneret-Gris Architekt Stadtplaner Bildhauer Renault Industrial Design Team Villa Savoye Mies van der Rohe Frank Lloyd Wright\",\"breadcrumb\":{\"@id\":\"https:\\\/\\\/www.enzo-und-ferdinand.de\\\/index.php\\\/2022\\\/09\\\/13\\\/renault-coupe-corbusier-2015\\\/#breadcrumb\"},\"inLanguage\":\"de\",\"potentialAction\":[{\"@type\":\"ReadAction\",\"target\":[\"https:\\\/\\\/www.enzo-und-ferdinand.de\\\/index.php\\\/2022\\\/09\\\/13\\\/renault-coupe-corbusier-2015\\\/\"]}]},{\"@type\":\"ImageObject\",\"inLanguage\":\"de\",\"@id\":\"https:\\\/\\\/www.enzo-und-ferdinand.de\\\/index.php\\\/2022\\\/09\\\/13\\\/renault-coupe-corbusier-2015\\\/#primaryimage\",\"url\":\"https:\\\/\\\/www.enzo-und-ferdinand.de\\\/wp-content\\\/uploads\\\/2022\\\/09\\\/r151058h.jpg\",\"contentUrl\":\"https:\\\/\\\/www.enzo-und-ferdinand.de\\\/wp-content\\\/uploads\\\/2022\\\/09\\\/r151058h.jpg\",\"width\":875,\"height\":656},{\"@type\":\"BreadcrumbList\",\"@id\":\"https:\\\/\\\/www.enzo-und-ferdinand.de\\\/index.php\\\/2022\\\/09\\\/13\\\/renault-coupe-corbusier-2015\\\/#breadcrumb\",\"itemListElement\":[{\"@type\":\"ListItem\",\"position\":1,\"name\":\"Startseite\",\"item\":\"https:\\\/\\\/www.enzo-und-ferdinand.de\\\/\"},{\"@type\":\"ListItem\",\"position\":2,\"name\":\"Renault Coup\u00e9 Corbusier (2015)\"}]},{\"@type\":\"WebSite\",\"@id\":\"https:\\\/\\\/www.enzo-und-ferdinand.de\\\/#website\",\"url\":\"https:\\\/\\\/www.enzo-und-ferdinand.de\\\/\",\"name\":\"enzo & Ferdinand\",\"description\":\"\",\"publisher\":{\"@id\":\"https:\\\/\\\/www.enzo-und-ferdinand.de\\\/#organization\"},\"potentialAction\":[{\"@type\":\"SearchAction\",\"target\":{\"@type\":\"EntryPoint\",\"urlTemplate\":\"https:\\\/\\\/www.enzo-und-ferdinand.de\\\/?s={search_term_string}\"},\"query-input\":{\"@type\":\"PropertyValueSpecification\",\"valueRequired\":true,\"valueName\":\"search_term_string\"}}],\"inLanguage\":\"de\"},{\"@type\":\"Organization\",\"@id\":\"https:\\\/\\\/www.enzo-und-ferdinand.de\\\/#organization\",\"name\":\"enzo & Ferdinand\",\"url\":\"https:\\\/\\\/www.enzo-und-ferdinand.de\\\/\",\"logo\":{\"@type\":\"ImageObject\",\"inLanguage\":\"de\",\"@id\":\"https:\\\/\\\/www.enzo-und-ferdinand.de\\\/#\\\/schema\\\/logo\\\/image\\\/\",\"url\":\"https:\\\/\\\/www.enzo-und-ferdinand.de\\\/wp-content\\\/uploads\\\/2018\\\/12\\\/revvvs-icon.png\",\"contentUrl\":\"https:\\\/\\\/www.enzo-und-ferdinand.de\\\/wp-content\\\/uploads\\\/2018\\\/12\\\/revvvs-icon.png\",\"width\":512,\"height\":512,\"caption\":\"enzo & Ferdinand\"},\"image\":{\"@id\":\"https:\\\/\\\/www.enzo-und-ferdinand.de\\\/#\\\/schema\\\/logo\\\/image\\\/\"}},{\"@type\":\"Person\",\"@id\":\"https:\\\/\\\/www.enzo-und-ferdinand.de\\\/#\\\/schema\\\/person\\\/aff2eb9ff87705987c1b9d21fe10b095\",\"name\":\"Rainer Ro\u00dfbach\",\"image\":{\"@type\":\"ImageObject\",\"inLanguage\":\"de\",\"@id\":\"https:\\\/\\\/www.enzo-und-ferdinand.de\\\/wp-content\\\/uploads\\\/2026\\\/01\\\/Rainer-Rossbach-150x150.jpg\",\"url\":\"https:\\\/\\\/www.enzo-und-ferdinand.de\\\/wp-content\\\/uploads\\\/2026\\\/01\\\/Rainer-Rossbach-150x150.jpg\",\"contentUrl\":\"https:\\\/\\\/www.enzo-und-ferdinand.de\\\/wp-content\\\/uploads\\\/2026\\\/01\\\/Rainer-Rossbach-150x150.jpg\",\"caption\":\"Rainer Ro\u00dfbach\"},\"url\":\"https:\\\/\\\/www.enzo-und-ferdinand.de\\\/index.php\\\/author\\\/redaktion\\\/\"}]}<\/script>\n<!-- \/ Yoast SEO plugin. -->","yoast_head_json":{"title":"Renault Coup\u00e9 Corbusier (2015)","description":"Renault Coup\u00e9 Corbusier 1930er Jahre La Chaux-de-Fonds Le Corbusier Charles-\u00c9douard Jeanneret-Gris Architekt Stadtplaner Bildhauer Renault Industrial Design Team Villa Savoye Mies van der Rohe Frank Lloyd Wright","robots":{"index":"index","follow":"follow","max-snippet":"max-snippet:-1","max-image-preview":"max-image-preview:large","max-video-preview":"max-video-preview:-1"},"canonical":"https:\/\/www.enzo-und-ferdinand.de\/index.php\/2022\/09\/13\/renault-coupe-corbusier-2015\/","og_locale":"de_DE","og_type":"article","og_title":"Renault Coup\u00e9 Corbusier (2015)","og_description":"Renault Coup\u00e9 Corbusier 1930er Jahre La Chaux-de-Fonds Le Corbusier Charles-\u00c9douard Jeanneret-Gris Architekt Stadtplaner Bildhauer Renault Industrial Design Team Villa Savoye Mies van der Rohe Frank Lloyd Wright","og_url":"https:\/\/www.enzo-und-ferdinand.de\/index.php\/2022\/09\/13\/renault-coupe-corbusier-2015\/","og_site_name":"enzo &amp; Ferdinand","article_published_time":"2022-09-13T08:55:00+00:00","article_modified_time":"2025-02-12T17:12:51+00:00","og_image":[{"width":875,"height":656,"url":"https:\/\/www.enzo-und-ferdinand.de\/wp-content\/uploads\/2022\/09\/r151058h.jpg","type":"image\/jpeg"}],"author":"Rainer Ro\u00dfbach","twitter_card":"summary_large_image","twitter_misc":{"Verfasst von":"Rainer Ro\u00dfbach","Gesch\u00e4tzte Lesezeit":"1\u00a0Minute"},"schema":{"@context":"https:\/\/schema.org","@graph":[{"@type":"Article","@id":"https:\/\/www.enzo-und-ferdinand.de\/index.php\/2022\/09\/13\/renault-coupe-corbusier-2015\/#article","isPartOf":{"@id":"https:\/\/www.enzo-und-ferdinand.de\/index.php\/2022\/09\/13\/renault-coupe-corbusier-2015\/"},"author":{"name":"Rainer Ro\u00dfbach","@id":"https:\/\/www.enzo-und-ferdinand.de\/#\/schema\/person\/aff2eb9ff87705987c1b9d21fe10b095"},"headline":"Renault Coup\u00e9 Corbusier (2015)","datePublished":"2022-09-13T08:55:00+00:00","dateModified":"2025-02-12T17:12:51+00:00","mainEntityOfPage":{"@id":"https:\/\/www.enzo-und-ferdinand.de\/index.php\/2022\/09\/13\/renault-coupe-corbusier-2015\/"},"wordCount":246,"publisher":{"@id":"https:\/\/www.enzo-und-ferdinand.de\/#organization"},"image":{"@id":"https:\/\/www.enzo-und-ferdinand.de\/index.php\/2022\/09\/13\/renault-coupe-corbusier-2015\/#primaryimage"},"thumbnailUrl":"https:\/\/www.enzo-und-ferdinand.de\/wp-content\/uploads\/2022\/09\/r151058h.jpg","keywords":["Renault"],"articleSection":["Unikate"],"inLanguage":"de"},{"@type":"WebPage","@id":"https:\/\/www.enzo-und-ferdinand.de\/index.php\/2022\/09\/13\/renault-coupe-corbusier-2015\/","url":"https:\/\/www.enzo-und-ferdinand.de\/index.php\/2022\/09\/13\/renault-coupe-corbusier-2015\/","name":"Renault Coup\u00e9 Corbusier (2015)","isPartOf":{"@id":"https:\/\/www.enzo-und-ferdinand.de\/#website"},"primaryImageOfPage":{"@id":"https:\/\/www.enzo-und-ferdinand.de\/index.php\/2022\/09\/13\/renault-coupe-corbusier-2015\/#primaryimage"},"image":{"@id":"https:\/\/www.enzo-und-ferdinand.de\/index.php\/2022\/09\/13\/renault-coupe-corbusier-2015\/#primaryimage"},"thumbnailUrl":"https:\/\/www.enzo-und-ferdinand.de\/wp-content\/uploads\/2022\/09\/r151058h.jpg","datePublished":"2022-09-13T08:55:00+00:00","dateModified":"2025-02-12T17:12:51+00:00","description":"Renault Coup\u00e9 Corbusier 1930er Jahre La Chaux-de-Fonds Le Corbusier Charles-\u00c9douard Jeanneret-Gris Architekt Stadtplaner Bildhauer Renault Industrial Design Team Villa Savoye Mies van der Rohe Frank Lloyd Wright","breadcrumb":{"@id":"https:\/\/www.enzo-und-ferdinand.de\/index.php\/2022\/09\/13\/renault-coupe-corbusier-2015\/#breadcrumb"},"inLanguage":"de","potentialAction":[{"@type":"ReadAction","target":["https:\/\/www.enzo-und-ferdinand.de\/index.php\/2022\/09\/13\/renault-coupe-corbusier-2015\/"]}]},{"@type":"ImageObject","inLanguage":"de","@id":"https:\/\/www.enzo-und-ferdinand.de\/index.php\/2022\/09\/13\/renault-coupe-corbusier-2015\/#primaryimage","url":"https:\/\/www.enzo-und-ferdinand.de\/wp-content\/uploads\/2022\/09\/r151058h.jpg","contentUrl":"https:\/\/www.enzo-und-ferdinand.de\/wp-content\/uploads\/2022\/09\/r151058h.jpg","width":875,"height":656},{"@type":"BreadcrumbList","@id":"https:\/\/www.enzo-und-ferdinand.de\/index.php\/2022\/09\/13\/renault-coupe-corbusier-2015\/#breadcrumb","itemListElement":[{"@type":"ListItem","position":1,"name":"Startseite","item":"https:\/\/www.enzo-und-ferdinand.de\/"},{"@type":"ListItem","position":2,"name":"Renault Coup\u00e9 Corbusier (2015)"}]},{"@type":"WebSite","@id":"https:\/\/www.enzo-und-ferdinand.de\/#website","url":"https:\/\/www.enzo-und-ferdinand.de\/","name":"enzo & Ferdinand","description":"","publisher":{"@id":"https:\/\/www.enzo-und-ferdinand.de\/#organization"},"potentialAction":[{"@type":"SearchAction","target":{"@type":"EntryPoint","urlTemplate":"https:\/\/www.enzo-und-ferdinand.de\/?s={search_term_string}"},"query-input":{"@type":"PropertyValueSpecification","valueRequired":true,"valueName":"search_term_string"}}],"inLanguage":"de"},{"@type":"Organization","@id":"https:\/\/www.enzo-und-ferdinand.de\/#organization","name":"enzo & Ferdinand","url":"https:\/\/www.enzo-und-ferdinand.de\/","logo":{"@type":"ImageObject","inLanguage":"de","@id":"https:\/\/www.enzo-und-ferdinand.de\/#\/schema\/logo\/image\/","url":"https:\/\/www.enzo-und-ferdinand.de\/wp-content\/uploads\/2018\/12\/revvvs-icon.png","contentUrl":"https:\/\/www.enzo-und-ferdinand.de\/wp-content\/uploads\/2018\/12\/revvvs-icon.png","width":512,"height":512,"caption":"enzo & Ferdinand"},"image":{"@id":"https:\/\/www.enzo-und-ferdinand.de\/#\/schema\/logo\/image\/"}},{"@type":"Person","@id":"https:\/\/www.enzo-und-ferdinand.de\/#\/schema\/person\/aff2eb9ff87705987c1b9d21fe10b095","name":"Rainer Ro\u00dfbach","image":{"@type":"ImageObject","inLanguage":"de","@id":"https:\/\/www.enzo-und-ferdinand.de\/wp-content\/uploads\/2026\/01\/Rainer-Rossbach-150x150.jpg","url":"https:\/\/www.enzo-und-ferdinand.de\/wp-content\/uploads\/2026\/01\/Rainer-Rossbach-150x150.jpg","contentUrl":"https:\/\/www.enzo-und-ferdinand.de\/wp-content\/uploads\/2026\/01\/Rainer-Rossbach-150x150.jpg","caption":"Rainer Ro\u00dfbach"},"url":"https:\/\/www.enzo-und-ferdinand.de\/index.php\/author\/redaktion\/"}]}},"_links":{"self":[{"href":"https:\/\/www.enzo-und-ferdinand.de\/index.php\/wp-json\/wp\/v2\/posts\/9882","targetHints":{"allow":["GET"]}}],"collection":[{"href":"https:\/\/www.enzo-und-ferdinand.de\/index.php\/wp-json\/wp\/v2\/posts"}],"about":[{"href":"https:\/\/www.enzo-und-ferdinand.de\/index.php\/wp-json\/wp\/v2\/types\/post"}],"author":[{"embeddable":true,"href":"https:\/\/www.enzo-und-ferdinand.de\/index.php\/wp-json\/wp\/v2\/users\/1"}],"replies":[{"embeddable":true,"href":"https:\/\/www.enzo-und-ferdinand.de\/index.php\/wp-json\/wp\/v2\/comments?post=9882"}],"version-history":[{"count":13,"href":"https:\/\/www.enzo-und-ferdinand.de\/index.php\/wp-json\/wp\/v2\/posts\/9882\/revisions"}],"predecessor-version":[{"id":19454,"href":"https:\/\/www.enzo-und-ferdinand.de\/index.php\/wp-json\/wp\/v2\/posts\/9882\/revisions\/19454"}],"wp:featuredmedia":[{"embeddable":true,"href":"https:\/\/www.enzo-und-ferdinand.de\/index.php\/wp-json\/wp\/v2\/media\/9886"}],"wp:attachment":[{"href":"https:\/\/www.enzo-und-ferdinand.de\/index.php\/wp-json\/wp\/v2\/media?parent=9882"}],"wp:term":[{"taxonomy":"category","embeddable":true,"href":"https:\/\/www.enzo-und-ferdinand.de\/index.php\/wp-json\/wp\/v2\/categories?post=9882"},{"taxonomy":"post_tag","embeddable":true,"href":"https:\/\/www.enzo-und-ferdinand.de\/index.php\/wp-json\/wp\/v2\/tags?post=9882"}],"curies":[{"name":"wp","href":"https:\/\/api.w.org\/{rel}","templated":true}]}}