{"id":9897,"date":"2022-09-16T08:07:40","date_gmt":"2022-09-16T06:07:40","guid":{"rendered":"https:\/\/www.enzo-und-ferdinand.de\/?p=9897"},"modified":"2025-02-12T18:28:53","modified_gmt":"2025-02-12T17:28:53","slug":"mini-recharged-lakwena","status":"publish","type":"post","link":"https:\/\/www.enzo-und-ferdinand.de\/index.php\/2022\/09\/16\/mini-recharged-lakwena\/","title":{"rendered":"Mini Recharged \u201eLakwena\u201c\u00a0"},"content":{"rendered":"\n<figure class=\"wp-block-image size-large\"><img loading=\"lazy\" decoding=\"async\" width=\"810\" height=\"607\" src=\"https:\/\/www.enzo-und-ferdinand.de\/wp-content\/uploads\/2022\/09\/P90473565_highRes_mini-recharged-lakwe-810x607.jpg\" alt=\"\" class=\"wp-image-9901\" srcset=\"https:\/\/www.enzo-und-ferdinand.de\/wp-content\/uploads\/2022\/09\/P90473565_highRes_mini-recharged-lakwe-810x607.jpg 810w, https:\/\/www.enzo-und-ferdinand.de\/wp-content\/uploads\/2022\/09\/P90473565_highRes_mini-recharged-lakwe-300x225.jpg 300w, https:\/\/www.enzo-und-ferdinand.de\/wp-content\/uploads\/2022\/09\/P90473565_highRes_mini-recharged-lakwe-768x576.jpg 768w, https:\/\/www.enzo-und-ferdinand.de\/wp-content\/uploads\/2022\/09\/P90473565_highRes_mini-recharged-lakwe.jpg 875w\" sizes=\"auto, (max-width: 810px) 100vw, 810px\" \/><\/figure>\n\n\n\n<p class=\"wp-block-paragraph\">Die Londoner K\u00fcnstlerin Lakwena hat das zweite Mini ArtCar des Jahres 2022 gestaltet. Nach ihrem Geburtsjahr 1986 ausgew\u00e4hlt, wurde ein klassischer Mini des gleichen Jahres auf eine Recharged Plattform gestellt, bei dem der vorhandene Motor vom Partner Recharge Heritage Ltd. gegen einen neuen Elektroantrieb ausgetauscht wurde.&nbsp;<\/p>\n\n\n\n<p class=\"wp-block-paragraph\">W\u00e4hrend das Modell des britischen Modedesigners <a title=\"Mini recharged Paul Smith\" href=\"https:\/\/www.enzo-und-ferdinand.de\/index.php\/2022\/06\/08\/mini-recharged-by-paul-smith\/\" target=\"_blank\" rel=\"noreferrer noopener\">Paul Smith<\/a> betont klassisch geraten ist, feiert Lakwenas Arbeit leuchtende Farben und Lebensfreude. Mit Ihrer farbenfrohen Arbeit im \u00f6ffentlichen Raum sucht sie den Kontakt zu Menschen, die abseits der Kunst stehen. Gepr\u00e4gt sind ihre Werke durch eine Vielzahl an Reisen, von denen sie ihre bunt angelegten Muster und Farben mitgebracht hat.&nbsp;<\/p>\n\n\n\n<p class=\"wp-block-paragraph\">Die Botschaft Lakwenas hei\u00dft Respekt, Toleranz und Diversit\u00e4t.<\/p>\n\n\n\n<figure class=\"wp-block-gallery has-nested-images columns-2 is-cropped wp-block-gallery-1 is-layout-flex wp-block-gallery-is-layout-flex\">\n<figure class=\"wp-block-image size-large\"><img loading=\"lazy\" decoding=\"async\" width=\"810\" height=\"592\" data-id=\"9907\" src=\"https:\/\/www.enzo-und-ferdinand.de\/wp-content\/uploads\/2022\/09\/P90473587_highRes_mini-recharged-lakwe-810x592.jpg\" alt=\"\" class=\"wp-image-9907\" srcset=\"https:\/\/www.enzo-und-ferdinand.de\/wp-content\/uploads\/2022\/09\/P90473587_highRes_mini-recharged-lakwe-810x592.jpg 810w, https:\/\/www.enzo-und-ferdinand.de\/wp-content\/uploads\/2022\/09\/P90473587_highRes_mini-recharged-lakwe-300x219.jpg 300w, https:\/\/www.enzo-und-ferdinand.de\/wp-content\/uploads\/2022\/09\/P90473587_highRes_mini-recharged-lakwe-768x562.jpg 768w, https:\/\/www.enzo-und-ferdinand.de\/wp-content\/uploads\/2022\/09\/P90473587_highRes_mini-recharged-lakwe.jpg 875w\" sizes=\"auto, (max-width: 810px) 100vw, 810px\" \/><\/figure>\n\n\n\n<figure class=\"wp-block-image size-large\"><img loading=\"lazy\" decoding=\"async\" width=\"810\" height=\"592\" data-id=\"9905\" src=\"https:\/\/www.enzo-und-ferdinand.de\/wp-content\/uploads\/2022\/09\/P90473585_highRes_mini-recharged-lakwe-810x592.jpg\" alt=\"\" class=\"wp-image-9905\" srcset=\"https:\/\/www.enzo-und-ferdinand.de\/wp-content\/uploads\/2022\/09\/P90473585_highRes_mini-recharged-lakwe-810x592.jpg 810w, https:\/\/www.enzo-und-ferdinand.de\/wp-content\/uploads\/2022\/09\/P90473585_highRes_mini-recharged-lakwe-300x219.jpg 300w, https:\/\/www.enzo-und-ferdinand.de\/wp-content\/uploads\/2022\/09\/P90473585_highRes_mini-recharged-lakwe-768x562.jpg 768w, https:\/\/www.enzo-und-ferdinand.de\/wp-content\/uploads\/2022\/09\/P90473585_highRes_mini-recharged-lakwe.jpg 875w\" sizes=\"auto, (max-width: 810px) 100vw, 810px\" \/><\/figure>\n\n\n\n<figure class=\"wp-block-image size-large\"><img loading=\"lazy\" decoding=\"async\" width=\"810\" height=\"956\" data-id=\"9904\" src=\"https:\/\/www.enzo-und-ferdinand.de\/wp-content\/uploads\/2022\/09\/P90473579_highRes_mini-recharged-lakwe-810x956.jpg\" alt=\"\" class=\"wp-image-9904\" srcset=\"https:\/\/www.enzo-und-ferdinand.de\/wp-content\/uploads\/2022\/09\/P90473579_highRes_mini-recharged-lakwe-810x956.jpg 810w, https:\/\/www.enzo-und-ferdinand.de\/wp-content\/uploads\/2022\/09\/P90473579_highRes_mini-recharged-lakwe-254x300.jpg 254w, https:\/\/www.enzo-und-ferdinand.de\/wp-content\/uploads\/2022\/09\/P90473579_highRes_mini-recharged-lakwe-768x907.jpg 768w, https:\/\/www.enzo-und-ferdinand.de\/wp-content\/uploads\/2022\/09\/P90473579_highRes_mini-recharged-lakwe.jpg 875w\" sizes=\"auto, (max-width: 810px) 100vw, 810px\" \/><\/figure>\n\n\n\n<figure class=\"wp-block-image size-large\"><img loading=\"lazy\" decoding=\"async\" width=\"768\" height=\"1024\" data-id=\"9903\" src=\"https:\/\/www.enzo-und-ferdinand.de\/wp-content\/uploads\/2022\/09\/P90473575_highRes_mini-recharged-lakwe-768x1024.jpg\" alt=\"\" class=\"wp-image-9903\" srcset=\"https:\/\/www.enzo-und-ferdinand.de\/wp-content\/uploads\/2022\/09\/P90473575_highRes_mini-recharged-lakwe-768x1024.jpg 768w, https:\/\/www.enzo-und-ferdinand.de\/wp-content\/uploads\/2022\/09\/P90473575_highRes_mini-recharged-lakwe-225x300.jpg 225w, https:\/\/www.enzo-und-ferdinand.de\/wp-content\/uploads\/2022\/09\/P90473575_highRes_mini-recharged-lakwe.jpg 875w\" sizes=\"auto, (max-width: 768px) 100vw, 768px\" \/><\/figure>\n\n\n\n<figure class=\"wp-block-image size-large\"><img loading=\"lazy\" decoding=\"async\" width=\"810\" height=\"592\" data-id=\"9902\" src=\"https:\/\/www.enzo-und-ferdinand.de\/wp-content\/uploads\/2022\/09\/P90473574_highRes_mini-recharged-lakwe-810x592.jpg\" alt=\"\" class=\"wp-image-9902\" srcset=\"https:\/\/www.enzo-und-ferdinand.de\/wp-content\/uploads\/2022\/09\/P90473574_highRes_mini-recharged-lakwe-810x592.jpg 810w, https:\/\/www.enzo-und-ferdinand.de\/wp-content\/uploads\/2022\/09\/P90473574_highRes_mini-recharged-lakwe-300x219.jpg 300w, https:\/\/www.enzo-und-ferdinand.de\/wp-content\/uploads\/2022\/09\/P90473574_highRes_mini-recharged-lakwe-768x562.jpg 768w, https:\/\/www.enzo-und-ferdinand.de\/wp-content\/uploads\/2022\/09\/P90473574_highRes_mini-recharged-lakwe.jpg 875w\" sizes=\"auto, (max-width: 810px) 100vw, 810px\" \/><\/figure>\n<\/figure>\n\n\n\n<p class=\"has-text-align-right has-small-font-size wp-block-paragraph\">Fotos: Mini\/Text: Rainer Ro\u00dfbach<\/p>\n","protected":false},"excerpt":{"rendered":"<p>Die Londoner K\u00fcnstlerin Lakwena hat das zweite Mini ArtCar des Jahres 2022 gestaltet. Nach ihrem Geburtsjahr 1986 ausgew\u00e4hlt, wurde ein klassischer Mini des gleichen Jahres auf eine Recharged Plattform gestellt, bei dem der vorhandene Motor vom Partner Recharge Heritage Ltd. gegen einen neuen Elektroantrieb ausgetauscht wurde.\u00a0W\u00e4hrend das Modell des britischen Modedesigners Paul Smith betont klassisch geraten ist, feiert Lakwenas Arbeit leuchtende Farben und Lebensfreude. Mit Ihrer farbenfrohen Arbeit im \u00f6ffentlichen Raum sucht sie den Kontakt zu Menschen, die abseits der Kunst stehen. <\/p>\n","protected":false},"author":1,"featured_media":9906,"comment_status":"closed","ping_status":"closed","sticky":false,"template":"","format":"standard","meta":{"_crdt_document":"","ngg_post_thumbnail":0,"footnotes":""},"categories":[548,24],"tags":[616,108,510,495,592],"class_list":["post-9897","post","type-post","status-publish","format-standard","has-post-thumbnail","hentry","category-automobile-kunst-plastic-porsche","category-unikate","tag-automobile-kunst","tag-bmw-m1-andy-warhol-1979","tag-elektro","tag-mini","tag-summer-of-love"],"yoast_head":"<!-- This site is optimized with the Yoast SEO plugin v27.5 - https:\/\/yoast.com\/product\/yoast-seo-wordpress\/ -->\n<title>Mini Recharged \u201eLakwena\u201c\u00a0<\/title>\n<meta name=\"description\" content=\"Mini Recharged Lakwena Recharge Heritage Ltd Paul Smith Respekt Toleranz Diversit\u00e4t\" \/>\n<meta name=\"robots\" content=\"index, follow, max-snippet:-1, max-image-preview:large, max-video-preview:-1\" \/>\n<link rel=\"canonical\" href=\"https:\/\/www.enzo-und-ferdinand.de\/index.php\/2022\/09\/16\/mini-recharged-lakwena\/\" \/>\n<meta property=\"og:locale\" content=\"de_DE\" \/>\n<meta property=\"og:type\" content=\"article\" \/>\n<meta property=\"og:title\" content=\"Mini Recharged \u201eLakwena\u201c\u00a0\" \/>\n<meta property=\"og:description\" content=\"Mini Recharged Lakwena Recharge Heritage Ltd Paul Smith Respekt Toleranz Diversit\u00e4t\" \/>\n<meta property=\"og:url\" content=\"https:\/\/www.enzo-und-ferdinand.de\/index.php\/2022\/09\/16\/mini-recharged-lakwena\/\" \/>\n<meta property=\"og:site_name\" content=\"enzo &amp; Ferdinand\" \/>\n<meta property=\"article:published_time\" content=\"2022-09-16T06:07:40+00:00\" \/>\n<meta property=\"article:modified_time\" content=\"2025-02-12T17:28:53+00:00\" \/>\n<meta property=\"og:image\" content=\"https:\/\/www.enzo-und-ferdinand.de\/wp-content\/uploads\/2022\/09\/P90473586_highRes_mini-recharged-lakwe.jpg\" \/>\n\t<meta property=\"og:image:width\" content=\"875\" \/>\n\t<meta property=\"og:image:height\" content=\"656\" \/>\n\t<meta property=\"og:image:type\" content=\"image\/jpeg\" \/>\n<meta name=\"author\" content=\"Rainer Ro\u00dfbach\" \/>\n<meta name=\"twitter:card\" content=\"summary_large_image\" \/>\n<meta name=\"twitter:label1\" content=\"Verfasst von\" \/>\n\t<meta name=\"twitter:data1\" content=\"Rainer Ro\u00dfbach\" \/>\n\t<meta name=\"twitter:label2\" content=\"Gesch\u00e4tzte Lesezeit\" \/>\n\t<meta name=\"twitter:data2\" content=\"1\u00a0Minute\" \/>\n<script type=\"application\/ld+json\" class=\"yoast-schema-graph\">{\"@context\":\"https:\\\/\\\/schema.org\",\"@graph\":[{\"@type\":\"Article\",\"@id\":\"https:\\\/\\\/www.enzo-und-ferdinand.de\\\/index.php\\\/2022\\\/09\\\/16\\\/mini-recharged-lakwena\\\/#article\",\"isPartOf\":{\"@id\":\"https:\\\/\\\/www.enzo-und-ferdinand.de\\\/index.php\\\/2022\\\/09\\\/16\\\/mini-recharged-lakwena\\\/\"},\"author\":{\"name\":\"Rainer Ro\u00dfbach\",\"@id\":\"https:\\\/\\\/www.enzo-und-ferdinand.de\\\/#\\\/schema\\\/person\\\/aff2eb9ff87705987c1b9d21fe10b095\"},\"headline\":\"Mini Recharged \u201eLakwena\u201c\u00a0\",\"datePublished\":\"2022-09-16T06:07:40+00:00\",\"dateModified\":\"2025-02-12T17:28:53+00:00\",\"mainEntityOfPage\":{\"@id\":\"https:\\\/\\\/www.enzo-und-ferdinand.de\\\/index.php\\\/2022\\\/09\\\/16\\\/mini-recharged-lakwena\\\/\"},\"wordCount\":126,\"publisher\":{\"@id\":\"https:\\\/\\\/www.enzo-und-ferdinand.de\\\/#organization\"},\"image\":{\"@id\":\"https:\\\/\\\/www.enzo-und-ferdinand.de\\\/index.php\\\/2022\\\/09\\\/16\\\/mini-recharged-lakwena\\\/#primaryimage\"},\"thumbnailUrl\":\"https:\\\/\\\/www.enzo-und-ferdinand.de\\\/wp-content\\\/uploads\\\/2022\\\/09\\\/P90473586_highRes_mini-recharged-lakwe.jpg\",\"keywords\":[\"automobile Kunst\",\"BMW M1 \u201eAndy Warhol\u201c (1979)\",\"Elektro\",\"Mini\",\"Summer of Love\"],\"articleSection\":[\"Automobile Kunst\",\"Unikate\"],\"inLanguage\":\"de\"},{\"@type\":\"WebPage\",\"@id\":\"https:\\\/\\\/www.enzo-und-ferdinand.de\\\/index.php\\\/2022\\\/09\\\/16\\\/mini-recharged-lakwena\\\/\",\"url\":\"https:\\\/\\\/www.enzo-und-ferdinand.de\\\/index.php\\\/2022\\\/09\\\/16\\\/mini-recharged-lakwena\\\/\",\"name\":\"Mini Recharged \u201eLakwena\u201c\u00a0\",\"isPartOf\":{\"@id\":\"https:\\\/\\\/www.enzo-und-ferdinand.de\\\/#website\"},\"primaryImageOfPage\":{\"@id\":\"https:\\\/\\\/www.enzo-und-ferdinand.de\\\/index.php\\\/2022\\\/09\\\/16\\\/mini-recharged-lakwena\\\/#primaryimage\"},\"image\":{\"@id\":\"https:\\\/\\\/www.enzo-und-ferdinand.de\\\/index.php\\\/2022\\\/09\\\/16\\\/mini-recharged-lakwena\\\/#primaryimage\"},\"thumbnailUrl\":\"https:\\\/\\\/www.enzo-und-ferdinand.de\\\/wp-content\\\/uploads\\\/2022\\\/09\\\/P90473586_highRes_mini-recharged-lakwe.jpg\",\"datePublished\":\"2022-09-16T06:07:40+00:00\",\"dateModified\":\"2025-02-12T17:28:53+00:00\",\"description\":\"Mini Recharged Lakwena Recharge Heritage Ltd Paul Smith Respekt Toleranz Diversit\u00e4t\",\"breadcrumb\":{\"@id\":\"https:\\\/\\\/www.enzo-und-ferdinand.de\\\/index.php\\\/2022\\\/09\\\/16\\\/mini-recharged-lakwena\\\/#breadcrumb\"},\"inLanguage\":\"de\",\"potentialAction\":[{\"@type\":\"ReadAction\",\"target\":[\"https:\\\/\\\/www.enzo-und-ferdinand.de\\\/index.php\\\/2022\\\/09\\\/16\\\/mini-recharged-lakwena\\\/\"]}]},{\"@type\":\"ImageObject\",\"inLanguage\":\"de\",\"@id\":\"https:\\\/\\\/www.enzo-und-ferdinand.de\\\/index.php\\\/2022\\\/09\\\/16\\\/mini-recharged-lakwena\\\/#primaryimage\",\"url\":\"https:\\\/\\\/www.enzo-und-ferdinand.de\\\/wp-content\\\/uploads\\\/2022\\\/09\\\/P90473586_highRes_mini-recharged-lakwe.jpg\",\"contentUrl\":\"https:\\\/\\\/www.enzo-und-ferdinand.de\\\/wp-content\\\/uploads\\\/2022\\\/09\\\/P90473586_highRes_mini-recharged-lakwe.jpg\",\"width\":875,\"height\":656},{\"@type\":\"BreadcrumbList\",\"@id\":\"https:\\\/\\\/www.enzo-und-ferdinand.de\\\/index.php\\\/2022\\\/09\\\/16\\\/mini-recharged-lakwena\\\/#breadcrumb\",\"itemListElement\":[{\"@type\":\"ListItem\",\"position\":1,\"name\":\"Startseite\",\"item\":\"https:\\\/\\\/www.enzo-und-ferdinand.de\\\/\"},{\"@type\":\"ListItem\",\"position\":2,\"name\":\"Mini Recharged \u201eLakwena\u201c\u00a0\"}]},{\"@type\":\"WebSite\",\"@id\":\"https:\\\/\\\/www.enzo-und-ferdinand.de\\\/#website\",\"url\":\"https:\\\/\\\/www.enzo-und-ferdinand.de\\\/\",\"name\":\"enzo & Ferdinand\",\"description\":\"\",\"publisher\":{\"@id\":\"https:\\\/\\\/www.enzo-und-ferdinand.de\\\/#organization\"},\"potentialAction\":[{\"@type\":\"SearchAction\",\"target\":{\"@type\":\"EntryPoint\",\"urlTemplate\":\"https:\\\/\\\/www.enzo-und-ferdinand.de\\\/?s={search_term_string}\"},\"query-input\":{\"@type\":\"PropertyValueSpecification\",\"valueRequired\":true,\"valueName\":\"search_term_string\"}}],\"inLanguage\":\"de\"},{\"@type\":\"Organization\",\"@id\":\"https:\\\/\\\/www.enzo-und-ferdinand.de\\\/#organization\",\"name\":\"enzo & Ferdinand\",\"url\":\"https:\\\/\\\/www.enzo-und-ferdinand.de\\\/\",\"logo\":{\"@type\":\"ImageObject\",\"inLanguage\":\"de\",\"@id\":\"https:\\\/\\\/www.enzo-und-ferdinand.de\\\/#\\\/schema\\\/logo\\\/image\\\/\",\"url\":\"https:\\\/\\\/www.enzo-und-ferdinand.de\\\/wp-content\\\/uploads\\\/2018\\\/12\\\/revvvs-icon.png\",\"contentUrl\":\"https:\\\/\\\/www.enzo-und-ferdinand.de\\\/wp-content\\\/uploads\\\/2018\\\/12\\\/revvvs-icon.png\",\"width\":512,\"height\":512,\"caption\":\"enzo & Ferdinand\"},\"image\":{\"@id\":\"https:\\\/\\\/www.enzo-und-ferdinand.de\\\/#\\\/schema\\\/logo\\\/image\\\/\"}},{\"@type\":\"Person\",\"@id\":\"https:\\\/\\\/www.enzo-und-ferdinand.de\\\/#\\\/schema\\\/person\\\/aff2eb9ff87705987c1b9d21fe10b095\",\"name\":\"Rainer Ro\u00dfbach\",\"image\":{\"@type\":\"ImageObject\",\"inLanguage\":\"de\",\"@id\":\"https:\\\/\\\/www.enzo-und-ferdinand.de\\\/wp-content\\\/uploads\\\/2026\\\/01\\\/Rainer-Rossbach-150x150.jpg\",\"url\":\"https:\\\/\\\/www.enzo-und-ferdinand.de\\\/wp-content\\\/uploads\\\/2026\\\/01\\\/Rainer-Rossbach-150x150.jpg\",\"contentUrl\":\"https:\\\/\\\/www.enzo-und-ferdinand.de\\\/wp-content\\\/uploads\\\/2026\\\/01\\\/Rainer-Rossbach-150x150.jpg\",\"caption\":\"Rainer Ro\u00dfbach\"},\"url\":\"https:\\\/\\\/www.enzo-und-ferdinand.de\\\/index.php\\\/author\\\/redaktion\\\/\"}]}<\/script>\n<!-- \/ Yoast SEO plugin. -->","yoast_head_json":{"title":"Mini Recharged \u201eLakwena\u201c\u00a0","description":"Mini Recharged Lakwena Recharge Heritage Ltd Paul Smith Respekt Toleranz Diversit\u00e4t","robots":{"index":"index","follow":"follow","max-snippet":"max-snippet:-1","max-image-preview":"max-image-preview:large","max-video-preview":"max-video-preview:-1"},"canonical":"https:\/\/www.enzo-und-ferdinand.de\/index.php\/2022\/09\/16\/mini-recharged-lakwena\/","og_locale":"de_DE","og_type":"article","og_title":"Mini Recharged \u201eLakwena\u201c\u00a0","og_description":"Mini Recharged Lakwena Recharge Heritage Ltd Paul Smith Respekt Toleranz Diversit\u00e4t","og_url":"https:\/\/www.enzo-und-ferdinand.de\/index.php\/2022\/09\/16\/mini-recharged-lakwena\/","og_site_name":"enzo &amp; Ferdinand","article_published_time":"2022-09-16T06:07:40+00:00","article_modified_time":"2025-02-12T17:28:53+00:00","og_image":[{"width":875,"height":656,"url":"https:\/\/www.enzo-und-ferdinand.de\/wp-content\/uploads\/2022\/09\/P90473586_highRes_mini-recharged-lakwe.jpg","type":"image\/jpeg"}],"author":"Rainer Ro\u00dfbach","twitter_card":"summary_large_image","twitter_misc":{"Verfasst von":"Rainer Ro\u00dfbach","Gesch\u00e4tzte Lesezeit":"1\u00a0Minute"},"schema":{"@context":"https:\/\/schema.org","@graph":[{"@type":"Article","@id":"https:\/\/www.enzo-und-ferdinand.de\/index.php\/2022\/09\/16\/mini-recharged-lakwena\/#article","isPartOf":{"@id":"https:\/\/www.enzo-und-ferdinand.de\/index.php\/2022\/09\/16\/mini-recharged-lakwena\/"},"author":{"name":"Rainer Ro\u00dfbach","@id":"https:\/\/www.enzo-und-ferdinand.de\/#\/schema\/person\/aff2eb9ff87705987c1b9d21fe10b095"},"headline":"Mini Recharged \u201eLakwena\u201c\u00a0","datePublished":"2022-09-16T06:07:40+00:00","dateModified":"2025-02-12T17:28:53+00:00","mainEntityOfPage":{"@id":"https:\/\/www.enzo-und-ferdinand.de\/index.php\/2022\/09\/16\/mini-recharged-lakwena\/"},"wordCount":126,"publisher":{"@id":"https:\/\/www.enzo-und-ferdinand.de\/#organization"},"image":{"@id":"https:\/\/www.enzo-und-ferdinand.de\/index.php\/2022\/09\/16\/mini-recharged-lakwena\/#primaryimage"},"thumbnailUrl":"https:\/\/www.enzo-und-ferdinand.de\/wp-content\/uploads\/2022\/09\/P90473586_highRes_mini-recharged-lakwe.jpg","keywords":["automobile Kunst","BMW M1 \u201eAndy Warhol\u201c (1979)","Elektro","Mini","Summer of Love"],"articleSection":["Automobile Kunst","Unikate"],"inLanguage":"de"},{"@type":"WebPage","@id":"https:\/\/www.enzo-und-ferdinand.de\/index.php\/2022\/09\/16\/mini-recharged-lakwena\/","url":"https:\/\/www.enzo-und-ferdinand.de\/index.php\/2022\/09\/16\/mini-recharged-lakwena\/","name":"Mini Recharged \u201eLakwena\u201c\u00a0","isPartOf":{"@id":"https:\/\/www.enzo-und-ferdinand.de\/#website"},"primaryImageOfPage":{"@id":"https:\/\/www.enzo-und-ferdinand.de\/index.php\/2022\/09\/16\/mini-recharged-lakwena\/#primaryimage"},"image":{"@id":"https:\/\/www.enzo-und-ferdinand.de\/index.php\/2022\/09\/16\/mini-recharged-lakwena\/#primaryimage"},"thumbnailUrl":"https:\/\/www.enzo-und-ferdinand.de\/wp-content\/uploads\/2022\/09\/P90473586_highRes_mini-recharged-lakwe.jpg","datePublished":"2022-09-16T06:07:40+00:00","dateModified":"2025-02-12T17:28:53+00:00","description":"Mini Recharged Lakwena Recharge Heritage Ltd Paul Smith Respekt Toleranz Diversit\u00e4t","breadcrumb":{"@id":"https:\/\/www.enzo-und-ferdinand.de\/index.php\/2022\/09\/16\/mini-recharged-lakwena\/#breadcrumb"},"inLanguage":"de","potentialAction":[{"@type":"ReadAction","target":["https:\/\/www.enzo-und-ferdinand.de\/index.php\/2022\/09\/16\/mini-recharged-lakwena\/"]}]},{"@type":"ImageObject","inLanguage":"de","@id":"https:\/\/www.enzo-und-ferdinand.de\/index.php\/2022\/09\/16\/mini-recharged-lakwena\/#primaryimage","url":"https:\/\/www.enzo-und-ferdinand.de\/wp-content\/uploads\/2022\/09\/P90473586_highRes_mini-recharged-lakwe.jpg","contentUrl":"https:\/\/www.enzo-und-ferdinand.de\/wp-content\/uploads\/2022\/09\/P90473586_highRes_mini-recharged-lakwe.jpg","width":875,"height":656},{"@type":"BreadcrumbList","@id":"https:\/\/www.enzo-und-ferdinand.de\/index.php\/2022\/09\/16\/mini-recharged-lakwena\/#breadcrumb","itemListElement":[{"@type":"ListItem","position":1,"name":"Startseite","item":"https:\/\/www.enzo-und-ferdinand.de\/"},{"@type":"ListItem","position":2,"name":"Mini Recharged \u201eLakwena\u201c\u00a0"}]},{"@type":"WebSite","@id":"https:\/\/www.enzo-und-ferdinand.de\/#website","url":"https:\/\/www.enzo-und-ferdinand.de\/","name":"enzo & Ferdinand","description":"","publisher":{"@id":"https:\/\/www.enzo-und-ferdinand.de\/#organization"},"potentialAction":[{"@type":"SearchAction","target":{"@type":"EntryPoint","urlTemplate":"https:\/\/www.enzo-und-ferdinand.de\/?s={search_term_string}"},"query-input":{"@type":"PropertyValueSpecification","valueRequired":true,"valueName":"search_term_string"}}],"inLanguage":"de"},{"@type":"Organization","@id":"https:\/\/www.enzo-und-ferdinand.de\/#organization","name":"enzo & Ferdinand","url":"https:\/\/www.enzo-und-ferdinand.de\/","logo":{"@type":"ImageObject","inLanguage":"de","@id":"https:\/\/www.enzo-und-ferdinand.de\/#\/schema\/logo\/image\/","url":"https:\/\/www.enzo-und-ferdinand.de\/wp-content\/uploads\/2018\/12\/revvvs-icon.png","contentUrl":"https:\/\/www.enzo-und-ferdinand.de\/wp-content\/uploads\/2018\/12\/revvvs-icon.png","width":512,"height":512,"caption":"enzo & Ferdinand"},"image":{"@id":"https:\/\/www.enzo-und-ferdinand.de\/#\/schema\/logo\/image\/"}},{"@type":"Person","@id":"https:\/\/www.enzo-und-ferdinand.de\/#\/schema\/person\/aff2eb9ff87705987c1b9d21fe10b095","name":"Rainer Ro\u00dfbach","image":{"@type":"ImageObject","inLanguage":"de","@id":"https:\/\/www.enzo-und-ferdinand.de\/wp-content\/uploads\/2026\/01\/Rainer-Rossbach-150x150.jpg","url":"https:\/\/www.enzo-und-ferdinand.de\/wp-content\/uploads\/2026\/01\/Rainer-Rossbach-150x150.jpg","contentUrl":"https:\/\/www.enzo-und-ferdinand.de\/wp-content\/uploads\/2026\/01\/Rainer-Rossbach-150x150.jpg","caption":"Rainer Ro\u00dfbach"},"url":"https:\/\/www.enzo-und-ferdinand.de\/index.php\/author\/redaktion\/"}]}},"_links":{"self":[{"href":"https:\/\/www.enzo-und-ferdinand.de\/index.php\/wp-json\/wp\/v2\/posts\/9897","targetHints":{"allow":["GET"]}}],"collection":[{"href":"https:\/\/www.enzo-und-ferdinand.de\/index.php\/wp-json\/wp\/v2\/posts"}],"about":[{"href":"https:\/\/www.enzo-und-ferdinand.de\/index.php\/wp-json\/wp\/v2\/types\/post"}],"author":[{"embeddable":true,"href":"https:\/\/www.enzo-und-ferdinand.de\/index.php\/wp-json\/wp\/v2\/users\/1"}],"replies":[{"embeddable":true,"href":"https:\/\/www.enzo-und-ferdinand.de\/index.php\/wp-json\/wp\/v2\/comments?post=9897"}],"version-history":[{"count":9,"href":"https:\/\/www.enzo-und-ferdinand.de\/index.php\/wp-json\/wp\/v2\/posts\/9897\/revisions"}],"predecessor-version":[{"id":19472,"href":"https:\/\/www.enzo-und-ferdinand.de\/index.php\/wp-json\/wp\/v2\/posts\/9897\/revisions\/19472"}],"wp:featuredmedia":[{"embeddable":true,"href":"https:\/\/www.enzo-und-ferdinand.de\/index.php\/wp-json\/wp\/v2\/media\/9906"}],"wp:attachment":[{"href":"https:\/\/www.enzo-und-ferdinand.de\/index.php\/wp-json\/wp\/v2\/media?parent=9897"}],"wp:term":[{"taxonomy":"category","embeddable":true,"href":"https:\/\/www.enzo-und-ferdinand.de\/index.php\/wp-json\/wp\/v2\/categories?post=9897"},{"taxonomy":"post_tag","embeddable":true,"href":"https:\/\/www.enzo-und-ferdinand.de\/index.php\/wp-json\/wp\/v2\/tags?post=9897"}],"curies":[{"name":"wp","href":"https:\/\/api.w.org\/{rel}","templated":true}]}}